{"id":10044,"date":"2024-10-02T14:18:03","date_gmt":"2024-10-02T12:18:03","guid":{"rendered":"https:\/\/2liceum.eu\/?p=10044"},"modified":"2024-10-02T14:18:05","modified_gmt":"2024-10-02T12:18:05","slug":"narodowy-program-rozwoju-czytelnictwa-2-0-na-lata-2021-2025","status":"publish","type":"post","link":"https:\/\/2liceum.eu\/index.php\/2024\/10\/02\/narodowy-program-rozwoju-czytelnictwa-2-0-na-lata-2021-2025\/","title":{"rendered":"Narodowy Program Rozwoju Czytelnictwa 2.0 na lata 2021-2025!"},"content":{"rendered":"\n<p style=\"text-align: center;\"><img loading=\"lazy\" decoding=\"async\" class=\"alignnone size-full wp-image-10045\" src=\"https:\/\/2liceum.eu\/wp-content\/uploads\/2024\/10\/nprcz-belka-men-kolor-rgb-scaled.jpg\" alt=\"\" width=\"2560\" height=\"318\" srcset=\"https:\/\/2liceum.eu\/wp-content\/uploads\/2024\/10\/nprcz-belka-men-kolor-rgb-scaled.jpg 2560w, https:\/\/2liceum.eu\/wp-content\/uploads\/2024\/10\/nprcz-belka-men-kolor-rgb-300x37.jpg 300w, https:\/\/2liceum.eu\/wp-content\/uploads\/2024\/10\/nprcz-belka-men-kolor-rgb-1024x127.jpg 1024w, https:\/\/2liceum.eu\/wp-content\/uploads\/2024\/10\/nprcz-belka-men-kolor-rgb-768x96.jpg 768w, https:\/\/2liceum.eu\/wp-content\/uploads\/2024\/10\/nprcz-belka-men-kolor-rgb-1536x191.jpg 1536w, https:\/\/2liceum.eu\/wp-content\/uploads\/2024\/10\/nprcz-belka-men-kolor-rgb-2048x255.jpg 2048w\" sizes=\"auto, (max-width: 2560px) 100vw, 2560px\" \/><\/p>\n<div class=\"xdj266r x11i5rnm xat24cr x1mh8g0r x1vvkbs x126k92a\">\n<div dir=\"auto\">Narodowy Program Rozwoju Czytelnictwa 2.0 na lata 2021-2025.<\/div>\n<div dir=\"auto\">&nbsp;<\/div>\n<\/div>\n<div class=\"x11i5rnm xat24cr x1mh8g0r x1vvkbs xtlvy1s x126k92a\">\n<div dir=\"auto\">Nasza szko\u0142a zosta\u0142a zakwalifikowana do otrzymania wsparcia finansowego na realizacj\u0119 dzia\u0142a\u0144 w ramach Priorytetu 3 NPRV 2.0.<\/div>\n<div dir=\"auto\">&nbsp;<\/div>\n<\/div>\n<div class=\"x11i5rnm xat24cr x1mh8g0r x1vvkbs xtlvy1s x126k92a\">\n<div dir=\"auto\">W ramach otrzymanych \u015brodk\u00f3w zostan\u0105 zakupione przede wszystkim nowo\u015bci wydawnicze do biblioteki szkolnej.<\/div>\n<div dir=\"auto\">&nbsp;<\/div>\n<\/div>\n<div class=\"x11i5rnm xat24cr x1mh8g0r x1vvkbs xtlvy1s x126k92a\">\n<div dir=\"auto\"><span class=\"html-span xdj266r x11i5rnm xat24cr x1mh8g0r xexx8yu x4uap5 x18d9i69 xkhd6sd x1hl2dhg x16tdsg8 x1vvkbs\"><a class=\"x1i10hfl xjbqb8w x1ejq31n xd10rxx x1sy0etr x17r0tee x972fbf xcfux6l x1qhh985 xm0m39n x9f619 x1ypdohk xt0psk2 xe8uvvx xdj266r x11i5rnm xat24cr x1mh8g0r xexx8yu x4uap5 x18d9i69 xkhd6sd x16tdsg8 x1hl2dhg xggy1nq x1a2a7pz x1sur9pj xkrqix3 x1fey0fg x1s688f\" tabindex=\"0\" role=\"link\" href=\"https:\/\/www.facebook.com\/MinisterstwoKulturyiDziedzictwaNarodowego?__cft__[0]=AZW1FEMpiKN5hRSP0cOIJ4U5vFTvJZ6mNbja78VP7pz45KdJeLnoDxaoILUi8Mc_kEv0zyFjQPOzvyTfFJxEj49wNbSUy6iwsoJx4Nh2JneJOwjTzOfcHl57k88eXLL1aTKMM_vO-zX6PURnXiwxr-m5TSKYFZ4HjXJCKkeqvrl5Xg&amp;__tn__=-]K-R\"><span class=\"xt0psk2\">Ministerstwo Kultury i Dziedzictwa Narodowego<\/span><\/a><\/span><\/div>\n<div dir=\"auto\"><span class=\"html-span xdj266r x11i5rnm xat24cr x1mh8g0r xexx8yu x4uap5 x18d9i69 xkhd6sd x1hl2dhg x16tdsg8 x1vvkbs\"><a class=\"x1i10hfl xjbqb8w x1ejq31n xd10rxx x1sy0etr x17r0tee x972fbf xcfux6l x1qhh985 xm0m39n x9f619 x1ypdohk xt0psk2 xe8uvvx xdj266r x11i5rnm xat24cr x1mh8g0r xexx8yu x4uap5 x18d9i69 xkhd6sd x16tdsg8 x1hl2dhg xggy1nq x1a2a7pz x1sur9pj xkrqix3 x1fey0fg x1s688f\" tabindex=\"0\" role=\"link\" href=\"https:\/\/www.facebook.com\/@nprcz2.0\/?__cft__[0]=AZW1FEMpiKN5hRSP0cOIJ4U5vFTvJZ6mNbja78VP7pz45KdJeLnoDxaoILUi8Mc_kEv0zyFjQPOzvyTfFJxEj49wNbSUy6iwsoJx4Nh2JneJOwjTzOfcHl57k88eXLL1aTKMM_vO-zX6PURnXiwxr-m5TSKYFZ4HjXJCKkeqvrl5Xg&amp;__tn__=-]K-R\"><span class=\"xt0psk2\">NPRCz 2.0<\/span><\/a><\/span><\/div>\n<div dir=\"auto\"><span class=\"html-span xdj266r x11i5rnm xat24cr x1mh8g0r xexx8yu x4uap5 x18d9i69 xkhd6sd x1hl2dhg x16tdsg8 x1vvkbs\"><a class=\"x1i10hfl xjbqb8w x1ejq31n xd10rxx x1sy0etr x17r0tee x972fbf xcfux6l x1qhh985 xm0m39n x9f619 x1ypdohk xt0psk2 xe8uvvx xdj266r x11i5rnm xat24cr x1mh8g0r xexx8yu x4uap5 x18d9i69 xkhd6sd x16tdsg8 x1hl2dhg xggy1nq x1a2a7pz x1sur9pj xkrqix3 x1fey0fg x1s688f\" tabindex=\"0\" role=\"link\" href=\"https:\/\/www.facebook.com\/ministerstwo.edukacji?__cft__[0]=AZW1FEMpiKN5hRSP0cOIJ4U5vFTvJZ6mNbja78VP7pz45KdJeLnoDxaoILUi8Mc_kEv0zyFjQPOzvyTfFJxEj49wNbSUy6iwsoJx4Nh2JneJOwjTzOfcHl57k88eXLL1aTKMM_vO-zX6PURnXiwxr-m5TSKYFZ4HjXJCKkeqvrl5Xg&amp;__tn__=-]K-R\"><span class=\"xt0psk2\">Ministerstwo Edukacji Narodowej<\/span><\/a><\/span><\/div>\n<\/div>\n","protected":false},"excerpt":{"rendered":"<p>Narodowy Program Rozwoju Czytelnictwa 2.0 na lata 2021-2025. &nbsp; Nasza szko\u0142a zosta\u0142a zakwalifikowana do otrzymania wsparcia finansowego na realizacj\u0119 dzia\u0142a\u0144 w ramach Priorytetu 3 NPRV 2.0. &nbsp; W ramach otrzymanych \u015brodk\u00f3w zostan\u0105 zakupione przede wszystkim nowo\u015bci wydawnicze do biblioteki szkolnej. &nbsp; Ministerstwo Kultury i Dziedzictwa Narodowego NPRCz 2.0 Ministerstwo Edukacji Narodowej<\/p>\n","protected":false},"author":2,"featured_media":0,"comment_status":"open","ping_status":"open","sticky":false,"template":"","format":"standard","meta":{"ngg_post_thumbnail":0,"footnotes":""},"categories":[1],"tags":[],"class_list":["post-10044","post","type-post","status-publish","format-standard","hentry","category-aktualnosci"],"yoast_head":"<!-- This site is optimized with the Yoast SEO plugin v19.4 - https:\/\/yoast.com\/wordpress\/plugins\/seo\/ -->\n<title>Narodowy Program Rozwoju Czytelnictwa 2.0 na lata 2021-2025! - II Liceum Og\u00f3lnokszta\u0142c\u0105ce w Lubinie<\/title>\n<meta name=\"robots\" content=\"index, follow, max-snippet:-1, max-image-preview:large, max-video-preview:-1\" \/>\n<link rel=\"canonical\" href=\"https:\/\/2liceum.eu\/index.php\/2024\/10\/02\/narodowy-program-rozwoju-czytelnictwa-2-0-na-lata-2021-2025\/\" \/>\n<meta property=\"og:locale\" content=\"pl_PL\" \/>\n<meta property=\"og:type\" content=\"article\" \/>\n<meta property=\"og:title\" content=\"Narodowy Program Rozwoju Czytelnictwa 2.0 na lata 2021-2025! - II Liceum Og\u00f3lnokszta\u0142c\u0105ce w Lubinie\" \/>\n<meta property=\"og:description\" content=\"Narodowy Program Rozwoju Czytelnictwa 2.0 na lata 2021-2025. &nbsp; Nasza szko\u0142a zosta\u0142a zakwalifikowana do otrzymania wsparcia finansowego na realizacj\u0119 dzia\u0142a\u0144 w ramach Priorytetu 3 NPRV 2.0. &nbsp; W ramach otrzymanych \u015brodk\u00f3w zostan\u0105 zakupione przede wszystkim nowo\u015bci wydawnicze do biblioteki szkolnej. &nbsp; Ministerstwo Kultury i Dziedzictwa Narodowego NPRCz 2.0 Ministerstwo Edukacji Narodowej\" \/>\n<meta property=\"og:url\" content=\"https:\/\/2liceum.eu\/index.php\/2024\/10\/02\/narodowy-program-rozwoju-czytelnictwa-2-0-na-lata-2021-2025\/\" \/>\n<meta property=\"og:site_name\" content=\"II Liceum Og\u00f3lnokszta\u0142c\u0105ce w Lubinie\" \/>\n<meta property=\"article:publisher\" content=\"https:\/\/web.facebook.com\/IILOLubin\/\" \/>\n<meta property=\"article:published_time\" content=\"2024-10-02T12:18:03+00:00\" \/>\n<meta property=\"article:modified_time\" content=\"2024-10-02T12:18:05+00:00\" \/>\n<meta property=\"og:image\" content=\"https:\/\/2liceum.eu\/wp-content\/uploads\/2024\/10\/nprcz-belka-men-kolor-rgb-scaled.jpg\" \/>\n<meta name=\"author\" content=\"Adam Dragan\" \/>\n<meta name=\"twitter:card\" content=\"summary_large_image\" \/>\n<meta name=\"twitter:label1\" content=\"Napisane przez\" \/>\n\t<meta name=\"twitter:data1\" content=\"Adam Dragan\" \/>\n<script type=\"application\/ld+json\" class=\"yoast-schema-graph\">{\"@context\":\"https:\/\/schema.org\",\"@graph\":[{\"@type\":\"Organization\",\"@id\":\"https:\/\/2liceum.eu\/#organization\",\"name\":\"II Liceum Og\u00f3lnokszta\u0142c\u0105ce w Lubinie\",\"url\":\"https:\/\/2liceum.eu\/\",\"sameAs\":[\"http:\/\/2lolubin\",\"https:\/\/www.youtube.com\/channel\/UCWjEMxRJYdfvxPhVOn-8g_g\",\"https:\/\/web.facebook.com\/IILOLubin\/\"],\"logo\":{\"@type\":\"ImageObject\",\"inLanguage\":\"pl-PL\",\"@id\":\"https:\/\/2liceum.eu\/#\/schema\/logo\/image\/\",\"url\":\"https:\/\/2liceum.eu\/wp-content\/uploads\/2018\/01\/pobrane.jpg\",\"contentUrl\":\"https:\/\/2liceum.eu\/wp-content\/uploads\/2018\/01\/pobrane.jpg\",\"width\":184,\"height\":183,\"caption\":\"II Liceum Og\u00f3lnokszta\u0142c\u0105ce w Lubinie\"},\"image\":{\"@id\":\"https:\/\/2liceum.eu\/#\/schema\/logo\/image\/\"}},{\"@type\":\"WebSite\",\"@id\":\"https:\/\/2liceum.eu\/#website\",\"url\":\"https:\/\/2liceum.eu\/\",\"name\":\"II Liceum Og\u00f3lnokszta\u0142c\u0105ce w Lubinie\",\"description\":\"Oficjalny portal II LO w Lubinie. Informacje o szkole, kadrze, zaj\u0119ciach dydaktycznych, ko\u0142ach zainteresowa\u0144, wolontariacie. Aktualno\u015bci. Galeria zdj\u0119\u0107.\",\"publisher\":{\"@id\":\"https:\/\/2liceum.eu\/#organization\"},\"potentialAction\":[{\"@type\":\"SearchAction\",\"target\":{\"@type\":\"EntryPoint\",\"urlTemplate\":\"https:\/\/2liceum.eu\/?s={search_term_string}\"},\"query-input\":\"required name=search_term_string\"}],\"inLanguage\":\"pl-PL\"},{\"@type\":\"WebPage\",\"@id\":\"https:\/\/2liceum.eu\/index.php\/2024\/10\/02\/narodowy-program-rozwoju-czytelnictwa-2-0-na-lata-2021-2025\/\",\"url\":\"https:\/\/2liceum.eu\/index.php\/2024\/10\/02\/narodowy-program-rozwoju-czytelnictwa-2-0-na-lata-2021-2025\/\",\"name\":\"Narodowy Program Rozwoju Czytelnictwa 2.0 na lata 2021-2025! - II Liceum Og\u00f3lnokszta\u0142c\u0105ce w Lubinie\",\"isPartOf\":{\"@id\":\"https:\/\/2liceum.eu\/#website\"},\"datePublished\":\"2024-10-02T12:18:03+00:00\",\"dateModified\":\"2024-10-02T12:18:05+00:00\",\"breadcrumb\":{\"@id\":\"https:\/\/2liceum.eu\/index.php\/2024\/10\/02\/narodowy-program-rozwoju-czytelnictwa-2-0-na-lata-2021-2025\/#breadcrumb\"},\"inLanguage\":\"pl-PL\",\"potentialAction\":[{\"@type\":\"ReadAction\",\"target\":[\"https:\/\/2liceum.eu\/index.php\/2024\/10\/02\/narodowy-program-rozwoju-czytelnictwa-2-0-na-lata-2021-2025\/\"]}]},{\"@type\":\"BreadcrumbList\",\"@id\":\"https:\/\/2liceum.eu\/index.php\/2024\/10\/02\/narodowy-program-rozwoju-czytelnictwa-2-0-na-lata-2021-2025\/#breadcrumb\",\"itemListElement\":[{\"@type\":\"ListItem\",\"position\":1,\"name\":\"Strona g\u0142\u00f3wna\",\"item\":\"https:\/\/2liceum.eu\/\"},{\"@type\":\"ListItem\",\"position\":2,\"name\":\"Narodowy Program Rozwoju Czytelnictwa 2.0 na lata 2021-2025!\"}]},{\"@type\":\"Article\",\"@id\":\"https:\/\/2liceum.eu\/index.php\/2024\/10\/02\/narodowy-program-rozwoju-czytelnictwa-2-0-na-lata-2021-2025\/#article\",\"isPartOf\":{\"@id\":\"https:\/\/2liceum.eu\/index.php\/2024\/10\/02\/narodowy-program-rozwoju-czytelnictwa-2-0-na-lata-2021-2025\/\"},\"author\":{\"name\":\"Adam Dragan\",\"@id\":\"https:\/\/2liceum.eu\/#\/schema\/person\/1a52557bfdaf047be954a8b190648da5\"},\"headline\":\"Narodowy Program Rozwoju Czytelnictwa 2.0 na lata 2021-2025!\",\"datePublished\":\"2024-10-02T12:18:03+00:00\",\"dateModified\":\"2024-10-02T12:18:05+00:00\",\"mainEntityOfPage\":{\"@id\":\"https:\/\/2liceum.eu\/index.php\/2024\/10\/02\/narodowy-program-rozwoju-czytelnictwa-2-0-na-lata-2021-2025\/\"},\"wordCount\":59,\"commentCount\":0,\"publisher\":{\"@id\":\"https:\/\/2liceum.eu\/#organization\"},\"articleSection\":[\"Aktualno\u015bci\"],\"inLanguage\":\"pl-PL\",\"potentialAction\":[{\"@type\":\"CommentAction\",\"name\":\"Comment\",\"target\":[\"https:\/\/2liceum.eu\/index.php\/2024\/10\/02\/narodowy-program-rozwoju-czytelnictwa-2-0-na-lata-2021-2025\/#respond\"]}]},{\"@type\":\"Person\",\"@id\":\"https:\/\/2liceum.eu\/#\/schema\/person\/1a52557bfdaf047be954a8b190648da5\",\"name\":\"Adam Dragan\",\"image\":{\"@type\":\"ImageObject\",\"inLanguage\":\"pl-PL\",\"@id\":\"https:\/\/2liceum.eu\/#\/schema\/person\/image\/\",\"url\":\"https:\/\/secure.gravatar.com\/avatar\/3a2bee53698f47ac117505a8a054d1e47e9ee9593c4c77dc18374aa80472d80c?s=96&d=mm&r=g\",\"contentUrl\":\"https:\/\/secure.gravatar.com\/avatar\/3a2bee53698f47ac117505a8a054d1e47e9ee9593c4c77dc18374aa80472d80c?s=96&d=mm&r=g\",\"caption\":\"Adam Dragan\"},\"sameAs\":[\"http:\/\/2liceum.eu\"]}]}<\/script>\n<!-- \/ Yoast SEO plugin. -->","yoast_head_json":{"title":"Narodowy Program Rozwoju Czytelnictwa 2.0 na lata 2021-2025! - II Liceum Og\u00f3lnokszta\u0142c\u0105ce w Lubinie","robots":{"index":"index","follow":"follow","max-snippet":"max-snippet:-1","max-image-preview":"max-image-preview:large","max-video-preview":"max-video-preview:-1"},"canonical":"https:\/\/2liceum.eu\/index.php\/2024\/10\/02\/narodowy-program-rozwoju-czytelnictwa-2-0-na-lata-2021-2025\/","og_locale":"pl_PL","og_type":"article","og_title":"Narodowy Program Rozwoju Czytelnictwa 2.0 na lata 2021-2025! - II Liceum Og\u00f3lnokszta\u0142c\u0105ce w Lubinie","og_description":"Narodowy Program Rozwoju Czytelnictwa 2.0 na lata 2021-2025. &nbsp; Nasza szko\u0142a zosta\u0142a zakwalifikowana do otrzymania wsparcia finansowego na realizacj\u0119 dzia\u0142a\u0144 w ramach Priorytetu 3 NPRV 2.0. &nbsp; W ramach otrzymanych \u015brodk\u00f3w zostan\u0105 zakupione przede wszystkim nowo\u015bci wydawnicze do biblioteki szkolnej. &nbsp; Ministerstwo Kultury i Dziedzictwa Narodowego NPRCz 2.0 Ministerstwo Edukacji Narodowej","og_url":"https:\/\/2liceum.eu\/index.php\/2024\/10\/02\/narodowy-program-rozwoju-czytelnictwa-2-0-na-lata-2021-2025\/","og_site_name":"II Liceum Og\u00f3lnokszta\u0142c\u0105ce w Lubinie","article_publisher":"https:\/\/web.facebook.com\/IILOLubin\/","article_published_time":"2024-10-02T12:18:03+00:00","article_modified_time":"2024-10-02T12:18:05+00:00","og_image":[{"url":"https:\/\/2liceum.eu\/wp-content\/uploads\/2024\/10\/nprcz-belka-men-kolor-rgb-scaled.jpg"}],"author":"Adam Dragan","twitter_card":"summary_large_image","twitter_misc":{"Napisane przez":"Adam Dragan"},"schema":{"@context":"https:\/\/schema.org","@graph":[{"@type":"Organization","@id":"https:\/\/2liceum.eu\/#organization","name":"II Liceum Og\u00f3lnokszta\u0142c\u0105ce w Lubinie","url":"https:\/\/2liceum.eu\/","sameAs":["http:\/\/2lolubin","https:\/\/www.youtube.com\/channel\/UCWjEMxRJYdfvxPhVOn-8g_g","https:\/\/web.facebook.com\/IILOLubin\/"],"logo":{"@type":"ImageObject","inLanguage":"pl-PL","@id":"https:\/\/2liceum.eu\/#\/schema\/logo\/image\/","url":"https:\/\/2liceum.eu\/wp-content\/uploads\/2018\/01\/pobrane.jpg","contentUrl":"https:\/\/2liceum.eu\/wp-content\/uploads\/2018\/01\/pobrane.jpg","width":184,"height":183,"caption":"II Liceum Og\u00f3lnokszta\u0142c\u0105ce w Lubinie"},"image":{"@id":"https:\/\/2liceum.eu\/#\/schema\/logo\/image\/"}},{"@type":"WebSite","@id":"https:\/\/2liceum.eu\/#website","url":"https:\/\/2liceum.eu\/","name":"II Liceum Og\u00f3lnokszta\u0142c\u0105ce w Lubinie","description":"Oficjalny portal II LO w Lubinie. Informacje o szkole, kadrze, zaj\u0119ciach dydaktycznych, ko\u0142ach zainteresowa\u0144, wolontariacie. Aktualno\u015bci. Galeria zdj\u0119\u0107.","publisher":{"@id":"https:\/\/2liceum.eu\/#organization"},"potentialAction":[{"@type":"SearchAction","target":{"@type":"EntryPoint","urlTemplate":"https:\/\/2liceum.eu\/?s={search_term_string}"},"query-input":"required name=search_term_string"}],"inLanguage":"pl-PL"},{"@type":"WebPage","@id":"https:\/\/2liceum.eu\/index.php\/2024\/10\/02\/narodowy-program-rozwoju-czytelnictwa-2-0-na-lata-2021-2025\/","url":"https:\/\/2liceum.eu\/index.php\/2024\/10\/02\/narodowy-program-rozwoju-czytelnictwa-2-0-na-lata-2021-2025\/","name":"Narodowy Program Rozwoju Czytelnictwa 2.0 na lata 2021-2025! - II Liceum Og\u00f3lnokszta\u0142c\u0105ce w Lubinie","isPartOf":{"@id":"https:\/\/2liceum.eu\/#website"},"datePublished":"2024-10-02T12:18:03+00:00","dateModified":"2024-10-02T12:18:05+00:00","breadcrumb":{"@id":"https:\/\/2liceum.eu\/index.php\/2024\/10\/02\/narodowy-program-rozwoju-czytelnictwa-2-0-na-lata-2021-2025\/#breadcrumb"},"inLanguage":"pl-PL","potentialAction":[{"@type":"ReadAction","target":["https:\/\/2liceum.eu\/index.php\/2024\/10\/02\/narodowy-program-rozwoju-czytelnictwa-2-0-na-lata-2021-2025\/"]}]},{"@type":"BreadcrumbList","@id":"https:\/\/2liceum.eu\/index.php\/2024\/10\/02\/narodowy-program-rozwoju-czytelnictwa-2-0-na-lata-2021-2025\/#breadcrumb","itemListElement":[{"@type":"ListItem","position":1,"name":"Strona g\u0142\u00f3wna","item":"https:\/\/2liceum.eu\/"},{"@type":"ListItem","position":2,"name":"Narodowy Program Rozwoju Czytelnictwa 2.0 na lata 2021-2025!"}]},{"@type":"Article","@id":"https:\/\/2liceum.eu\/index.php\/2024\/10\/02\/narodowy-program-rozwoju-czytelnictwa-2-0-na-lata-2021-2025\/#article","isPartOf":{"@id":"https:\/\/2liceum.eu\/index.php\/2024\/10\/02\/narodowy-program-rozwoju-czytelnictwa-2-0-na-lata-2021-2025\/"},"author":{"name":"Adam Dragan","@id":"https:\/\/2liceum.eu\/#\/schema\/person\/1a52557bfdaf047be954a8b190648da5"},"headline":"Narodowy Program Rozwoju Czytelnictwa 2.0 na lata 2021-2025!","datePublished":"2024-10-02T12:18:03+00:00","dateModified":"2024-10-02T12:18:05+00:00","mainEntityOfPage":{"@id":"https:\/\/2liceum.eu\/index.php\/2024\/10\/02\/narodowy-program-rozwoju-czytelnictwa-2-0-na-lata-2021-2025\/"},"wordCount":59,"commentCount":0,"publisher":{"@id":"https:\/\/2liceum.eu\/#organization"},"articleSection":["Aktualno\u015bci"],"inLanguage":"pl-PL","potentialAction":[{"@type":"CommentAction","name":"Comment","target":["https:\/\/2liceum.eu\/index.php\/2024\/10\/02\/narodowy-program-rozwoju-czytelnictwa-2-0-na-lata-2021-2025\/#respond"]}]},{"@type":"Person","@id":"https:\/\/2liceum.eu\/#\/schema\/person\/1a52557bfdaf047be954a8b190648da5","name":"Adam Dragan","image":{"@type":"ImageObject","inLanguage":"pl-PL","@id":"https:\/\/2liceum.eu\/#\/schema\/person\/image\/","url":"https:\/\/secure.gravatar.com\/avatar\/3a2bee53698f47ac117505a8a054d1e47e9ee9593c4c77dc18374aa80472d80c?s=96&d=mm&r=g","contentUrl":"https:\/\/secure.gravatar.com\/avatar\/3a2bee53698f47ac117505a8a054d1e47e9ee9593c4c77dc18374aa80472d80c?s=96&d=mm&r=g","caption":"Adam Dragan"},"sameAs":["http:\/\/2liceum.eu"]}]}},"_links":{"self":[{"href":"https:\/\/2liceum.eu\/index.php\/wp-json\/wp\/v2\/posts\/10044","targetHints":{"allow":["GET"]}}],"collection":[{"href":"https:\/\/2liceum.eu\/index.php\/wp-json\/wp\/v2\/posts"}],"about":[{"href":"https:\/\/2liceum.eu\/index.php\/wp-json\/wp\/v2\/types\/post"}],"author":[{"embeddable":true,"href":"https:\/\/2liceum.eu\/index.php\/wp-json\/wp\/v2\/users\/2"}],"replies":[{"embeddable":true,"href":"https:\/\/2liceum.eu\/index.php\/wp-json\/wp\/v2\/comments?post=10044"}],"version-history":[{"count":1,"href":"https:\/\/2liceum.eu\/index.php\/wp-json\/wp\/v2\/posts\/10044\/revisions"}],"predecessor-version":[{"id":10046,"href":"https:\/\/2liceum.eu\/index.php\/wp-json\/wp\/v2\/posts\/10044\/revisions\/10046"}],"wp:attachment":[{"href":"https:\/\/2liceum.eu\/index.php\/wp-json\/wp\/v2\/media?parent=10044"}],"wp:term":[{"taxonomy":"category","embeddable":true,"href":"https:\/\/2liceum.eu\/index.php\/wp-json\/wp\/v2\/categories?post=10044"},{"taxonomy":"post_tag","embeddable":true,"href":"https:\/\/2liceum.eu\/index.php\/wp-json\/wp\/v2\/tags?post=10044"}],"curies":[{"name":"wp","href":"https:\/\/api.w.org\/{rel}","templated":true}]}}