{"id":10082,"date":"2024-10-07T11:36:38","date_gmt":"2024-10-07T09:36:38","guid":{"rendered":"https:\/\/2liceum.eu\/?p=10082"},"modified":"2024-10-07T11:36:40","modified_gmt":"2024-10-07T09:36:40","slug":"biegaj-z-dwojka","status":"publish","type":"post","link":"https:\/\/2liceum.eu\/index.php\/2024\/10\/07\/biegaj-z-dwojka\/","title":{"rendered":"Biegaj z dw\u00f3jk\u0105!"},"content":{"rendered":"\n<div class=\"xdj266r x11i5rnm xat24cr x1mh8g0r x1vvkbs x126k92a\">\n<div dir=\"auto\" style=\"text-align: justify;\"><span style=\"color: initial;\"><span style=\"color: #ff00ff;\"><strong><img loading=\"lazy\" decoding=\"async\" class=\"wp-image-10083 alignright\" src=\"https:\/\/2liceum.eu\/wp-content\/uploads\/2024\/10\/462077828_1090444556416619_7084038827618212078_n.jpg\" alt=\"\" width=\"152\" height=\"152\" srcset=\"https:\/\/2liceum.eu\/wp-content\/uploads\/2024\/10\/462077828_1090444556416619_7084038827618212078_n.jpg 488w, https:\/\/2liceum.eu\/wp-content\/uploads\/2024\/10\/462077828_1090444556416619_7084038827618212078_n-300x300.jpg 300w, https:\/\/2liceum.eu\/wp-content\/uploads\/2024\/10\/462077828_1090444556416619_7084038827618212078_n-150x150.jpg 150w\" sizes=\"auto, (max-width: 152px) 100vw, 152px\" \/><\/strong><\/span>To odpowied\u017a II LO w Lubinie na <span style=\"color: #ff00ff;\"><strong>r\u00f3\u017cowy pa\u017adziernik.<\/strong> <\/span>Wsp\u00f3lnie z powiatow\u0105 kampani\u0105 <span style=\"color: #ff00ff;\"><strong>\u201cJeste\u015b wa\u017cna\u201d<\/strong><\/span>&nbsp;zach\u0119camy kobiety do profilaktyki raka piersi. <strong>Uczniowie, nauczyciele oraz zaproszeni go\u015bcie pokonaj\u0105 symboliczny dystans<\/strong> by do zach\u0119ci\u0107 kobiety do wykonywania regularnych bada\u0144 i korzystania z szeregu program\u00f3w profilaktycznych.<\/span><\/div>\n<\/div>\n<div dir=\"auto\">&nbsp;<\/div>\n<div class=\"x11i5rnm xat24cr x1mh8g0r x1vvkbs xtlvy1s x126k92a\">\n<div dir=\"auto\"><strong>Do\u0142\u0105cz do nas!<\/strong><\/div>\n<\/div>\n","protected":false},"excerpt":{"rendered":"<p>To odpowied\u017a II LO w Lubinie na r\u00f3\u017cowy pa\u017adziernik. Wsp\u00f3lnie z powiatow\u0105 kampani\u0105 \u201cJeste\u015b wa\u017cna\u201d&nbsp;zach\u0119camy kobiety do profilaktyki raka piersi. Uczniowie, nauczyciele oraz zaproszeni go\u015bcie pokonaj\u0105 symboliczny dystans by do zach\u0119ci\u0107 kobiety do wykonywania regularnych bada\u0144 i korzystania z szeregu program\u00f3w profilaktycznych. &nbsp; Do\u0142\u0105cz do nas!<\/p>\n","protected":false},"author":2,"featured_media":0,"comment_status":"open","ping_status":"open","sticky":false,"template":"","format":"standard","meta":{"ngg_post_thumbnail":0,"footnotes":""},"categories":[1],"tags":[],"class_list":["post-10082","post","type-post","status-publish","format-standard","hentry","category-aktualnosci"],"yoast_head":"<!-- This site is optimized with the Yoast SEO plugin v19.4 - https:\/\/yoast.com\/wordpress\/plugins\/seo\/ -->\n<title>Biegaj z dw\u00f3jk\u0105! - II Liceum Og\u00f3lnokszta\u0142c\u0105ce w Lubinie<\/title>\n<meta name=\"robots\" content=\"index, follow, max-snippet:-1, max-image-preview:large, max-video-preview:-1\" \/>\n<link rel=\"canonical\" href=\"https:\/\/2liceum.eu\/index.php\/2024\/10\/07\/biegaj-z-dwojka\/\" \/>\n<meta property=\"og:locale\" content=\"pl_PL\" \/>\n<meta property=\"og:type\" content=\"article\" \/>\n<meta property=\"og:title\" content=\"Biegaj z dw\u00f3jk\u0105! - II Liceum Og\u00f3lnokszta\u0142c\u0105ce w Lubinie\" \/>\n<meta property=\"og:description\" content=\"To odpowied\u017a II LO w Lubinie na r\u00f3\u017cowy pa\u017adziernik. Wsp\u00f3lnie z powiatow\u0105 kampani\u0105 \u201cJeste\u015b wa\u017cna\u201d&nbsp;zach\u0119camy kobiety do profilaktyki raka piersi. Uczniowie, nauczyciele oraz zaproszeni go\u015bcie pokonaj\u0105 symboliczny dystans by do zach\u0119ci\u0107 kobiety do wykonywania regularnych bada\u0144 i korzystania z szeregu program\u00f3w profilaktycznych. &nbsp; Do\u0142\u0105cz do nas!\" \/>\n<meta property=\"og:url\" content=\"https:\/\/2liceum.eu\/index.php\/2024\/10\/07\/biegaj-z-dwojka\/\" \/>\n<meta property=\"og:site_name\" content=\"II Liceum Og\u00f3lnokszta\u0142c\u0105ce w Lubinie\" \/>\n<meta property=\"article:publisher\" content=\"https:\/\/web.facebook.com\/IILOLubin\/\" \/>\n<meta property=\"article:published_time\" content=\"2024-10-07T09:36:38+00:00\" \/>\n<meta property=\"article:modified_time\" content=\"2024-10-07T09:36:40+00:00\" \/>\n<meta property=\"og:image\" content=\"https:\/\/2liceum.eu\/wp-content\/uploads\/2024\/10\/462077828_1090444556416619_7084038827618212078_n.jpg\" \/>\n<meta name=\"author\" content=\"Adam Dragan\" \/>\n<meta name=\"twitter:card\" content=\"summary_large_image\" \/>\n<meta name=\"twitter:label1\" content=\"Napisane przez\" \/>\n\t<meta name=\"twitter:data1\" content=\"Adam Dragan\" \/>\n<script type=\"application\/ld+json\" class=\"yoast-schema-graph\">{\"@context\":\"https:\/\/schema.org\",\"@graph\":[{\"@type\":\"Organization\",\"@id\":\"https:\/\/2liceum.eu\/#organization\",\"name\":\"II Liceum Og\u00f3lnokszta\u0142c\u0105ce w Lubinie\",\"url\":\"https:\/\/2liceum.eu\/\",\"sameAs\":[\"http:\/\/2lolubin\",\"https:\/\/www.youtube.com\/channel\/UCWjEMxRJYdfvxPhVOn-8g_g\",\"https:\/\/web.facebook.com\/IILOLubin\/\"],\"logo\":{\"@type\":\"ImageObject\",\"inLanguage\":\"pl-PL\",\"@id\":\"https:\/\/2liceum.eu\/#\/schema\/logo\/image\/\",\"url\":\"https:\/\/2liceum.eu\/wp-content\/uploads\/2018\/01\/pobrane.jpg\",\"contentUrl\":\"https:\/\/2liceum.eu\/wp-content\/uploads\/2018\/01\/pobrane.jpg\",\"width\":184,\"height\":183,\"caption\":\"II Liceum Og\u00f3lnokszta\u0142c\u0105ce w Lubinie\"},\"image\":{\"@id\":\"https:\/\/2liceum.eu\/#\/schema\/logo\/image\/\"}},{\"@type\":\"WebSite\",\"@id\":\"https:\/\/2liceum.eu\/#website\",\"url\":\"https:\/\/2liceum.eu\/\",\"name\":\"II Liceum Og\u00f3lnokszta\u0142c\u0105ce w Lubinie\",\"description\":\"Oficjalny portal II LO w Lubinie. Informacje o szkole, kadrze, zaj\u0119ciach dydaktycznych, ko\u0142ach zainteresowa\u0144, wolontariacie. Aktualno\u015bci. Galeria zdj\u0119\u0107.\",\"publisher\":{\"@id\":\"https:\/\/2liceum.eu\/#organization\"},\"potentialAction\":[{\"@type\":\"SearchAction\",\"target\":{\"@type\":\"EntryPoint\",\"urlTemplate\":\"https:\/\/2liceum.eu\/?s={search_term_string}\"},\"query-input\":\"required name=search_term_string\"}],\"inLanguage\":\"pl-PL\"},{\"@type\":\"WebPage\",\"@id\":\"https:\/\/2liceum.eu\/index.php\/2024\/10\/07\/biegaj-z-dwojka\/\",\"url\":\"https:\/\/2liceum.eu\/index.php\/2024\/10\/07\/biegaj-z-dwojka\/\",\"name\":\"Biegaj z dw\u00f3jk\u0105! - II Liceum Og\u00f3lnokszta\u0142c\u0105ce w Lubinie\",\"isPartOf\":{\"@id\":\"https:\/\/2liceum.eu\/#website\"},\"datePublished\":\"2024-10-07T09:36:38+00:00\",\"dateModified\":\"2024-10-07T09:36:40+00:00\",\"breadcrumb\":{\"@id\":\"https:\/\/2liceum.eu\/index.php\/2024\/10\/07\/biegaj-z-dwojka\/#breadcrumb\"},\"inLanguage\":\"pl-PL\",\"potentialAction\":[{\"@type\":\"ReadAction\",\"target\":[\"https:\/\/2liceum.eu\/index.php\/2024\/10\/07\/biegaj-z-dwojka\/\"]}]},{\"@type\":\"BreadcrumbList\",\"@id\":\"https:\/\/2liceum.eu\/index.php\/2024\/10\/07\/biegaj-z-dwojka\/#breadcrumb\",\"itemListElement\":[{\"@type\":\"ListItem\",\"position\":1,\"name\":\"Strona g\u0142\u00f3wna\",\"item\":\"https:\/\/2liceum.eu\/\"},{\"@type\":\"ListItem\",\"position\":2,\"name\":\"Biegaj z dw\u00f3jk\u0105!\"}]},{\"@type\":\"Article\",\"@id\":\"https:\/\/2liceum.eu\/index.php\/2024\/10\/07\/biegaj-z-dwojka\/#article\",\"isPartOf\":{\"@id\":\"https:\/\/2liceum.eu\/index.php\/2024\/10\/07\/biegaj-z-dwojka\/\"},\"author\":{\"name\":\"Adam Dragan\",\"@id\":\"https:\/\/2liceum.eu\/#\/schema\/person\/1a52557bfdaf047be954a8b190648da5\"},\"headline\":\"Biegaj z dw\u00f3jk\u0105!\",\"datePublished\":\"2024-10-07T09:36:38+00:00\",\"dateModified\":\"2024-10-07T09:36:40+00:00\",\"mainEntityOfPage\":{\"@id\":\"https:\/\/2liceum.eu\/index.php\/2024\/10\/07\/biegaj-z-dwojka\/\"},\"wordCount\":61,\"commentCount\":0,\"publisher\":{\"@id\":\"https:\/\/2liceum.eu\/#organization\"},\"articleSection\":[\"Aktualno\u015bci\"],\"inLanguage\":\"pl-PL\",\"potentialAction\":[{\"@type\":\"CommentAction\",\"name\":\"Comment\",\"target\":[\"https:\/\/2liceum.eu\/index.php\/2024\/10\/07\/biegaj-z-dwojka\/#respond\"]}]},{\"@type\":\"Person\",\"@id\":\"https:\/\/2liceum.eu\/#\/schema\/person\/1a52557bfdaf047be954a8b190648da5\",\"name\":\"Adam Dragan\",\"image\":{\"@type\":\"ImageObject\",\"inLanguage\":\"pl-PL\",\"@id\":\"https:\/\/2liceum.eu\/#\/schema\/person\/image\/\",\"url\":\"https:\/\/secure.gravatar.com\/avatar\/3a2bee53698f47ac117505a8a054d1e47e9ee9593c4c77dc18374aa80472d80c?s=96&d=mm&r=g\",\"contentUrl\":\"https:\/\/secure.gravatar.com\/avatar\/3a2bee53698f47ac117505a8a054d1e47e9ee9593c4c77dc18374aa80472d80c?s=96&d=mm&r=g\",\"caption\":\"Adam Dragan\"},\"sameAs\":[\"http:\/\/2liceum.eu\"]}]}<\/script>\n<!-- \/ Yoast SEO plugin. -->","yoast_head_json":{"title":"Biegaj z dw\u00f3jk\u0105! - II Liceum Og\u00f3lnokszta\u0142c\u0105ce w Lubinie","robots":{"index":"index","follow":"follow","max-snippet":"max-snippet:-1","max-image-preview":"max-image-preview:large","max-video-preview":"max-video-preview:-1"},"canonical":"https:\/\/2liceum.eu\/index.php\/2024\/10\/07\/biegaj-z-dwojka\/","og_locale":"pl_PL","og_type":"article","og_title":"Biegaj z dw\u00f3jk\u0105! - II Liceum Og\u00f3lnokszta\u0142c\u0105ce w Lubinie","og_description":"To odpowied\u017a II LO w Lubinie na r\u00f3\u017cowy pa\u017adziernik. Wsp\u00f3lnie z powiatow\u0105 kampani\u0105 \u201cJeste\u015b wa\u017cna\u201d&nbsp;zach\u0119camy kobiety do profilaktyki raka piersi. Uczniowie, nauczyciele oraz zaproszeni go\u015bcie pokonaj\u0105 symboliczny dystans by do zach\u0119ci\u0107 kobiety do wykonywania regularnych bada\u0144 i korzystania z szeregu program\u00f3w profilaktycznych. &nbsp; Do\u0142\u0105cz do nas!","og_url":"https:\/\/2liceum.eu\/index.php\/2024\/10\/07\/biegaj-z-dwojka\/","og_site_name":"II Liceum Og\u00f3lnokszta\u0142c\u0105ce w Lubinie","article_publisher":"https:\/\/web.facebook.com\/IILOLubin\/","article_published_time":"2024-10-07T09:36:38+00:00","article_modified_time":"2024-10-07T09:36:40+00:00","og_image":[{"url":"https:\/\/2liceum.eu\/wp-content\/uploads\/2024\/10\/462077828_1090444556416619_7084038827618212078_n.jpg"}],"author":"Adam Dragan","twitter_card":"summary_large_image","twitter_misc":{"Napisane przez":"Adam Dragan"},"schema":{"@context":"https:\/\/schema.org","@graph":[{"@type":"Organization","@id":"https:\/\/2liceum.eu\/#organization","name":"II Liceum Og\u00f3lnokszta\u0142c\u0105ce w Lubinie","url":"https:\/\/2liceum.eu\/","sameAs":["http:\/\/2lolubin","https:\/\/www.youtube.com\/channel\/UCWjEMxRJYdfvxPhVOn-8g_g","https:\/\/web.facebook.com\/IILOLubin\/"],"logo":{"@type":"ImageObject","inLanguage":"pl-PL","@id":"https:\/\/2liceum.eu\/#\/schema\/logo\/image\/","url":"https:\/\/2liceum.eu\/wp-content\/uploads\/2018\/01\/pobrane.jpg","contentUrl":"https:\/\/2liceum.eu\/wp-content\/uploads\/2018\/01\/pobrane.jpg","width":184,"height":183,"caption":"II Liceum Og\u00f3lnokszta\u0142c\u0105ce w Lubinie"},"image":{"@id":"https:\/\/2liceum.eu\/#\/schema\/logo\/image\/"}},{"@type":"WebSite","@id":"https:\/\/2liceum.eu\/#website","url":"https:\/\/2liceum.eu\/","name":"II Liceum Og\u00f3lnokszta\u0142c\u0105ce w Lubinie","description":"Oficjalny portal II LO w Lubinie. Informacje o szkole, kadrze, zaj\u0119ciach dydaktycznych, ko\u0142ach zainteresowa\u0144, wolontariacie. Aktualno\u015bci. Galeria zdj\u0119\u0107.","publisher":{"@id":"https:\/\/2liceum.eu\/#organization"},"potentialAction":[{"@type":"SearchAction","target":{"@type":"EntryPoint","urlTemplate":"https:\/\/2liceum.eu\/?s={search_term_string}"},"query-input":"required name=search_term_string"}],"inLanguage":"pl-PL"},{"@type":"WebPage","@id":"https:\/\/2liceum.eu\/index.php\/2024\/10\/07\/biegaj-z-dwojka\/","url":"https:\/\/2liceum.eu\/index.php\/2024\/10\/07\/biegaj-z-dwojka\/","name":"Biegaj z dw\u00f3jk\u0105! - II Liceum Og\u00f3lnokszta\u0142c\u0105ce w Lubinie","isPartOf":{"@id":"https:\/\/2liceum.eu\/#website"},"datePublished":"2024-10-07T09:36:38+00:00","dateModified":"2024-10-07T09:36:40+00:00","breadcrumb":{"@id":"https:\/\/2liceum.eu\/index.php\/2024\/10\/07\/biegaj-z-dwojka\/#breadcrumb"},"inLanguage":"pl-PL","potentialAction":[{"@type":"ReadAction","target":["https:\/\/2liceum.eu\/index.php\/2024\/10\/07\/biegaj-z-dwojka\/"]}]},{"@type":"BreadcrumbList","@id":"https:\/\/2liceum.eu\/index.php\/2024\/10\/07\/biegaj-z-dwojka\/#breadcrumb","itemListElement":[{"@type":"ListItem","position":1,"name":"Strona g\u0142\u00f3wna","item":"https:\/\/2liceum.eu\/"},{"@type":"ListItem","position":2,"name":"Biegaj z dw\u00f3jk\u0105!"}]},{"@type":"Article","@id":"https:\/\/2liceum.eu\/index.php\/2024\/10\/07\/biegaj-z-dwojka\/#article","isPartOf":{"@id":"https:\/\/2liceum.eu\/index.php\/2024\/10\/07\/biegaj-z-dwojka\/"},"author":{"name":"Adam Dragan","@id":"https:\/\/2liceum.eu\/#\/schema\/person\/1a52557bfdaf047be954a8b190648da5"},"headline":"Biegaj z dw\u00f3jk\u0105!","datePublished":"2024-10-07T09:36:38+00:00","dateModified":"2024-10-07T09:36:40+00:00","mainEntityOfPage":{"@id":"https:\/\/2liceum.eu\/index.php\/2024\/10\/07\/biegaj-z-dwojka\/"},"wordCount":61,"commentCount":0,"publisher":{"@id":"https:\/\/2liceum.eu\/#organization"},"articleSection":["Aktualno\u015bci"],"inLanguage":"pl-PL","potentialAction":[{"@type":"CommentAction","name":"Comment","target":["https:\/\/2liceum.eu\/index.php\/2024\/10\/07\/biegaj-z-dwojka\/#respond"]}]},{"@type":"Person","@id":"https:\/\/2liceum.eu\/#\/schema\/person\/1a52557bfdaf047be954a8b190648da5","name":"Adam Dragan","image":{"@type":"ImageObject","inLanguage":"pl-PL","@id":"https:\/\/2liceum.eu\/#\/schema\/person\/image\/","url":"https:\/\/secure.gravatar.com\/avatar\/3a2bee53698f47ac117505a8a054d1e47e9ee9593c4c77dc18374aa80472d80c?s=96&d=mm&r=g","contentUrl":"https:\/\/secure.gravatar.com\/avatar\/3a2bee53698f47ac117505a8a054d1e47e9ee9593c4c77dc18374aa80472d80c?s=96&d=mm&r=g","caption":"Adam Dragan"},"sameAs":["http:\/\/2liceum.eu"]}]}},"_links":{"self":[{"href":"https:\/\/2liceum.eu\/index.php\/wp-json\/wp\/v2\/posts\/10082","targetHints":{"allow":["GET"]}}],"collection":[{"href":"https:\/\/2liceum.eu\/index.php\/wp-json\/wp\/v2\/posts"}],"about":[{"href":"https:\/\/2liceum.eu\/index.php\/wp-json\/wp\/v2\/types\/post"}],"author":[{"embeddable":true,"href":"https:\/\/2liceum.eu\/index.php\/wp-json\/wp\/v2\/users\/2"}],"replies":[{"embeddable":true,"href":"https:\/\/2liceum.eu\/index.php\/wp-json\/wp\/v2\/comments?post=10082"}],"version-history":[{"count":1,"href":"https:\/\/2liceum.eu\/index.php\/wp-json\/wp\/v2\/posts\/10082\/revisions"}],"predecessor-version":[{"id":10084,"href":"https:\/\/2liceum.eu\/index.php\/wp-json\/wp\/v2\/posts\/10082\/revisions\/10084"}],"wp:attachment":[{"href":"https:\/\/2liceum.eu\/index.php\/wp-json\/wp\/v2\/media?parent=10082"}],"wp:term":[{"taxonomy":"category","embeddable":true,"href":"https:\/\/2liceum.eu\/index.php\/wp-json\/wp\/v2\/categories?post=10082"},{"taxonomy":"post_tag","embeddable":true,"href":"https:\/\/2liceum.eu\/index.php\/wp-json\/wp\/v2\/tags?post=10082"}],"curies":[{"name":"wp","href":"https:\/\/api.w.org\/{rel}","templated":true}]}}