{"id":10197,"date":"2024-10-17T13:04:12","date_gmt":"2024-10-17T11:04:12","guid":{"rendered":"https:\/\/2liceum.eu\/?p=10197"},"modified":"2024-10-17T13:04:14","modified_gmt":"2024-10-17T11:04:14","slug":"biblioteka-wzbogacona","status":"publish","type":"post","link":"https:\/\/2liceum.eu\/index.php\/2024\/10\/17\/biblioteka-wzbogacona\/","title":{"rendered":"Biblioteka wzbogacona!"},"content":{"rendered":"\n<p style=\"text-align: justify;\"><img loading=\"lazy\" decoding=\"async\" class=\"wp-image-10199 alignright\" src=\"https:\/\/2liceum.eu\/wp-content\/uploads\/2024\/10\/bibl_NPRCZ.png\" alt=\"\" width=\"173\" height=\"161\" srcset=\"https:\/\/2liceum.eu\/wp-content\/uploads\/2024\/10\/bibl_NPRCZ.png 649w, https:\/\/2liceum.eu\/wp-content\/uploads\/2024\/10\/bibl_NPRCZ-300x281.png 300w\" sizes=\"auto, (max-width: 173px) 100vw, 173px\" \/>Wykorzystuj\u0105c <strong>fundusze przyznane przez <span class=\"html-span xdj266r x11i5rnm xat24cr x1mh8g0r xexx8yu x4uap5 x18d9i69 xkhd6sd x1hl2dhg x16tdsg8 x1vvkbs\"><a class=\"x1i10hfl xjbqb8w x1ejq31n xd10rxx x1sy0etr x17r0tee x972fbf xcfux6l x1qhh985 xm0m39n x9f619 x1ypdohk xt0psk2 xe8uvvx xdj266r x11i5rnm xat24cr x1mh8g0r xexx8yu x4uap5 x18d9i69 xkhd6sd x16tdsg8 x1hl2dhg xggy1nq x1a2a7pz x1sur9pj xkrqix3 x1fey0fg x1s688f\" tabindex=\"0\" role=\"link\" href=\"https:\/\/www.facebook.com\/MinisterstwoKulturyiDziedzictwaNarodowego?__cft__[0]=AZWKWLV7GX1mwBSGtHNJF-Jum-i7OH5MCF5niLeOv7OHK9rk4hlavgDNgIxzB3grm02gu4HdWvZITHlBs_ZJZ_8_hOygg2j6XVcpCwPbUNH0GIHlPi91Wch6M9i_HXqC5OX0vBnrbblTFGZPk1KdrPVJF8eZ-drlIcE3V4zr98p1LWhGIc-Qo5YxZdU1zX73OEBhlIVs21bPukFqoLMROoLD&amp;__tn__=-]K-R\"><span class=\"xt0psk2\">Ministerstwo Kultury i Dziedzictwa Narodowego<\/span><\/a><\/span> w ramach Narodowego Programu Rozwoju Czytelnictwa (<span class=\"html-span xdj266r x11i5rnm xat24cr x1mh8g0r xexx8yu x4uap5 x18d9i69 xkhd6sd x1hl2dhg x16tdsg8 x1vvkbs\"><a class=\"x1i10hfl xjbqb8w x1ejq31n xd10rxx x1sy0etr x17r0tee x972fbf xcfux6l x1qhh985 xm0m39n x9f619 x1ypdohk xt0psk2 xe8uvvx xdj266r x11i5rnm xat24cr x1mh8g0r xexx8yu x4uap5 x18d9i69 xkhd6sd x16tdsg8 x1hl2dhg xggy1nq x1a2a7pz x1sur9pj xkrqix3 x1fey0fg x1s688f\" tabindex=\"0\" role=\"link\" href=\"https:\/\/www.facebook.com\/@nprcz2.0\/?__cft__[0]=AZUeExqUrqvTLmisiYE3pPaS2R3K6pmDAP1Rn9LtunmVg6H-tt8jeQs9bfCtT-jMWfYYrjhjc5asKOlvgdkzNhGY8Xnf6dTSL5kO_olQEY-qzPvk5sLXfScSqJ95O9_qdSiYmPyA5Ad7owMWYq1_lXNCkFAi-ypv5hgj6w1ym9NhHZkc4l2Yubi4Mx_AV7wmlu1W5aeYvROAvPjRoStwPfE6&amp;__tn__=-]K-R\"><span class=\"xt0psk2\">NPRCz 2.0<\/span><\/a><\/span>),<\/strong> biblioteka szkolna wzbogaci\u0142a si\u0119 o <strong>65 egz. lektur<\/strong> (W. Gombrowicz &#8222;Ferdydurke&#8221;, H. Krall &#8222;Zd\u0105\u017cy\u0107 przed Panem Bogiem&#8221;, S. Mro\u017cek Tango&#8221;, A. Stasiuk &#8222;Opowie\u015bci galicyjskie&#8221;) oraz audiobooki ( M. Bu\u0142hakow &#8222;Mistrz i Ma\u0142gorzata&#8221;, F. Dostojewski &#8222;Zbrodnia i kara&#8221;, W. Gombrowicz &#8222;Ferdydurke&#8221;, H. Sienkiewicz &#8222;Potop&#8221;).&nbsp;<\/p>\n<p>Zakupiono r\u00f3wnie\u017c<strong> inne ksi\u0105\u017cki<\/strong> &#8211; lista w za\u0142\u0105czeniu oraz <strong>nowe rega\u0142y.<\/strong><\/p>\n<ul>\n<li><a href=\"https:\/\/2liceum.eu\/wp-content\/uploads\/2024\/10\/NPRCz.pdf\">Lista ksi\u0105\u017cek<\/a><\/li>\n<\/ul>\n<p style=\"text-align: center;\">&nbsp;<\/p>\n<p style=\"text-align: center;\"><img loading=\"lazy\" decoding=\"async\" class=\"alignnone  wp-image-10200\" src=\"https:\/\/2liceum.eu\/wp-content\/uploads\/2024\/10\/nprcz2.png\" alt=\"\" width=\"537\" height=\"485\" srcset=\"https:\/\/2liceum.eu\/wp-content\/uploads\/2024\/10\/nprcz2.png 648w, https:\/\/2liceum.eu\/wp-content\/uploads\/2024\/10\/nprcz2-300x271.png 300w\" sizes=\"auto, (max-width: 537px) 100vw, 537px\" \/><\/p>\n\n\n","protected":false},"excerpt":{"rendered":"<p>Wykorzystuj\u0105c fundusze przyznane przez Ministerstwo Kultury i Dziedzictwa Narodowego w ramach Narodowego Programu Rozwoju Czytelnictwa (NPRCz 2.0), biblioteka szkolna wzbogaci\u0142a si\u0119 o 65 egz. lektur (W. Gombrowicz &#8222;Ferdydurke&#8221;, H. Krall &#8222;Zd\u0105\u017cy\u0107 przed Panem Bogiem&#8221;, S. Mro\u017cek Tango&#8221;, A. Stasiuk &#8222;Opowie\u015bci galicyjskie&#8221;) oraz audiobooki ( M. Bu\u0142hakow &#8222;Mistrz i Ma\u0142gorzata&#8221;, F. Dostojewski &#8222;Zbrodnia i kara&#8221;, W. [&hellip;]<\/p>\n","protected":false},"author":2,"featured_media":0,"comment_status":"open","ping_status":"open","sticky":false,"template":"","format":"standard","meta":{"ngg_post_thumbnail":0,"footnotes":""},"categories":[1],"tags":[],"class_list":["post-10197","post","type-post","status-publish","format-standard","hentry","category-aktualnosci"],"yoast_head":"<!-- This site is optimized with the Yoast SEO plugin v19.4 - https:\/\/yoast.com\/wordpress\/plugins\/seo\/ -->\n<title>Biblioteka wzbogacona! - II Liceum Og\u00f3lnokszta\u0142c\u0105ce w Lubinie<\/title>\n<meta name=\"robots\" content=\"index, follow, max-snippet:-1, max-image-preview:large, max-video-preview:-1\" \/>\n<link rel=\"canonical\" href=\"https:\/\/2liceum.eu\/index.php\/2024\/10\/17\/biblioteka-wzbogacona\/\" \/>\n<meta property=\"og:locale\" content=\"pl_PL\" \/>\n<meta property=\"og:type\" content=\"article\" \/>\n<meta property=\"og:title\" content=\"Biblioteka wzbogacona! - II Liceum Og\u00f3lnokszta\u0142c\u0105ce w Lubinie\" \/>\n<meta property=\"og:description\" content=\"Wykorzystuj\u0105c fundusze przyznane przez Ministerstwo Kultury i Dziedzictwa Narodowego w ramach Narodowego Programu Rozwoju Czytelnictwa (NPRCz 2.0), biblioteka szkolna wzbogaci\u0142a si\u0119 o 65 egz. lektur (W. Gombrowicz &#8222;Ferdydurke&#8221;, H. Krall &#8222;Zd\u0105\u017cy\u0107 przed Panem Bogiem&#8221;, S. Mro\u017cek Tango&#8221;, A. Stasiuk &#8222;Opowie\u015bci galicyjskie&#8221;) oraz audiobooki ( M. Bu\u0142hakow &#8222;Mistrz i Ma\u0142gorzata&#8221;, F. Dostojewski &#8222;Zbrodnia i kara&#8221;, W. [&hellip;]\" \/>\n<meta property=\"og:url\" content=\"https:\/\/2liceum.eu\/index.php\/2024\/10\/17\/biblioteka-wzbogacona\/\" \/>\n<meta property=\"og:site_name\" content=\"II Liceum Og\u00f3lnokszta\u0142c\u0105ce w Lubinie\" \/>\n<meta property=\"article:publisher\" content=\"https:\/\/web.facebook.com\/IILOLubin\/\" \/>\n<meta property=\"article:published_time\" content=\"2024-10-17T11:04:12+00:00\" \/>\n<meta property=\"article:modified_time\" content=\"2024-10-17T11:04:14+00:00\" \/>\n<meta property=\"og:image\" content=\"https:\/\/2liceum.eu\/wp-content\/uploads\/2024\/10\/bibl_NPRCZ.png\" \/>\n<meta name=\"author\" content=\"Adam Dragan\" \/>\n<meta name=\"twitter:card\" content=\"summary_large_image\" \/>\n<meta name=\"twitter:label1\" content=\"Napisane przez\" \/>\n\t<meta name=\"twitter:data1\" content=\"Adam Dragan\" \/>\n<script type=\"application\/ld+json\" class=\"yoast-schema-graph\">{\"@context\":\"https:\/\/schema.org\",\"@graph\":[{\"@type\":\"Organization\",\"@id\":\"https:\/\/2liceum.eu\/#organization\",\"name\":\"II Liceum Og\u00f3lnokszta\u0142c\u0105ce w Lubinie\",\"url\":\"https:\/\/2liceum.eu\/\",\"sameAs\":[\"http:\/\/2lolubin\",\"https:\/\/www.youtube.com\/channel\/UCWjEMxRJYdfvxPhVOn-8g_g\",\"https:\/\/web.facebook.com\/IILOLubin\/\"],\"logo\":{\"@type\":\"ImageObject\",\"inLanguage\":\"pl-PL\",\"@id\":\"https:\/\/2liceum.eu\/#\/schema\/logo\/image\/\",\"url\":\"https:\/\/2liceum.eu\/wp-content\/uploads\/2018\/01\/pobrane.jpg\",\"contentUrl\":\"https:\/\/2liceum.eu\/wp-content\/uploads\/2018\/01\/pobrane.jpg\",\"width\":184,\"height\":183,\"caption\":\"II Liceum Og\u00f3lnokszta\u0142c\u0105ce w Lubinie\"},\"image\":{\"@id\":\"https:\/\/2liceum.eu\/#\/schema\/logo\/image\/\"}},{\"@type\":\"WebSite\",\"@id\":\"https:\/\/2liceum.eu\/#website\",\"url\":\"https:\/\/2liceum.eu\/\",\"name\":\"II Liceum Og\u00f3lnokszta\u0142c\u0105ce w Lubinie\",\"description\":\"Oficjalny portal II LO w Lubinie. Informacje o szkole, kadrze, zaj\u0119ciach dydaktycznych, ko\u0142ach zainteresowa\u0144, wolontariacie. Aktualno\u015bci. Galeria zdj\u0119\u0107.\",\"publisher\":{\"@id\":\"https:\/\/2liceum.eu\/#organization\"},\"potentialAction\":[{\"@type\":\"SearchAction\",\"target\":{\"@type\":\"EntryPoint\",\"urlTemplate\":\"https:\/\/2liceum.eu\/?s={search_term_string}\"},\"query-input\":\"required name=search_term_string\"}],\"inLanguage\":\"pl-PL\"},{\"@type\":\"WebPage\",\"@id\":\"https:\/\/2liceum.eu\/index.php\/2024\/10\/17\/biblioteka-wzbogacona\/\",\"url\":\"https:\/\/2liceum.eu\/index.php\/2024\/10\/17\/biblioteka-wzbogacona\/\",\"name\":\"Biblioteka wzbogacona! - II Liceum Og\u00f3lnokszta\u0142c\u0105ce w Lubinie\",\"isPartOf\":{\"@id\":\"https:\/\/2liceum.eu\/#website\"},\"datePublished\":\"2024-10-17T11:04:12+00:00\",\"dateModified\":\"2024-10-17T11:04:14+00:00\",\"breadcrumb\":{\"@id\":\"https:\/\/2liceum.eu\/index.php\/2024\/10\/17\/biblioteka-wzbogacona\/#breadcrumb\"},\"inLanguage\":\"pl-PL\",\"potentialAction\":[{\"@type\":\"ReadAction\",\"target\":[\"https:\/\/2liceum.eu\/index.php\/2024\/10\/17\/biblioteka-wzbogacona\/\"]}]},{\"@type\":\"BreadcrumbList\",\"@id\":\"https:\/\/2liceum.eu\/index.php\/2024\/10\/17\/biblioteka-wzbogacona\/#breadcrumb\",\"itemListElement\":[{\"@type\":\"ListItem\",\"position\":1,\"name\":\"Strona g\u0142\u00f3wna\",\"item\":\"https:\/\/2liceum.eu\/\"},{\"@type\":\"ListItem\",\"position\":2,\"name\":\"Biblioteka wzbogacona!\"}]},{\"@type\":\"Article\",\"@id\":\"https:\/\/2liceum.eu\/index.php\/2024\/10\/17\/biblioteka-wzbogacona\/#article\",\"isPartOf\":{\"@id\":\"https:\/\/2liceum.eu\/index.php\/2024\/10\/17\/biblioteka-wzbogacona\/\"},\"author\":{\"name\":\"Adam Dragan\",\"@id\":\"https:\/\/2liceum.eu\/#\/schema\/person\/1a52557bfdaf047be954a8b190648da5\"},\"headline\":\"Biblioteka wzbogacona!\",\"datePublished\":\"2024-10-17T11:04:12+00:00\",\"dateModified\":\"2024-10-17T11:04:14+00:00\",\"mainEntityOfPage\":{\"@id\":\"https:\/\/2liceum.eu\/index.php\/2024\/10\/17\/biblioteka-wzbogacona\/\"},\"wordCount\":86,\"commentCount\":0,\"publisher\":{\"@id\":\"https:\/\/2liceum.eu\/#organization\"},\"articleSection\":[\"Aktualno\u015bci\"],\"inLanguage\":\"pl-PL\",\"potentialAction\":[{\"@type\":\"CommentAction\",\"name\":\"Comment\",\"target\":[\"https:\/\/2liceum.eu\/index.php\/2024\/10\/17\/biblioteka-wzbogacona\/#respond\"]}]},{\"@type\":\"Person\",\"@id\":\"https:\/\/2liceum.eu\/#\/schema\/person\/1a52557bfdaf047be954a8b190648da5\",\"name\":\"Adam Dragan\",\"image\":{\"@type\":\"ImageObject\",\"inLanguage\":\"pl-PL\",\"@id\":\"https:\/\/2liceum.eu\/#\/schema\/person\/image\/\",\"url\":\"https:\/\/secure.gravatar.com\/avatar\/3a2bee53698f47ac117505a8a054d1e47e9ee9593c4c77dc18374aa80472d80c?s=96&d=mm&r=g\",\"contentUrl\":\"https:\/\/secure.gravatar.com\/avatar\/3a2bee53698f47ac117505a8a054d1e47e9ee9593c4c77dc18374aa80472d80c?s=96&d=mm&r=g\",\"caption\":\"Adam Dragan\"},\"sameAs\":[\"http:\/\/2liceum.eu\"]}]}<\/script>\n<!-- \/ Yoast SEO plugin. -->","yoast_head_json":{"title":"Biblioteka wzbogacona! - II Liceum Og\u00f3lnokszta\u0142c\u0105ce w Lubinie","robots":{"index":"index","follow":"follow","max-snippet":"max-snippet:-1","max-image-preview":"max-image-preview:large","max-video-preview":"max-video-preview:-1"},"canonical":"https:\/\/2liceum.eu\/index.php\/2024\/10\/17\/biblioteka-wzbogacona\/","og_locale":"pl_PL","og_type":"article","og_title":"Biblioteka wzbogacona! - II Liceum Og\u00f3lnokszta\u0142c\u0105ce w Lubinie","og_description":"Wykorzystuj\u0105c fundusze przyznane przez Ministerstwo Kultury i Dziedzictwa Narodowego w ramach Narodowego Programu Rozwoju Czytelnictwa (NPRCz 2.0), biblioteka szkolna wzbogaci\u0142a si\u0119 o 65 egz. lektur (W. Gombrowicz &#8222;Ferdydurke&#8221;, H. Krall &#8222;Zd\u0105\u017cy\u0107 przed Panem Bogiem&#8221;, S. Mro\u017cek Tango&#8221;, A. Stasiuk &#8222;Opowie\u015bci galicyjskie&#8221;) oraz audiobooki ( M. Bu\u0142hakow &#8222;Mistrz i Ma\u0142gorzata&#8221;, F. Dostojewski &#8222;Zbrodnia i kara&#8221;, W. [&hellip;]","og_url":"https:\/\/2liceum.eu\/index.php\/2024\/10\/17\/biblioteka-wzbogacona\/","og_site_name":"II Liceum Og\u00f3lnokszta\u0142c\u0105ce w Lubinie","article_publisher":"https:\/\/web.facebook.com\/IILOLubin\/","article_published_time":"2024-10-17T11:04:12+00:00","article_modified_time":"2024-10-17T11:04:14+00:00","og_image":[{"url":"https:\/\/2liceum.eu\/wp-content\/uploads\/2024\/10\/bibl_NPRCZ.png"}],"author":"Adam Dragan","twitter_card":"summary_large_image","twitter_misc":{"Napisane przez":"Adam Dragan"},"schema":{"@context":"https:\/\/schema.org","@graph":[{"@type":"Organization","@id":"https:\/\/2liceum.eu\/#organization","name":"II Liceum Og\u00f3lnokszta\u0142c\u0105ce w Lubinie","url":"https:\/\/2liceum.eu\/","sameAs":["http:\/\/2lolubin","https:\/\/www.youtube.com\/channel\/UCWjEMxRJYdfvxPhVOn-8g_g","https:\/\/web.facebook.com\/IILOLubin\/"],"logo":{"@type":"ImageObject","inLanguage":"pl-PL","@id":"https:\/\/2liceum.eu\/#\/schema\/logo\/image\/","url":"https:\/\/2liceum.eu\/wp-content\/uploads\/2018\/01\/pobrane.jpg","contentUrl":"https:\/\/2liceum.eu\/wp-content\/uploads\/2018\/01\/pobrane.jpg","width":184,"height":183,"caption":"II Liceum Og\u00f3lnokszta\u0142c\u0105ce w Lubinie"},"image":{"@id":"https:\/\/2liceum.eu\/#\/schema\/logo\/image\/"}},{"@type":"WebSite","@id":"https:\/\/2liceum.eu\/#website","url":"https:\/\/2liceum.eu\/","name":"II Liceum Og\u00f3lnokszta\u0142c\u0105ce w Lubinie","description":"Oficjalny portal II LO w Lubinie. Informacje o szkole, kadrze, zaj\u0119ciach dydaktycznych, ko\u0142ach zainteresowa\u0144, wolontariacie. Aktualno\u015bci. Galeria zdj\u0119\u0107.","publisher":{"@id":"https:\/\/2liceum.eu\/#organization"},"potentialAction":[{"@type":"SearchAction","target":{"@type":"EntryPoint","urlTemplate":"https:\/\/2liceum.eu\/?s={search_term_string}"},"query-input":"required name=search_term_string"}],"inLanguage":"pl-PL"},{"@type":"WebPage","@id":"https:\/\/2liceum.eu\/index.php\/2024\/10\/17\/biblioteka-wzbogacona\/","url":"https:\/\/2liceum.eu\/index.php\/2024\/10\/17\/biblioteka-wzbogacona\/","name":"Biblioteka wzbogacona! - II Liceum Og\u00f3lnokszta\u0142c\u0105ce w Lubinie","isPartOf":{"@id":"https:\/\/2liceum.eu\/#website"},"datePublished":"2024-10-17T11:04:12+00:00","dateModified":"2024-10-17T11:04:14+00:00","breadcrumb":{"@id":"https:\/\/2liceum.eu\/index.php\/2024\/10\/17\/biblioteka-wzbogacona\/#breadcrumb"},"inLanguage":"pl-PL","potentialAction":[{"@type":"ReadAction","target":["https:\/\/2liceum.eu\/index.php\/2024\/10\/17\/biblioteka-wzbogacona\/"]}]},{"@type":"BreadcrumbList","@id":"https:\/\/2liceum.eu\/index.php\/2024\/10\/17\/biblioteka-wzbogacona\/#breadcrumb","itemListElement":[{"@type":"ListItem","position":1,"name":"Strona g\u0142\u00f3wna","item":"https:\/\/2liceum.eu\/"},{"@type":"ListItem","position":2,"name":"Biblioteka wzbogacona!"}]},{"@type":"Article","@id":"https:\/\/2liceum.eu\/index.php\/2024\/10\/17\/biblioteka-wzbogacona\/#article","isPartOf":{"@id":"https:\/\/2liceum.eu\/index.php\/2024\/10\/17\/biblioteka-wzbogacona\/"},"author":{"name":"Adam Dragan","@id":"https:\/\/2liceum.eu\/#\/schema\/person\/1a52557bfdaf047be954a8b190648da5"},"headline":"Biblioteka wzbogacona!","datePublished":"2024-10-17T11:04:12+00:00","dateModified":"2024-10-17T11:04:14+00:00","mainEntityOfPage":{"@id":"https:\/\/2liceum.eu\/index.php\/2024\/10\/17\/biblioteka-wzbogacona\/"},"wordCount":86,"commentCount":0,"publisher":{"@id":"https:\/\/2liceum.eu\/#organization"},"articleSection":["Aktualno\u015bci"],"inLanguage":"pl-PL","potentialAction":[{"@type":"CommentAction","name":"Comment","target":["https:\/\/2liceum.eu\/index.php\/2024\/10\/17\/biblioteka-wzbogacona\/#respond"]}]},{"@type":"Person","@id":"https:\/\/2liceum.eu\/#\/schema\/person\/1a52557bfdaf047be954a8b190648da5","name":"Adam Dragan","image":{"@type":"ImageObject","inLanguage":"pl-PL","@id":"https:\/\/2liceum.eu\/#\/schema\/person\/image\/","url":"https:\/\/secure.gravatar.com\/avatar\/3a2bee53698f47ac117505a8a054d1e47e9ee9593c4c77dc18374aa80472d80c?s=96&d=mm&r=g","contentUrl":"https:\/\/secure.gravatar.com\/avatar\/3a2bee53698f47ac117505a8a054d1e47e9ee9593c4c77dc18374aa80472d80c?s=96&d=mm&r=g","caption":"Adam Dragan"},"sameAs":["http:\/\/2liceum.eu"]}]}},"_links":{"self":[{"href":"https:\/\/2liceum.eu\/index.php\/wp-json\/wp\/v2\/posts\/10197","targetHints":{"allow":["GET"]}}],"collection":[{"href":"https:\/\/2liceum.eu\/index.php\/wp-json\/wp\/v2\/posts"}],"about":[{"href":"https:\/\/2liceum.eu\/index.php\/wp-json\/wp\/v2\/types\/post"}],"author":[{"embeddable":true,"href":"https:\/\/2liceum.eu\/index.php\/wp-json\/wp\/v2\/users\/2"}],"replies":[{"embeddable":true,"href":"https:\/\/2liceum.eu\/index.php\/wp-json\/wp\/v2\/comments?post=10197"}],"version-history":[{"count":1,"href":"https:\/\/2liceum.eu\/index.php\/wp-json\/wp\/v2\/posts\/10197\/revisions"}],"predecessor-version":[{"id":10201,"href":"https:\/\/2liceum.eu\/index.php\/wp-json\/wp\/v2\/posts\/10197\/revisions\/10201"}],"wp:attachment":[{"href":"https:\/\/2liceum.eu\/index.php\/wp-json\/wp\/v2\/media?parent=10197"}],"wp:term":[{"taxonomy":"category","embeddable":true,"href":"https:\/\/2liceum.eu\/index.php\/wp-json\/wp\/v2\/categories?post=10197"},{"taxonomy":"post_tag","embeddable":true,"href":"https:\/\/2liceum.eu\/index.php\/wp-json\/wp\/v2\/tags?post=10197"}],"curies":[{"name":"wp","href":"https:\/\/api.w.org\/{rel}","templated":true}]}}