{"id":10266,"date":"2024-11-05T10:56:01","date_gmt":"2024-11-05T09:56:01","guid":{"rendered":"https:\/\/2liceum.eu\/?p=10266"},"modified":"2024-11-08T12:26:47","modified_gmt":"2024-11-08T11:26:47","slug":"uniwersyteckie-wyklady-w-ii-lo","status":"publish","type":"post","link":"https:\/\/2liceum.eu\/index.php\/2024\/11\/05\/uniwersyteckie-wyklady-w-ii-lo\/","title":{"rendered":"Uniwersyteckie wyk\u0142ady w II LO!"},"content":{"rendered":"\n<div class=\"xdj266r x11i5rnm xat24cr x1mh8g0r x1vvkbs x126k92a\">\n<div dir=\"auto\" style=\"text-align: justify;\">\n<figure id=\"attachment_10267\" aria-describedby=\"caption-attachment-10267\" style=\"width: 248px\" class=\"wp-caption alignright\"><img loading=\"lazy\" decoding=\"async\" class=\"wp-image-10267\" src=\"https:\/\/2liceum.eu\/wp-content\/uploads\/2024\/11\/Chruszczewski_zdjecie.jpg\" alt=\"\" width=\"248\" height=\"372\" srcset=\"https:\/\/2liceum.eu\/wp-content\/uploads\/2024\/11\/Chruszczewski_zdjecie.jpg 500w, https:\/\/2liceum.eu\/wp-content\/uploads\/2024\/11\/Chruszczewski_zdjecie-200x300.jpg 200w\" sizes=\"auto, (max-width: 248px) 100vw, 248px\" \/><figcaption id=\"caption-attachment-10267\" class=\"wp-caption-text\">fot. <a href=\"http:\/\/ifa.uwr.edu.pl\" data-wplink-edit=\"true\">ifa.uwr.edu.pl<\/a><\/figcaption><\/figure>\nW dniach <strong>13 i 20 wrze\u015bnia (klasa 3E)<\/strong> oraz <strong>27 wrze\u015bnia i 4 pa\u017adziernika (klasa 2G)<\/strong> uczniowie II LO <strong>uczestniczyli w dw\u00f3ch<\/strong> <strong>spotkaniach z Wyk\u0142adowc\u0105 Uniwersytetu Wroc\u0142awskiego &#8211; <span style=\"color: #008000;\">prof. dr hab. Piotrem Chruszczewskim.<\/span><\/strong><\/div>\n<div dir=\"auto\" style=\"text-align: justify;\">&nbsp;<\/div>\n<div dir=\"auto\" style=\"text-align: justify;\"><span style=\"color: initial;\">Profesor skupi\u0142 uwag\u0119 naszych trzecioklasist\u00f3w na genezie stereotyp\u00f3w. Podkre\u015bli\u0142 to, \u017ce najcz\u0119\u015bciej nie maj\u0105 one odzwierciedlenia w rzeczywisto\u015bci, a najwa\u017cniejsza jest samodzielna interpretacja utworu. Ponadto zaznaczy\u0142, \u017ce w pracy bardzo licz\u0105 si\u0119 nasze wysi\u0142ki i ich autentyczno\u015b\u0107.<\/span><\/div>\n<div dir=\"auto\" style=\"text-align: justify;\">&nbsp;<\/div>\n<\/div>\n<div class=\"x11i5rnm xat24cr x1mh8g0r x1vvkbs xtlvy1s x126k92a\" style=\"text-align: justify;\">\n<div dir=\"auto\">Drugie spotkanie zosta\u0142o po\u015bwi\u0119cone j\u0119zykowym t\u0142umaczeniom tekst\u00f3w oraz om\u00f3wieniu ogromnej roli, jak\u0105 odgrywa praca t\u0142umacza w odbieraniu czytanych przez nas ksi\u0105\u017cek. Profesor Chruszczewski pokaza\u0142 naszym uczniom r\u00f3wnie\u017c inny typ przek\u0142adania tekst\u00f3w literackich &#8211; reformulacj\u0119 polegaj\u0105c\u0105 na analizie opracowywanego tekstu i redagowaniu jego tre\u015bci tak, aby przekazywany komunikat nadal by\u0142 widoczny dla odbiorcy.<\/div>\n<div dir=\"auto\">&nbsp;<\/div>\n<\/div>\n<div class=\"x11i5rnm xat24cr x1mh8g0r x1vvkbs xtlvy1s x126k92a\" style=\"text-align: justify;\">\n<div dir=\"auto\">Oba spotkania klasy 2G dotyczy\u0142y \u201eInterpretacji i analizy tekst\u00f3w, w tym literackich, u\u017cytkowych i tekst\u00f3w kultury\u201d. Temat z pocz\u0105tku jawi\u0142 mi si\u0119 jako trudny i powa\u017cny, ale nic bardziej mylnego. Prof. Chruszczewski prowadzi\u0142 zaj\u0119cia w niezwykle zajmuj\u0105cy oraz dynamiczny spos\u00f3b. Dynamiczny, poniewa\u017c potrafi\u0142 w jednym momencie analizowa\u0107 tekst Wis\u0142awy Szymborskiej, a dos\u0142ownie chwile p\u00f3\u017aniej omawiano ju\u017c tekst piosenki country. Tematy, w\u0105tki i liczne ciekawostki zmienia\u0142y si\u0119 szybko, ale p\u0142ynnie.<\/div>\n<div dir=\"auto\">&nbsp;<\/div>\n<\/div>\n<div class=\"x11i5rnm xat24cr x1mh8g0r x1vvkbs xtlvy1s x126k92a\" style=\"text-align: justify;\">\n<div dir=\"auto\">Profesor Chruszczewski jest r\u00f3wnie\u017c amerykanist\u0105. Ch\u0119tnie opowiada\u0142 uczniom o swoich przygodach za oceanem, co tak\u017ce wp\u0142yn\u0119\u0142o na atrakcyjno\u015b\u0107 zaj\u0119\u0107. Wyk\u0142adowca prowadzi\u0142 interakcje z uczniami, poprzez zadawanie pyta\u0144, proszenie o odczytanie fragmentu tekstu oraz t\u0142umaczenie piosenki z j\u0119zyka angielskiego na j\u0119zyk polski.<\/div>\n<div dir=\"auto\">&nbsp;<\/div>\n<\/div>\n<div class=\"x11i5rnm xat24cr x1mh8g0r x1vvkbs xtlvy1s x126k92a\" style=\"text-align: justify;\">\n<div dir=\"auto\">Prof. Chruszczewski podkre\u015bla\u0142, \u017ce nie warto przywi\u0105zywa\u0107 si\u0119 do d\u00f3br materialnych i pracowa\u0107 tylko dla pieni\u0119dzy, bowiem praca powinna te\u017c by\u0107 zwi\u0105zana z realizacj\u0105 swoich zainteresowa\u0144. Prowadz\u0105cy wykorzystywa\u0142 do prezentacji jednego z w\u0105tk\u00f3w swoich rozwa\u017ca\u0144 dotycz\u0105cych formowania si\u0119 stereotyp\u00f3w brykiet profesjonalnie zniszczonych przez NBP banknot\u00f3w o nominalnej warto\u015bci 100 tys. z\u0142. Te zniszczone i sprasowane banknoty de facto nie maj\u0105 ju\u017c \u017cadnej warto\u015bci, ale z drugiej strony dalej s\u0105 tymi samymi pieni\u0119dzmi, tylko w drobnych kawa\u0142kach.<\/div>\n<\/div>\n<div class=\"x11i5rnm xat24cr x1mh8g0r x1vvkbs xtlvy1s x126k92a\">\n<div dir=\"auto\" style=\"text-align: justify;\">&nbsp;<\/div>\n<div dir=\"auto\" style=\"text-align: justify;\">Bardzo dzi\u0119kujemy Panu Profesorowi Piotrowi Chruszczewskiemu za ciekawe przeprowadzenie zaj\u0119\u0107 i przemi\u0142y kontakt z uczniami. Mamy nadziej\u0119 na dalsz\u0105 wsp\u00f3\u0142prac\u0119 w przysz\u0142o\u015bci.<\/div>\n<\/div>\n","protected":false},"excerpt":{"rendered":"<p>W dniach 13 i 20 wrze\u015bnia (klasa 3E) oraz 27 wrze\u015bnia i 4 pa\u017adziernika (klasa 2G) uczniowie II LO uczestniczyli w dw\u00f3ch spotkaniach z Wyk\u0142adowc\u0105 Uniwersytetu Wroc\u0142awskiego &#8211; prof. dr hab. Piotrem Chruszczewskim. &nbsp; Profesor skupi\u0142 uwag\u0119 naszych trzecioklasist\u00f3w na genezie stereotyp\u00f3w. Podkre\u015bli\u0142 to, \u017ce najcz\u0119\u015bciej nie maj\u0105 one odzwierciedlenia w rzeczywisto\u015bci, a najwa\u017cniejsza jest [&hellip;]<\/p>\n","protected":false},"author":2,"featured_media":0,"comment_status":"open","ping_status":"open","sticky":false,"template":"","format":"standard","meta":{"ngg_post_thumbnail":0,"footnotes":""},"categories":[1],"tags":[],"class_list":["post-10266","post","type-post","status-publish","format-standard","hentry","category-aktualnosci"],"yoast_head":"<!-- This site is optimized with the Yoast SEO plugin v19.4 - https:\/\/yoast.com\/wordpress\/plugins\/seo\/ -->\n<title>Uniwersyteckie wyk\u0142ady w II LO! - II Liceum Og\u00f3lnokszta\u0142c\u0105ce w Lubinie<\/title>\n<meta name=\"robots\" content=\"index, follow, max-snippet:-1, max-image-preview:large, max-video-preview:-1\" \/>\n<link rel=\"canonical\" href=\"https:\/\/2liceum.eu\/index.php\/2024\/11\/05\/uniwersyteckie-wyklady-w-ii-lo\/\" \/>\n<meta property=\"og:locale\" content=\"pl_PL\" \/>\n<meta property=\"og:type\" content=\"article\" \/>\n<meta property=\"og:title\" content=\"Uniwersyteckie wyk\u0142ady w II LO! - II Liceum Og\u00f3lnokszta\u0142c\u0105ce w Lubinie\" \/>\n<meta property=\"og:description\" content=\"W dniach 13 i 20 wrze\u015bnia (klasa 3E) oraz 27 wrze\u015bnia i 4 pa\u017adziernika (klasa 2G) uczniowie II LO uczestniczyli w dw\u00f3ch spotkaniach z Wyk\u0142adowc\u0105 Uniwersytetu Wroc\u0142awskiego &#8211; prof. dr hab. Piotrem Chruszczewskim. &nbsp; Profesor skupi\u0142 uwag\u0119 naszych trzecioklasist\u00f3w na genezie stereotyp\u00f3w. Podkre\u015bli\u0142 to, \u017ce najcz\u0119\u015bciej nie maj\u0105 one odzwierciedlenia w rzeczywisto\u015bci, a najwa\u017cniejsza jest [&hellip;]\" \/>\n<meta property=\"og:url\" content=\"https:\/\/2liceum.eu\/index.php\/2024\/11\/05\/uniwersyteckie-wyklady-w-ii-lo\/\" \/>\n<meta property=\"og:site_name\" content=\"II Liceum Og\u00f3lnokszta\u0142c\u0105ce w Lubinie\" \/>\n<meta property=\"article:publisher\" content=\"https:\/\/web.facebook.com\/IILOLubin\/\" \/>\n<meta property=\"article:published_time\" content=\"2024-11-05T09:56:01+00:00\" \/>\n<meta property=\"article:modified_time\" content=\"2024-11-08T11:26:47+00:00\" \/>\n<meta property=\"og:image\" content=\"https:\/\/2liceum.eu\/wp-content\/uploads\/2024\/11\/Chruszczewski_zdjecie.jpg\" \/>\n<meta name=\"author\" content=\"Adam Dragan\" \/>\n<meta name=\"twitter:card\" content=\"summary_large_image\" \/>\n<meta name=\"twitter:label1\" content=\"Napisane przez\" \/>\n\t<meta name=\"twitter:data1\" content=\"Adam Dragan\" \/>\n\t<meta name=\"twitter:label2\" content=\"Szacowany czas czytania\" \/>\n\t<meta name=\"twitter:data2\" content=\"2 minuty\" \/>\n<script type=\"application\/ld+json\" class=\"yoast-schema-graph\">{\"@context\":\"https:\/\/schema.org\",\"@graph\":[{\"@type\":\"Organization\",\"@id\":\"https:\/\/2liceum.eu\/#organization\",\"name\":\"II Liceum Og\u00f3lnokszta\u0142c\u0105ce w Lubinie\",\"url\":\"https:\/\/2liceum.eu\/\",\"sameAs\":[\"http:\/\/2lolubin\",\"https:\/\/www.youtube.com\/channel\/UCWjEMxRJYdfvxPhVOn-8g_g\",\"https:\/\/web.facebook.com\/IILOLubin\/\"],\"logo\":{\"@type\":\"ImageObject\",\"inLanguage\":\"pl-PL\",\"@id\":\"https:\/\/2liceum.eu\/#\/schema\/logo\/image\/\",\"url\":\"https:\/\/2liceum.eu\/wp-content\/uploads\/2018\/01\/pobrane.jpg\",\"contentUrl\":\"https:\/\/2liceum.eu\/wp-content\/uploads\/2018\/01\/pobrane.jpg\",\"width\":184,\"height\":183,\"caption\":\"II Liceum Og\u00f3lnokszta\u0142c\u0105ce w Lubinie\"},\"image\":{\"@id\":\"https:\/\/2liceum.eu\/#\/schema\/logo\/image\/\"}},{\"@type\":\"WebSite\",\"@id\":\"https:\/\/2liceum.eu\/#website\",\"url\":\"https:\/\/2liceum.eu\/\",\"name\":\"II Liceum Og\u00f3lnokszta\u0142c\u0105ce w Lubinie\",\"description\":\"Oficjalny portal II LO w Lubinie. Informacje o szkole, kadrze, zaj\u0119ciach dydaktycznych, ko\u0142ach zainteresowa\u0144, wolontariacie. Aktualno\u015bci. Galeria zdj\u0119\u0107.\",\"publisher\":{\"@id\":\"https:\/\/2liceum.eu\/#organization\"},\"potentialAction\":[{\"@type\":\"SearchAction\",\"target\":{\"@type\":\"EntryPoint\",\"urlTemplate\":\"https:\/\/2liceum.eu\/?s={search_term_string}\"},\"query-input\":\"required name=search_term_string\"}],\"inLanguage\":\"pl-PL\"},{\"@type\":\"WebPage\",\"@id\":\"https:\/\/2liceum.eu\/index.php\/2024\/11\/05\/uniwersyteckie-wyklady-w-ii-lo\/\",\"url\":\"https:\/\/2liceum.eu\/index.php\/2024\/11\/05\/uniwersyteckie-wyklady-w-ii-lo\/\",\"name\":\"Uniwersyteckie wyk\u0142ady w II LO! - II Liceum Og\u00f3lnokszta\u0142c\u0105ce w Lubinie\",\"isPartOf\":{\"@id\":\"https:\/\/2liceum.eu\/#website\"},\"datePublished\":\"2024-11-05T09:56:01+00:00\",\"dateModified\":\"2024-11-08T11:26:47+00:00\",\"breadcrumb\":{\"@id\":\"https:\/\/2liceum.eu\/index.php\/2024\/11\/05\/uniwersyteckie-wyklady-w-ii-lo\/#breadcrumb\"},\"inLanguage\":\"pl-PL\",\"potentialAction\":[{\"@type\":\"ReadAction\",\"target\":[\"https:\/\/2liceum.eu\/index.php\/2024\/11\/05\/uniwersyteckie-wyklady-w-ii-lo\/\"]}]},{\"@type\":\"BreadcrumbList\",\"@id\":\"https:\/\/2liceum.eu\/index.php\/2024\/11\/05\/uniwersyteckie-wyklady-w-ii-lo\/#breadcrumb\",\"itemListElement\":[{\"@type\":\"ListItem\",\"position\":1,\"name\":\"Strona g\u0142\u00f3wna\",\"item\":\"https:\/\/2liceum.eu\/\"},{\"@type\":\"ListItem\",\"position\":2,\"name\":\"Uniwersyteckie wyk\u0142ady w II LO!\"}]},{\"@type\":\"Article\",\"@id\":\"https:\/\/2liceum.eu\/index.php\/2024\/11\/05\/uniwersyteckie-wyklady-w-ii-lo\/#article\",\"isPartOf\":{\"@id\":\"https:\/\/2liceum.eu\/index.php\/2024\/11\/05\/uniwersyteckie-wyklady-w-ii-lo\/\"},\"author\":{\"name\":\"Adam Dragan\",\"@id\":\"https:\/\/2liceum.eu\/#\/schema\/person\/1a52557bfdaf047be954a8b190648da5\"},\"headline\":\"Uniwersyteckie wyk\u0142ady w II LO!\",\"datePublished\":\"2024-11-05T09:56:01+00:00\",\"dateModified\":\"2024-11-08T11:26:47+00:00\",\"mainEntityOfPage\":{\"@id\":\"https:\/\/2liceum.eu\/index.php\/2024\/11\/05\/uniwersyteckie-wyklady-w-ii-lo\/\"},\"wordCount\":421,\"commentCount\":0,\"publisher\":{\"@id\":\"https:\/\/2liceum.eu\/#organization\"},\"articleSection\":[\"Aktualno\u015bci\"],\"inLanguage\":\"pl-PL\",\"potentialAction\":[{\"@type\":\"CommentAction\",\"name\":\"Comment\",\"target\":[\"https:\/\/2liceum.eu\/index.php\/2024\/11\/05\/uniwersyteckie-wyklady-w-ii-lo\/#respond\"]}]},{\"@type\":\"Person\",\"@id\":\"https:\/\/2liceum.eu\/#\/schema\/person\/1a52557bfdaf047be954a8b190648da5\",\"name\":\"Adam Dragan\",\"image\":{\"@type\":\"ImageObject\",\"inLanguage\":\"pl-PL\",\"@id\":\"https:\/\/2liceum.eu\/#\/schema\/person\/image\/\",\"url\":\"https:\/\/secure.gravatar.com\/avatar\/3a2bee53698f47ac117505a8a054d1e47e9ee9593c4c77dc18374aa80472d80c?s=96&d=mm&r=g\",\"contentUrl\":\"https:\/\/secure.gravatar.com\/avatar\/3a2bee53698f47ac117505a8a054d1e47e9ee9593c4c77dc18374aa80472d80c?s=96&d=mm&r=g\",\"caption\":\"Adam Dragan\"},\"sameAs\":[\"http:\/\/2liceum.eu\"]}]}<\/script>\n<!-- \/ Yoast SEO plugin. -->","yoast_head_json":{"title":"Uniwersyteckie wyk\u0142ady w II LO! - II Liceum Og\u00f3lnokszta\u0142c\u0105ce w Lubinie","robots":{"index":"index","follow":"follow","max-snippet":"max-snippet:-1","max-image-preview":"max-image-preview:large","max-video-preview":"max-video-preview:-1"},"canonical":"https:\/\/2liceum.eu\/index.php\/2024\/11\/05\/uniwersyteckie-wyklady-w-ii-lo\/","og_locale":"pl_PL","og_type":"article","og_title":"Uniwersyteckie wyk\u0142ady w II LO! - II Liceum Og\u00f3lnokszta\u0142c\u0105ce w Lubinie","og_description":"W dniach 13 i 20 wrze\u015bnia (klasa 3E) oraz 27 wrze\u015bnia i 4 pa\u017adziernika (klasa 2G) uczniowie II LO uczestniczyli w dw\u00f3ch spotkaniach z Wyk\u0142adowc\u0105 Uniwersytetu Wroc\u0142awskiego &#8211; prof. dr hab. Piotrem Chruszczewskim. &nbsp; Profesor skupi\u0142 uwag\u0119 naszych trzecioklasist\u00f3w na genezie stereotyp\u00f3w. Podkre\u015bli\u0142 to, \u017ce najcz\u0119\u015bciej nie maj\u0105 one odzwierciedlenia w rzeczywisto\u015bci, a najwa\u017cniejsza jest [&hellip;]","og_url":"https:\/\/2liceum.eu\/index.php\/2024\/11\/05\/uniwersyteckie-wyklady-w-ii-lo\/","og_site_name":"II Liceum Og\u00f3lnokszta\u0142c\u0105ce w Lubinie","article_publisher":"https:\/\/web.facebook.com\/IILOLubin\/","article_published_time":"2024-11-05T09:56:01+00:00","article_modified_time":"2024-11-08T11:26:47+00:00","og_image":[{"url":"https:\/\/2liceum.eu\/wp-content\/uploads\/2024\/11\/Chruszczewski_zdjecie.jpg"}],"author":"Adam Dragan","twitter_card":"summary_large_image","twitter_misc":{"Napisane przez":"Adam Dragan","Szacowany czas czytania":"2 minuty"},"schema":{"@context":"https:\/\/schema.org","@graph":[{"@type":"Organization","@id":"https:\/\/2liceum.eu\/#organization","name":"II Liceum Og\u00f3lnokszta\u0142c\u0105ce w Lubinie","url":"https:\/\/2liceum.eu\/","sameAs":["http:\/\/2lolubin","https:\/\/www.youtube.com\/channel\/UCWjEMxRJYdfvxPhVOn-8g_g","https:\/\/web.facebook.com\/IILOLubin\/"],"logo":{"@type":"ImageObject","inLanguage":"pl-PL","@id":"https:\/\/2liceum.eu\/#\/schema\/logo\/image\/","url":"https:\/\/2liceum.eu\/wp-content\/uploads\/2018\/01\/pobrane.jpg","contentUrl":"https:\/\/2liceum.eu\/wp-content\/uploads\/2018\/01\/pobrane.jpg","width":184,"height":183,"caption":"II Liceum Og\u00f3lnokszta\u0142c\u0105ce w Lubinie"},"image":{"@id":"https:\/\/2liceum.eu\/#\/schema\/logo\/image\/"}},{"@type":"WebSite","@id":"https:\/\/2liceum.eu\/#website","url":"https:\/\/2liceum.eu\/","name":"II Liceum Og\u00f3lnokszta\u0142c\u0105ce w Lubinie","description":"Oficjalny portal II LO w Lubinie. Informacje o szkole, kadrze, zaj\u0119ciach dydaktycznych, ko\u0142ach zainteresowa\u0144, wolontariacie. Aktualno\u015bci. Galeria zdj\u0119\u0107.","publisher":{"@id":"https:\/\/2liceum.eu\/#organization"},"potentialAction":[{"@type":"SearchAction","target":{"@type":"EntryPoint","urlTemplate":"https:\/\/2liceum.eu\/?s={search_term_string}"},"query-input":"required name=search_term_string"}],"inLanguage":"pl-PL"},{"@type":"WebPage","@id":"https:\/\/2liceum.eu\/index.php\/2024\/11\/05\/uniwersyteckie-wyklady-w-ii-lo\/","url":"https:\/\/2liceum.eu\/index.php\/2024\/11\/05\/uniwersyteckie-wyklady-w-ii-lo\/","name":"Uniwersyteckie wyk\u0142ady w II LO! - II Liceum Og\u00f3lnokszta\u0142c\u0105ce w Lubinie","isPartOf":{"@id":"https:\/\/2liceum.eu\/#website"},"datePublished":"2024-11-05T09:56:01+00:00","dateModified":"2024-11-08T11:26:47+00:00","breadcrumb":{"@id":"https:\/\/2liceum.eu\/index.php\/2024\/11\/05\/uniwersyteckie-wyklady-w-ii-lo\/#breadcrumb"},"inLanguage":"pl-PL","potentialAction":[{"@type":"ReadAction","target":["https:\/\/2liceum.eu\/index.php\/2024\/11\/05\/uniwersyteckie-wyklady-w-ii-lo\/"]}]},{"@type":"BreadcrumbList","@id":"https:\/\/2liceum.eu\/index.php\/2024\/11\/05\/uniwersyteckie-wyklady-w-ii-lo\/#breadcrumb","itemListElement":[{"@type":"ListItem","position":1,"name":"Strona g\u0142\u00f3wna","item":"https:\/\/2liceum.eu\/"},{"@type":"ListItem","position":2,"name":"Uniwersyteckie wyk\u0142ady w II LO!"}]},{"@type":"Article","@id":"https:\/\/2liceum.eu\/index.php\/2024\/11\/05\/uniwersyteckie-wyklady-w-ii-lo\/#article","isPartOf":{"@id":"https:\/\/2liceum.eu\/index.php\/2024\/11\/05\/uniwersyteckie-wyklady-w-ii-lo\/"},"author":{"name":"Adam Dragan","@id":"https:\/\/2liceum.eu\/#\/schema\/person\/1a52557bfdaf047be954a8b190648da5"},"headline":"Uniwersyteckie wyk\u0142ady w II LO!","datePublished":"2024-11-05T09:56:01+00:00","dateModified":"2024-11-08T11:26:47+00:00","mainEntityOfPage":{"@id":"https:\/\/2liceum.eu\/index.php\/2024\/11\/05\/uniwersyteckie-wyklady-w-ii-lo\/"},"wordCount":421,"commentCount":0,"publisher":{"@id":"https:\/\/2liceum.eu\/#organization"},"articleSection":["Aktualno\u015bci"],"inLanguage":"pl-PL","potentialAction":[{"@type":"CommentAction","name":"Comment","target":["https:\/\/2liceum.eu\/index.php\/2024\/11\/05\/uniwersyteckie-wyklady-w-ii-lo\/#respond"]}]},{"@type":"Person","@id":"https:\/\/2liceum.eu\/#\/schema\/person\/1a52557bfdaf047be954a8b190648da5","name":"Adam Dragan","image":{"@type":"ImageObject","inLanguage":"pl-PL","@id":"https:\/\/2liceum.eu\/#\/schema\/person\/image\/","url":"https:\/\/secure.gravatar.com\/avatar\/3a2bee53698f47ac117505a8a054d1e47e9ee9593c4c77dc18374aa80472d80c?s=96&d=mm&r=g","contentUrl":"https:\/\/secure.gravatar.com\/avatar\/3a2bee53698f47ac117505a8a054d1e47e9ee9593c4c77dc18374aa80472d80c?s=96&d=mm&r=g","caption":"Adam Dragan"},"sameAs":["http:\/\/2liceum.eu"]}]}},"_links":{"self":[{"href":"https:\/\/2liceum.eu\/index.php\/wp-json\/wp\/v2\/posts\/10266","targetHints":{"allow":["GET"]}}],"collection":[{"href":"https:\/\/2liceum.eu\/index.php\/wp-json\/wp\/v2\/posts"}],"about":[{"href":"https:\/\/2liceum.eu\/index.php\/wp-json\/wp\/v2\/types\/post"}],"author":[{"embeddable":true,"href":"https:\/\/2liceum.eu\/index.php\/wp-json\/wp\/v2\/users\/2"}],"replies":[{"embeddable":true,"href":"https:\/\/2liceum.eu\/index.php\/wp-json\/wp\/v2\/comments?post=10266"}],"version-history":[{"count":9,"href":"https:\/\/2liceum.eu\/index.php\/wp-json\/wp\/v2\/posts\/10266\/revisions"}],"predecessor-version":[{"id":10328,"href":"https:\/\/2liceum.eu\/index.php\/wp-json\/wp\/v2\/posts\/10266\/revisions\/10328"}],"wp:attachment":[{"href":"https:\/\/2liceum.eu\/index.php\/wp-json\/wp\/v2\/media?parent=10266"}],"wp:term":[{"taxonomy":"category","embeddable":true,"href":"https:\/\/2liceum.eu\/index.php\/wp-json\/wp\/v2\/categories?post=10266"},{"taxonomy":"post_tag","embeddable":true,"href":"https:\/\/2liceum.eu\/index.php\/wp-json\/wp\/v2\/tags?post=10266"}],"curies":[{"name":"wp","href":"https:\/\/api.w.org\/{rel}","templated":true}]}}