{"id":10315,"date":"2024-11-08T11:48:49","date_gmt":"2024-11-08T10:48:49","guid":{"rendered":"https:\/\/2liceum.eu\/?p=10315"},"modified":"2024-11-08T11:51:37","modified_gmt":"2024-11-08T10:51:37","slug":"spotkanie-z-pisarzem","status":"publish","type":"post","link":"https:\/\/2liceum.eu\/index.php\/2024\/11\/08\/spotkanie-z-pisarzem\/","title":{"rendered":"Spotkanie z pisarzem!"},"content":{"rendered":"\n<div class=\"xdj266r x11i5rnm xat24cr x1mh8g0r x1vvkbs x126k92a\">\n<div dir=\"auto\" style=\"text-align: justify;\"><strong><span style=\"color: initial;\"><img loading=\"lazy\" decoding=\"async\" class=\"alignleft \" src=\"https:\/\/2liceum.eu\/wp-content\/uploads\/sites\/1\/nggallery\/spotkanie-z-pisarzem\/thumbs\/thumbs_003.jpg\" width=\"172\" height=\"115\">9 i 30 pa\u017adziernika w naszej szkole go\u015bci\u0142 <span style=\"color: #008000;\">p. Henryk Rusewicz.<\/span> W spotkaniu wzi\u0119li uczniowie z kl. 1a, 2b, 2c, 2g i 4c.<\/span><\/strong><\/div>\n<div dir=\"auto\" style=\"text-align: justify;\">&nbsp;<\/div>\n<\/div>\n<div class=\"x11i5rnm xat24cr x1mh8g0r x1vvkbs xtlvy1s x126k92a\">\n<div dir=\"auto\" style=\"text-align: justify;\"><strong>H. Rusewicz<\/strong> to <strong>historyk i plastyk<\/strong> z zami\u0142owania, jego pasj\u0105 jest <strong>pisanie ksi\u0105\u017cek o Lubinie.<\/strong> Jest<strong> autorem 24 monografii miejscowo\u015bci w gminie Lubin.<\/strong> Wydawnictwa opisuj\u0105 histori\u0119, zabytki ale te\u017c wa\u017cnych mieszka\u0144c\u00f3w czy zmiany spo\u0142eczne jakie na przestrzeni lat zasz\u0142y w tym regionie. Ksi\u0105\u017cki s\u0105 dost\u0119pne w bibliotece szkolnej. Zapraszamy do zapoznania si\u0119 z ich tre\u015bci\u0105.<\/div>\n<\/div>\n<div dir=\"auto\">&nbsp;<\/div>\n<div dir=\"auto\">&nbsp;<\/div>\n\n\n<div class=\"wp-block-image\">\n<figure class=\"aligncenter size-full\"><a href=\"https:\/\/2liceum.eu\/index.php\/rok-szkolny-2024-2025\/nggallery\/rok-szkolny-2024-2025\/spotkanie-z-pisarzem\"><img loading=\"lazy\" decoding=\"async\" width=\"119\" height=\"26\" src=\"https:\/\/2liceum.eu\/wp-content\/uploads\/2019\/12\/galeria.jpg\" alt=\"\" class=\"wp-image-4616\"\/><\/a><\/figure>\n<\/div>","protected":false},"excerpt":{"rendered":"<p>9 i 30 pa\u017adziernika w naszej szkole go\u015bci\u0142 p. Henryk Rusewicz. W spotkaniu wzi\u0119li uczniowie z kl. 1a, 2b, 2c, 2g i 4c. &nbsp; H. Rusewicz to historyk i plastyk z zami\u0142owania, jego pasj\u0105 jest pisanie ksi\u0105\u017cek o Lubinie. Jest autorem 24 monografii miejscowo\u015bci w gminie Lubin. Wydawnictwa opisuj\u0105 histori\u0119, zabytki ale te\u017c wa\u017cnych mieszka\u0144c\u00f3w [&hellip;]<\/p>\n","protected":false},"author":2,"featured_media":0,"comment_status":"open","ping_status":"open","sticky":false,"template":"","format":"standard","meta":{"ngg_post_thumbnail":0,"footnotes":""},"categories":[1],"tags":[],"class_list":["post-10315","post","type-post","status-publish","format-standard","hentry","category-aktualnosci"],"yoast_head":"<!-- This site is optimized with the Yoast SEO plugin v19.4 - https:\/\/yoast.com\/wordpress\/plugins\/seo\/ -->\n<title>Spotkanie z pisarzem! - II Liceum Og\u00f3lnokszta\u0142c\u0105ce w Lubinie<\/title>\n<meta name=\"robots\" content=\"index, follow, max-snippet:-1, max-image-preview:large, max-video-preview:-1\" \/>\n<link rel=\"canonical\" href=\"https:\/\/2liceum.eu\/index.php\/2024\/11\/08\/spotkanie-z-pisarzem\/\" \/>\n<meta property=\"og:locale\" content=\"pl_PL\" \/>\n<meta property=\"og:type\" content=\"article\" \/>\n<meta property=\"og:title\" content=\"Spotkanie z pisarzem! - II Liceum Og\u00f3lnokszta\u0142c\u0105ce w Lubinie\" \/>\n<meta property=\"og:description\" content=\"9 i 30 pa\u017adziernika w naszej szkole go\u015bci\u0142 p. Henryk Rusewicz. W spotkaniu wzi\u0119li uczniowie z kl. 1a, 2b, 2c, 2g i 4c. &nbsp; H. Rusewicz to historyk i plastyk z zami\u0142owania, jego pasj\u0105 jest pisanie ksi\u0105\u017cek o Lubinie. Jest autorem 24 monografii miejscowo\u015bci w gminie Lubin. Wydawnictwa opisuj\u0105 histori\u0119, zabytki ale te\u017c wa\u017cnych mieszka\u0144c\u00f3w [&hellip;]\" \/>\n<meta property=\"og:url\" content=\"https:\/\/2liceum.eu\/index.php\/2024\/11\/08\/spotkanie-z-pisarzem\/\" \/>\n<meta property=\"og:site_name\" content=\"II Liceum Og\u00f3lnokszta\u0142c\u0105ce w Lubinie\" \/>\n<meta property=\"article:publisher\" content=\"https:\/\/web.facebook.com\/IILOLubin\/\" \/>\n<meta property=\"article:published_time\" content=\"2024-11-08T10:48:49+00:00\" \/>\n<meta property=\"article:modified_time\" content=\"2024-11-08T10:51:37+00:00\" \/>\n<meta property=\"og:image\" content=\"https:\/\/2liceum.eu\/wp-content\/uploads\/sites\/1\/nggallery\/spotkanie-z-pisarzem\/thumbs\/thumbs_003.jpg\" \/>\n<meta name=\"author\" content=\"Adam Dragan\" \/>\n<meta name=\"twitter:card\" content=\"summary_large_image\" \/>\n<meta name=\"twitter:label1\" content=\"Napisane przez\" \/>\n\t<meta name=\"twitter:data1\" content=\"Adam Dragan\" \/>\n<script type=\"application\/ld+json\" class=\"yoast-schema-graph\">{\"@context\":\"https:\/\/schema.org\",\"@graph\":[{\"@type\":\"Organization\",\"@id\":\"https:\/\/2liceum.eu\/#organization\",\"name\":\"II Liceum Og\u00f3lnokszta\u0142c\u0105ce w Lubinie\",\"url\":\"https:\/\/2liceum.eu\/\",\"sameAs\":[\"http:\/\/2lolubin\",\"https:\/\/www.youtube.com\/channel\/UCWjEMxRJYdfvxPhVOn-8g_g\",\"https:\/\/web.facebook.com\/IILOLubin\/\"],\"logo\":{\"@type\":\"ImageObject\",\"inLanguage\":\"pl-PL\",\"@id\":\"https:\/\/2liceum.eu\/#\/schema\/logo\/image\/\",\"url\":\"https:\/\/2liceum.eu\/wp-content\/uploads\/2018\/01\/pobrane.jpg\",\"contentUrl\":\"https:\/\/2liceum.eu\/wp-content\/uploads\/2018\/01\/pobrane.jpg\",\"width\":184,\"height\":183,\"caption\":\"II Liceum Og\u00f3lnokszta\u0142c\u0105ce w Lubinie\"},\"image\":{\"@id\":\"https:\/\/2liceum.eu\/#\/schema\/logo\/image\/\"}},{\"@type\":\"WebSite\",\"@id\":\"https:\/\/2liceum.eu\/#website\",\"url\":\"https:\/\/2liceum.eu\/\",\"name\":\"II Liceum Og\u00f3lnokszta\u0142c\u0105ce w Lubinie\",\"description\":\"Oficjalny portal II LO w Lubinie. Informacje o szkole, kadrze, zaj\u0119ciach dydaktycznych, ko\u0142ach zainteresowa\u0144, wolontariacie. Aktualno\u015bci. Galeria zdj\u0119\u0107.\",\"publisher\":{\"@id\":\"https:\/\/2liceum.eu\/#organization\"},\"potentialAction\":[{\"@type\":\"SearchAction\",\"target\":{\"@type\":\"EntryPoint\",\"urlTemplate\":\"https:\/\/2liceum.eu\/?s={search_term_string}\"},\"query-input\":\"required name=search_term_string\"}],\"inLanguage\":\"pl-PL\"},{\"@type\":\"WebPage\",\"@id\":\"https:\/\/2liceum.eu\/index.php\/2024\/11\/08\/spotkanie-z-pisarzem\/\",\"url\":\"https:\/\/2liceum.eu\/index.php\/2024\/11\/08\/spotkanie-z-pisarzem\/\",\"name\":\"Spotkanie z pisarzem! - II Liceum Og\u00f3lnokszta\u0142c\u0105ce w Lubinie\",\"isPartOf\":{\"@id\":\"https:\/\/2liceum.eu\/#website\"},\"datePublished\":\"2024-11-08T10:48:49+00:00\",\"dateModified\":\"2024-11-08T10:51:37+00:00\",\"breadcrumb\":{\"@id\":\"https:\/\/2liceum.eu\/index.php\/2024\/11\/08\/spotkanie-z-pisarzem\/#breadcrumb\"},\"inLanguage\":\"pl-PL\",\"potentialAction\":[{\"@type\":\"ReadAction\",\"target\":[\"https:\/\/2liceum.eu\/index.php\/2024\/11\/08\/spotkanie-z-pisarzem\/\"]}]},{\"@type\":\"BreadcrumbList\",\"@id\":\"https:\/\/2liceum.eu\/index.php\/2024\/11\/08\/spotkanie-z-pisarzem\/#breadcrumb\",\"itemListElement\":[{\"@type\":\"ListItem\",\"position\":1,\"name\":\"Strona g\u0142\u00f3wna\",\"item\":\"https:\/\/2liceum.eu\/\"},{\"@type\":\"ListItem\",\"position\":2,\"name\":\"Spotkanie z pisarzem!\"}]},{\"@type\":\"Article\",\"@id\":\"https:\/\/2liceum.eu\/index.php\/2024\/11\/08\/spotkanie-z-pisarzem\/#article\",\"isPartOf\":{\"@id\":\"https:\/\/2liceum.eu\/index.php\/2024\/11\/08\/spotkanie-z-pisarzem\/\"},\"author\":{\"name\":\"Adam Dragan\",\"@id\":\"https:\/\/2liceum.eu\/#\/schema\/person\/1a52557bfdaf047be954a8b190648da5\"},\"headline\":\"Spotkanie z pisarzem!\",\"datePublished\":\"2024-11-08T10:48:49+00:00\",\"dateModified\":\"2024-11-08T10:51:37+00:00\",\"mainEntityOfPage\":{\"@id\":\"https:\/\/2liceum.eu\/index.php\/2024\/11\/08\/spotkanie-z-pisarzem\/\"},\"wordCount\":95,\"commentCount\":0,\"publisher\":{\"@id\":\"https:\/\/2liceum.eu\/#organization\"},\"articleSection\":[\"Aktualno\u015bci\"],\"inLanguage\":\"pl-PL\",\"potentialAction\":[{\"@type\":\"CommentAction\",\"name\":\"Comment\",\"target\":[\"https:\/\/2liceum.eu\/index.php\/2024\/11\/08\/spotkanie-z-pisarzem\/#respond\"]}]},{\"@type\":\"Person\",\"@id\":\"https:\/\/2liceum.eu\/#\/schema\/person\/1a52557bfdaf047be954a8b190648da5\",\"name\":\"Adam Dragan\",\"image\":{\"@type\":\"ImageObject\",\"inLanguage\":\"pl-PL\",\"@id\":\"https:\/\/2liceum.eu\/#\/schema\/person\/image\/\",\"url\":\"https:\/\/secure.gravatar.com\/avatar\/3a2bee53698f47ac117505a8a054d1e47e9ee9593c4c77dc18374aa80472d80c?s=96&d=mm&r=g\",\"contentUrl\":\"https:\/\/secure.gravatar.com\/avatar\/3a2bee53698f47ac117505a8a054d1e47e9ee9593c4c77dc18374aa80472d80c?s=96&d=mm&r=g\",\"caption\":\"Adam Dragan\"},\"sameAs\":[\"http:\/\/2liceum.eu\"]}]}<\/script>\n<!-- \/ Yoast SEO plugin. -->","yoast_head_json":{"title":"Spotkanie z pisarzem! - II Liceum Og\u00f3lnokszta\u0142c\u0105ce w Lubinie","robots":{"index":"index","follow":"follow","max-snippet":"max-snippet:-1","max-image-preview":"max-image-preview:large","max-video-preview":"max-video-preview:-1"},"canonical":"https:\/\/2liceum.eu\/index.php\/2024\/11\/08\/spotkanie-z-pisarzem\/","og_locale":"pl_PL","og_type":"article","og_title":"Spotkanie z pisarzem! - II Liceum Og\u00f3lnokszta\u0142c\u0105ce w Lubinie","og_description":"9 i 30 pa\u017adziernika w naszej szkole go\u015bci\u0142 p. Henryk Rusewicz. W spotkaniu wzi\u0119li uczniowie z kl. 1a, 2b, 2c, 2g i 4c. &nbsp; H. Rusewicz to historyk i plastyk z zami\u0142owania, jego pasj\u0105 jest pisanie ksi\u0105\u017cek o Lubinie. Jest autorem 24 monografii miejscowo\u015bci w gminie Lubin. Wydawnictwa opisuj\u0105 histori\u0119, zabytki ale te\u017c wa\u017cnych mieszka\u0144c\u00f3w [&hellip;]","og_url":"https:\/\/2liceum.eu\/index.php\/2024\/11\/08\/spotkanie-z-pisarzem\/","og_site_name":"II Liceum Og\u00f3lnokszta\u0142c\u0105ce w Lubinie","article_publisher":"https:\/\/web.facebook.com\/IILOLubin\/","article_published_time":"2024-11-08T10:48:49+00:00","article_modified_time":"2024-11-08T10:51:37+00:00","og_image":[{"url":"https:\/\/2liceum.eu\/wp-content\/uploads\/sites\/1\/nggallery\/spotkanie-z-pisarzem\/thumbs\/thumbs_003.jpg"}],"author":"Adam Dragan","twitter_card":"summary_large_image","twitter_misc":{"Napisane przez":"Adam Dragan"},"schema":{"@context":"https:\/\/schema.org","@graph":[{"@type":"Organization","@id":"https:\/\/2liceum.eu\/#organization","name":"II Liceum Og\u00f3lnokszta\u0142c\u0105ce w Lubinie","url":"https:\/\/2liceum.eu\/","sameAs":["http:\/\/2lolubin","https:\/\/www.youtube.com\/channel\/UCWjEMxRJYdfvxPhVOn-8g_g","https:\/\/web.facebook.com\/IILOLubin\/"],"logo":{"@type":"ImageObject","inLanguage":"pl-PL","@id":"https:\/\/2liceum.eu\/#\/schema\/logo\/image\/","url":"https:\/\/2liceum.eu\/wp-content\/uploads\/2018\/01\/pobrane.jpg","contentUrl":"https:\/\/2liceum.eu\/wp-content\/uploads\/2018\/01\/pobrane.jpg","width":184,"height":183,"caption":"II Liceum Og\u00f3lnokszta\u0142c\u0105ce w Lubinie"},"image":{"@id":"https:\/\/2liceum.eu\/#\/schema\/logo\/image\/"}},{"@type":"WebSite","@id":"https:\/\/2liceum.eu\/#website","url":"https:\/\/2liceum.eu\/","name":"II Liceum Og\u00f3lnokszta\u0142c\u0105ce w Lubinie","description":"Oficjalny portal II LO w Lubinie. Informacje o szkole, kadrze, zaj\u0119ciach dydaktycznych, ko\u0142ach zainteresowa\u0144, wolontariacie. Aktualno\u015bci. Galeria zdj\u0119\u0107.","publisher":{"@id":"https:\/\/2liceum.eu\/#organization"},"potentialAction":[{"@type":"SearchAction","target":{"@type":"EntryPoint","urlTemplate":"https:\/\/2liceum.eu\/?s={search_term_string}"},"query-input":"required name=search_term_string"}],"inLanguage":"pl-PL"},{"@type":"WebPage","@id":"https:\/\/2liceum.eu\/index.php\/2024\/11\/08\/spotkanie-z-pisarzem\/","url":"https:\/\/2liceum.eu\/index.php\/2024\/11\/08\/spotkanie-z-pisarzem\/","name":"Spotkanie z pisarzem! - II Liceum Og\u00f3lnokszta\u0142c\u0105ce w Lubinie","isPartOf":{"@id":"https:\/\/2liceum.eu\/#website"},"datePublished":"2024-11-08T10:48:49+00:00","dateModified":"2024-11-08T10:51:37+00:00","breadcrumb":{"@id":"https:\/\/2liceum.eu\/index.php\/2024\/11\/08\/spotkanie-z-pisarzem\/#breadcrumb"},"inLanguage":"pl-PL","potentialAction":[{"@type":"ReadAction","target":["https:\/\/2liceum.eu\/index.php\/2024\/11\/08\/spotkanie-z-pisarzem\/"]}]},{"@type":"BreadcrumbList","@id":"https:\/\/2liceum.eu\/index.php\/2024\/11\/08\/spotkanie-z-pisarzem\/#breadcrumb","itemListElement":[{"@type":"ListItem","position":1,"name":"Strona g\u0142\u00f3wna","item":"https:\/\/2liceum.eu\/"},{"@type":"ListItem","position":2,"name":"Spotkanie z pisarzem!"}]},{"@type":"Article","@id":"https:\/\/2liceum.eu\/index.php\/2024\/11\/08\/spotkanie-z-pisarzem\/#article","isPartOf":{"@id":"https:\/\/2liceum.eu\/index.php\/2024\/11\/08\/spotkanie-z-pisarzem\/"},"author":{"name":"Adam Dragan","@id":"https:\/\/2liceum.eu\/#\/schema\/person\/1a52557bfdaf047be954a8b190648da5"},"headline":"Spotkanie z pisarzem!","datePublished":"2024-11-08T10:48:49+00:00","dateModified":"2024-11-08T10:51:37+00:00","mainEntityOfPage":{"@id":"https:\/\/2liceum.eu\/index.php\/2024\/11\/08\/spotkanie-z-pisarzem\/"},"wordCount":95,"commentCount":0,"publisher":{"@id":"https:\/\/2liceum.eu\/#organization"},"articleSection":["Aktualno\u015bci"],"inLanguage":"pl-PL","potentialAction":[{"@type":"CommentAction","name":"Comment","target":["https:\/\/2liceum.eu\/index.php\/2024\/11\/08\/spotkanie-z-pisarzem\/#respond"]}]},{"@type":"Person","@id":"https:\/\/2liceum.eu\/#\/schema\/person\/1a52557bfdaf047be954a8b190648da5","name":"Adam Dragan","image":{"@type":"ImageObject","inLanguage":"pl-PL","@id":"https:\/\/2liceum.eu\/#\/schema\/person\/image\/","url":"https:\/\/secure.gravatar.com\/avatar\/3a2bee53698f47ac117505a8a054d1e47e9ee9593c4c77dc18374aa80472d80c?s=96&d=mm&r=g","contentUrl":"https:\/\/secure.gravatar.com\/avatar\/3a2bee53698f47ac117505a8a054d1e47e9ee9593c4c77dc18374aa80472d80c?s=96&d=mm&r=g","caption":"Adam Dragan"},"sameAs":["http:\/\/2liceum.eu"]}]}},"_links":{"self":[{"href":"https:\/\/2liceum.eu\/index.php\/wp-json\/wp\/v2\/posts\/10315","targetHints":{"allow":["GET"]}}],"collection":[{"href":"https:\/\/2liceum.eu\/index.php\/wp-json\/wp\/v2\/posts"}],"about":[{"href":"https:\/\/2liceum.eu\/index.php\/wp-json\/wp\/v2\/types\/post"}],"author":[{"embeddable":true,"href":"https:\/\/2liceum.eu\/index.php\/wp-json\/wp\/v2\/users\/2"}],"replies":[{"embeddable":true,"href":"https:\/\/2liceum.eu\/index.php\/wp-json\/wp\/v2\/comments?post=10315"}],"version-history":[{"count":4,"href":"https:\/\/2liceum.eu\/index.php\/wp-json\/wp\/v2\/posts\/10315\/revisions"}],"predecessor-version":[{"id":10322,"href":"https:\/\/2liceum.eu\/index.php\/wp-json\/wp\/v2\/posts\/10315\/revisions\/10322"}],"wp:attachment":[{"href":"https:\/\/2liceum.eu\/index.php\/wp-json\/wp\/v2\/media?parent=10315"}],"wp:term":[{"taxonomy":"category","embeddable":true,"href":"https:\/\/2liceum.eu\/index.php\/wp-json\/wp\/v2\/categories?post=10315"},{"taxonomy":"post_tag","embeddable":true,"href":"https:\/\/2liceum.eu\/index.php\/wp-json\/wp\/v2\/tags?post=10315"}],"curies":[{"name":"wp","href":"https:\/\/api.w.org\/{rel}","templated":true}]}}