{"id":10688,"date":"2025-01-24T13:19:06","date_gmt":"2025-01-24T12:19:06","guid":{"rendered":"https:\/\/2liceum.eu\/?p=10688"},"modified":"2025-01-24T13:19:07","modified_gmt":"2025-01-24T12:19:07","slug":"ii-lo-w-lubinie-dolaczylo-do-projektu-akcja-menstruacja","status":"publish","type":"post","link":"https:\/\/2liceum.eu\/index.php\/2025\/01\/24\/ii-lo-w-lubinie-dolaczylo-do-projektu-akcja-menstruacja\/","title":{"rendered":"II LO w Lubinie do\u0142\u0105czy\u0142o do projektu \u201eAKCJA MENSTRUACJA\u201d!"},"content":{"rendered":"\n<div class=\"xdj266r x11i5rnm xat24cr x1mh8g0r x1vvkbs x126k92a\">\n<div dir=\"auto\" style=\"text-align: justify;\"><span style=\"color: initial;\">Z rado\u015bci\u0105 informujemy, \u017ce <strong>nasza szko\u0142a do\u0142\u0105czy\u0142a do <span style=\"color: #008000;\">og\u00f3lnopolskiego projektu \u201eAKCJA MENSTRUACJA\u201d.<\/span><\/strong> Inicjatywa ta ma na celu wsparcie w zakresie <strong>zapewnienia \u015brodk\u00f3w higienicznych potrzebuj\u0105cym oraz edukacj\u0119 na temat zdrowia menstruacyjnego i higieny osobistej.<\/strong><\/span><\/div>\n<div dir=\"auto\" style=\"text-align: justify;\">&nbsp;<\/div>\n<\/div>\n<div class=\"x11i5rnm xat24cr x1mh8g0r x1vvkbs xtlvy1s x126k92a\" style=\"text-align: justify;\">\n<div dir=\"auto\">W ramach projektu w naszej szkole zosta\u0142y udost\u0119pnione darmowe \u015brodki higieniczne, kt\u00f3re b\u0119d\u0105 dost\u0119pne dla wszystkich potrzebuj\u0105cych uczennic. Chcemy, aby ka\u017cda osoba czu\u0142a si\u0119 komfortowo i pewnie, bez wzgl\u0119du na swoj\u0105 sytuacj\u0119 materialn\u0105.<\/div>\n<div dir=\"auto\">&nbsp;<\/div>\n<\/div>\n<div class=\"x11i5rnm xat24cr x1mh8g0r x1vvkbs xtlvy1s x126k92a\" style=\"text-align: justify;\">\n<div dir=\"auto\">\u201eAKCJA MENSTRUACJA\u201d to tak\u017ce okazja do rozmowy na wa\u017cne tematy zwi\u0105zane z dojrzewaniem, zdrowiem i r\u00f3wnouprawnieniem. Planujemy organizacj\u0119 warsztat\u00f3w oraz spotka\u0144 edukacyjnych, kt\u00f3re pomog\u0105 prze\u0142amywa\u0107 tabu zwi\u0105zane z menstruacj\u0105 oraz promowa\u0107 otwarto\u015b\u0107 i wzajemne wsparcie. <span style=\"color: initial;\">Jeste\u015bmy dumni, \u017ce nasza szko\u0142a mo\u017ce by\u0107 cz\u0119\u015bci\u0105 tej potrzebnej inicjatywy. Wierzymy, \u017ce dzi\u0119ki takim dzia\u0142aniom budujemy \u015brodowisko szkolne, kt\u00f3re wspiera wszystkich uczni\u00f3w i uczennice w ich codziennych wyzwaniach.<\/span><\/div>\n<\/div>\n<div class=\"x11i5rnm xat24cr x1mh8g0r x1vvkbs xtlvy1s x126k92a\" style=\"text-align: justify;\">\n<div dir=\"auto\">&nbsp;<\/div>\n<\/div>\n<div class=\"x11i5rnm xat24cr x1mh8g0r x1vvkbs xtlvy1s x126k92a\" style=\"text-align: justify;\">\n<div dir=\"auto\">Zach\u0119camy ca\u0142\u0105 spo\u0142eczno\u015b\u0107 szkoln\u0105 do wsp\u00f3lnego tworzenia przestrzeni, w kt\u00f3rej ka\u017cda osoba czuje si\u0119 szanowana i akceptowana.<\/div>\n<div dir=\"auto\" style=\"text-align: justify;\">&nbsp;<\/div>\n<\/div>\n<div class=\"x11i5rnm xat24cr x1mh8g0r x1vvkbs xtlvy1s x126k92a\">\n<div dir=\"auto\" style=\"text-align: justify;\">Niech troska o zdrowie, rzetelna diagnostyka i dost\u0119p do \u015brodk\u00f3w higienicznych stanie si\u0119 standardem, a nie luksusem!<\/div>\n<div dir=\"auto\">&nbsp;<\/div>\n<\/div>\n<div dir=\"auto\">&nbsp;<\/div>\n<div dir=\"auto\" style=\"text-align: center;\"><img loading=\"lazy\" decoding=\"async\" class=\"alignnone  wp-image-10689\" src=\"https:\/\/2liceum.eu\/wp-content\/uploads\/2025\/01\/1737720583583.jpg\" alt=\"\" width=\"314\" height=\"419\" srcset=\"https:\/\/2liceum.eu\/wp-content\/uploads\/2025\/01\/1737720583583.jpg 1200w, https:\/\/2liceum.eu\/wp-content\/uploads\/2025\/01\/1737720583583-225x300.jpg 225w, https:\/\/2liceum.eu\/wp-content\/uploads\/2025\/01\/1737720583583-768x1024.jpg 768w, https:\/\/2liceum.eu\/wp-content\/uploads\/2025\/01\/1737720583583-1152x1536.jpg 1152w\" sizes=\"auto, (max-width: 314px) 100vw, 314px\" \/><img loading=\"lazy\" decoding=\"async\" class=\"alignnone  wp-image-10690\" src=\"https:\/\/2liceum.eu\/wp-content\/uploads\/2025\/01\/mentr.png\" alt=\"\" width=\"286\" height=\"420\" srcset=\"https:\/\/2liceum.eu\/wp-content\/uploads\/2025\/01\/mentr.png 466w, https:\/\/2liceum.eu\/wp-content\/uploads\/2025\/01\/mentr-204x300.png 204w\" sizes=\"auto, (max-width: 286px) 100vw, 286px\" \/><\/div>\n","protected":false},"excerpt":{"rendered":"<p>Z rado\u015bci\u0105 informujemy, \u017ce nasza szko\u0142a do\u0142\u0105czy\u0142a do og\u00f3lnopolskiego projektu \u201eAKCJA MENSTRUACJA\u201d. Inicjatywa ta ma na celu wsparcie w zakresie zapewnienia \u015brodk\u00f3w higienicznych potrzebuj\u0105cym oraz edukacj\u0119 na temat zdrowia menstruacyjnego i higieny osobistej. &nbsp; W ramach projektu w naszej szkole zosta\u0142y udost\u0119pnione darmowe \u015brodki higieniczne, kt\u00f3re b\u0119d\u0105 dost\u0119pne dla wszystkich potrzebuj\u0105cych uczennic. Chcemy, aby ka\u017cda [&hellip;]<\/p>\n","protected":false},"author":2,"featured_media":0,"comment_status":"open","ping_status":"open","sticky":false,"template":"","format":"standard","meta":{"ngg_post_thumbnail":0,"footnotes":""},"categories":[1],"tags":[],"class_list":["post-10688","post","type-post","status-publish","format-standard","hentry","category-aktualnosci"],"yoast_head":"<!-- This site is optimized with the Yoast SEO plugin v19.4 - https:\/\/yoast.com\/wordpress\/plugins\/seo\/ -->\n<title>II LO w Lubinie do\u0142\u0105czy\u0142o do projektu \u201eAKCJA MENSTRUACJA\u201d! - II Liceum Og\u00f3lnokszta\u0142c\u0105ce w Lubinie<\/title>\n<meta name=\"robots\" content=\"index, follow, max-snippet:-1, max-image-preview:large, max-video-preview:-1\" \/>\n<link rel=\"canonical\" href=\"https:\/\/2liceum.eu\/index.php\/2025\/01\/24\/ii-lo-w-lubinie-dolaczylo-do-projektu-akcja-menstruacja\/\" \/>\n<meta property=\"og:locale\" content=\"pl_PL\" \/>\n<meta property=\"og:type\" content=\"article\" \/>\n<meta property=\"og:title\" content=\"II LO w Lubinie do\u0142\u0105czy\u0142o do projektu \u201eAKCJA MENSTRUACJA\u201d! - II Liceum Og\u00f3lnokszta\u0142c\u0105ce w Lubinie\" \/>\n<meta property=\"og:description\" content=\"Z rado\u015bci\u0105 informujemy, \u017ce nasza szko\u0142a do\u0142\u0105czy\u0142a do og\u00f3lnopolskiego projektu \u201eAKCJA MENSTRUACJA\u201d. Inicjatywa ta ma na celu wsparcie w zakresie zapewnienia \u015brodk\u00f3w higienicznych potrzebuj\u0105cym oraz edukacj\u0119 na temat zdrowia menstruacyjnego i higieny osobistej. &nbsp; W ramach projektu w naszej szkole zosta\u0142y udost\u0119pnione darmowe \u015brodki higieniczne, kt\u00f3re b\u0119d\u0105 dost\u0119pne dla wszystkich potrzebuj\u0105cych uczennic. Chcemy, aby ka\u017cda [&hellip;]\" \/>\n<meta property=\"og:url\" content=\"https:\/\/2liceum.eu\/index.php\/2025\/01\/24\/ii-lo-w-lubinie-dolaczylo-do-projektu-akcja-menstruacja\/\" \/>\n<meta property=\"og:site_name\" content=\"II Liceum Og\u00f3lnokszta\u0142c\u0105ce w Lubinie\" \/>\n<meta property=\"article:publisher\" content=\"https:\/\/web.facebook.com\/IILOLubin\/\" \/>\n<meta property=\"article:published_time\" content=\"2025-01-24T12:19:06+00:00\" \/>\n<meta property=\"article:modified_time\" content=\"2025-01-24T12:19:07+00:00\" \/>\n<meta property=\"og:image\" content=\"https:\/\/2liceum.eu\/wp-content\/uploads\/2025\/01\/1737720583583.jpg\" \/>\n<meta name=\"author\" content=\"Adam Dragan\" \/>\n<meta name=\"twitter:card\" content=\"summary_large_image\" \/>\n<meta name=\"twitter:label1\" content=\"Napisane przez\" \/>\n\t<meta name=\"twitter:data1\" content=\"Adam Dragan\" \/>\n\t<meta name=\"twitter:label2\" content=\"Szacowany czas czytania\" \/>\n\t<meta name=\"twitter:data2\" content=\"1 minuta\" \/>\n<script type=\"application\/ld+json\" class=\"yoast-schema-graph\">{\"@context\":\"https:\/\/schema.org\",\"@graph\":[{\"@type\":\"Organization\",\"@id\":\"https:\/\/2liceum.eu\/#organization\",\"name\":\"II Liceum Og\u00f3lnokszta\u0142c\u0105ce w Lubinie\",\"url\":\"https:\/\/2liceum.eu\/\",\"sameAs\":[\"http:\/\/2lolubin\",\"https:\/\/www.youtube.com\/channel\/UCWjEMxRJYdfvxPhVOn-8g_g\",\"https:\/\/web.facebook.com\/IILOLubin\/\"],\"logo\":{\"@type\":\"ImageObject\",\"inLanguage\":\"pl-PL\",\"@id\":\"https:\/\/2liceum.eu\/#\/schema\/logo\/image\/\",\"url\":\"https:\/\/2liceum.eu\/wp-content\/uploads\/2018\/01\/pobrane.jpg\",\"contentUrl\":\"https:\/\/2liceum.eu\/wp-content\/uploads\/2018\/01\/pobrane.jpg\",\"width\":184,\"height\":183,\"caption\":\"II Liceum Og\u00f3lnokszta\u0142c\u0105ce w Lubinie\"},\"image\":{\"@id\":\"https:\/\/2liceum.eu\/#\/schema\/logo\/image\/\"}},{\"@type\":\"WebSite\",\"@id\":\"https:\/\/2liceum.eu\/#website\",\"url\":\"https:\/\/2liceum.eu\/\",\"name\":\"II Liceum Og\u00f3lnokszta\u0142c\u0105ce w Lubinie\",\"description\":\"Oficjalny portal II LO w Lubinie. Informacje o szkole, kadrze, zaj\u0119ciach dydaktycznych, ko\u0142ach zainteresowa\u0144, wolontariacie. Aktualno\u015bci. Galeria zdj\u0119\u0107.\",\"publisher\":{\"@id\":\"https:\/\/2liceum.eu\/#organization\"},\"potentialAction\":[{\"@type\":\"SearchAction\",\"target\":{\"@type\":\"EntryPoint\",\"urlTemplate\":\"https:\/\/2liceum.eu\/?s={search_term_string}\"},\"query-input\":\"required name=search_term_string\"}],\"inLanguage\":\"pl-PL\"},{\"@type\":\"WebPage\",\"@id\":\"https:\/\/2liceum.eu\/index.php\/2025\/01\/24\/ii-lo-w-lubinie-dolaczylo-do-projektu-akcja-menstruacja\/\",\"url\":\"https:\/\/2liceum.eu\/index.php\/2025\/01\/24\/ii-lo-w-lubinie-dolaczylo-do-projektu-akcja-menstruacja\/\",\"name\":\"II LO w Lubinie do\u0142\u0105czy\u0142o do projektu \u201eAKCJA MENSTRUACJA\u201d! - II Liceum Og\u00f3lnokszta\u0142c\u0105ce w Lubinie\",\"isPartOf\":{\"@id\":\"https:\/\/2liceum.eu\/#website\"},\"datePublished\":\"2025-01-24T12:19:06+00:00\",\"dateModified\":\"2025-01-24T12:19:07+00:00\",\"breadcrumb\":{\"@id\":\"https:\/\/2liceum.eu\/index.php\/2025\/01\/24\/ii-lo-w-lubinie-dolaczylo-do-projektu-akcja-menstruacja\/#breadcrumb\"},\"inLanguage\":\"pl-PL\",\"potentialAction\":[{\"@type\":\"ReadAction\",\"target\":[\"https:\/\/2liceum.eu\/index.php\/2025\/01\/24\/ii-lo-w-lubinie-dolaczylo-do-projektu-akcja-menstruacja\/\"]}]},{\"@type\":\"BreadcrumbList\",\"@id\":\"https:\/\/2liceum.eu\/index.php\/2025\/01\/24\/ii-lo-w-lubinie-dolaczylo-do-projektu-akcja-menstruacja\/#breadcrumb\",\"itemListElement\":[{\"@type\":\"ListItem\",\"position\":1,\"name\":\"Strona g\u0142\u00f3wna\",\"item\":\"https:\/\/2liceum.eu\/\"},{\"@type\":\"ListItem\",\"position\":2,\"name\":\"II LO w Lubinie do\u0142\u0105czy\u0142o do projektu \u201eAKCJA MENSTRUACJA\u201d!\"}]},{\"@type\":\"Article\",\"@id\":\"https:\/\/2liceum.eu\/index.php\/2025\/01\/24\/ii-lo-w-lubinie-dolaczylo-do-projektu-akcja-menstruacja\/#article\",\"isPartOf\":{\"@id\":\"https:\/\/2liceum.eu\/index.php\/2025\/01\/24\/ii-lo-w-lubinie-dolaczylo-do-projektu-akcja-menstruacja\/\"},\"author\":{\"name\":\"Adam Dragan\",\"@id\":\"https:\/\/2liceum.eu\/#\/schema\/person\/1a52557bfdaf047be954a8b190648da5\"},\"headline\":\"II LO w Lubinie do\u0142\u0105czy\u0142o do projektu \u201eAKCJA MENSTRUACJA\u201d!\",\"datePublished\":\"2025-01-24T12:19:06+00:00\",\"dateModified\":\"2025-01-24T12:19:07+00:00\",\"mainEntityOfPage\":{\"@id\":\"https:\/\/2liceum.eu\/index.php\/2025\/01\/24\/ii-lo-w-lubinie-dolaczylo-do-projektu-akcja-menstruacja\/\"},\"wordCount\":220,\"commentCount\":0,\"publisher\":{\"@id\":\"https:\/\/2liceum.eu\/#organization\"},\"articleSection\":[\"Aktualno\u015bci\"],\"inLanguage\":\"pl-PL\",\"potentialAction\":[{\"@type\":\"CommentAction\",\"name\":\"Comment\",\"target\":[\"https:\/\/2liceum.eu\/index.php\/2025\/01\/24\/ii-lo-w-lubinie-dolaczylo-do-projektu-akcja-menstruacja\/#respond\"]}]},{\"@type\":\"Person\",\"@id\":\"https:\/\/2liceum.eu\/#\/schema\/person\/1a52557bfdaf047be954a8b190648da5\",\"name\":\"Adam Dragan\",\"image\":{\"@type\":\"ImageObject\",\"inLanguage\":\"pl-PL\",\"@id\":\"https:\/\/2liceum.eu\/#\/schema\/person\/image\/\",\"url\":\"https:\/\/secure.gravatar.com\/avatar\/3a2bee53698f47ac117505a8a054d1e47e9ee9593c4c77dc18374aa80472d80c?s=96&d=mm&r=g\",\"contentUrl\":\"https:\/\/secure.gravatar.com\/avatar\/3a2bee53698f47ac117505a8a054d1e47e9ee9593c4c77dc18374aa80472d80c?s=96&d=mm&r=g\",\"caption\":\"Adam Dragan\"},\"sameAs\":[\"http:\/\/2liceum.eu\"]}]}<\/script>\n<!-- \/ Yoast SEO plugin. -->","yoast_head_json":{"title":"II LO w Lubinie do\u0142\u0105czy\u0142o do projektu \u201eAKCJA MENSTRUACJA\u201d! - II Liceum Og\u00f3lnokszta\u0142c\u0105ce w Lubinie","robots":{"index":"index","follow":"follow","max-snippet":"max-snippet:-1","max-image-preview":"max-image-preview:large","max-video-preview":"max-video-preview:-1"},"canonical":"https:\/\/2liceum.eu\/index.php\/2025\/01\/24\/ii-lo-w-lubinie-dolaczylo-do-projektu-akcja-menstruacja\/","og_locale":"pl_PL","og_type":"article","og_title":"II LO w Lubinie do\u0142\u0105czy\u0142o do projektu \u201eAKCJA MENSTRUACJA\u201d! - II Liceum Og\u00f3lnokszta\u0142c\u0105ce w Lubinie","og_description":"Z rado\u015bci\u0105 informujemy, \u017ce nasza szko\u0142a do\u0142\u0105czy\u0142a do og\u00f3lnopolskiego projektu \u201eAKCJA MENSTRUACJA\u201d. Inicjatywa ta ma na celu wsparcie w zakresie zapewnienia \u015brodk\u00f3w higienicznych potrzebuj\u0105cym oraz edukacj\u0119 na temat zdrowia menstruacyjnego i higieny osobistej. &nbsp; W ramach projektu w naszej szkole zosta\u0142y udost\u0119pnione darmowe \u015brodki higieniczne, kt\u00f3re b\u0119d\u0105 dost\u0119pne dla wszystkich potrzebuj\u0105cych uczennic. Chcemy, aby ka\u017cda [&hellip;]","og_url":"https:\/\/2liceum.eu\/index.php\/2025\/01\/24\/ii-lo-w-lubinie-dolaczylo-do-projektu-akcja-menstruacja\/","og_site_name":"II Liceum Og\u00f3lnokszta\u0142c\u0105ce w Lubinie","article_publisher":"https:\/\/web.facebook.com\/IILOLubin\/","article_published_time":"2025-01-24T12:19:06+00:00","article_modified_time":"2025-01-24T12:19:07+00:00","og_image":[{"url":"https:\/\/2liceum.eu\/wp-content\/uploads\/2025\/01\/1737720583583.jpg"}],"author":"Adam Dragan","twitter_card":"summary_large_image","twitter_misc":{"Napisane przez":"Adam Dragan","Szacowany czas czytania":"1 minuta"},"schema":{"@context":"https:\/\/schema.org","@graph":[{"@type":"Organization","@id":"https:\/\/2liceum.eu\/#organization","name":"II Liceum Og\u00f3lnokszta\u0142c\u0105ce w Lubinie","url":"https:\/\/2liceum.eu\/","sameAs":["http:\/\/2lolubin","https:\/\/www.youtube.com\/channel\/UCWjEMxRJYdfvxPhVOn-8g_g","https:\/\/web.facebook.com\/IILOLubin\/"],"logo":{"@type":"ImageObject","inLanguage":"pl-PL","@id":"https:\/\/2liceum.eu\/#\/schema\/logo\/image\/","url":"https:\/\/2liceum.eu\/wp-content\/uploads\/2018\/01\/pobrane.jpg","contentUrl":"https:\/\/2liceum.eu\/wp-content\/uploads\/2018\/01\/pobrane.jpg","width":184,"height":183,"caption":"II Liceum Og\u00f3lnokszta\u0142c\u0105ce w Lubinie"},"image":{"@id":"https:\/\/2liceum.eu\/#\/schema\/logo\/image\/"}},{"@type":"WebSite","@id":"https:\/\/2liceum.eu\/#website","url":"https:\/\/2liceum.eu\/","name":"II Liceum Og\u00f3lnokszta\u0142c\u0105ce w Lubinie","description":"Oficjalny portal II LO w Lubinie. Informacje o szkole, kadrze, zaj\u0119ciach dydaktycznych, ko\u0142ach zainteresowa\u0144, wolontariacie. Aktualno\u015bci. Galeria zdj\u0119\u0107.","publisher":{"@id":"https:\/\/2liceum.eu\/#organization"},"potentialAction":[{"@type":"SearchAction","target":{"@type":"EntryPoint","urlTemplate":"https:\/\/2liceum.eu\/?s={search_term_string}"},"query-input":"required name=search_term_string"}],"inLanguage":"pl-PL"},{"@type":"WebPage","@id":"https:\/\/2liceum.eu\/index.php\/2025\/01\/24\/ii-lo-w-lubinie-dolaczylo-do-projektu-akcja-menstruacja\/","url":"https:\/\/2liceum.eu\/index.php\/2025\/01\/24\/ii-lo-w-lubinie-dolaczylo-do-projektu-akcja-menstruacja\/","name":"II LO w Lubinie do\u0142\u0105czy\u0142o do projektu \u201eAKCJA MENSTRUACJA\u201d! - II Liceum Og\u00f3lnokszta\u0142c\u0105ce w Lubinie","isPartOf":{"@id":"https:\/\/2liceum.eu\/#website"},"datePublished":"2025-01-24T12:19:06+00:00","dateModified":"2025-01-24T12:19:07+00:00","breadcrumb":{"@id":"https:\/\/2liceum.eu\/index.php\/2025\/01\/24\/ii-lo-w-lubinie-dolaczylo-do-projektu-akcja-menstruacja\/#breadcrumb"},"inLanguage":"pl-PL","potentialAction":[{"@type":"ReadAction","target":["https:\/\/2liceum.eu\/index.php\/2025\/01\/24\/ii-lo-w-lubinie-dolaczylo-do-projektu-akcja-menstruacja\/"]}]},{"@type":"BreadcrumbList","@id":"https:\/\/2liceum.eu\/index.php\/2025\/01\/24\/ii-lo-w-lubinie-dolaczylo-do-projektu-akcja-menstruacja\/#breadcrumb","itemListElement":[{"@type":"ListItem","position":1,"name":"Strona g\u0142\u00f3wna","item":"https:\/\/2liceum.eu\/"},{"@type":"ListItem","position":2,"name":"II LO w Lubinie do\u0142\u0105czy\u0142o do projektu \u201eAKCJA MENSTRUACJA\u201d!"}]},{"@type":"Article","@id":"https:\/\/2liceum.eu\/index.php\/2025\/01\/24\/ii-lo-w-lubinie-dolaczylo-do-projektu-akcja-menstruacja\/#article","isPartOf":{"@id":"https:\/\/2liceum.eu\/index.php\/2025\/01\/24\/ii-lo-w-lubinie-dolaczylo-do-projektu-akcja-menstruacja\/"},"author":{"name":"Adam Dragan","@id":"https:\/\/2liceum.eu\/#\/schema\/person\/1a52557bfdaf047be954a8b190648da5"},"headline":"II LO w Lubinie do\u0142\u0105czy\u0142o do projektu \u201eAKCJA MENSTRUACJA\u201d!","datePublished":"2025-01-24T12:19:06+00:00","dateModified":"2025-01-24T12:19:07+00:00","mainEntityOfPage":{"@id":"https:\/\/2liceum.eu\/index.php\/2025\/01\/24\/ii-lo-w-lubinie-dolaczylo-do-projektu-akcja-menstruacja\/"},"wordCount":220,"commentCount":0,"publisher":{"@id":"https:\/\/2liceum.eu\/#organization"},"articleSection":["Aktualno\u015bci"],"inLanguage":"pl-PL","potentialAction":[{"@type":"CommentAction","name":"Comment","target":["https:\/\/2liceum.eu\/index.php\/2025\/01\/24\/ii-lo-w-lubinie-dolaczylo-do-projektu-akcja-menstruacja\/#respond"]}]},{"@type":"Person","@id":"https:\/\/2liceum.eu\/#\/schema\/person\/1a52557bfdaf047be954a8b190648da5","name":"Adam Dragan","image":{"@type":"ImageObject","inLanguage":"pl-PL","@id":"https:\/\/2liceum.eu\/#\/schema\/person\/image\/","url":"https:\/\/secure.gravatar.com\/avatar\/3a2bee53698f47ac117505a8a054d1e47e9ee9593c4c77dc18374aa80472d80c?s=96&d=mm&r=g","contentUrl":"https:\/\/secure.gravatar.com\/avatar\/3a2bee53698f47ac117505a8a054d1e47e9ee9593c4c77dc18374aa80472d80c?s=96&d=mm&r=g","caption":"Adam Dragan"},"sameAs":["http:\/\/2liceum.eu"]}]}},"_links":{"self":[{"href":"https:\/\/2liceum.eu\/index.php\/wp-json\/wp\/v2\/posts\/10688","targetHints":{"allow":["GET"]}}],"collection":[{"href":"https:\/\/2liceum.eu\/index.php\/wp-json\/wp\/v2\/posts"}],"about":[{"href":"https:\/\/2liceum.eu\/index.php\/wp-json\/wp\/v2\/types\/post"}],"author":[{"embeddable":true,"href":"https:\/\/2liceum.eu\/index.php\/wp-json\/wp\/v2\/users\/2"}],"replies":[{"embeddable":true,"href":"https:\/\/2liceum.eu\/index.php\/wp-json\/wp\/v2\/comments?post=10688"}],"version-history":[{"count":1,"href":"https:\/\/2liceum.eu\/index.php\/wp-json\/wp\/v2\/posts\/10688\/revisions"}],"predecessor-version":[{"id":10691,"href":"https:\/\/2liceum.eu\/index.php\/wp-json\/wp\/v2\/posts\/10688\/revisions\/10691"}],"wp:attachment":[{"href":"https:\/\/2liceum.eu\/index.php\/wp-json\/wp\/v2\/media?parent=10688"}],"wp:term":[{"taxonomy":"category","embeddable":true,"href":"https:\/\/2liceum.eu\/index.php\/wp-json\/wp\/v2\/categories?post=10688"},{"taxonomy":"post_tag","embeddable":true,"href":"https:\/\/2liceum.eu\/index.php\/wp-json\/wp\/v2\/tags?post=10688"}],"curies":[{"name":"wp","href":"https:\/\/api.w.org\/{rel}","templated":true}]}}