{"id":11787,"date":"2025-11-20T10:51:39","date_gmt":"2025-11-20T09:51:39","guid":{"rendered":"https:\/\/2liceum.eu\/?p=11787"},"modified":"2025-11-24T08:53:26","modified_gmt":"2025-11-24T07:53:26","slug":"koncert-jesienny-w-ii-lo","status":"publish","type":"post","link":"https:\/\/2liceum.eu\/index.php\/2025\/11\/20\/koncert-jesienny-w-ii-lo\/","title":{"rendered":"&#8222;Koncert jesienny&#8221; w II LO!"},"content":{"rendered":"\n<p>&nbsp;<\/p>\n<p><iframe loading=\"lazy\" title=\"&quot;Koncert jesienny&quot; w II LO!\" width=\"606\" height=\"341\" src=\"https:\/\/www.youtube.com\/embed\/5S0JoNenH7g?feature=oembed\" frameborder=\"0\" allow=\"accelerometer; autoplay; clipboard-write; encrypted-media; gyroscope; picture-in-picture; web-share\" referrerpolicy=\"strict-origin-when-cross-origin\" allowfullscreen><\/iframe><\/p>\n<p>&nbsp;<\/p>\n<p><em>(\u2026) Koncert koncert koncert jesienny na dwa \u015bwierszcze i wiatr w kominie<\/em><br><em>Koncert, co z babim latem odp\u0142ynie<\/em><\/p>\n<p><em>Pnie drzew pokry\u0142y si\u0119 dawno mchem<\/em><br><em>Wiatr rozwia\u0142 jeszcze jeden dzie\u0144<\/em><br><em>A na \u015bcierniskach pozapala\u0142y si\u0119 ogniska<\/em><br><em>W oddali snuje si\u0119<\/em><br><em>Koncert jesienny na dwa \u015bwierszcze i wiatr w kominie(\u2026)<\/em><\/p>\n<p>Magda Umer, <em>Koncert jesienny na dwa \u015bwierszcze i wiatr<\/em>\u2026<\/p>\n<p style=\"text-align: justify;\">&nbsp;&nbsp;&nbsp;&nbsp;&nbsp;&nbsp;&nbsp;&nbsp; Pod nogami szeleszcz\u0105 li\u015bcie, w powietrzu lekki ch\u0142\u00f3d i ten zimny powiew wiatru&#8230; A my w naszej szkole umilamy ten czas \u015bpiewem, muzyk\u0105, ta\u0144cem, recytacj\u0105 i pi\u0119knymi obrazami. <strong>17. listopada<\/strong> oryginalna dekoracja, muzyka i \u015bpiew wype\u0142ni\u0142y sal\u0119 szkoln\u0105 i&nbsp; zachwyci\u0142y wszystkich, kt\u00f3rzy kochaj\u0105 t\u0119 jesienn\u0105 zadum\u0119. Soli\u015bci, muzycy, tancerze, recytatorzy z niezwyk\u0142ym urokiem zaprosili wszystkich obecnych do wyj\u0105tkowego \u015bwiata. <strong>Bartosz W\u00f3dka <\/strong>(1f) i <strong>Patryk Zgrzebnicki <\/strong>(1f) z wdzi\u0119kiem poprowadzili koncert. Solistki &#8211; <strong>Aleksandra Klisowska<\/strong> (2c), <strong>Amelia Szczepaniak <\/strong>(2c), <strong>Barbara Czajkowska <\/strong>(1f) &#8211; zachwyci\u0142y swoj\u0105 interpretacj\u0105 piosenek. <strong>Paulina Fijo\u0142<\/strong> (2a), <strong>Kaja Za\u0142\u0119cka <\/strong>(4g), <strong>Katarzyna Sta\u0144czyszyn <\/strong>(4g), <strong>Mateusz Kapyszewski<\/strong> (2a), <strong>Aleksandra Klisowska<\/strong> (2c) z nostalgi\u0105 wykonywali utwory muzyczne na pianinie, wiolonczeli, gitarze elektrycznej i ukulele. Dowcipn\u0105, pe\u0142n\u0105 lekko\u015bci recytacj\u0119 zaprezentowali <strong>Filip Halama<\/strong> (1f), i <strong>Szymon Mazur <\/strong>(1f).&nbsp; <strong>Maja Witcza<\/strong>k (1e) i <strong>Karol Droszczak<\/strong> (4a) urzekli widz\u00f3w swoim&nbsp; ta\u0144cem towarzyskim. O techniczn\u0105 opraw\u0119 koncertu skutecznie zadbali <strong>Krzysztof Wo\u0142oszyn <\/strong>(4b) i <strong>Sebastian Siewert<\/strong> (4b). Jesiennego uroku doda\u0142y koncertowi plakaty i dekoracje wykonane przez <strong>Maj\u0119 G\u00f3rczyk<\/strong> (1f), <strong>Maj\u0119 G\u0142\u00f3wczy\u0144sk\u0105 <\/strong>(4c), <strong>Aleksandr\u0119 Opali\u0144sk\u0105<\/strong> (1e), <strong>Emili\u0119 Mi\u017cejewsk\u0105 <\/strong>(1e), <strong>Paulin\u0119 Grycz <\/strong>(1e), <strong>Kaj\u0119 Pos\u0142uszny <\/strong>(3f).<\/p>\n<p style=\"text-align: justify;\">Inicjatorkami koncertu by\u0142y <strong>panie Iwona Kuriata-G\u00f3rczyk i Lilianna Bartosiewicz.<\/strong><\/p>\n\n\n\n<p>&nbsp;<\/p>\n<p style=\"text-align: center;\"><img loading=\"lazy\" decoding=\"async\" class=\"alignnone  wp-image-11790\" src=\"https:\/\/2liceum.eu\/wp-content\/uploads\/2025\/11\/IMG-20251119-WA0000-768x1024.jpg\" alt=\"\" width=\"392\" height=\"523\" srcset=\"https:\/\/2liceum.eu\/wp-content\/uploads\/2025\/11\/IMG-20251119-WA0000-768x1024.jpg 768w, https:\/\/2liceum.eu\/wp-content\/uploads\/2025\/11\/IMG-20251119-WA0000-225x300.jpg 225w, https:\/\/2liceum.eu\/wp-content\/uploads\/2025\/11\/IMG-20251119-WA0000-1152x1536.jpg 1152w, https:\/\/2liceum.eu\/wp-content\/uploads\/2025\/11\/IMG-20251119-WA0000.jpg 1200w\" sizes=\"auto, (max-width: 392px) 100vw, 392px\" \/><\/p>\n","protected":false},"excerpt":{"rendered":"<p>&nbsp; &nbsp; (\u2026) Koncert koncert koncert jesienny na dwa \u015bwierszcze i wiatr w kominieKoncert, co z babim latem odp\u0142ynie Pnie drzew pokry\u0142y si\u0119 dawno mchemWiatr rozwia\u0142 jeszcze jeden dzie\u0144A na \u015bcierniskach pozapala\u0142y si\u0119 ogniskaW oddali snuje si\u0119Koncert jesienny na dwa \u015bwierszcze i wiatr w kominie(\u2026) Magda Umer, Koncert jesienny na dwa \u015bwierszcze i wiatr\u2026 &nbsp;&nbsp;&nbsp;&nbsp;&nbsp;&nbsp;&nbsp;&nbsp; [&hellip;]<\/p>\n","protected":false},"author":2,"featured_media":0,"comment_status":"open","ping_status":"open","sticky":false,"template":"","format":"standard","meta":{"ngg_post_thumbnail":0,"footnotes":""},"categories":[1],"tags":[],"class_list":["post-11787","post","type-post","status-publish","format-standard","hentry","category-aktualnosci"],"yoast_head":"<!-- This site is optimized with the Yoast SEO plugin v19.4 - https:\/\/yoast.com\/wordpress\/plugins\/seo\/ -->\n<title>&quot;Koncert jesienny&quot; w II LO! - II Liceum Og\u00f3lnokszta\u0142c\u0105ce w Lubinie<\/title>\n<meta name=\"robots\" content=\"index, follow, max-snippet:-1, max-image-preview:large, max-video-preview:-1\" \/>\n<link rel=\"canonical\" href=\"https:\/\/2liceum.eu\/index.php\/2025\/11\/20\/koncert-jesienny-w-ii-lo\/\" \/>\n<meta property=\"og:locale\" content=\"pl_PL\" \/>\n<meta property=\"og:type\" content=\"article\" \/>\n<meta property=\"og:title\" content=\"&quot;Koncert jesienny&quot; w II LO! - II Liceum Og\u00f3lnokszta\u0142c\u0105ce w Lubinie\" \/>\n<meta property=\"og:description\" content=\"&nbsp; &nbsp; (\u2026) Koncert koncert koncert jesienny na dwa \u015bwierszcze i wiatr w kominieKoncert, co z babim latem odp\u0142ynie Pnie drzew pokry\u0142y si\u0119 dawno mchemWiatr rozwia\u0142 jeszcze jeden dzie\u0144A na \u015bcierniskach pozapala\u0142y si\u0119 ogniskaW oddali snuje si\u0119Koncert jesienny na dwa \u015bwierszcze i wiatr w kominie(\u2026) Magda Umer, Koncert jesienny na dwa \u015bwierszcze i wiatr\u2026 &nbsp;&nbsp;&nbsp;&nbsp;&nbsp;&nbsp;&nbsp;&nbsp; [&hellip;]\" \/>\n<meta property=\"og:url\" content=\"https:\/\/2liceum.eu\/index.php\/2025\/11\/20\/koncert-jesienny-w-ii-lo\/\" \/>\n<meta property=\"og:site_name\" content=\"II Liceum Og\u00f3lnokszta\u0142c\u0105ce w Lubinie\" \/>\n<meta property=\"article:publisher\" content=\"https:\/\/web.facebook.com\/IILOLubin\/\" \/>\n<meta property=\"article:published_time\" content=\"2025-11-20T09:51:39+00:00\" \/>\n<meta property=\"article:modified_time\" content=\"2025-11-24T07:53:26+00:00\" \/>\n<meta property=\"og:image\" content=\"https:\/\/2liceum.eu\/wp-content\/uploads\/2025\/11\/IMG-20251119-WA0000-768x1024.jpg\" \/>\n<meta name=\"author\" content=\"Adam Dragan\" \/>\n<meta name=\"twitter:card\" content=\"summary_large_image\" \/>\n<meta name=\"twitter:label1\" content=\"Napisane przez\" \/>\n\t<meta name=\"twitter:data1\" content=\"Adam Dragan\" \/>\n\t<meta name=\"twitter:label2\" content=\"Szacowany czas czytania\" \/>\n\t<meta name=\"twitter:data2\" content=\"1 minuta\" \/>\n<script type=\"application\/ld+json\" class=\"yoast-schema-graph\">{\"@context\":\"https:\/\/schema.org\",\"@graph\":[{\"@type\":\"Organization\",\"@id\":\"https:\/\/2liceum.eu\/#organization\",\"name\":\"II Liceum Og\u00f3lnokszta\u0142c\u0105ce w Lubinie\",\"url\":\"https:\/\/2liceum.eu\/\",\"sameAs\":[\"http:\/\/2lolubin\",\"https:\/\/www.youtube.com\/channel\/UCWjEMxRJYdfvxPhVOn-8g_g\",\"https:\/\/web.facebook.com\/IILOLubin\/\"],\"logo\":{\"@type\":\"ImageObject\",\"inLanguage\":\"pl-PL\",\"@id\":\"https:\/\/2liceum.eu\/#\/schema\/logo\/image\/\",\"url\":\"https:\/\/2liceum.eu\/wp-content\/uploads\/2018\/01\/pobrane.jpg\",\"contentUrl\":\"https:\/\/2liceum.eu\/wp-content\/uploads\/2018\/01\/pobrane.jpg\",\"width\":184,\"height\":183,\"caption\":\"II Liceum Og\u00f3lnokszta\u0142c\u0105ce w Lubinie\"},\"image\":{\"@id\":\"https:\/\/2liceum.eu\/#\/schema\/logo\/image\/\"}},{\"@type\":\"WebSite\",\"@id\":\"https:\/\/2liceum.eu\/#website\",\"url\":\"https:\/\/2liceum.eu\/\",\"name\":\"II Liceum Og\u00f3lnokszta\u0142c\u0105ce w Lubinie\",\"description\":\"Oficjalny portal II LO w Lubinie. Informacje o szkole, kadrze, zaj\u0119ciach dydaktycznych, ko\u0142ach zainteresowa\u0144, wolontariacie. Aktualno\u015bci. Galeria zdj\u0119\u0107.\",\"publisher\":{\"@id\":\"https:\/\/2liceum.eu\/#organization\"},\"potentialAction\":[{\"@type\":\"SearchAction\",\"target\":{\"@type\":\"EntryPoint\",\"urlTemplate\":\"https:\/\/2liceum.eu\/?s={search_term_string}\"},\"query-input\":\"required name=search_term_string\"}],\"inLanguage\":\"pl-PL\"},{\"@type\":\"WebPage\",\"@id\":\"https:\/\/2liceum.eu\/index.php\/2025\/11\/20\/koncert-jesienny-w-ii-lo\/\",\"url\":\"https:\/\/2liceum.eu\/index.php\/2025\/11\/20\/koncert-jesienny-w-ii-lo\/\",\"name\":\"\\\"Koncert jesienny\\\" w II LO! - II Liceum Og\u00f3lnokszta\u0142c\u0105ce w Lubinie\",\"isPartOf\":{\"@id\":\"https:\/\/2liceum.eu\/#website\"},\"datePublished\":\"2025-11-20T09:51:39+00:00\",\"dateModified\":\"2025-11-24T07:53:26+00:00\",\"breadcrumb\":{\"@id\":\"https:\/\/2liceum.eu\/index.php\/2025\/11\/20\/koncert-jesienny-w-ii-lo\/#breadcrumb\"},\"inLanguage\":\"pl-PL\",\"potentialAction\":[{\"@type\":\"ReadAction\",\"target\":[\"https:\/\/2liceum.eu\/index.php\/2025\/11\/20\/koncert-jesienny-w-ii-lo\/\"]}]},{\"@type\":\"BreadcrumbList\",\"@id\":\"https:\/\/2liceum.eu\/index.php\/2025\/11\/20\/koncert-jesienny-w-ii-lo\/#breadcrumb\",\"itemListElement\":[{\"@type\":\"ListItem\",\"position\":1,\"name\":\"Strona g\u0142\u00f3wna\",\"item\":\"https:\/\/2liceum.eu\/\"},{\"@type\":\"ListItem\",\"position\":2,\"name\":\"&#8222;Koncert jesienny&#8221; w II LO!\"}]},{\"@type\":\"Article\",\"@id\":\"https:\/\/2liceum.eu\/index.php\/2025\/11\/20\/koncert-jesienny-w-ii-lo\/#article\",\"isPartOf\":{\"@id\":\"https:\/\/2liceum.eu\/index.php\/2025\/11\/20\/koncert-jesienny-w-ii-lo\/\"},\"author\":{\"name\":\"Adam Dragan\",\"@id\":\"https:\/\/2liceum.eu\/#\/schema\/person\/1a52557bfdaf047be954a8b190648da5\"},\"headline\":\"&#8222;Koncert jesienny&#8221; w II LO!\",\"datePublished\":\"2025-11-20T09:51:39+00:00\",\"dateModified\":\"2025-11-24T07:53:26+00:00\",\"mainEntityOfPage\":{\"@id\":\"https:\/\/2liceum.eu\/index.php\/2025\/11\/20\/koncert-jesienny-w-ii-lo\/\"},\"wordCount\":296,\"commentCount\":0,\"publisher\":{\"@id\":\"https:\/\/2liceum.eu\/#organization\"},\"articleSection\":[\"Aktualno\u015bci\"],\"inLanguage\":\"pl-PL\",\"potentialAction\":[{\"@type\":\"CommentAction\",\"name\":\"Comment\",\"target\":[\"https:\/\/2liceum.eu\/index.php\/2025\/11\/20\/koncert-jesienny-w-ii-lo\/#respond\"]}]},{\"@type\":\"Person\",\"@id\":\"https:\/\/2liceum.eu\/#\/schema\/person\/1a52557bfdaf047be954a8b190648da5\",\"name\":\"Adam Dragan\",\"image\":{\"@type\":\"ImageObject\",\"inLanguage\":\"pl-PL\",\"@id\":\"https:\/\/2liceum.eu\/#\/schema\/person\/image\/\",\"url\":\"https:\/\/secure.gravatar.com\/avatar\/3a2bee53698f47ac117505a8a054d1e47e9ee9593c4c77dc18374aa80472d80c?s=96&d=mm&r=g\",\"contentUrl\":\"https:\/\/secure.gravatar.com\/avatar\/3a2bee53698f47ac117505a8a054d1e47e9ee9593c4c77dc18374aa80472d80c?s=96&d=mm&r=g\",\"caption\":\"Adam Dragan\"},\"sameAs\":[\"http:\/\/2liceum.eu\"]}]}<\/script>\n<!-- \/ Yoast SEO plugin. -->","yoast_head_json":{"title":"\"Koncert jesienny\" w II LO! - II Liceum Og\u00f3lnokszta\u0142c\u0105ce w Lubinie","robots":{"index":"index","follow":"follow","max-snippet":"max-snippet:-1","max-image-preview":"max-image-preview:large","max-video-preview":"max-video-preview:-1"},"canonical":"https:\/\/2liceum.eu\/index.php\/2025\/11\/20\/koncert-jesienny-w-ii-lo\/","og_locale":"pl_PL","og_type":"article","og_title":"\"Koncert jesienny\" w II LO! - II Liceum Og\u00f3lnokszta\u0142c\u0105ce w Lubinie","og_description":"&nbsp; &nbsp; (\u2026) Koncert koncert koncert jesienny na dwa \u015bwierszcze i wiatr w kominieKoncert, co z babim latem odp\u0142ynie Pnie drzew pokry\u0142y si\u0119 dawno mchemWiatr rozwia\u0142 jeszcze jeden dzie\u0144A na \u015bcierniskach pozapala\u0142y si\u0119 ogniskaW oddali snuje si\u0119Koncert jesienny na dwa \u015bwierszcze i wiatr w kominie(\u2026) Magda Umer, Koncert jesienny na dwa \u015bwierszcze i wiatr\u2026 &nbsp;&nbsp;&nbsp;&nbsp;&nbsp;&nbsp;&nbsp;&nbsp; [&hellip;]","og_url":"https:\/\/2liceum.eu\/index.php\/2025\/11\/20\/koncert-jesienny-w-ii-lo\/","og_site_name":"II Liceum Og\u00f3lnokszta\u0142c\u0105ce w Lubinie","article_publisher":"https:\/\/web.facebook.com\/IILOLubin\/","article_published_time":"2025-11-20T09:51:39+00:00","article_modified_time":"2025-11-24T07:53:26+00:00","og_image":[{"url":"https:\/\/2liceum.eu\/wp-content\/uploads\/2025\/11\/IMG-20251119-WA0000-768x1024.jpg"}],"author":"Adam Dragan","twitter_card":"summary_large_image","twitter_misc":{"Napisane przez":"Adam Dragan","Szacowany czas czytania":"1 minuta"},"schema":{"@context":"https:\/\/schema.org","@graph":[{"@type":"Organization","@id":"https:\/\/2liceum.eu\/#organization","name":"II Liceum Og\u00f3lnokszta\u0142c\u0105ce w Lubinie","url":"https:\/\/2liceum.eu\/","sameAs":["http:\/\/2lolubin","https:\/\/www.youtube.com\/channel\/UCWjEMxRJYdfvxPhVOn-8g_g","https:\/\/web.facebook.com\/IILOLubin\/"],"logo":{"@type":"ImageObject","inLanguage":"pl-PL","@id":"https:\/\/2liceum.eu\/#\/schema\/logo\/image\/","url":"https:\/\/2liceum.eu\/wp-content\/uploads\/2018\/01\/pobrane.jpg","contentUrl":"https:\/\/2liceum.eu\/wp-content\/uploads\/2018\/01\/pobrane.jpg","width":184,"height":183,"caption":"II Liceum Og\u00f3lnokszta\u0142c\u0105ce w Lubinie"},"image":{"@id":"https:\/\/2liceum.eu\/#\/schema\/logo\/image\/"}},{"@type":"WebSite","@id":"https:\/\/2liceum.eu\/#website","url":"https:\/\/2liceum.eu\/","name":"II Liceum Og\u00f3lnokszta\u0142c\u0105ce w Lubinie","description":"Oficjalny portal II LO w Lubinie. Informacje o szkole, kadrze, zaj\u0119ciach dydaktycznych, ko\u0142ach zainteresowa\u0144, wolontariacie. Aktualno\u015bci. Galeria zdj\u0119\u0107.","publisher":{"@id":"https:\/\/2liceum.eu\/#organization"},"potentialAction":[{"@type":"SearchAction","target":{"@type":"EntryPoint","urlTemplate":"https:\/\/2liceum.eu\/?s={search_term_string}"},"query-input":"required name=search_term_string"}],"inLanguage":"pl-PL"},{"@type":"WebPage","@id":"https:\/\/2liceum.eu\/index.php\/2025\/11\/20\/koncert-jesienny-w-ii-lo\/","url":"https:\/\/2liceum.eu\/index.php\/2025\/11\/20\/koncert-jesienny-w-ii-lo\/","name":"\"Koncert jesienny\" w II LO! - II Liceum Og\u00f3lnokszta\u0142c\u0105ce w Lubinie","isPartOf":{"@id":"https:\/\/2liceum.eu\/#website"},"datePublished":"2025-11-20T09:51:39+00:00","dateModified":"2025-11-24T07:53:26+00:00","breadcrumb":{"@id":"https:\/\/2liceum.eu\/index.php\/2025\/11\/20\/koncert-jesienny-w-ii-lo\/#breadcrumb"},"inLanguage":"pl-PL","potentialAction":[{"@type":"ReadAction","target":["https:\/\/2liceum.eu\/index.php\/2025\/11\/20\/koncert-jesienny-w-ii-lo\/"]}]},{"@type":"BreadcrumbList","@id":"https:\/\/2liceum.eu\/index.php\/2025\/11\/20\/koncert-jesienny-w-ii-lo\/#breadcrumb","itemListElement":[{"@type":"ListItem","position":1,"name":"Strona g\u0142\u00f3wna","item":"https:\/\/2liceum.eu\/"},{"@type":"ListItem","position":2,"name":"&#8222;Koncert jesienny&#8221; w II LO!"}]},{"@type":"Article","@id":"https:\/\/2liceum.eu\/index.php\/2025\/11\/20\/koncert-jesienny-w-ii-lo\/#article","isPartOf":{"@id":"https:\/\/2liceum.eu\/index.php\/2025\/11\/20\/koncert-jesienny-w-ii-lo\/"},"author":{"name":"Adam Dragan","@id":"https:\/\/2liceum.eu\/#\/schema\/person\/1a52557bfdaf047be954a8b190648da5"},"headline":"&#8222;Koncert jesienny&#8221; w II LO!","datePublished":"2025-11-20T09:51:39+00:00","dateModified":"2025-11-24T07:53:26+00:00","mainEntityOfPage":{"@id":"https:\/\/2liceum.eu\/index.php\/2025\/11\/20\/koncert-jesienny-w-ii-lo\/"},"wordCount":296,"commentCount":0,"publisher":{"@id":"https:\/\/2liceum.eu\/#organization"},"articleSection":["Aktualno\u015bci"],"inLanguage":"pl-PL","potentialAction":[{"@type":"CommentAction","name":"Comment","target":["https:\/\/2liceum.eu\/index.php\/2025\/11\/20\/koncert-jesienny-w-ii-lo\/#respond"]}]},{"@type":"Person","@id":"https:\/\/2liceum.eu\/#\/schema\/person\/1a52557bfdaf047be954a8b190648da5","name":"Adam Dragan","image":{"@type":"ImageObject","inLanguage":"pl-PL","@id":"https:\/\/2liceum.eu\/#\/schema\/person\/image\/","url":"https:\/\/secure.gravatar.com\/avatar\/3a2bee53698f47ac117505a8a054d1e47e9ee9593c4c77dc18374aa80472d80c?s=96&d=mm&r=g","contentUrl":"https:\/\/secure.gravatar.com\/avatar\/3a2bee53698f47ac117505a8a054d1e47e9ee9593c4c77dc18374aa80472d80c?s=96&d=mm&r=g","caption":"Adam Dragan"},"sameAs":["http:\/\/2liceum.eu"]}]}},"_links":{"self":[{"href":"https:\/\/2liceum.eu\/index.php\/wp-json\/wp\/v2\/posts\/11787","targetHints":{"allow":["GET"]}}],"collection":[{"href":"https:\/\/2liceum.eu\/index.php\/wp-json\/wp\/v2\/posts"}],"about":[{"href":"https:\/\/2liceum.eu\/index.php\/wp-json\/wp\/v2\/types\/post"}],"author":[{"embeddable":true,"href":"https:\/\/2liceum.eu\/index.php\/wp-json\/wp\/v2\/users\/2"}],"replies":[{"embeddable":true,"href":"https:\/\/2liceum.eu\/index.php\/wp-json\/wp\/v2\/comments?post=11787"}],"version-history":[{"count":8,"href":"https:\/\/2liceum.eu\/index.php\/wp-json\/wp\/v2\/posts\/11787\/revisions"}],"predecessor-version":[{"id":11801,"href":"https:\/\/2liceum.eu\/index.php\/wp-json\/wp\/v2\/posts\/11787\/revisions\/11801"}],"wp:attachment":[{"href":"https:\/\/2liceum.eu\/index.php\/wp-json\/wp\/v2\/media?parent=11787"}],"wp:term":[{"taxonomy":"category","embeddable":true,"href":"https:\/\/2liceum.eu\/index.php\/wp-json\/wp\/v2\/categories?post=11787"},{"taxonomy":"post_tag","embeddable":true,"href":"https:\/\/2liceum.eu\/index.php\/wp-json\/wp\/v2\/tags?post=11787"}],"curies":[{"name":"wp","href":"https:\/\/api.w.org\/{rel}","templated":true}]}}