{"id":11822,"date":"2025-11-28T11:02:10","date_gmt":"2025-11-28T10:02:10","guid":{"rendered":"https:\/\/2liceum.eu\/?p=11822"},"modified":"2025-11-28T11:02:12","modified_gmt":"2025-11-28T10:02:12","slug":"od-literatury-do-filmu-artystyczne-projekty-uczennic-klasy-3g","status":"publish","type":"post","link":"https:\/\/2liceum.eu\/index.php\/2025\/11\/28\/od-literatury-do-filmu-artystyczne-projekty-uczennic-klasy-3g\/","title":{"rendered":"Od literatury do filmu! Artystyczne projekty uczennic klasy 3G."},"content":{"rendered":"\n<div class=\"xdj266r x14z9mp xat24cr x1lziwak x1vvkbs x126k92a\">\n<div dir=\"auto\" style=\"text-align: center;\">\n<p><iframe loading=\"lazy\" title=\"&quot;Zbrodnia i kara&quot; - film uczennic II LO!\" width=\"606\" height=\"341\" src=\"https:\/\/www.youtube.com\/embed\/jrKxgdpmxc8?feature=oembed\" frameborder=\"0\" allow=\"accelerometer; autoplay; clipboard-write; encrypted-media; gyroscope; picture-in-picture; web-share\" referrerpolicy=\"strict-origin-when-cross-origin\" allowfullscreen><\/iframe><\/p>\n<\/div>\n<\/div>\n<div dir=\"auto\">&nbsp;<\/div>\n<div dir=\"auto\">&nbsp;<\/div>\n<div class=\"xdj266r x14z9mp xat24cr x1lziwak x1vvkbs x126k92a\">\n<div dir=\"auto\" style=\"text-align: justify;\"><span style=\"color: initial;\">Dziewcz\u0119ta z klasy <strong>3G<\/strong>: <strong>Sara Bi\u015bto, Klaudia R\u00f3\u017ca\u0144ska, Emilia Matu\u0142a, Viktoria \u017buberek<\/strong> oraz <strong>Amelia Grzegorczyk<\/strong> przedstawi\u0142y na lekcji j\u0119zyka polskiego swoim kole\u017cankom i kolegom <span style=\"color: #008000;\"><strong>film zainspirowany powie\u015bci\u0105 Fiodora Dostojewskiego \u201eZbrodnia i kara\u201d<\/strong><\/span>. To ju\u017c nie pierwszy projekt uczennic, nie pierwszy film b\u0119d\u0105cy realizacj\u0105 ich tw\u00f3rczej, oryginalnej recepcji dzie\u0142 literackich.<\/span><\/div>\n<div dir=\"auto\" style=\"text-align: justify;\">&nbsp;<\/div>\n<\/div>\n<div class=\"x14z9mp xat24cr x1lziwak x1vvkbs xtlvy1s x126k92a\" style=\"text-align: justify;\">\n<div dir=\"auto\">Scenariusz, re\u017cyseria, d\u017awi\u0119k, monta\u017c &#8211; poch\u0142aniaj\u0105ce przedsi\u0119wzi\u0119cie.<\/div>\n<div dir=\"auto\">&nbsp;<\/div>\n<\/div>\n<div class=\"x14z9mp xat24cr x1lziwak x1vvkbs xtlvy1s x126k92a\" style=\"text-align: justify;\">\n<div dir=\"auto\">Ambitne i \u2026 udane!<\/div>\n<div dir=\"auto\">&nbsp;<\/div>\n<\/div>\n<div class=\"x14z9mp xat24cr x1lziwak x1vvkbs xtlvy1s x126k92a\" style=\"text-align: justify;\">\n<div dir=\"auto\">Zapraszam do obejrzenia.<\/div>\n<div dir=\"auto\">&nbsp;<\/div>\n<\/div>\n<div class=\"x14z9mp xat24cr x1lziwak x1vvkbs xtlvy1s x126k92a\">\n<div dir=\"auto\" style=\"text-align: right;\">Ewelina Majerczak<\/div>\n<\/div>\n","protected":false},"excerpt":{"rendered":"<p>&nbsp; &nbsp; Dziewcz\u0119ta z klasy 3G: Sara Bi\u015bto, Klaudia R\u00f3\u017ca\u0144ska, Emilia Matu\u0142a, Viktoria \u017buberek oraz Amelia Grzegorczyk przedstawi\u0142y na lekcji j\u0119zyka polskiego swoim kole\u017cankom i kolegom film zainspirowany powie\u015bci\u0105 Fiodora Dostojewskiego \u201eZbrodnia i kara\u201d. To ju\u017c nie pierwszy projekt uczennic, nie pierwszy film b\u0119d\u0105cy realizacj\u0105 ich tw\u00f3rczej, oryginalnej recepcji dzie\u0142 literackich. &nbsp; Scenariusz, re\u017cyseria, d\u017awi\u0119k, [&hellip;]<\/p>\n","protected":false},"author":2,"featured_media":0,"comment_status":"open","ping_status":"open","sticky":false,"template":"","format":"standard","meta":{"ngg_post_thumbnail":0,"footnotes":""},"categories":[1],"tags":[],"class_list":["post-11822","post","type-post","status-publish","format-standard","hentry","category-aktualnosci"],"yoast_head":"<!-- This site is optimized with the Yoast SEO plugin v19.4 - https:\/\/yoast.com\/wordpress\/plugins\/seo\/ -->\n<title>Od literatury do filmu! Artystyczne projekty uczennic klasy 3G. - II Liceum Og\u00f3lnokszta\u0142c\u0105ce w Lubinie<\/title>\n<meta name=\"robots\" content=\"index, follow, max-snippet:-1, max-image-preview:large, max-video-preview:-1\" \/>\n<link rel=\"canonical\" href=\"https:\/\/2liceum.eu\/index.php\/2025\/11\/28\/od-literatury-do-filmu-artystyczne-projekty-uczennic-klasy-3g\/\" \/>\n<meta property=\"og:locale\" content=\"pl_PL\" \/>\n<meta property=\"og:type\" content=\"article\" \/>\n<meta property=\"og:title\" content=\"Od literatury do filmu! Artystyczne projekty uczennic klasy 3G. - II Liceum Og\u00f3lnokszta\u0142c\u0105ce w Lubinie\" \/>\n<meta property=\"og:description\" content=\"&nbsp; &nbsp; Dziewcz\u0119ta z klasy 3G: Sara Bi\u015bto, Klaudia R\u00f3\u017ca\u0144ska, Emilia Matu\u0142a, Viktoria \u017buberek oraz Amelia Grzegorczyk przedstawi\u0142y na lekcji j\u0119zyka polskiego swoim kole\u017cankom i kolegom film zainspirowany powie\u015bci\u0105 Fiodora Dostojewskiego \u201eZbrodnia i kara\u201d. To ju\u017c nie pierwszy projekt uczennic, nie pierwszy film b\u0119d\u0105cy realizacj\u0105 ich tw\u00f3rczej, oryginalnej recepcji dzie\u0142 literackich. &nbsp; Scenariusz, re\u017cyseria, d\u017awi\u0119k, [&hellip;]\" \/>\n<meta property=\"og:url\" content=\"https:\/\/2liceum.eu\/index.php\/2025\/11\/28\/od-literatury-do-filmu-artystyczne-projekty-uczennic-klasy-3g\/\" \/>\n<meta property=\"og:site_name\" content=\"II Liceum Og\u00f3lnokszta\u0142c\u0105ce w Lubinie\" \/>\n<meta property=\"article:publisher\" content=\"https:\/\/web.facebook.com\/IILOLubin\/\" \/>\n<meta property=\"article:published_time\" content=\"2025-11-28T10:02:10+00:00\" \/>\n<meta property=\"article:modified_time\" content=\"2025-11-28T10:02:12+00:00\" \/>\n<meta name=\"author\" content=\"Adam Dragan\" \/>\n<meta name=\"twitter:card\" content=\"summary_large_image\" \/>\n<meta name=\"twitter:label1\" content=\"Napisane przez\" \/>\n\t<meta name=\"twitter:data1\" content=\"Adam Dragan\" \/>\n<script type=\"application\/ld+json\" class=\"yoast-schema-graph\">{\"@context\":\"https:\/\/schema.org\",\"@graph\":[{\"@type\":\"Organization\",\"@id\":\"https:\/\/2liceum.eu\/#organization\",\"name\":\"II Liceum Og\u00f3lnokszta\u0142c\u0105ce w Lubinie\",\"url\":\"https:\/\/2liceum.eu\/\",\"sameAs\":[\"http:\/\/2lolubin\",\"https:\/\/www.youtube.com\/channel\/UCWjEMxRJYdfvxPhVOn-8g_g\",\"https:\/\/web.facebook.com\/IILOLubin\/\"],\"logo\":{\"@type\":\"ImageObject\",\"inLanguage\":\"pl-PL\",\"@id\":\"https:\/\/2liceum.eu\/#\/schema\/logo\/image\/\",\"url\":\"https:\/\/2liceum.eu\/wp-content\/uploads\/2018\/01\/pobrane.jpg\",\"contentUrl\":\"https:\/\/2liceum.eu\/wp-content\/uploads\/2018\/01\/pobrane.jpg\",\"width\":184,\"height\":183,\"caption\":\"II Liceum Og\u00f3lnokszta\u0142c\u0105ce w Lubinie\"},\"image\":{\"@id\":\"https:\/\/2liceum.eu\/#\/schema\/logo\/image\/\"}},{\"@type\":\"WebSite\",\"@id\":\"https:\/\/2liceum.eu\/#website\",\"url\":\"https:\/\/2liceum.eu\/\",\"name\":\"II Liceum Og\u00f3lnokszta\u0142c\u0105ce w Lubinie\",\"description\":\"Oficjalny portal II LO w Lubinie. Informacje o szkole, kadrze, zaj\u0119ciach dydaktycznych, ko\u0142ach zainteresowa\u0144, wolontariacie. Aktualno\u015bci. Galeria zdj\u0119\u0107.\",\"publisher\":{\"@id\":\"https:\/\/2liceum.eu\/#organization\"},\"potentialAction\":[{\"@type\":\"SearchAction\",\"target\":{\"@type\":\"EntryPoint\",\"urlTemplate\":\"https:\/\/2liceum.eu\/?s={search_term_string}\"},\"query-input\":\"required name=search_term_string\"}],\"inLanguage\":\"pl-PL\"},{\"@type\":\"WebPage\",\"@id\":\"https:\/\/2liceum.eu\/index.php\/2025\/11\/28\/od-literatury-do-filmu-artystyczne-projekty-uczennic-klasy-3g\/\",\"url\":\"https:\/\/2liceum.eu\/index.php\/2025\/11\/28\/od-literatury-do-filmu-artystyczne-projekty-uczennic-klasy-3g\/\",\"name\":\"Od literatury do filmu! Artystyczne projekty uczennic klasy 3G. - II Liceum Og\u00f3lnokszta\u0142c\u0105ce w Lubinie\",\"isPartOf\":{\"@id\":\"https:\/\/2liceum.eu\/#website\"},\"datePublished\":\"2025-11-28T10:02:10+00:00\",\"dateModified\":\"2025-11-28T10:02:12+00:00\",\"breadcrumb\":{\"@id\":\"https:\/\/2liceum.eu\/index.php\/2025\/11\/28\/od-literatury-do-filmu-artystyczne-projekty-uczennic-klasy-3g\/#breadcrumb\"},\"inLanguage\":\"pl-PL\",\"potentialAction\":[{\"@type\":\"ReadAction\",\"target\":[\"https:\/\/2liceum.eu\/index.php\/2025\/11\/28\/od-literatury-do-filmu-artystyczne-projekty-uczennic-klasy-3g\/\"]}]},{\"@type\":\"BreadcrumbList\",\"@id\":\"https:\/\/2liceum.eu\/index.php\/2025\/11\/28\/od-literatury-do-filmu-artystyczne-projekty-uczennic-klasy-3g\/#breadcrumb\",\"itemListElement\":[{\"@type\":\"ListItem\",\"position\":1,\"name\":\"Strona g\u0142\u00f3wna\",\"item\":\"https:\/\/2liceum.eu\/\"},{\"@type\":\"ListItem\",\"position\":2,\"name\":\"Od literatury do filmu! Artystyczne projekty uczennic klasy 3G.\"}]},{\"@type\":\"Article\",\"@id\":\"https:\/\/2liceum.eu\/index.php\/2025\/11\/28\/od-literatury-do-filmu-artystyczne-projekty-uczennic-klasy-3g\/#article\",\"isPartOf\":{\"@id\":\"https:\/\/2liceum.eu\/index.php\/2025\/11\/28\/od-literatury-do-filmu-artystyczne-projekty-uczennic-klasy-3g\/\"},\"author\":{\"name\":\"Adam Dragan\",\"@id\":\"https:\/\/2liceum.eu\/#\/schema\/person\/1a52557bfdaf047be954a8b190648da5\"},\"headline\":\"Od literatury do filmu! Artystyczne projekty uczennic klasy 3G.\",\"datePublished\":\"2025-11-28T10:02:10+00:00\",\"dateModified\":\"2025-11-28T10:02:12+00:00\",\"mainEntityOfPage\":{\"@id\":\"https:\/\/2liceum.eu\/index.php\/2025\/11\/28\/od-literatury-do-filmu-artystyczne-projekty-uczennic-klasy-3g\/\"},\"wordCount\":104,\"commentCount\":0,\"publisher\":{\"@id\":\"https:\/\/2liceum.eu\/#organization\"},\"articleSection\":[\"Aktualno\u015bci\"],\"inLanguage\":\"pl-PL\",\"potentialAction\":[{\"@type\":\"CommentAction\",\"name\":\"Comment\",\"target\":[\"https:\/\/2liceum.eu\/index.php\/2025\/11\/28\/od-literatury-do-filmu-artystyczne-projekty-uczennic-klasy-3g\/#respond\"]}]},{\"@type\":\"Person\",\"@id\":\"https:\/\/2liceum.eu\/#\/schema\/person\/1a52557bfdaf047be954a8b190648da5\",\"name\":\"Adam Dragan\",\"image\":{\"@type\":\"ImageObject\",\"inLanguage\":\"pl-PL\",\"@id\":\"https:\/\/2liceum.eu\/#\/schema\/person\/image\/\",\"url\":\"https:\/\/secure.gravatar.com\/avatar\/3a2bee53698f47ac117505a8a054d1e47e9ee9593c4c77dc18374aa80472d80c?s=96&d=mm&r=g\",\"contentUrl\":\"https:\/\/secure.gravatar.com\/avatar\/3a2bee53698f47ac117505a8a054d1e47e9ee9593c4c77dc18374aa80472d80c?s=96&d=mm&r=g\",\"caption\":\"Adam Dragan\"},\"sameAs\":[\"http:\/\/2liceum.eu\"]}]}<\/script>\n<!-- \/ Yoast SEO plugin. -->","yoast_head_json":{"title":"Od literatury do filmu! Artystyczne projekty uczennic klasy 3G. - II Liceum Og\u00f3lnokszta\u0142c\u0105ce w Lubinie","robots":{"index":"index","follow":"follow","max-snippet":"max-snippet:-1","max-image-preview":"max-image-preview:large","max-video-preview":"max-video-preview:-1"},"canonical":"https:\/\/2liceum.eu\/index.php\/2025\/11\/28\/od-literatury-do-filmu-artystyczne-projekty-uczennic-klasy-3g\/","og_locale":"pl_PL","og_type":"article","og_title":"Od literatury do filmu! Artystyczne projekty uczennic klasy 3G. - II Liceum Og\u00f3lnokszta\u0142c\u0105ce w Lubinie","og_description":"&nbsp; &nbsp; Dziewcz\u0119ta z klasy 3G: Sara Bi\u015bto, Klaudia R\u00f3\u017ca\u0144ska, Emilia Matu\u0142a, Viktoria \u017buberek oraz Amelia Grzegorczyk przedstawi\u0142y na lekcji j\u0119zyka polskiego swoim kole\u017cankom i kolegom film zainspirowany powie\u015bci\u0105 Fiodora Dostojewskiego \u201eZbrodnia i kara\u201d. To ju\u017c nie pierwszy projekt uczennic, nie pierwszy film b\u0119d\u0105cy realizacj\u0105 ich tw\u00f3rczej, oryginalnej recepcji dzie\u0142 literackich. &nbsp; Scenariusz, re\u017cyseria, d\u017awi\u0119k, [&hellip;]","og_url":"https:\/\/2liceum.eu\/index.php\/2025\/11\/28\/od-literatury-do-filmu-artystyczne-projekty-uczennic-klasy-3g\/","og_site_name":"II Liceum Og\u00f3lnokszta\u0142c\u0105ce w Lubinie","article_publisher":"https:\/\/web.facebook.com\/IILOLubin\/","article_published_time":"2025-11-28T10:02:10+00:00","article_modified_time":"2025-11-28T10:02:12+00:00","author":"Adam Dragan","twitter_card":"summary_large_image","twitter_misc":{"Napisane przez":"Adam Dragan"},"schema":{"@context":"https:\/\/schema.org","@graph":[{"@type":"Organization","@id":"https:\/\/2liceum.eu\/#organization","name":"II Liceum Og\u00f3lnokszta\u0142c\u0105ce w Lubinie","url":"https:\/\/2liceum.eu\/","sameAs":["http:\/\/2lolubin","https:\/\/www.youtube.com\/channel\/UCWjEMxRJYdfvxPhVOn-8g_g","https:\/\/web.facebook.com\/IILOLubin\/"],"logo":{"@type":"ImageObject","inLanguage":"pl-PL","@id":"https:\/\/2liceum.eu\/#\/schema\/logo\/image\/","url":"https:\/\/2liceum.eu\/wp-content\/uploads\/2018\/01\/pobrane.jpg","contentUrl":"https:\/\/2liceum.eu\/wp-content\/uploads\/2018\/01\/pobrane.jpg","width":184,"height":183,"caption":"II Liceum Og\u00f3lnokszta\u0142c\u0105ce w Lubinie"},"image":{"@id":"https:\/\/2liceum.eu\/#\/schema\/logo\/image\/"}},{"@type":"WebSite","@id":"https:\/\/2liceum.eu\/#website","url":"https:\/\/2liceum.eu\/","name":"II Liceum Og\u00f3lnokszta\u0142c\u0105ce w Lubinie","description":"Oficjalny portal II LO w Lubinie. Informacje o szkole, kadrze, zaj\u0119ciach dydaktycznych, ko\u0142ach zainteresowa\u0144, wolontariacie. Aktualno\u015bci. Galeria zdj\u0119\u0107.","publisher":{"@id":"https:\/\/2liceum.eu\/#organization"},"potentialAction":[{"@type":"SearchAction","target":{"@type":"EntryPoint","urlTemplate":"https:\/\/2liceum.eu\/?s={search_term_string}"},"query-input":"required name=search_term_string"}],"inLanguage":"pl-PL"},{"@type":"WebPage","@id":"https:\/\/2liceum.eu\/index.php\/2025\/11\/28\/od-literatury-do-filmu-artystyczne-projekty-uczennic-klasy-3g\/","url":"https:\/\/2liceum.eu\/index.php\/2025\/11\/28\/od-literatury-do-filmu-artystyczne-projekty-uczennic-klasy-3g\/","name":"Od literatury do filmu! Artystyczne projekty uczennic klasy 3G. - II Liceum Og\u00f3lnokszta\u0142c\u0105ce w Lubinie","isPartOf":{"@id":"https:\/\/2liceum.eu\/#website"},"datePublished":"2025-11-28T10:02:10+00:00","dateModified":"2025-11-28T10:02:12+00:00","breadcrumb":{"@id":"https:\/\/2liceum.eu\/index.php\/2025\/11\/28\/od-literatury-do-filmu-artystyczne-projekty-uczennic-klasy-3g\/#breadcrumb"},"inLanguage":"pl-PL","potentialAction":[{"@type":"ReadAction","target":["https:\/\/2liceum.eu\/index.php\/2025\/11\/28\/od-literatury-do-filmu-artystyczne-projekty-uczennic-klasy-3g\/"]}]},{"@type":"BreadcrumbList","@id":"https:\/\/2liceum.eu\/index.php\/2025\/11\/28\/od-literatury-do-filmu-artystyczne-projekty-uczennic-klasy-3g\/#breadcrumb","itemListElement":[{"@type":"ListItem","position":1,"name":"Strona g\u0142\u00f3wna","item":"https:\/\/2liceum.eu\/"},{"@type":"ListItem","position":2,"name":"Od literatury do filmu! Artystyczne projekty uczennic klasy 3G."}]},{"@type":"Article","@id":"https:\/\/2liceum.eu\/index.php\/2025\/11\/28\/od-literatury-do-filmu-artystyczne-projekty-uczennic-klasy-3g\/#article","isPartOf":{"@id":"https:\/\/2liceum.eu\/index.php\/2025\/11\/28\/od-literatury-do-filmu-artystyczne-projekty-uczennic-klasy-3g\/"},"author":{"name":"Adam Dragan","@id":"https:\/\/2liceum.eu\/#\/schema\/person\/1a52557bfdaf047be954a8b190648da5"},"headline":"Od literatury do filmu! Artystyczne projekty uczennic klasy 3G.","datePublished":"2025-11-28T10:02:10+00:00","dateModified":"2025-11-28T10:02:12+00:00","mainEntityOfPage":{"@id":"https:\/\/2liceum.eu\/index.php\/2025\/11\/28\/od-literatury-do-filmu-artystyczne-projekty-uczennic-klasy-3g\/"},"wordCount":104,"commentCount":0,"publisher":{"@id":"https:\/\/2liceum.eu\/#organization"},"articleSection":["Aktualno\u015bci"],"inLanguage":"pl-PL","potentialAction":[{"@type":"CommentAction","name":"Comment","target":["https:\/\/2liceum.eu\/index.php\/2025\/11\/28\/od-literatury-do-filmu-artystyczne-projekty-uczennic-klasy-3g\/#respond"]}]},{"@type":"Person","@id":"https:\/\/2liceum.eu\/#\/schema\/person\/1a52557bfdaf047be954a8b190648da5","name":"Adam Dragan","image":{"@type":"ImageObject","inLanguage":"pl-PL","@id":"https:\/\/2liceum.eu\/#\/schema\/person\/image\/","url":"https:\/\/secure.gravatar.com\/avatar\/3a2bee53698f47ac117505a8a054d1e47e9ee9593c4c77dc18374aa80472d80c?s=96&d=mm&r=g","contentUrl":"https:\/\/secure.gravatar.com\/avatar\/3a2bee53698f47ac117505a8a054d1e47e9ee9593c4c77dc18374aa80472d80c?s=96&d=mm&r=g","caption":"Adam Dragan"},"sameAs":["http:\/\/2liceum.eu"]}]}},"_links":{"self":[{"href":"https:\/\/2liceum.eu\/index.php\/wp-json\/wp\/v2\/posts\/11822","targetHints":{"allow":["GET"]}}],"collection":[{"href":"https:\/\/2liceum.eu\/index.php\/wp-json\/wp\/v2\/posts"}],"about":[{"href":"https:\/\/2liceum.eu\/index.php\/wp-json\/wp\/v2\/types\/post"}],"author":[{"embeddable":true,"href":"https:\/\/2liceum.eu\/index.php\/wp-json\/wp\/v2\/users\/2"}],"replies":[{"embeddable":true,"href":"https:\/\/2liceum.eu\/index.php\/wp-json\/wp\/v2\/comments?post=11822"}],"version-history":[{"count":1,"href":"https:\/\/2liceum.eu\/index.php\/wp-json\/wp\/v2\/posts\/11822\/revisions"}],"predecessor-version":[{"id":11823,"href":"https:\/\/2liceum.eu\/index.php\/wp-json\/wp\/v2\/posts\/11822\/revisions\/11823"}],"wp:attachment":[{"href":"https:\/\/2liceum.eu\/index.php\/wp-json\/wp\/v2\/media?parent=11822"}],"wp:term":[{"taxonomy":"category","embeddable":true,"href":"https:\/\/2liceum.eu\/index.php\/wp-json\/wp\/v2\/categories?post=11822"},{"taxonomy":"post_tag","embeddable":true,"href":"https:\/\/2liceum.eu\/index.php\/wp-json\/wp\/v2\/tags?post=11822"}],"curies":[{"name":"wp","href":"https:\/\/api.w.org\/{rel}","templated":true}]}}