{"id":11976,"date":"2025-12-17T12:49:59","date_gmt":"2025-12-17T11:49:59","guid":{"rendered":"https:\/\/2liceum.eu\/?p=11976"},"modified":"2025-12-17T12:50:01","modified_gmt":"2025-12-17T11:50:01","slug":"portrety-mistrzow-slowa","status":"publish","type":"post","link":"https:\/\/2liceum.eu\/index.php\/2025\/12\/17\/portrety-mistrzow-slowa\/","title":{"rendered":"Portrety Mistrz\u00f3w S\u0142owa!"},"content":{"rendered":"\n<div class=\"xdj266r x14z9mp xat24cr x1lziwak x1vvkbs x126k92a\">\n<div dir=\"auto\" style=\"text-align: justify;\"><span style=\"color: initial;\"><img loading=\"lazy\" decoding=\"async\" class=\"size-medium wp-image-11978 alignright\" src=\"https:\/\/2liceum.eu\/wp-content\/uploads\/2025\/12\/600254841_1476445321149872_2267802148990107304_n-300x225.jpg\" alt=\"\" width=\"300\" height=\"225\" srcset=\"https:\/\/2liceum.eu\/wp-content\/uploads\/2025\/12\/600254841_1476445321149872_2267802148990107304_n-300x225.jpg 300w, https:\/\/2liceum.eu\/wp-content\/uploads\/2025\/12\/600254841_1476445321149872_2267802148990107304_n-1024x768.jpg 1024w, https:\/\/2liceum.eu\/wp-content\/uploads\/2025\/12\/600254841_1476445321149872_2267802148990107304_n-768x576.jpg 768w, https:\/\/2liceum.eu\/wp-content\/uploads\/2025\/12\/600254841_1476445321149872_2267802148990107304_n-1536x1152.jpg 1536w, https:\/\/2liceum.eu\/wp-content\/uploads\/2025\/12\/600254841_1476445321149872_2267802148990107304_n.jpg 2048w\" sizes=\"auto, (max-width: 300px) 100vw, 300px\" \/>Chcieliby\u015bmy serdecznie podzi\u0119kowa\u0107<span style=\"color: #008000;\"><strong> Oliwii Brzozowskiej z klasy 2d<\/strong><\/span>za jej <strong>niezwyk\u0142\u0105 prac\u0119 artystyczn\u0105.<\/strong> Oliwia <strong>w\u0142asnor\u0119cznie narysowa\u0142a do sali j\u0119zyka polskiego 03 seri\u0119 portret\u00f3w wybitnych pisarzy.<\/strong> W\u015br\u00f3d nich znale\u017ali si\u0119 m.in. Jan Kochanowski, Ignacy Krasicki, Adam Mickiewicz, Juliusz S\u0142owacki, Zygmunt Krasi\u0144ski, Boles\u0142aw Prus, Henryk Sienkiewicz, W\u0142adys\u0142aw Reymont, Julian Tuwim oraz Krzysztof Kamil Baczy\u0144ski. Prace te w ciekawy spos\u00f3b \u0142\u0105cz\u0105 sztuki plastyczne z literatur\u0105, podkre\u015blaj\u0105c znaczenie tych postaci dla polskiej kultury i historii. Jej talent i zaanga\u017cowanie stworzy\u0142y wyj\u0105tkow\u0105 galeri\u0119, kt\u00f3ra b\u0119dzie inspirowa\u0107 kolejne roczniki.<\/span><\/div>\n<div dir=\"auto\">&nbsp;<\/div>\n<\/div>\n<div dir=\"auto\">&nbsp;<\/div>\n<div dir=\"auto\" style=\"text-align: center;\"><img loading=\"lazy\" decoding=\"async\" class=\"alignnone wp-image-11977 size-full\" src=\"https:\/\/2liceum.eu\/wp-content\/uploads\/2025\/12\/600527574_1476445261149878_6379802378739612851_n.jpg\" alt=\"\" width=\"1170\" height=\"825\" srcset=\"https:\/\/2liceum.eu\/wp-content\/uploads\/2025\/12\/600527574_1476445261149878_6379802378739612851_n.jpg 1170w, https:\/\/2liceum.eu\/wp-content\/uploads\/2025\/12\/600527574_1476445261149878_6379802378739612851_n-300x212.jpg 300w, https:\/\/2liceum.eu\/wp-content\/uploads\/2025\/12\/600527574_1476445261149878_6379802378739612851_n-1024x722.jpg 1024w, https:\/\/2liceum.eu\/wp-content\/uploads\/2025\/12\/600527574_1476445261149878_6379802378739612851_n-768x542.jpg 768w\" sizes=\"auto, (max-width: 1170px) 100vw, 1170px\" \/><\/div>\n","protected":false},"excerpt":{"rendered":"<p>Chcieliby\u015bmy serdecznie podzi\u0119kowa\u0107 Oliwii Brzozowskiej z klasy 2dza jej niezwyk\u0142\u0105 prac\u0119 artystyczn\u0105. Oliwia w\u0142asnor\u0119cznie narysowa\u0142a do sali j\u0119zyka polskiego 03 seri\u0119 portret\u00f3w wybitnych pisarzy. W\u015br\u00f3d nich znale\u017ali si\u0119 m.in. Jan Kochanowski, Ignacy Krasicki, Adam Mickiewicz, Juliusz S\u0142owacki, Zygmunt Krasi\u0144ski, Boles\u0142aw Prus, Henryk Sienkiewicz, W\u0142adys\u0142aw Reymont, Julian Tuwim oraz Krzysztof Kamil Baczy\u0144ski. Prace te w ciekawy [&hellip;]<\/p>\n","protected":false},"author":2,"featured_media":0,"comment_status":"open","ping_status":"open","sticky":false,"template":"","format":"standard","meta":{"ngg_post_thumbnail":0,"footnotes":""},"categories":[1],"tags":[],"class_list":["post-11976","post","type-post","status-publish","format-standard","hentry","category-aktualnosci"],"yoast_head":"<!-- This site is optimized with the Yoast SEO plugin v19.4 - https:\/\/yoast.com\/wordpress\/plugins\/seo\/ -->\n<title>Portrety Mistrz\u00f3w S\u0142owa! - II Liceum Og\u00f3lnokszta\u0142c\u0105ce w Lubinie<\/title>\n<meta name=\"robots\" content=\"index, follow, max-snippet:-1, max-image-preview:large, max-video-preview:-1\" \/>\n<link rel=\"canonical\" href=\"https:\/\/2liceum.eu\/index.php\/2025\/12\/17\/portrety-mistrzow-slowa\/\" \/>\n<meta property=\"og:locale\" content=\"pl_PL\" \/>\n<meta property=\"og:type\" content=\"article\" \/>\n<meta property=\"og:title\" content=\"Portrety Mistrz\u00f3w S\u0142owa! - II Liceum Og\u00f3lnokszta\u0142c\u0105ce w Lubinie\" \/>\n<meta property=\"og:description\" content=\"Chcieliby\u015bmy serdecznie podzi\u0119kowa\u0107 Oliwii Brzozowskiej z klasy 2dza jej niezwyk\u0142\u0105 prac\u0119 artystyczn\u0105. Oliwia w\u0142asnor\u0119cznie narysowa\u0142a do sali j\u0119zyka polskiego 03 seri\u0119 portret\u00f3w wybitnych pisarzy. W\u015br\u00f3d nich znale\u017ali si\u0119 m.in. Jan Kochanowski, Ignacy Krasicki, Adam Mickiewicz, Juliusz S\u0142owacki, Zygmunt Krasi\u0144ski, Boles\u0142aw Prus, Henryk Sienkiewicz, W\u0142adys\u0142aw Reymont, Julian Tuwim oraz Krzysztof Kamil Baczy\u0144ski. Prace te w ciekawy [&hellip;]\" \/>\n<meta property=\"og:url\" content=\"https:\/\/2liceum.eu\/index.php\/2025\/12\/17\/portrety-mistrzow-slowa\/\" \/>\n<meta property=\"og:site_name\" content=\"II Liceum Og\u00f3lnokszta\u0142c\u0105ce w Lubinie\" \/>\n<meta property=\"article:publisher\" content=\"https:\/\/web.facebook.com\/IILOLubin\/\" \/>\n<meta property=\"article:published_time\" content=\"2025-12-17T11:49:59+00:00\" \/>\n<meta property=\"article:modified_time\" content=\"2025-12-17T11:50:01+00:00\" \/>\n<meta property=\"og:image\" content=\"https:\/\/2liceum.eu\/wp-content\/uploads\/2025\/12\/600254841_1476445321149872_2267802148990107304_n-300x225.jpg\" \/>\n<meta name=\"author\" content=\"Adam Dragan\" \/>\n<meta name=\"twitter:card\" content=\"summary_large_image\" \/>\n<meta name=\"twitter:label1\" content=\"Napisane przez\" \/>\n\t<meta name=\"twitter:data1\" content=\"Adam Dragan\" \/>\n\t<meta name=\"twitter:label2\" content=\"Szacowany czas czytania\" \/>\n\t<meta name=\"twitter:data2\" content=\"1 minuta\" \/>\n<script type=\"application\/ld+json\" class=\"yoast-schema-graph\">{\"@context\":\"https:\/\/schema.org\",\"@graph\":[{\"@type\":\"Organization\",\"@id\":\"https:\/\/2liceum.eu\/#organization\",\"name\":\"II Liceum Og\u00f3lnokszta\u0142c\u0105ce w Lubinie\",\"url\":\"https:\/\/2liceum.eu\/\",\"sameAs\":[\"http:\/\/2lolubin\",\"https:\/\/www.youtube.com\/channel\/UCWjEMxRJYdfvxPhVOn-8g_g\",\"https:\/\/web.facebook.com\/IILOLubin\/\"],\"logo\":{\"@type\":\"ImageObject\",\"inLanguage\":\"pl-PL\",\"@id\":\"https:\/\/2liceum.eu\/#\/schema\/logo\/image\/\",\"url\":\"https:\/\/2liceum.eu\/wp-content\/uploads\/2018\/01\/pobrane.jpg\",\"contentUrl\":\"https:\/\/2liceum.eu\/wp-content\/uploads\/2018\/01\/pobrane.jpg\",\"width\":184,\"height\":183,\"caption\":\"II Liceum Og\u00f3lnokszta\u0142c\u0105ce w Lubinie\"},\"image\":{\"@id\":\"https:\/\/2liceum.eu\/#\/schema\/logo\/image\/\"}},{\"@type\":\"WebSite\",\"@id\":\"https:\/\/2liceum.eu\/#website\",\"url\":\"https:\/\/2liceum.eu\/\",\"name\":\"II Liceum Og\u00f3lnokszta\u0142c\u0105ce w Lubinie\",\"description\":\"Oficjalny portal II LO w Lubinie. Informacje o szkole, kadrze, zaj\u0119ciach dydaktycznych, ko\u0142ach zainteresowa\u0144, wolontariacie. Aktualno\u015bci. Galeria zdj\u0119\u0107.\",\"publisher\":{\"@id\":\"https:\/\/2liceum.eu\/#organization\"},\"potentialAction\":[{\"@type\":\"SearchAction\",\"target\":{\"@type\":\"EntryPoint\",\"urlTemplate\":\"https:\/\/2liceum.eu\/?s={search_term_string}\"},\"query-input\":\"required name=search_term_string\"}],\"inLanguage\":\"pl-PL\"},{\"@type\":\"WebPage\",\"@id\":\"https:\/\/2liceum.eu\/index.php\/2025\/12\/17\/portrety-mistrzow-slowa\/\",\"url\":\"https:\/\/2liceum.eu\/index.php\/2025\/12\/17\/portrety-mistrzow-slowa\/\",\"name\":\"Portrety Mistrz\u00f3w S\u0142owa! - II Liceum Og\u00f3lnokszta\u0142c\u0105ce w Lubinie\",\"isPartOf\":{\"@id\":\"https:\/\/2liceum.eu\/#website\"},\"datePublished\":\"2025-12-17T11:49:59+00:00\",\"dateModified\":\"2025-12-17T11:50:01+00:00\",\"breadcrumb\":{\"@id\":\"https:\/\/2liceum.eu\/index.php\/2025\/12\/17\/portrety-mistrzow-slowa\/#breadcrumb\"},\"inLanguage\":\"pl-PL\",\"potentialAction\":[{\"@type\":\"ReadAction\",\"target\":[\"https:\/\/2liceum.eu\/index.php\/2025\/12\/17\/portrety-mistrzow-slowa\/\"]}]},{\"@type\":\"BreadcrumbList\",\"@id\":\"https:\/\/2liceum.eu\/index.php\/2025\/12\/17\/portrety-mistrzow-slowa\/#breadcrumb\",\"itemListElement\":[{\"@type\":\"ListItem\",\"position\":1,\"name\":\"Strona g\u0142\u00f3wna\",\"item\":\"https:\/\/2liceum.eu\/\"},{\"@type\":\"ListItem\",\"position\":2,\"name\":\"Portrety Mistrz\u00f3w S\u0142owa!\"}]},{\"@type\":\"Article\",\"@id\":\"https:\/\/2liceum.eu\/index.php\/2025\/12\/17\/portrety-mistrzow-slowa\/#article\",\"isPartOf\":{\"@id\":\"https:\/\/2liceum.eu\/index.php\/2025\/12\/17\/portrety-mistrzow-slowa\/\"},\"author\":{\"name\":\"Adam Dragan\",\"@id\":\"https:\/\/2liceum.eu\/#\/schema\/person\/1a52557bfdaf047be954a8b190648da5\"},\"headline\":\"Portrety Mistrz\u00f3w S\u0142owa!\",\"datePublished\":\"2025-12-17T11:49:59+00:00\",\"dateModified\":\"2025-12-17T11:50:01+00:00\",\"mainEntityOfPage\":{\"@id\":\"https:\/\/2liceum.eu\/index.php\/2025\/12\/17\/portrety-mistrzow-slowa\/\"},\"wordCount\":113,\"commentCount\":0,\"publisher\":{\"@id\":\"https:\/\/2liceum.eu\/#organization\"},\"articleSection\":[\"Aktualno\u015bci\"],\"inLanguage\":\"pl-PL\",\"potentialAction\":[{\"@type\":\"CommentAction\",\"name\":\"Comment\",\"target\":[\"https:\/\/2liceum.eu\/index.php\/2025\/12\/17\/portrety-mistrzow-slowa\/#respond\"]}]},{\"@type\":\"Person\",\"@id\":\"https:\/\/2liceum.eu\/#\/schema\/person\/1a52557bfdaf047be954a8b190648da5\",\"name\":\"Adam Dragan\",\"image\":{\"@type\":\"ImageObject\",\"inLanguage\":\"pl-PL\",\"@id\":\"https:\/\/2liceum.eu\/#\/schema\/person\/image\/\",\"url\":\"https:\/\/secure.gravatar.com\/avatar\/3a2bee53698f47ac117505a8a054d1e47e9ee9593c4c77dc18374aa80472d80c?s=96&d=mm&r=g\",\"contentUrl\":\"https:\/\/secure.gravatar.com\/avatar\/3a2bee53698f47ac117505a8a054d1e47e9ee9593c4c77dc18374aa80472d80c?s=96&d=mm&r=g\",\"caption\":\"Adam Dragan\"},\"sameAs\":[\"http:\/\/2liceum.eu\"]}]}<\/script>\n<!-- \/ Yoast SEO plugin. -->","yoast_head_json":{"title":"Portrety Mistrz\u00f3w S\u0142owa! - II Liceum Og\u00f3lnokszta\u0142c\u0105ce w Lubinie","robots":{"index":"index","follow":"follow","max-snippet":"max-snippet:-1","max-image-preview":"max-image-preview:large","max-video-preview":"max-video-preview:-1"},"canonical":"https:\/\/2liceum.eu\/index.php\/2025\/12\/17\/portrety-mistrzow-slowa\/","og_locale":"pl_PL","og_type":"article","og_title":"Portrety Mistrz\u00f3w S\u0142owa! - II Liceum Og\u00f3lnokszta\u0142c\u0105ce w Lubinie","og_description":"Chcieliby\u015bmy serdecznie podzi\u0119kowa\u0107 Oliwii Brzozowskiej z klasy 2dza jej niezwyk\u0142\u0105 prac\u0119 artystyczn\u0105. Oliwia w\u0142asnor\u0119cznie narysowa\u0142a do sali j\u0119zyka polskiego 03 seri\u0119 portret\u00f3w wybitnych pisarzy. W\u015br\u00f3d nich znale\u017ali si\u0119 m.in. Jan Kochanowski, Ignacy Krasicki, Adam Mickiewicz, Juliusz S\u0142owacki, Zygmunt Krasi\u0144ski, Boles\u0142aw Prus, Henryk Sienkiewicz, W\u0142adys\u0142aw Reymont, Julian Tuwim oraz Krzysztof Kamil Baczy\u0144ski. Prace te w ciekawy [&hellip;]","og_url":"https:\/\/2liceum.eu\/index.php\/2025\/12\/17\/portrety-mistrzow-slowa\/","og_site_name":"II Liceum Og\u00f3lnokszta\u0142c\u0105ce w Lubinie","article_publisher":"https:\/\/web.facebook.com\/IILOLubin\/","article_published_time":"2025-12-17T11:49:59+00:00","article_modified_time":"2025-12-17T11:50:01+00:00","og_image":[{"url":"https:\/\/2liceum.eu\/wp-content\/uploads\/2025\/12\/600254841_1476445321149872_2267802148990107304_n-300x225.jpg"}],"author":"Adam Dragan","twitter_card":"summary_large_image","twitter_misc":{"Napisane przez":"Adam Dragan","Szacowany czas czytania":"1 minuta"},"schema":{"@context":"https:\/\/schema.org","@graph":[{"@type":"Organization","@id":"https:\/\/2liceum.eu\/#organization","name":"II Liceum Og\u00f3lnokszta\u0142c\u0105ce w Lubinie","url":"https:\/\/2liceum.eu\/","sameAs":["http:\/\/2lolubin","https:\/\/www.youtube.com\/channel\/UCWjEMxRJYdfvxPhVOn-8g_g","https:\/\/web.facebook.com\/IILOLubin\/"],"logo":{"@type":"ImageObject","inLanguage":"pl-PL","@id":"https:\/\/2liceum.eu\/#\/schema\/logo\/image\/","url":"https:\/\/2liceum.eu\/wp-content\/uploads\/2018\/01\/pobrane.jpg","contentUrl":"https:\/\/2liceum.eu\/wp-content\/uploads\/2018\/01\/pobrane.jpg","width":184,"height":183,"caption":"II Liceum Og\u00f3lnokszta\u0142c\u0105ce w Lubinie"},"image":{"@id":"https:\/\/2liceum.eu\/#\/schema\/logo\/image\/"}},{"@type":"WebSite","@id":"https:\/\/2liceum.eu\/#website","url":"https:\/\/2liceum.eu\/","name":"II Liceum Og\u00f3lnokszta\u0142c\u0105ce w Lubinie","description":"Oficjalny portal II LO w Lubinie. Informacje o szkole, kadrze, zaj\u0119ciach dydaktycznych, ko\u0142ach zainteresowa\u0144, wolontariacie. Aktualno\u015bci. Galeria zdj\u0119\u0107.","publisher":{"@id":"https:\/\/2liceum.eu\/#organization"},"potentialAction":[{"@type":"SearchAction","target":{"@type":"EntryPoint","urlTemplate":"https:\/\/2liceum.eu\/?s={search_term_string}"},"query-input":"required name=search_term_string"}],"inLanguage":"pl-PL"},{"@type":"WebPage","@id":"https:\/\/2liceum.eu\/index.php\/2025\/12\/17\/portrety-mistrzow-slowa\/","url":"https:\/\/2liceum.eu\/index.php\/2025\/12\/17\/portrety-mistrzow-slowa\/","name":"Portrety Mistrz\u00f3w S\u0142owa! - II Liceum Og\u00f3lnokszta\u0142c\u0105ce w Lubinie","isPartOf":{"@id":"https:\/\/2liceum.eu\/#website"},"datePublished":"2025-12-17T11:49:59+00:00","dateModified":"2025-12-17T11:50:01+00:00","breadcrumb":{"@id":"https:\/\/2liceum.eu\/index.php\/2025\/12\/17\/portrety-mistrzow-slowa\/#breadcrumb"},"inLanguage":"pl-PL","potentialAction":[{"@type":"ReadAction","target":["https:\/\/2liceum.eu\/index.php\/2025\/12\/17\/portrety-mistrzow-slowa\/"]}]},{"@type":"BreadcrumbList","@id":"https:\/\/2liceum.eu\/index.php\/2025\/12\/17\/portrety-mistrzow-slowa\/#breadcrumb","itemListElement":[{"@type":"ListItem","position":1,"name":"Strona g\u0142\u00f3wna","item":"https:\/\/2liceum.eu\/"},{"@type":"ListItem","position":2,"name":"Portrety Mistrz\u00f3w S\u0142owa!"}]},{"@type":"Article","@id":"https:\/\/2liceum.eu\/index.php\/2025\/12\/17\/portrety-mistrzow-slowa\/#article","isPartOf":{"@id":"https:\/\/2liceum.eu\/index.php\/2025\/12\/17\/portrety-mistrzow-slowa\/"},"author":{"name":"Adam Dragan","@id":"https:\/\/2liceum.eu\/#\/schema\/person\/1a52557bfdaf047be954a8b190648da5"},"headline":"Portrety Mistrz\u00f3w S\u0142owa!","datePublished":"2025-12-17T11:49:59+00:00","dateModified":"2025-12-17T11:50:01+00:00","mainEntityOfPage":{"@id":"https:\/\/2liceum.eu\/index.php\/2025\/12\/17\/portrety-mistrzow-slowa\/"},"wordCount":113,"commentCount":0,"publisher":{"@id":"https:\/\/2liceum.eu\/#organization"},"articleSection":["Aktualno\u015bci"],"inLanguage":"pl-PL","potentialAction":[{"@type":"CommentAction","name":"Comment","target":["https:\/\/2liceum.eu\/index.php\/2025\/12\/17\/portrety-mistrzow-slowa\/#respond"]}]},{"@type":"Person","@id":"https:\/\/2liceum.eu\/#\/schema\/person\/1a52557bfdaf047be954a8b190648da5","name":"Adam Dragan","image":{"@type":"ImageObject","inLanguage":"pl-PL","@id":"https:\/\/2liceum.eu\/#\/schema\/person\/image\/","url":"https:\/\/secure.gravatar.com\/avatar\/3a2bee53698f47ac117505a8a054d1e47e9ee9593c4c77dc18374aa80472d80c?s=96&d=mm&r=g","contentUrl":"https:\/\/secure.gravatar.com\/avatar\/3a2bee53698f47ac117505a8a054d1e47e9ee9593c4c77dc18374aa80472d80c?s=96&d=mm&r=g","caption":"Adam Dragan"},"sameAs":["http:\/\/2liceum.eu"]}]}},"_links":{"self":[{"href":"https:\/\/2liceum.eu\/index.php\/wp-json\/wp\/v2\/posts\/11976","targetHints":{"allow":["GET"]}}],"collection":[{"href":"https:\/\/2liceum.eu\/index.php\/wp-json\/wp\/v2\/posts"}],"about":[{"href":"https:\/\/2liceum.eu\/index.php\/wp-json\/wp\/v2\/types\/post"}],"author":[{"embeddable":true,"href":"https:\/\/2liceum.eu\/index.php\/wp-json\/wp\/v2\/users\/2"}],"replies":[{"embeddable":true,"href":"https:\/\/2liceum.eu\/index.php\/wp-json\/wp\/v2\/comments?post=11976"}],"version-history":[{"count":1,"href":"https:\/\/2liceum.eu\/index.php\/wp-json\/wp\/v2\/posts\/11976\/revisions"}],"predecessor-version":[{"id":11979,"href":"https:\/\/2liceum.eu\/index.php\/wp-json\/wp\/v2\/posts\/11976\/revisions\/11979"}],"wp:attachment":[{"href":"https:\/\/2liceum.eu\/index.php\/wp-json\/wp\/v2\/media?parent=11976"}],"wp:term":[{"taxonomy":"category","embeddable":true,"href":"https:\/\/2liceum.eu\/index.php\/wp-json\/wp\/v2\/categories?post=11976"},{"taxonomy":"post_tag","embeddable":true,"href":"https:\/\/2liceum.eu\/index.php\/wp-json\/wp\/v2\/tags?post=11976"}],"curies":[{"name":"wp","href":"https:\/\/api.w.org\/{rel}","templated":true}]}}