{"id":11982,"date":"2025-12-19T08:32:09","date_gmt":"2025-12-19T07:32:09","guid":{"rendered":"https:\/\/2liceum.eu\/?p=11982"},"modified":"2025-12-19T08:33:08","modified_gmt":"2025-12-19T07:33:08","slug":"szlachetna-paczka-w-naszej-szkole","status":"publish","type":"post","link":"https:\/\/2liceum.eu\/index.php\/2025\/12\/19\/szlachetna-paczka-w-naszej-szkole\/","title":{"rendered":"Szlachetna Paczka w naszej szkole!"},"content":{"rendered":"\n<div dir=\"auto\" style=\"text-align: center;\">&nbsp;<img loading=\"lazy\" decoding=\"async\" class=\"alignnone wp-image-11984 size-full\" src=\"https:\/\/2liceum.eu\/wp-content\/uploads\/2025\/12\/szlachetna-paczka.png\" alt=\"\" width=\"677\" height=\"677\" srcset=\"https:\/\/2liceum.eu\/wp-content\/uploads\/2025\/12\/szlachetna-paczka.png 677w, https:\/\/2liceum.eu\/wp-content\/uploads\/2025\/12\/szlachetna-paczka-300x300.png 300w, https:\/\/2liceum.eu\/wp-content\/uploads\/2025\/12\/szlachetna-paczka-150x150.png 150w\" sizes=\"auto, (max-width: 677px) 100vw, 677px\" \/><\/div>\n<div dir=\"auto\">&nbsp;<\/div>\n<div class=\"x14z9mp xat24cr x1lziwak x1vvkbs xtlvy1s x126k92a\" style=\"text-align: justify;\">\n<div dir=\"auto\">&nbsp;<\/div>\n<div dir=\"auto\">W tym roku <strong>nasza szko\u0142a ponownie w\u0142\u0105czy\u0142a si\u0119 w og\u00f3lnopolsk\u0105 <span style=\"color: #ff0000;\">akcj\u0119 Szlachetna Paczka<\/span>.<\/strong> Teraz, podczas Weekendu Cud\u00f3w, <strong>przekazali\u015bmy prezenty dla naszej wybranej rodziny<\/strong> \u2014 przygotowane z sercem i ogromnym zaanga\u017cowaniem ca\u0142ej spo\u0142eczno\u015bci szkolnej. <span class=\"html-span xexx8yu xyri2b x18d9i69 x1c1uobl x1hl2dhg x16tdsg8 x1vvkbs x3nfvp2 x1j61x8r x1fcty0u xdj266r xat24cr xm2jcoa x1mpyi22 xxymvpz xlup9mm x1kky2od\"><img loading=\"lazy\" decoding=\"async\" class=\"xz74otr x15mokao x1ga7v0g x16uus16 xbiv7yw\" src=\"https:\/\/static.xx.fbcdn.net\/images\/emoji.php\/v9\/t6c\/1\/16\/2764.png\" alt=\"\u2764\ufe0f\" width=\"16\" height=\"16\"><\/span><\/div>\n<div dir=\"auto\">&nbsp;<\/div>\n<\/div>\n<div class=\"x14z9mp xat24cr x1lziwak x1vvkbs xtlvy1s x126k92a\" style=\"text-align: justify;\">\n<div dir=\"auto\"><strong>10 grudnia odby\u0142 si\u0119 r\u00f3wnie\u017c kiermasz szkolny<\/strong>, z kt\u00f3rego doch\u00f3d przeznaczyli\u015bmy na wsparcie rodzinnej paczki. Dzi\u0119ki Waszej hojno\u015bci mogli\u015bmy spe\u0142ni\u0107 wiele wa\u017cnych potrzeb.<\/div>\n<div dir=\"auto\">&nbsp;<\/div>\n<\/div>\n<div class=\"x14z9mp xat24cr x1lziwak x1vvkbs xtlvy1s x126k92a\" style=\"text-align: justify;\">\n<div dir=\"auto\">Szczeg\u00f3lne <strong>podzi\u0119kowania kierujemy do pani Kamili Spali\u0144skiej<\/strong>, kt\u00f3ra z ogromn\u0105 trosk\u0105 i zaanga\u017cowaniem czuwa\u0142a nad tym, by wszystkie dzia\u0142ania przebiega\u0142y sprawnie, a ka\u017cdy etap akcji by\u0142 dopi\u0119ty na ostatni guzik.<\/div>\n<div dir=\"auto\">&nbsp;<\/div>\n<\/div>\n<div class=\"x14z9mp xat24cr x1lziwak x1vvkbs xtlvy1s x126k92a\">\n<div dir=\"auto\" style=\"text-align: justify;\">Serdecznie <strong>dzi\u0119kujemy wszystkim<\/strong>, kt\u00f3rzy do\u0142o\u017cyli swoj\u0105 cegie\u0142k\u0119 \u2014 darczy\u0144com, uczniom, rodzicom, nauczycielom i wszystkim osobom, kt\u00f3re w\u0142\u0105czy\u0142y si\u0119 w akcj\u0119. <strong>Razem tworzymy prawdziwe cuda!<\/strong> <span class=\"html-span xexx8yu xyri2b x18d9i69 x1c1uobl x1hl2dhg x16tdsg8 x1vvkbs x3nfvp2 x1j61x8r x1fcty0u xdj266r xat24cr xm2jcoa x1mpyi22 xxymvpz xlup9mm x1kky2od\"><img loading=\"lazy\" decoding=\"async\" class=\"xz74otr x15mokao x1ga7v0g x16uus16 xbiv7yw\" src=\"https:\/\/static.xx.fbcdn.net\/images\/emoji.php\/v9\/t64\/1\/16\/1f91d.png\" alt=\"\ud83e\udd1d\" width=\"16\" height=\"16\"><\/span><span class=\"html-span xexx8yu xyri2b x18d9i69 x1c1uobl x1hl2dhg x16tdsg8 x1vvkbs x3nfvp2 x1j61x8r x1fcty0u xdj266r xat24cr xm2jcoa x1mpyi22 xxymvpz xlup9mm x1kky2od\"><img loading=\"lazy\" decoding=\"async\" class=\"xz74otr x15mokao x1ga7v0g x16uus16 xbiv7yw\" src=\"https:\/\/static.xx.fbcdn.net\/images\/emoji.php\/v9\/te9\/1\/16\/1f496.png\" alt=\"\ud83d\udc96\" width=\"16\" height=\"16\"><\/span><\/div>\n<\/div>\n","protected":false},"excerpt":{"rendered":"<p>&nbsp; &nbsp; &nbsp; W tym roku nasza szko\u0142a ponownie w\u0142\u0105czy\u0142a si\u0119 w og\u00f3lnopolsk\u0105 akcj\u0119 Szlachetna Paczka. Teraz, podczas Weekendu Cud\u00f3w, przekazali\u015bmy prezenty dla naszej wybranej rodziny \u2014 przygotowane z sercem i ogromnym zaanga\u017cowaniem ca\u0142ej spo\u0142eczno\u015bci szkolnej. &nbsp; 10 grudnia odby\u0142 si\u0119 r\u00f3wnie\u017c kiermasz szkolny, z kt\u00f3rego doch\u00f3d przeznaczyli\u015bmy na wsparcie rodzinnej paczki. Dzi\u0119ki Waszej hojno\u015bci [&hellip;]<\/p>\n","protected":false},"author":2,"featured_media":0,"comment_status":"open","ping_status":"open","sticky":false,"template":"","format":"standard","meta":{"ngg_post_thumbnail":0,"footnotes":""},"categories":[1],"tags":[],"class_list":["post-11982","post","type-post","status-publish","format-standard","hentry","category-aktualnosci"],"yoast_head":"<!-- This site is optimized with the Yoast SEO plugin v19.4 - https:\/\/yoast.com\/wordpress\/plugins\/seo\/ -->\n<title>Szlachetna Paczka w naszej szkole! - II Liceum Og\u00f3lnokszta\u0142c\u0105ce w Lubinie<\/title>\n<meta name=\"robots\" content=\"index, follow, max-snippet:-1, max-image-preview:large, max-video-preview:-1\" \/>\n<link rel=\"canonical\" href=\"https:\/\/2liceum.eu\/index.php\/2025\/12\/19\/szlachetna-paczka-w-naszej-szkole\/\" \/>\n<meta property=\"og:locale\" content=\"pl_PL\" \/>\n<meta property=\"og:type\" content=\"article\" \/>\n<meta property=\"og:title\" content=\"Szlachetna Paczka w naszej szkole! - II Liceum Og\u00f3lnokszta\u0142c\u0105ce w Lubinie\" \/>\n<meta property=\"og:description\" content=\"&nbsp; &nbsp; &nbsp; W tym roku nasza szko\u0142a ponownie w\u0142\u0105czy\u0142a si\u0119 w og\u00f3lnopolsk\u0105 akcj\u0119 Szlachetna Paczka. Teraz, podczas Weekendu Cud\u00f3w, przekazali\u015bmy prezenty dla naszej wybranej rodziny \u2014 przygotowane z sercem i ogromnym zaanga\u017cowaniem ca\u0142ej spo\u0142eczno\u015bci szkolnej. &nbsp; 10 grudnia odby\u0142 si\u0119 r\u00f3wnie\u017c kiermasz szkolny, z kt\u00f3rego doch\u00f3d przeznaczyli\u015bmy na wsparcie rodzinnej paczki. Dzi\u0119ki Waszej hojno\u015bci [&hellip;]\" \/>\n<meta property=\"og:url\" content=\"https:\/\/2liceum.eu\/index.php\/2025\/12\/19\/szlachetna-paczka-w-naszej-szkole\/\" \/>\n<meta property=\"og:site_name\" content=\"II Liceum Og\u00f3lnokszta\u0142c\u0105ce w Lubinie\" \/>\n<meta property=\"article:publisher\" content=\"https:\/\/web.facebook.com\/IILOLubin\/\" \/>\n<meta property=\"article:published_time\" content=\"2025-12-19T07:32:09+00:00\" \/>\n<meta property=\"article:modified_time\" content=\"2025-12-19T07:33:08+00:00\" \/>\n<meta property=\"og:image\" content=\"https:\/\/2liceum.eu\/wp-content\/uploads\/2025\/12\/szlachetna-paczka.png\" \/>\n<meta name=\"author\" content=\"Adam Dragan\" \/>\n<meta name=\"twitter:card\" content=\"summary_large_image\" \/>\n<meta name=\"twitter:label1\" content=\"Napisane przez\" \/>\n\t<meta name=\"twitter:data1\" content=\"Adam Dragan\" \/>\n\t<meta name=\"twitter:label2\" content=\"Szacowany czas czytania\" \/>\n\t<meta name=\"twitter:data2\" content=\"1 minuta\" \/>\n<script type=\"application\/ld+json\" class=\"yoast-schema-graph\">{\"@context\":\"https:\/\/schema.org\",\"@graph\":[{\"@type\":\"Organization\",\"@id\":\"https:\/\/2liceum.eu\/#organization\",\"name\":\"II Liceum Og\u00f3lnokszta\u0142c\u0105ce w Lubinie\",\"url\":\"https:\/\/2liceum.eu\/\",\"sameAs\":[\"http:\/\/2lolubin\",\"https:\/\/www.youtube.com\/channel\/UCWjEMxRJYdfvxPhVOn-8g_g\",\"https:\/\/web.facebook.com\/IILOLubin\/\"],\"logo\":{\"@type\":\"ImageObject\",\"inLanguage\":\"pl-PL\",\"@id\":\"https:\/\/2liceum.eu\/#\/schema\/logo\/image\/\",\"url\":\"https:\/\/2liceum.eu\/wp-content\/uploads\/2018\/01\/pobrane.jpg\",\"contentUrl\":\"https:\/\/2liceum.eu\/wp-content\/uploads\/2018\/01\/pobrane.jpg\",\"width\":184,\"height\":183,\"caption\":\"II Liceum Og\u00f3lnokszta\u0142c\u0105ce w Lubinie\"},\"image\":{\"@id\":\"https:\/\/2liceum.eu\/#\/schema\/logo\/image\/\"}},{\"@type\":\"WebSite\",\"@id\":\"https:\/\/2liceum.eu\/#website\",\"url\":\"https:\/\/2liceum.eu\/\",\"name\":\"II Liceum Og\u00f3lnokszta\u0142c\u0105ce w Lubinie\",\"description\":\"Oficjalny portal II LO w Lubinie. Informacje o szkole, kadrze, zaj\u0119ciach dydaktycznych, ko\u0142ach zainteresowa\u0144, wolontariacie. Aktualno\u015bci. Galeria zdj\u0119\u0107.\",\"publisher\":{\"@id\":\"https:\/\/2liceum.eu\/#organization\"},\"potentialAction\":[{\"@type\":\"SearchAction\",\"target\":{\"@type\":\"EntryPoint\",\"urlTemplate\":\"https:\/\/2liceum.eu\/?s={search_term_string}\"},\"query-input\":\"required name=search_term_string\"}],\"inLanguage\":\"pl-PL\"},{\"@type\":\"WebPage\",\"@id\":\"https:\/\/2liceum.eu\/index.php\/2025\/12\/19\/szlachetna-paczka-w-naszej-szkole\/\",\"url\":\"https:\/\/2liceum.eu\/index.php\/2025\/12\/19\/szlachetna-paczka-w-naszej-szkole\/\",\"name\":\"Szlachetna Paczka w naszej szkole! - II Liceum Og\u00f3lnokszta\u0142c\u0105ce w Lubinie\",\"isPartOf\":{\"@id\":\"https:\/\/2liceum.eu\/#website\"},\"datePublished\":\"2025-12-19T07:32:09+00:00\",\"dateModified\":\"2025-12-19T07:33:08+00:00\",\"breadcrumb\":{\"@id\":\"https:\/\/2liceum.eu\/index.php\/2025\/12\/19\/szlachetna-paczka-w-naszej-szkole\/#breadcrumb\"},\"inLanguage\":\"pl-PL\",\"potentialAction\":[{\"@type\":\"ReadAction\",\"target\":[\"https:\/\/2liceum.eu\/index.php\/2025\/12\/19\/szlachetna-paczka-w-naszej-szkole\/\"]}]},{\"@type\":\"BreadcrumbList\",\"@id\":\"https:\/\/2liceum.eu\/index.php\/2025\/12\/19\/szlachetna-paczka-w-naszej-szkole\/#breadcrumb\",\"itemListElement\":[{\"@type\":\"ListItem\",\"position\":1,\"name\":\"Strona g\u0142\u00f3wna\",\"item\":\"https:\/\/2liceum.eu\/\"},{\"@type\":\"ListItem\",\"position\":2,\"name\":\"Szlachetna Paczka w naszej szkole!\"}]},{\"@type\":\"Article\",\"@id\":\"https:\/\/2liceum.eu\/index.php\/2025\/12\/19\/szlachetna-paczka-w-naszej-szkole\/#article\",\"isPartOf\":{\"@id\":\"https:\/\/2liceum.eu\/index.php\/2025\/12\/19\/szlachetna-paczka-w-naszej-szkole\/\"},\"author\":{\"name\":\"Adam Dragan\",\"@id\":\"https:\/\/2liceum.eu\/#\/schema\/person\/1a52557bfdaf047be954a8b190648da5\"},\"headline\":\"Szlachetna Paczka w naszej szkole!\",\"datePublished\":\"2025-12-19T07:32:09+00:00\",\"dateModified\":\"2025-12-19T07:33:08+00:00\",\"mainEntityOfPage\":{\"@id\":\"https:\/\/2liceum.eu\/index.php\/2025\/12\/19\/szlachetna-paczka-w-naszej-szkole\/\"},\"wordCount\":156,\"commentCount\":0,\"publisher\":{\"@id\":\"https:\/\/2liceum.eu\/#organization\"},\"articleSection\":[\"Aktualno\u015bci\"],\"inLanguage\":\"pl-PL\",\"potentialAction\":[{\"@type\":\"CommentAction\",\"name\":\"Comment\",\"target\":[\"https:\/\/2liceum.eu\/index.php\/2025\/12\/19\/szlachetna-paczka-w-naszej-szkole\/#respond\"]}]},{\"@type\":\"Person\",\"@id\":\"https:\/\/2liceum.eu\/#\/schema\/person\/1a52557bfdaf047be954a8b190648da5\",\"name\":\"Adam Dragan\",\"image\":{\"@type\":\"ImageObject\",\"inLanguage\":\"pl-PL\",\"@id\":\"https:\/\/2liceum.eu\/#\/schema\/person\/image\/\",\"url\":\"https:\/\/secure.gravatar.com\/avatar\/3a2bee53698f47ac117505a8a054d1e47e9ee9593c4c77dc18374aa80472d80c?s=96&d=mm&r=g\",\"contentUrl\":\"https:\/\/secure.gravatar.com\/avatar\/3a2bee53698f47ac117505a8a054d1e47e9ee9593c4c77dc18374aa80472d80c?s=96&d=mm&r=g\",\"caption\":\"Adam Dragan\"},\"sameAs\":[\"http:\/\/2liceum.eu\"]}]}<\/script>\n<!-- \/ Yoast SEO plugin. -->","yoast_head_json":{"title":"Szlachetna Paczka w naszej szkole! - II Liceum Og\u00f3lnokszta\u0142c\u0105ce w Lubinie","robots":{"index":"index","follow":"follow","max-snippet":"max-snippet:-1","max-image-preview":"max-image-preview:large","max-video-preview":"max-video-preview:-1"},"canonical":"https:\/\/2liceum.eu\/index.php\/2025\/12\/19\/szlachetna-paczka-w-naszej-szkole\/","og_locale":"pl_PL","og_type":"article","og_title":"Szlachetna Paczka w naszej szkole! - II Liceum Og\u00f3lnokszta\u0142c\u0105ce w Lubinie","og_description":"&nbsp; &nbsp; &nbsp; W tym roku nasza szko\u0142a ponownie w\u0142\u0105czy\u0142a si\u0119 w og\u00f3lnopolsk\u0105 akcj\u0119 Szlachetna Paczka. Teraz, podczas Weekendu Cud\u00f3w, przekazali\u015bmy prezenty dla naszej wybranej rodziny \u2014 przygotowane z sercem i ogromnym zaanga\u017cowaniem ca\u0142ej spo\u0142eczno\u015bci szkolnej. &nbsp; 10 grudnia odby\u0142 si\u0119 r\u00f3wnie\u017c kiermasz szkolny, z kt\u00f3rego doch\u00f3d przeznaczyli\u015bmy na wsparcie rodzinnej paczki. Dzi\u0119ki Waszej hojno\u015bci [&hellip;]","og_url":"https:\/\/2liceum.eu\/index.php\/2025\/12\/19\/szlachetna-paczka-w-naszej-szkole\/","og_site_name":"II Liceum Og\u00f3lnokszta\u0142c\u0105ce w Lubinie","article_publisher":"https:\/\/web.facebook.com\/IILOLubin\/","article_published_time":"2025-12-19T07:32:09+00:00","article_modified_time":"2025-12-19T07:33:08+00:00","og_image":[{"url":"https:\/\/2liceum.eu\/wp-content\/uploads\/2025\/12\/szlachetna-paczka.png"}],"author":"Adam Dragan","twitter_card":"summary_large_image","twitter_misc":{"Napisane przez":"Adam Dragan","Szacowany czas czytania":"1 minuta"},"schema":{"@context":"https:\/\/schema.org","@graph":[{"@type":"Organization","@id":"https:\/\/2liceum.eu\/#organization","name":"II Liceum Og\u00f3lnokszta\u0142c\u0105ce w Lubinie","url":"https:\/\/2liceum.eu\/","sameAs":["http:\/\/2lolubin","https:\/\/www.youtube.com\/channel\/UCWjEMxRJYdfvxPhVOn-8g_g","https:\/\/web.facebook.com\/IILOLubin\/"],"logo":{"@type":"ImageObject","inLanguage":"pl-PL","@id":"https:\/\/2liceum.eu\/#\/schema\/logo\/image\/","url":"https:\/\/2liceum.eu\/wp-content\/uploads\/2018\/01\/pobrane.jpg","contentUrl":"https:\/\/2liceum.eu\/wp-content\/uploads\/2018\/01\/pobrane.jpg","width":184,"height":183,"caption":"II Liceum Og\u00f3lnokszta\u0142c\u0105ce w Lubinie"},"image":{"@id":"https:\/\/2liceum.eu\/#\/schema\/logo\/image\/"}},{"@type":"WebSite","@id":"https:\/\/2liceum.eu\/#website","url":"https:\/\/2liceum.eu\/","name":"II Liceum Og\u00f3lnokszta\u0142c\u0105ce w Lubinie","description":"Oficjalny portal II LO w Lubinie. Informacje o szkole, kadrze, zaj\u0119ciach dydaktycznych, ko\u0142ach zainteresowa\u0144, wolontariacie. Aktualno\u015bci. Galeria zdj\u0119\u0107.","publisher":{"@id":"https:\/\/2liceum.eu\/#organization"},"potentialAction":[{"@type":"SearchAction","target":{"@type":"EntryPoint","urlTemplate":"https:\/\/2liceum.eu\/?s={search_term_string}"},"query-input":"required name=search_term_string"}],"inLanguage":"pl-PL"},{"@type":"WebPage","@id":"https:\/\/2liceum.eu\/index.php\/2025\/12\/19\/szlachetna-paczka-w-naszej-szkole\/","url":"https:\/\/2liceum.eu\/index.php\/2025\/12\/19\/szlachetna-paczka-w-naszej-szkole\/","name":"Szlachetna Paczka w naszej szkole! - II Liceum Og\u00f3lnokszta\u0142c\u0105ce w Lubinie","isPartOf":{"@id":"https:\/\/2liceum.eu\/#website"},"datePublished":"2025-12-19T07:32:09+00:00","dateModified":"2025-12-19T07:33:08+00:00","breadcrumb":{"@id":"https:\/\/2liceum.eu\/index.php\/2025\/12\/19\/szlachetna-paczka-w-naszej-szkole\/#breadcrumb"},"inLanguage":"pl-PL","potentialAction":[{"@type":"ReadAction","target":["https:\/\/2liceum.eu\/index.php\/2025\/12\/19\/szlachetna-paczka-w-naszej-szkole\/"]}]},{"@type":"BreadcrumbList","@id":"https:\/\/2liceum.eu\/index.php\/2025\/12\/19\/szlachetna-paczka-w-naszej-szkole\/#breadcrumb","itemListElement":[{"@type":"ListItem","position":1,"name":"Strona g\u0142\u00f3wna","item":"https:\/\/2liceum.eu\/"},{"@type":"ListItem","position":2,"name":"Szlachetna Paczka w naszej szkole!"}]},{"@type":"Article","@id":"https:\/\/2liceum.eu\/index.php\/2025\/12\/19\/szlachetna-paczka-w-naszej-szkole\/#article","isPartOf":{"@id":"https:\/\/2liceum.eu\/index.php\/2025\/12\/19\/szlachetna-paczka-w-naszej-szkole\/"},"author":{"name":"Adam Dragan","@id":"https:\/\/2liceum.eu\/#\/schema\/person\/1a52557bfdaf047be954a8b190648da5"},"headline":"Szlachetna Paczka w naszej szkole!","datePublished":"2025-12-19T07:32:09+00:00","dateModified":"2025-12-19T07:33:08+00:00","mainEntityOfPage":{"@id":"https:\/\/2liceum.eu\/index.php\/2025\/12\/19\/szlachetna-paczka-w-naszej-szkole\/"},"wordCount":156,"commentCount":0,"publisher":{"@id":"https:\/\/2liceum.eu\/#organization"},"articleSection":["Aktualno\u015bci"],"inLanguage":"pl-PL","potentialAction":[{"@type":"CommentAction","name":"Comment","target":["https:\/\/2liceum.eu\/index.php\/2025\/12\/19\/szlachetna-paczka-w-naszej-szkole\/#respond"]}]},{"@type":"Person","@id":"https:\/\/2liceum.eu\/#\/schema\/person\/1a52557bfdaf047be954a8b190648da5","name":"Adam Dragan","image":{"@type":"ImageObject","inLanguage":"pl-PL","@id":"https:\/\/2liceum.eu\/#\/schema\/person\/image\/","url":"https:\/\/secure.gravatar.com\/avatar\/3a2bee53698f47ac117505a8a054d1e47e9ee9593c4c77dc18374aa80472d80c?s=96&d=mm&r=g","contentUrl":"https:\/\/secure.gravatar.com\/avatar\/3a2bee53698f47ac117505a8a054d1e47e9ee9593c4c77dc18374aa80472d80c?s=96&d=mm&r=g","caption":"Adam Dragan"},"sameAs":["http:\/\/2liceum.eu"]}]}},"_links":{"self":[{"href":"https:\/\/2liceum.eu\/index.php\/wp-json\/wp\/v2\/posts\/11982","targetHints":{"allow":["GET"]}}],"collection":[{"href":"https:\/\/2liceum.eu\/index.php\/wp-json\/wp\/v2\/posts"}],"about":[{"href":"https:\/\/2liceum.eu\/index.php\/wp-json\/wp\/v2\/types\/post"}],"author":[{"embeddable":true,"href":"https:\/\/2liceum.eu\/index.php\/wp-json\/wp\/v2\/users\/2"}],"replies":[{"embeddable":true,"href":"https:\/\/2liceum.eu\/index.php\/wp-json\/wp\/v2\/comments?post=11982"}],"version-history":[{"count":2,"href":"https:\/\/2liceum.eu\/index.php\/wp-json\/wp\/v2\/posts\/11982\/revisions"}],"predecessor-version":[{"id":11987,"href":"https:\/\/2liceum.eu\/index.php\/wp-json\/wp\/v2\/posts\/11982\/revisions\/11987"}],"wp:attachment":[{"href":"https:\/\/2liceum.eu\/index.php\/wp-json\/wp\/v2\/media?parent=11982"}],"wp:term":[{"taxonomy":"category","embeddable":true,"href":"https:\/\/2liceum.eu\/index.php\/wp-json\/wp\/v2\/categories?post=11982"},{"taxonomy":"post_tag","embeddable":true,"href":"https:\/\/2liceum.eu\/index.php\/wp-json\/wp\/v2\/tags?post=11982"}],"curies":[{"name":"wp","href":"https:\/\/api.w.org\/{rel}","templated":true}]}}