{"id":12135,"date":"2026-03-09T13:38:23","date_gmt":"2026-03-09T12:38:23","guid":{"rendered":"https:\/\/2liceum.eu\/?p=12135"},"modified":"2026-03-09T13:38:24","modified_gmt":"2026-03-09T12:38:24","slug":"wyklad-online-dla-rodzicow-nastolatkow","status":"publish","type":"post","link":"https:\/\/2liceum.eu\/index.php\/2026\/03\/09\/wyklad-online-dla-rodzicow-nastolatkow\/","title":{"rendered":"Wyk\u0142ad online dla rodzic\u00f3w nastolatk\u00f3w!"},"content":{"rendered":"\n<div class=\"xdj266r x14z9mp xat24cr x1lziwak x1vvkbs x126k92a\">\n<div dir=\"auto\" style=\"text-align: center;\"><img loading=\"lazy\" decoding=\"async\" class=\"alignnone size-large wp-image-12136\" src=\"https:\/\/2liceum.eu\/wp-content\/uploads\/2026\/03\/647343138_1549423617185375_7707997623901062876_n-1024x593.jpg\" alt=\"\" width=\"606\" height=\"351\" srcset=\"https:\/\/2liceum.eu\/wp-content\/uploads\/2026\/03\/647343138_1549423617185375_7707997623901062876_n-1024x593.jpg 1024w, https:\/\/2liceum.eu\/wp-content\/uploads\/2026\/03\/647343138_1549423617185375_7707997623901062876_n-300x174.jpg 300w, https:\/\/2liceum.eu\/wp-content\/uploads\/2026\/03\/647343138_1549423617185375_7707997623901062876_n-768x444.jpg 768w, https:\/\/2liceum.eu\/wp-content\/uploads\/2026\/03\/647343138_1549423617185375_7707997623901062876_n.jpg 1512w\" sizes=\"auto, (max-width: 606px) 100vw, 606px\" \/><\/div>\n<div dir=\"auto\">&nbsp;<\/div>\n<div dir=\"auto\">&nbsp;<\/div>\n<div dir=\"auto\">Zapraszamy do udzia\u0142u w bezp\u0142atnym wyk\u0142adzie online dla rodzic\u00f3w nastolatk\u00f3w!<\/div>\n<div dir=\"auto\">&nbsp;<\/div>\n<\/div>\n<div class=\"x14z9mp xat24cr x1lziwak x1vvkbs xtlvy1s x126k92a\">\n<div dir=\"auto\">Jak wzi\u0105\u0107 udzia\u0142?<\/div>\n<div dir=\"auto\">&nbsp;<\/div>\n<\/div>\n<div class=\"x14z9mp xat24cr x1lziwak x1vvkbs xtlvy1s x126k92a\">\n<div dir=\"auto\" style=\"text-align: justify;\">Aby zapisa\u0107 si\u0119 na wydarzenie, prosimy o klikni\u0119cie w poni\u017cszy link i wype\u0142nienie formularza zg\u0142oszeniowego. Link do spotkania zostanie przes\u0142any na wskazany adres e-mail. Dzie\u0144 przed wyk\u0142adem prze\u015blemy r\u00f3wnie\u017c kr\u00f3tk\u0105 wiadomo\u015b\u0107 z przypomnieniem.<\/div>\n<div dir=\"auto\"><span class=\"html-span xdj266r x14z9mp xat24cr x1lziwak xexx8yu xyri2b x18d9i69 x1c1uobl x1hl2dhg x16tdsg8 x1vvkbs\"><a class=\"x1i10hfl xjbqb8w x1ejq31n x18oe1m7 x1sy0etr xstzfhl x972fbf x10w94by x1qhh985 x14e42zd x9f619 x1ypdohk xt0psk2 x3ct3a4 xdj266r x14z9mp xat24cr x1lziwak xexx8yu xyri2b x18d9i69 x1c1uobl x16tdsg8 x1hl2dhg xggy1nq x1a2a7pz xkrqix3 x1sur9pj x1fey0fg x1s688f\" tabindex=\"0\" role=\"link\" href=\"https:\/\/l.facebook.com\/l.php?u=https%3A%2F%2Fforms.gle%2FQ6qBSAzojVTQv39i7%3Ffbclid%3DIwZXh0bgNhZW0CMTAAYnJpZBEwRWIxbUVVRzZiVmpZbnY5dXNydGMGYXBwX2lkEDIyMjAzOTE3ODgyMDA4OTIAAR55bod87qX3mt5nkH1A29jEQiGElY0g-vQsNGe0u3iHq5y7D5DYvGDkxf0_vg_aem_1EBwx8kHMMKlyZofuiCGcw&amp;h=AT7RewydRn27M1EYY2d_1FxQRfLsZhlfnM7lQRJ9Lyw9FSjpkMFKqbAFAkQxwqz6sSUMxvdsI76u2ux-SG9BvTv0KA3AV1jdWX0ltA_TBszskY_njAAsAv14J82hik7srGXNMIE_jCTOzOKz&amp;__tn__=-UK-R&amp;c[0]=AT607uR1ZCPCYY0m4O3h8Y_Jn60o1iNRINw_QJ_INuLJ1OHRyLFuG77haEQgS7xpoEwfXXD1RGd1_rmi-SxbF7ubFvIb5mm2TouNYLVBpYQB8E-8e8QCbNORRLpiIbaUBckhQMpJxk6Tc0h4iePvoV2DYzupbOMRpBoaJ-xovg\" target=\"_blank\" rel=\"nofollow noopener noreferrer\">https:\/\/forms.gle\/Q6qBSAzojVTQv39i7<\/a><\/span><\/div>\n<div dir=\"auto\">&nbsp;<\/div>\n<\/div>\n<div class=\"x14z9mp xat24cr x1lziwak x1vvkbs xtlvy1s x126k92a\">\n<div dir=\"auto\"><strong>17 MARCA<\/strong><\/div>\n<div dir=\"auto\"><strong>GODZINA 16.00<\/strong><\/div>\n<div dir=\"auto\">Prowadzenie: Magdalena Billewicz, psycholog, psychoterapeutka DCZPDM w Lubinie<\/div>\n<\/div>\n<div class=\"x14z9mp xat24cr x1lziwak x1vvkbs xtlvy1s x126k92a\">\n<div dir=\"auto\">Dlaczego warto do\u0142\u0105czy\u0107?<\/div>\n<div dir=\"auto\">&#8211; Praktyczna wiedza \u2013 skupiamy si\u0119 na sprawdzonych rozwi\u0105zaniach i konkretach.<\/div>\n<div dir=\"auto\">&#8211; Skondensowana forma \u2013 przekazujemy najwa\u017cniejsze informacje w przyst\u0119pny spos\u00f3b.<\/div>\n<div dir=\"auto\">&#8211; Wygoda \u2013 wyk\u0142ad odbywa si\u0119 w pe\u0142ni online, co umo\u017cliwia udzia\u0142 z dowolnego miejsca.<\/div>\n<div dir=\"auto\">&nbsp;<\/div>\n<\/div>\n<div class=\"x14z9mp xat24cr x1lziwak x1vvkbs xtlvy1s x126k92a\">\n<div dir=\"auto\">Podczas wyk\u0142adu dowiesz si\u0119 m.in.:<\/div>\n<div dir=\"auto\">\u2022 Jak skutecznie rozmawia\u0107 z nastolatkiem: poznasz praktyczne wskaz\u00f3wki wspieraj\u0105ce komunikacj\u0119 i dowiesz si\u0119, jak unika\u0107 najcz\u0119stszych pu\u0142apek w codziennym dialogu.<\/div>\n<div dir=\"auto\">\u2022 Jak post\u0119powa\u0107 w sytuacjach kryzysowych: om\u00f3wimy odpowiednie reakcje i metody wsparcia.<\/div>\n<div dir=\"auto\">\u2022 Jak budowa\u0107 wzajemne zaufanie: przedstawimy sposoby na wzmacnianie wi\u0119zi z dorastaj\u0105cym dzieckiem.<\/div>\n<div dir=\"auto\">\u2022 Dodatkowo ka\u017cdy uczestnik otrzyma zestawienie rekomendowanej literatury, kt\u00f3ra pomo\u017ce w dalszym rozwijaniu kompetencji wychowawczych.<\/div>\n<div dir=\"auto\">&nbsp;<\/div>\n<\/div>\n<div class=\"x14z9mp xat24cr x1lziwak x1vvkbs xtlvy1s x126k92a\">\n<div dir=\"auto\">Realizacja dzia\u0142ania finansowana z bud\u017cetu Gminy Miejskiej Lubin.<\/div>\n<\/div>\n","protected":false},"excerpt":{"rendered":"<p>&nbsp; &nbsp; Zapraszamy do udzia\u0142u w bezp\u0142atnym wyk\u0142adzie online dla rodzic\u00f3w nastolatk\u00f3w! &nbsp; Jak wzi\u0105\u0107 udzia\u0142? &nbsp; Aby zapisa\u0107 si\u0119 na wydarzenie, prosimy o klikni\u0119cie w poni\u017cszy link i wype\u0142nienie formularza zg\u0142oszeniowego. Link do spotkania zostanie przes\u0142any na wskazany adres e-mail. Dzie\u0144 przed wyk\u0142adem prze\u015blemy r\u00f3wnie\u017c kr\u00f3tk\u0105 wiadomo\u015b\u0107 z przypomnieniem. https:\/\/forms.gle\/Q6qBSAzojVTQv39i7 &nbsp; 17 MARCA GODZINA [&hellip;]<\/p>\n","protected":false},"author":2,"featured_media":0,"comment_status":"open","ping_status":"open","sticky":false,"template":"","format":"standard","meta":{"ngg_post_thumbnail":0,"footnotes":""},"categories":[1],"tags":[],"class_list":["post-12135","post","type-post","status-publish","format-standard","hentry","category-aktualnosci"],"yoast_head":"<!-- This site is optimized with the Yoast SEO plugin v19.4 - https:\/\/yoast.com\/wordpress\/plugins\/seo\/ -->\n<title>Wyk\u0142ad online dla rodzic\u00f3w nastolatk\u00f3w! - II Liceum Og\u00f3lnokszta\u0142c\u0105ce w Lubinie<\/title>\n<meta name=\"robots\" content=\"index, follow, max-snippet:-1, max-image-preview:large, max-video-preview:-1\" \/>\n<link rel=\"canonical\" href=\"https:\/\/2liceum.eu\/index.php\/2026\/03\/09\/wyklad-online-dla-rodzicow-nastolatkow\/\" \/>\n<meta property=\"og:locale\" content=\"pl_PL\" \/>\n<meta property=\"og:type\" content=\"article\" \/>\n<meta property=\"og:title\" content=\"Wyk\u0142ad online dla rodzic\u00f3w nastolatk\u00f3w! - II Liceum Og\u00f3lnokszta\u0142c\u0105ce w Lubinie\" \/>\n<meta property=\"og:description\" content=\"&nbsp; &nbsp; Zapraszamy do udzia\u0142u w bezp\u0142atnym wyk\u0142adzie online dla rodzic\u00f3w nastolatk\u00f3w! &nbsp; Jak wzi\u0105\u0107 udzia\u0142? &nbsp; Aby zapisa\u0107 si\u0119 na wydarzenie, prosimy o klikni\u0119cie w poni\u017cszy link i wype\u0142nienie formularza zg\u0142oszeniowego. Link do spotkania zostanie przes\u0142any na wskazany adres e-mail. Dzie\u0144 przed wyk\u0142adem prze\u015blemy r\u00f3wnie\u017c kr\u00f3tk\u0105 wiadomo\u015b\u0107 z przypomnieniem. https:\/\/forms.gle\/Q6qBSAzojVTQv39i7 &nbsp; 17 MARCA GODZINA [&hellip;]\" \/>\n<meta property=\"og:url\" content=\"https:\/\/2liceum.eu\/index.php\/2026\/03\/09\/wyklad-online-dla-rodzicow-nastolatkow\/\" \/>\n<meta property=\"og:site_name\" content=\"II Liceum Og\u00f3lnokszta\u0142c\u0105ce w Lubinie\" \/>\n<meta property=\"article:publisher\" content=\"https:\/\/web.facebook.com\/IILOLubin\/\" \/>\n<meta property=\"article:published_time\" content=\"2026-03-09T12:38:23+00:00\" \/>\n<meta property=\"article:modified_time\" content=\"2026-03-09T12:38:24+00:00\" \/>\n<meta property=\"og:image\" content=\"https:\/\/2liceum.eu\/wp-content\/uploads\/2026\/03\/647343138_1549423617185375_7707997623901062876_n-1024x593.jpg\" \/>\n<meta name=\"author\" content=\"Adam Dragan\" \/>\n<meta name=\"twitter:card\" content=\"summary_large_image\" \/>\n<meta name=\"twitter:label1\" content=\"Napisane przez\" \/>\n\t<meta name=\"twitter:data1\" content=\"Adam Dragan\" \/>\n\t<meta name=\"twitter:label2\" content=\"Szacowany czas czytania\" \/>\n\t<meta name=\"twitter:data2\" content=\"2 minuty\" \/>\n<script type=\"application\/ld+json\" class=\"yoast-schema-graph\">{\"@context\":\"https:\/\/schema.org\",\"@graph\":[{\"@type\":\"Organization\",\"@id\":\"https:\/\/2liceum.eu\/#organization\",\"name\":\"II Liceum Og\u00f3lnokszta\u0142c\u0105ce w Lubinie\",\"url\":\"https:\/\/2liceum.eu\/\",\"sameAs\":[\"http:\/\/2lolubin\",\"https:\/\/www.youtube.com\/channel\/UCWjEMxRJYdfvxPhVOn-8g_g\",\"https:\/\/web.facebook.com\/IILOLubin\/\"],\"logo\":{\"@type\":\"ImageObject\",\"inLanguage\":\"pl-PL\",\"@id\":\"https:\/\/2liceum.eu\/#\/schema\/logo\/image\/\",\"url\":\"https:\/\/2liceum.eu\/wp-content\/uploads\/2018\/01\/pobrane.jpg\",\"contentUrl\":\"https:\/\/2liceum.eu\/wp-content\/uploads\/2018\/01\/pobrane.jpg\",\"width\":184,\"height\":183,\"caption\":\"II Liceum Og\u00f3lnokszta\u0142c\u0105ce w Lubinie\"},\"image\":{\"@id\":\"https:\/\/2liceum.eu\/#\/schema\/logo\/image\/\"}},{\"@type\":\"WebSite\",\"@id\":\"https:\/\/2liceum.eu\/#website\",\"url\":\"https:\/\/2liceum.eu\/\",\"name\":\"II Liceum Og\u00f3lnokszta\u0142c\u0105ce w Lubinie\",\"description\":\"Oficjalny portal II LO w Lubinie. Informacje o szkole, kadrze, zaj\u0119ciach dydaktycznych, ko\u0142ach zainteresowa\u0144, wolontariacie. Aktualno\u015bci. Galeria zdj\u0119\u0107.\",\"publisher\":{\"@id\":\"https:\/\/2liceum.eu\/#organization\"},\"potentialAction\":[{\"@type\":\"SearchAction\",\"target\":{\"@type\":\"EntryPoint\",\"urlTemplate\":\"https:\/\/2liceum.eu\/?s={search_term_string}\"},\"query-input\":\"required name=search_term_string\"}],\"inLanguage\":\"pl-PL\"},{\"@type\":\"WebPage\",\"@id\":\"https:\/\/2liceum.eu\/index.php\/2026\/03\/09\/wyklad-online-dla-rodzicow-nastolatkow\/\",\"url\":\"https:\/\/2liceum.eu\/index.php\/2026\/03\/09\/wyklad-online-dla-rodzicow-nastolatkow\/\",\"name\":\"Wyk\u0142ad online dla rodzic\u00f3w nastolatk\u00f3w! - II Liceum Og\u00f3lnokszta\u0142c\u0105ce w Lubinie\",\"isPartOf\":{\"@id\":\"https:\/\/2liceum.eu\/#website\"},\"datePublished\":\"2026-03-09T12:38:23+00:00\",\"dateModified\":\"2026-03-09T12:38:24+00:00\",\"breadcrumb\":{\"@id\":\"https:\/\/2liceum.eu\/index.php\/2026\/03\/09\/wyklad-online-dla-rodzicow-nastolatkow\/#breadcrumb\"},\"inLanguage\":\"pl-PL\",\"potentialAction\":[{\"@type\":\"ReadAction\",\"target\":[\"https:\/\/2liceum.eu\/index.php\/2026\/03\/09\/wyklad-online-dla-rodzicow-nastolatkow\/\"]}]},{\"@type\":\"BreadcrumbList\",\"@id\":\"https:\/\/2liceum.eu\/index.php\/2026\/03\/09\/wyklad-online-dla-rodzicow-nastolatkow\/#breadcrumb\",\"itemListElement\":[{\"@type\":\"ListItem\",\"position\":1,\"name\":\"Strona g\u0142\u00f3wna\",\"item\":\"https:\/\/2liceum.eu\/\"},{\"@type\":\"ListItem\",\"position\":2,\"name\":\"Wyk\u0142ad online dla rodzic\u00f3w nastolatk\u00f3w!\"}]},{\"@type\":\"Article\",\"@id\":\"https:\/\/2liceum.eu\/index.php\/2026\/03\/09\/wyklad-online-dla-rodzicow-nastolatkow\/#article\",\"isPartOf\":{\"@id\":\"https:\/\/2liceum.eu\/index.php\/2026\/03\/09\/wyklad-online-dla-rodzicow-nastolatkow\/\"},\"author\":{\"name\":\"Adam Dragan\",\"@id\":\"https:\/\/2liceum.eu\/#\/schema\/person\/1a52557bfdaf047be954a8b190648da5\"},\"headline\":\"Wyk\u0142ad online dla rodzic\u00f3w nastolatk\u00f3w!\",\"datePublished\":\"2026-03-09T12:38:23+00:00\",\"dateModified\":\"2026-03-09T12:38:24+00:00\",\"mainEntityOfPage\":{\"@id\":\"https:\/\/2liceum.eu\/index.php\/2026\/03\/09\/wyklad-online-dla-rodzicow-nastolatkow\/\"},\"wordCount\":220,\"commentCount\":0,\"publisher\":{\"@id\":\"https:\/\/2liceum.eu\/#organization\"},\"articleSection\":[\"Aktualno\u015bci\"],\"inLanguage\":\"pl-PL\",\"potentialAction\":[{\"@type\":\"CommentAction\",\"name\":\"Comment\",\"target\":[\"https:\/\/2liceum.eu\/index.php\/2026\/03\/09\/wyklad-online-dla-rodzicow-nastolatkow\/#respond\"]}]},{\"@type\":\"Person\",\"@id\":\"https:\/\/2liceum.eu\/#\/schema\/person\/1a52557bfdaf047be954a8b190648da5\",\"name\":\"Adam Dragan\",\"image\":{\"@type\":\"ImageObject\",\"inLanguage\":\"pl-PL\",\"@id\":\"https:\/\/2liceum.eu\/#\/schema\/person\/image\/\",\"url\":\"https:\/\/secure.gravatar.com\/avatar\/3a2bee53698f47ac117505a8a054d1e47e9ee9593c4c77dc18374aa80472d80c?s=96&d=mm&r=g\",\"contentUrl\":\"https:\/\/secure.gravatar.com\/avatar\/3a2bee53698f47ac117505a8a054d1e47e9ee9593c4c77dc18374aa80472d80c?s=96&d=mm&r=g\",\"caption\":\"Adam Dragan\"},\"sameAs\":[\"http:\/\/2liceum.eu\"]}]}<\/script>\n<!-- \/ Yoast SEO plugin. -->","yoast_head_json":{"title":"Wyk\u0142ad online dla rodzic\u00f3w nastolatk\u00f3w! - II Liceum Og\u00f3lnokszta\u0142c\u0105ce w Lubinie","robots":{"index":"index","follow":"follow","max-snippet":"max-snippet:-1","max-image-preview":"max-image-preview:large","max-video-preview":"max-video-preview:-1"},"canonical":"https:\/\/2liceum.eu\/index.php\/2026\/03\/09\/wyklad-online-dla-rodzicow-nastolatkow\/","og_locale":"pl_PL","og_type":"article","og_title":"Wyk\u0142ad online dla rodzic\u00f3w nastolatk\u00f3w! - II Liceum Og\u00f3lnokszta\u0142c\u0105ce w Lubinie","og_description":"&nbsp; &nbsp; Zapraszamy do udzia\u0142u w bezp\u0142atnym wyk\u0142adzie online dla rodzic\u00f3w nastolatk\u00f3w! &nbsp; Jak wzi\u0105\u0107 udzia\u0142? &nbsp; Aby zapisa\u0107 si\u0119 na wydarzenie, prosimy o klikni\u0119cie w poni\u017cszy link i wype\u0142nienie formularza zg\u0142oszeniowego. Link do spotkania zostanie przes\u0142any na wskazany adres e-mail. Dzie\u0144 przed wyk\u0142adem prze\u015blemy r\u00f3wnie\u017c kr\u00f3tk\u0105 wiadomo\u015b\u0107 z przypomnieniem. https:\/\/forms.gle\/Q6qBSAzojVTQv39i7 &nbsp; 17 MARCA GODZINA [&hellip;]","og_url":"https:\/\/2liceum.eu\/index.php\/2026\/03\/09\/wyklad-online-dla-rodzicow-nastolatkow\/","og_site_name":"II Liceum Og\u00f3lnokszta\u0142c\u0105ce w Lubinie","article_publisher":"https:\/\/web.facebook.com\/IILOLubin\/","article_published_time":"2026-03-09T12:38:23+00:00","article_modified_time":"2026-03-09T12:38:24+00:00","og_image":[{"url":"https:\/\/2liceum.eu\/wp-content\/uploads\/2026\/03\/647343138_1549423617185375_7707997623901062876_n-1024x593.jpg"}],"author":"Adam Dragan","twitter_card":"summary_large_image","twitter_misc":{"Napisane przez":"Adam Dragan","Szacowany czas czytania":"2 minuty"},"schema":{"@context":"https:\/\/schema.org","@graph":[{"@type":"Organization","@id":"https:\/\/2liceum.eu\/#organization","name":"II Liceum Og\u00f3lnokszta\u0142c\u0105ce w Lubinie","url":"https:\/\/2liceum.eu\/","sameAs":["http:\/\/2lolubin","https:\/\/www.youtube.com\/channel\/UCWjEMxRJYdfvxPhVOn-8g_g","https:\/\/web.facebook.com\/IILOLubin\/"],"logo":{"@type":"ImageObject","inLanguage":"pl-PL","@id":"https:\/\/2liceum.eu\/#\/schema\/logo\/image\/","url":"https:\/\/2liceum.eu\/wp-content\/uploads\/2018\/01\/pobrane.jpg","contentUrl":"https:\/\/2liceum.eu\/wp-content\/uploads\/2018\/01\/pobrane.jpg","width":184,"height":183,"caption":"II Liceum Og\u00f3lnokszta\u0142c\u0105ce w Lubinie"},"image":{"@id":"https:\/\/2liceum.eu\/#\/schema\/logo\/image\/"}},{"@type":"WebSite","@id":"https:\/\/2liceum.eu\/#website","url":"https:\/\/2liceum.eu\/","name":"II Liceum Og\u00f3lnokszta\u0142c\u0105ce w Lubinie","description":"Oficjalny portal II LO w Lubinie. Informacje o szkole, kadrze, zaj\u0119ciach dydaktycznych, ko\u0142ach zainteresowa\u0144, wolontariacie. Aktualno\u015bci. Galeria zdj\u0119\u0107.","publisher":{"@id":"https:\/\/2liceum.eu\/#organization"},"potentialAction":[{"@type":"SearchAction","target":{"@type":"EntryPoint","urlTemplate":"https:\/\/2liceum.eu\/?s={search_term_string}"},"query-input":"required name=search_term_string"}],"inLanguage":"pl-PL"},{"@type":"WebPage","@id":"https:\/\/2liceum.eu\/index.php\/2026\/03\/09\/wyklad-online-dla-rodzicow-nastolatkow\/","url":"https:\/\/2liceum.eu\/index.php\/2026\/03\/09\/wyklad-online-dla-rodzicow-nastolatkow\/","name":"Wyk\u0142ad online dla rodzic\u00f3w nastolatk\u00f3w! - II Liceum Og\u00f3lnokszta\u0142c\u0105ce w Lubinie","isPartOf":{"@id":"https:\/\/2liceum.eu\/#website"},"datePublished":"2026-03-09T12:38:23+00:00","dateModified":"2026-03-09T12:38:24+00:00","breadcrumb":{"@id":"https:\/\/2liceum.eu\/index.php\/2026\/03\/09\/wyklad-online-dla-rodzicow-nastolatkow\/#breadcrumb"},"inLanguage":"pl-PL","potentialAction":[{"@type":"ReadAction","target":["https:\/\/2liceum.eu\/index.php\/2026\/03\/09\/wyklad-online-dla-rodzicow-nastolatkow\/"]}]},{"@type":"BreadcrumbList","@id":"https:\/\/2liceum.eu\/index.php\/2026\/03\/09\/wyklad-online-dla-rodzicow-nastolatkow\/#breadcrumb","itemListElement":[{"@type":"ListItem","position":1,"name":"Strona g\u0142\u00f3wna","item":"https:\/\/2liceum.eu\/"},{"@type":"ListItem","position":2,"name":"Wyk\u0142ad online dla rodzic\u00f3w nastolatk\u00f3w!"}]},{"@type":"Article","@id":"https:\/\/2liceum.eu\/index.php\/2026\/03\/09\/wyklad-online-dla-rodzicow-nastolatkow\/#article","isPartOf":{"@id":"https:\/\/2liceum.eu\/index.php\/2026\/03\/09\/wyklad-online-dla-rodzicow-nastolatkow\/"},"author":{"name":"Adam Dragan","@id":"https:\/\/2liceum.eu\/#\/schema\/person\/1a52557bfdaf047be954a8b190648da5"},"headline":"Wyk\u0142ad online dla rodzic\u00f3w nastolatk\u00f3w!","datePublished":"2026-03-09T12:38:23+00:00","dateModified":"2026-03-09T12:38:24+00:00","mainEntityOfPage":{"@id":"https:\/\/2liceum.eu\/index.php\/2026\/03\/09\/wyklad-online-dla-rodzicow-nastolatkow\/"},"wordCount":220,"commentCount":0,"publisher":{"@id":"https:\/\/2liceum.eu\/#organization"},"articleSection":["Aktualno\u015bci"],"inLanguage":"pl-PL","potentialAction":[{"@type":"CommentAction","name":"Comment","target":["https:\/\/2liceum.eu\/index.php\/2026\/03\/09\/wyklad-online-dla-rodzicow-nastolatkow\/#respond"]}]},{"@type":"Person","@id":"https:\/\/2liceum.eu\/#\/schema\/person\/1a52557bfdaf047be954a8b190648da5","name":"Adam Dragan","image":{"@type":"ImageObject","inLanguage":"pl-PL","@id":"https:\/\/2liceum.eu\/#\/schema\/person\/image\/","url":"https:\/\/secure.gravatar.com\/avatar\/3a2bee53698f47ac117505a8a054d1e47e9ee9593c4c77dc18374aa80472d80c?s=96&d=mm&r=g","contentUrl":"https:\/\/secure.gravatar.com\/avatar\/3a2bee53698f47ac117505a8a054d1e47e9ee9593c4c77dc18374aa80472d80c?s=96&d=mm&r=g","caption":"Adam Dragan"},"sameAs":["http:\/\/2liceum.eu"]}]}},"_links":{"self":[{"href":"https:\/\/2liceum.eu\/index.php\/wp-json\/wp\/v2\/posts\/12135","targetHints":{"allow":["GET"]}}],"collection":[{"href":"https:\/\/2liceum.eu\/index.php\/wp-json\/wp\/v2\/posts"}],"about":[{"href":"https:\/\/2liceum.eu\/index.php\/wp-json\/wp\/v2\/types\/post"}],"author":[{"embeddable":true,"href":"https:\/\/2liceum.eu\/index.php\/wp-json\/wp\/v2\/users\/2"}],"replies":[{"embeddable":true,"href":"https:\/\/2liceum.eu\/index.php\/wp-json\/wp\/v2\/comments?post=12135"}],"version-history":[{"count":1,"href":"https:\/\/2liceum.eu\/index.php\/wp-json\/wp\/v2\/posts\/12135\/revisions"}],"predecessor-version":[{"id":12137,"href":"https:\/\/2liceum.eu\/index.php\/wp-json\/wp\/v2\/posts\/12135\/revisions\/12137"}],"wp:attachment":[{"href":"https:\/\/2liceum.eu\/index.php\/wp-json\/wp\/v2\/media?parent=12135"}],"wp:term":[{"taxonomy":"category","embeddable":true,"href":"https:\/\/2liceum.eu\/index.php\/wp-json\/wp\/v2\/categories?post=12135"},{"taxonomy":"post_tag","embeddable":true,"href":"https:\/\/2liceum.eu\/index.php\/wp-json\/wp\/v2\/tags?post=12135"}],"curies":[{"name":"wp","href":"https:\/\/api.w.org\/{rel}","templated":true}]}}