{"id":2435,"date":"2018-10-19T14:41:29","date_gmt":"2018-10-19T12:41:29","guid":{"rendered":"https:\/\/2liceum.eu\/?p=2435"},"modified":"2018-10-19T14:41:29","modified_gmt":"2018-10-19T12:41:29","slug":"22-pazdziernika-2018r-poniedzialek","status":"publish","type":"post","link":"https:\/\/2liceum.eu\/index.php\/2018\/10\/19\/22-pazdziernika-2018r-poniedzialek\/","title":{"rendered":"22 pa\u017adziernika 2018r. (poniedzia\u0142ek)"},"content":{"rendered":"<p>&nbsp;<\/p>\n<p>&nbsp;<\/p>\n<table width=\"0\">\n<tbody>\n<tr>\n<td width=\"57\">\n<h3>Za:<\/h3>\n<\/td>\n<td colspan=\"2\" width=\"174\">\n<h6>J. Frankiewicz<\/h6>\n<\/td>\n<td colspan=\"2\" width=\"188\">\n<h6>A. Dragan<\/h6>\n<\/td>\n<td colspan=\"2\" width=\"192\">\n<h6>&nbsp;<\/h6>\n<\/td>\n<\/tr>\n<tr>\n<td width=\"57\">\n<h3>Lekcja<\/h3>\n<\/td>\n<td width=\"39\">klasa<\/td>\n<td width=\"135\">nauczyciel zast\u0119puj\u0105cy<\/td>\n<td width=\"44\">klasa<\/td>\n<td width=\"144\">nauczyciel zast\u0119puj\u0105cy<\/td>\n<td width=\"46\">klasa<\/td>\n<td width=\"146\">nauczyciel zast\u0119puj\u0105cy<\/td>\n<\/tr>\n<tr>\n<td width=\"57\">\n<h3>1<\/h3>\n<\/td>\n<td width=\"39\">&nbsp;<\/td>\n<td width=\"135\">&nbsp;<\/td>\n<td width=\"44\">&nbsp;<\/td>\n<td width=\"144\">&nbsp;<\/td>\n<td width=\"46\">&nbsp;<\/td>\n<td width=\"146\">&nbsp;<\/td>\n<\/tr>\n<tr>\n<td width=\"57\">\n<h3>2<\/h3>\n<\/td>\n<td width=\"39\">&nbsp;<\/td>\n<td width=\"135\">&nbsp;<\/td>\n<td width=\"44\">&nbsp;<\/td>\n<td width=\"144\">&nbsp;<\/td>\n<td width=\"46\">&nbsp;<\/td>\n<td width=\"146\">&nbsp;<\/td>\n<\/tr>\n<tr>\n<td width=\"57\">\n<h3>3<\/h3>\n<\/td>\n<td width=\"39\">&nbsp;<\/td>\n<td width=\"135\">&nbsp;<\/td>\n<td width=\"44\">&nbsp;<\/td>\n<td width=\"144\">&nbsp;<\/td>\n<td width=\"46\">&nbsp;<\/td>\n<td width=\"146\">&nbsp;<\/td>\n<\/tr>\n<tr>\n<td width=\"57\">\n<h3>4<\/h3>\n<\/td>\n<td width=\"39\">&nbsp;<\/td>\n<td width=\"135\">&nbsp;<\/td>\n<td width=\"44\">&nbsp;<\/td>\n<td width=\"144\">&nbsp;<\/td>\n<td width=\"46\">&nbsp;<\/td>\n<td width=\"146\">&nbsp;<\/td>\n<\/tr>\n<tr>\n<td width=\"57\">\n<h3>5<\/h3>\n<\/td>\n<td width=\"39\">&nbsp;<\/td>\n<td width=\"135\">&nbsp;<\/td>\n<td width=\"44\">1d<\/td>\n<td width=\"144\">ca\u0142o\u015b\u0107 E. Gr\u0119da<br \/>\nj. angielski s.12<\/td>\n<td width=\"46\">&nbsp;<\/td>\n<td width=\"146\">&nbsp;<\/td>\n<\/tr>\n<tr>\n<td width=\"57\">\n<h3>6<\/h3>\n<\/td>\n<td width=\"39\">1b<\/td>\n<td width=\"135\">p. psycholog \u2013<br \/>\nP. Konopka<\/td>\n<td width=\"44\">1f<\/td>\n<td width=\"144\">ca\u0142o\u015b\u0107 J. Jaworska<br \/>\nj. angielski s.203<\/td>\n<td width=\"46\">&nbsp;<\/td>\n<td width=\"146\">&nbsp;<\/td>\n<\/tr>\n<tr>\n<td width=\"57\">\n<h3>7<\/h3>\n<\/td>\n<td width=\"39\">2c<\/td>\n<td width=\"135\">klasa zwolniona<br \/>\ndo domu<\/td>\n<td width=\"44\">&nbsp;<\/td>\n<td width=\"144\">&nbsp;<\/td>\n<td width=\"46\">&nbsp;<\/td>\n<td width=\"146\">&nbsp;<\/td>\n<\/tr>\n<\/tbody>\n<\/table>\n<p>&nbsp;<\/p>\n","protected":false},"excerpt":{"rendered":"<p>&nbsp; &nbsp; Za: J. Frankiewicz A. Dragan &nbsp; Lekcja klasa nauczyciel zast\u0119puj\u0105cy klasa nauczyciel zast\u0119puj\u0105cy klasa nauczyciel zast\u0119puj\u0105cy 1 &nbsp; &nbsp; &nbsp; &nbsp; &nbsp; &nbsp; 2 &nbsp; &nbsp; &nbsp; &nbsp; &nbsp; &nbsp; 3 &nbsp; &nbsp; &nbsp; &nbsp; &nbsp; &nbsp; 4 &nbsp; &nbsp; &nbsp; &nbsp; &nbsp; &nbsp; 5 &nbsp; &nbsp; 1d ca\u0142o\u015b\u0107 E. Gr\u0119da j. angielski [&hellip;]<\/p>\n","protected":false},"author":2,"featured_media":0,"comment_status":"open","ping_status":"open","sticky":false,"template":"","format":"standard","meta":{"ngg_post_thumbnail":0,"footnotes":""},"categories":[6],"tags":[],"class_list":["post-2435","post","type-post","status-publish","format-standard","hentry","category-zastepstwa"],"yoast_head":"<!-- This site is optimized with the Yoast SEO plugin v19.4 - https:\/\/yoast.com\/wordpress\/plugins\/seo\/ -->\n<title>22 pa\u017adziernika 2018r. (poniedzia\u0142ek) - II Liceum Og\u00f3lnokszta\u0142c\u0105ce w Lubinie<\/title>\n<meta name=\"robots\" content=\"index, follow, max-snippet:-1, max-image-preview:large, max-video-preview:-1\" \/>\n<link rel=\"canonical\" href=\"https:\/\/2liceum.eu\/index.php\/2018\/10\/19\/22-pazdziernika-2018r-poniedzialek\/\" \/>\n<meta property=\"og:locale\" content=\"pl_PL\" \/>\n<meta property=\"og:type\" content=\"article\" \/>\n<meta property=\"og:title\" content=\"22 pa\u017adziernika 2018r. (poniedzia\u0142ek) - II Liceum Og\u00f3lnokszta\u0142c\u0105ce w Lubinie\" \/>\n<meta property=\"og:description\" content=\"&nbsp; &nbsp; Za: J. Frankiewicz A. Dragan &nbsp; Lekcja klasa nauczyciel zast\u0119puj\u0105cy klasa nauczyciel zast\u0119puj\u0105cy klasa nauczyciel zast\u0119puj\u0105cy 1 &nbsp; &nbsp; &nbsp; &nbsp; &nbsp; &nbsp; 2 &nbsp; &nbsp; &nbsp; &nbsp; &nbsp; &nbsp; 3 &nbsp; &nbsp; &nbsp; &nbsp; &nbsp; &nbsp; 4 &nbsp; &nbsp; &nbsp; &nbsp; &nbsp; &nbsp; 5 &nbsp; &nbsp; 1d ca\u0142o\u015b\u0107 E. Gr\u0119da j. angielski [&hellip;]\" \/>\n<meta property=\"og:url\" content=\"https:\/\/2liceum.eu\/index.php\/2018\/10\/19\/22-pazdziernika-2018r-poniedzialek\/\" \/>\n<meta property=\"og:site_name\" content=\"II Liceum Og\u00f3lnokszta\u0142c\u0105ce w Lubinie\" \/>\n<meta property=\"article:publisher\" content=\"https:\/\/web.facebook.com\/IILOLubin\/\" \/>\n<meta property=\"article:published_time\" content=\"2018-10-19T12:41:29+00:00\" \/>\n<meta name=\"author\" content=\"Adam Dragan\" \/>\n<meta name=\"twitter:card\" content=\"summary_large_image\" \/>\n<meta name=\"twitter:label1\" content=\"Napisane przez\" \/>\n\t<meta name=\"twitter:data1\" content=\"Adam Dragan\" \/>\n<script type=\"application\/ld+json\" class=\"yoast-schema-graph\">{\"@context\":\"https:\/\/schema.org\",\"@graph\":[{\"@type\":\"Organization\",\"@id\":\"https:\/\/2liceum.eu\/#organization\",\"name\":\"II Liceum Og\u00f3lnokszta\u0142c\u0105ce w Lubinie\",\"url\":\"https:\/\/2liceum.eu\/\",\"sameAs\":[\"http:\/\/2lolubin\",\"https:\/\/www.youtube.com\/channel\/UCWjEMxRJYdfvxPhVOn-8g_g\",\"https:\/\/web.facebook.com\/IILOLubin\/\"],\"logo\":{\"@type\":\"ImageObject\",\"inLanguage\":\"pl-PL\",\"@id\":\"https:\/\/2liceum.eu\/#\/schema\/logo\/image\/\",\"url\":\"https:\/\/2liceum.eu\/wp-content\/uploads\/2018\/01\/pobrane.jpg\",\"contentUrl\":\"https:\/\/2liceum.eu\/wp-content\/uploads\/2018\/01\/pobrane.jpg\",\"width\":184,\"height\":183,\"caption\":\"II Liceum Og\u00f3lnokszta\u0142c\u0105ce w Lubinie\"},\"image\":{\"@id\":\"https:\/\/2liceum.eu\/#\/schema\/logo\/image\/\"}},{\"@type\":\"WebSite\",\"@id\":\"https:\/\/2liceum.eu\/#website\",\"url\":\"https:\/\/2liceum.eu\/\",\"name\":\"II Liceum Og\u00f3lnokszta\u0142c\u0105ce w Lubinie\",\"description\":\"Oficjalny portal II LO w Lubinie. Informacje o szkole, kadrze, zaj\u0119ciach dydaktycznych, ko\u0142ach zainteresowa\u0144, wolontariacie. Aktualno\u015bci. Galeria zdj\u0119\u0107.\",\"publisher\":{\"@id\":\"https:\/\/2liceum.eu\/#organization\"},\"potentialAction\":[{\"@type\":\"SearchAction\",\"target\":{\"@type\":\"EntryPoint\",\"urlTemplate\":\"https:\/\/2liceum.eu\/?s={search_term_string}\"},\"query-input\":\"required name=search_term_string\"}],\"inLanguage\":\"pl-PL\"},{\"@type\":\"WebPage\",\"@id\":\"https:\/\/2liceum.eu\/index.php\/2018\/10\/19\/22-pazdziernika-2018r-poniedzialek\/\",\"url\":\"https:\/\/2liceum.eu\/index.php\/2018\/10\/19\/22-pazdziernika-2018r-poniedzialek\/\",\"name\":\"22 pa\u017adziernika 2018r. (poniedzia\u0142ek) - II Liceum Og\u00f3lnokszta\u0142c\u0105ce w Lubinie\",\"isPartOf\":{\"@id\":\"https:\/\/2liceum.eu\/#website\"},\"datePublished\":\"2018-10-19T12:41:29+00:00\",\"dateModified\":\"2018-10-19T12:41:29+00:00\",\"breadcrumb\":{\"@id\":\"https:\/\/2liceum.eu\/index.php\/2018\/10\/19\/22-pazdziernika-2018r-poniedzialek\/#breadcrumb\"},\"inLanguage\":\"pl-PL\",\"potentialAction\":[{\"@type\":\"ReadAction\",\"target\":[\"https:\/\/2liceum.eu\/index.php\/2018\/10\/19\/22-pazdziernika-2018r-poniedzialek\/\"]}]},{\"@type\":\"BreadcrumbList\",\"@id\":\"https:\/\/2liceum.eu\/index.php\/2018\/10\/19\/22-pazdziernika-2018r-poniedzialek\/#breadcrumb\",\"itemListElement\":[{\"@type\":\"ListItem\",\"position\":1,\"name\":\"Strona g\u0142\u00f3wna\",\"item\":\"https:\/\/2liceum.eu\/\"},{\"@type\":\"ListItem\",\"position\":2,\"name\":\"22 pa\u017adziernika 2018r. (poniedzia\u0142ek)\"}]},{\"@type\":\"Article\",\"@id\":\"https:\/\/2liceum.eu\/index.php\/2018\/10\/19\/22-pazdziernika-2018r-poniedzialek\/#article\",\"isPartOf\":{\"@id\":\"https:\/\/2liceum.eu\/index.php\/2018\/10\/19\/22-pazdziernika-2018r-poniedzialek\/\"},\"author\":{\"name\":\"Adam Dragan\",\"@id\":\"https:\/\/2liceum.eu\/#\/schema\/person\/1a52557bfdaf047be954a8b190648da5\"},\"headline\":\"22 pa\u017adziernika 2018r. (poniedzia\u0142ek)\",\"datePublished\":\"2018-10-19T12:41:29+00:00\",\"dateModified\":\"2018-10-19T12:41:29+00:00\",\"mainEntityOfPage\":{\"@id\":\"https:\/\/2liceum.eu\/index.php\/2018\/10\/19\/22-pazdziernika-2018r-poniedzialek\/\"},\"wordCount\":91,\"commentCount\":0,\"publisher\":{\"@id\":\"https:\/\/2liceum.eu\/#organization\"},\"articleSection\":[\"Zast\u0119pstwa\"],\"inLanguage\":\"pl-PL\",\"potentialAction\":[{\"@type\":\"CommentAction\",\"name\":\"Comment\",\"target\":[\"https:\/\/2liceum.eu\/index.php\/2018\/10\/19\/22-pazdziernika-2018r-poniedzialek\/#respond\"]}]},{\"@type\":\"Person\",\"@id\":\"https:\/\/2liceum.eu\/#\/schema\/person\/1a52557bfdaf047be954a8b190648da5\",\"name\":\"Adam Dragan\",\"image\":{\"@type\":\"ImageObject\",\"inLanguage\":\"pl-PL\",\"@id\":\"https:\/\/2liceum.eu\/#\/schema\/person\/image\/\",\"url\":\"https:\/\/secure.gravatar.com\/avatar\/3a2bee53698f47ac117505a8a054d1e47e9ee9593c4c77dc18374aa80472d80c?s=96&d=mm&r=g\",\"contentUrl\":\"https:\/\/secure.gravatar.com\/avatar\/3a2bee53698f47ac117505a8a054d1e47e9ee9593c4c77dc18374aa80472d80c?s=96&d=mm&r=g\",\"caption\":\"Adam Dragan\"},\"sameAs\":[\"http:\/\/2liceum.eu\"]}]}<\/script>\n<!-- \/ Yoast SEO plugin. -->","yoast_head_json":{"title":"22 pa\u017adziernika 2018r. (poniedzia\u0142ek) - II Liceum Og\u00f3lnokszta\u0142c\u0105ce w Lubinie","robots":{"index":"index","follow":"follow","max-snippet":"max-snippet:-1","max-image-preview":"max-image-preview:large","max-video-preview":"max-video-preview:-1"},"canonical":"https:\/\/2liceum.eu\/index.php\/2018\/10\/19\/22-pazdziernika-2018r-poniedzialek\/","og_locale":"pl_PL","og_type":"article","og_title":"22 pa\u017adziernika 2018r. (poniedzia\u0142ek) - II Liceum Og\u00f3lnokszta\u0142c\u0105ce w Lubinie","og_description":"&nbsp; &nbsp; Za: J. Frankiewicz A. Dragan &nbsp; Lekcja klasa nauczyciel zast\u0119puj\u0105cy klasa nauczyciel zast\u0119puj\u0105cy klasa nauczyciel zast\u0119puj\u0105cy 1 &nbsp; &nbsp; &nbsp; &nbsp; &nbsp; &nbsp; 2 &nbsp; &nbsp; &nbsp; &nbsp; &nbsp; &nbsp; 3 &nbsp; &nbsp; &nbsp; &nbsp; &nbsp; &nbsp; 4 &nbsp; &nbsp; &nbsp; &nbsp; &nbsp; &nbsp; 5 &nbsp; &nbsp; 1d ca\u0142o\u015b\u0107 E. Gr\u0119da j. angielski [&hellip;]","og_url":"https:\/\/2liceum.eu\/index.php\/2018\/10\/19\/22-pazdziernika-2018r-poniedzialek\/","og_site_name":"II Liceum Og\u00f3lnokszta\u0142c\u0105ce w Lubinie","article_publisher":"https:\/\/web.facebook.com\/IILOLubin\/","article_published_time":"2018-10-19T12:41:29+00:00","author":"Adam Dragan","twitter_card":"summary_large_image","twitter_misc":{"Napisane przez":"Adam Dragan"},"schema":{"@context":"https:\/\/schema.org","@graph":[{"@type":"Organization","@id":"https:\/\/2liceum.eu\/#organization","name":"II Liceum Og\u00f3lnokszta\u0142c\u0105ce w Lubinie","url":"https:\/\/2liceum.eu\/","sameAs":["http:\/\/2lolubin","https:\/\/www.youtube.com\/channel\/UCWjEMxRJYdfvxPhVOn-8g_g","https:\/\/web.facebook.com\/IILOLubin\/"],"logo":{"@type":"ImageObject","inLanguage":"pl-PL","@id":"https:\/\/2liceum.eu\/#\/schema\/logo\/image\/","url":"https:\/\/2liceum.eu\/wp-content\/uploads\/2018\/01\/pobrane.jpg","contentUrl":"https:\/\/2liceum.eu\/wp-content\/uploads\/2018\/01\/pobrane.jpg","width":184,"height":183,"caption":"II Liceum Og\u00f3lnokszta\u0142c\u0105ce w Lubinie"},"image":{"@id":"https:\/\/2liceum.eu\/#\/schema\/logo\/image\/"}},{"@type":"WebSite","@id":"https:\/\/2liceum.eu\/#website","url":"https:\/\/2liceum.eu\/","name":"II Liceum Og\u00f3lnokszta\u0142c\u0105ce w Lubinie","description":"Oficjalny portal II LO w Lubinie. Informacje o szkole, kadrze, zaj\u0119ciach dydaktycznych, ko\u0142ach zainteresowa\u0144, wolontariacie. Aktualno\u015bci. Galeria zdj\u0119\u0107.","publisher":{"@id":"https:\/\/2liceum.eu\/#organization"},"potentialAction":[{"@type":"SearchAction","target":{"@type":"EntryPoint","urlTemplate":"https:\/\/2liceum.eu\/?s={search_term_string}"},"query-input":"required name=search_term_string"}],"inLanguage":"pl-PL"},{"@type":"WebPage","@id":"https:\/\/2liceum.eu\/index.php\/2018\/10\/19\/22-pazdziernika-2018r-poniedzialek\/","url":"https:\/\/2liceum.eu\/index.php\/2018\/10\/19\/22-pazdziernika-2018r-poniedzialek\/","name":"22 pa\u017adziernika 2018r. (poniedzia\u0142ek) - II Liceum Og\u00f3lnokszta\u0142c\u0105ce w Lubinie","isPartOf":{"@id":"https:\/\/2liceum.eu\/#website"},"datePublished":"2018-10-19T12:41:29+00:00","dateModified":"2018-10-19T12:41:29+00:00","breadcrumb":{"@id":"https:\/\/2liceum.eu\/index.php\/2018\/10\/19\/22-pazdziernika-2018r-poniedzialek\/#breadcrumb"},"inLanguage":"pl-PL","potentialAction":[{"@type":"ReadAction","target":["https:\/\/2liceum.eu\/index.php\/2018\/10\/19\/22-pazdziernika-2018r-poniedzialek\/"]}]},{"@type":"BreadcrumbList","@id":"https:\/\/2liceum.eu\/index.php\/2018\/10\/19\/22-pazdziernika-2018r-poniedzialek\/#breadcrumb","itemListElement":[{"@type":"ListItem","position":1,"name":"Strona g\u0142\u00f3wna","item":"https:\/\/2liceum.eu\/"},{"@type":"ListItem","position":2,"name":"22 pa\u017adziernika 2018r. (poniedzia\u0142ek)"}]},{"@type":"Article","@id":"https:\/\/2liceum.eu\/index.php\/2018\/10\/19\/22-pazdziernika-2018r-poniedzialek\/#article","isPartOf":{"@id":"https:\/\/2liceum.eu\/index.php\/2018\/10\/19\/22-pazdziernika-2018r-poniedzialek\/"},"author":{"name":"Adam Dragan","@id":"https:\/\/2liceum.eu\/#\/schema\/person\/1a52557bfdaf047be954a8b190648da5"},"headline":"22 pa\u017adziernika 2018r. (poniedzia\u0142ek)","datePublished":"2018-10-19T12:41:29+00:00","dateModified":"2018-10-19T12:41:29+00:00","mainEntityOfPage":{"@id":"https:\/\/2liceum.eu\/index.php\/2018\/10\/19\/22-pazdziernika-2018r-poniedzialek\/"},"wordCount":91,"commentCount":0,"publisher":{"@id":"https:\/\/2liceum.eu\/#organization"},"articleSection":["Zast\u0119pstwa"],"inLanguage":"pl-PL","potentialAction":[{"@type":"CommentAction","name":"Comment","target":["https:\/\/2liceum.eu\/index.php\/2018\/10\/19\/22-pazdziernika-2018r-poniedzialek\/#respond"]}]},{"@type":"Person","@id":"https:\/\/2liceum.eu\/#\/schema\/person\/1a52557bfdaf047be954a8b190648da5","name":"Adam Dragan","image":{"@type":"ImageObject","inLanguage":"pl-PL","@id":"https:\/\/2liceum.eu\/#\/schema\/person\/image\/","url":"https:\/\/secure.gravatar.com\/avatar\/3a2bee53698f47ac117505a8a054d1e47e9ee9593c4c77dc18374aa80472d80c?s=96&d=mm&r=g","contentUrl":"https:\/\/secure.gravatar.com\/avatar\/3a2bee53698f47ac117505a8a054d1e47e9ee9593c4c77dc18374aa80472d80c?s=96&d=mm&r=g","caption":"Adam Dragan"},"sameAs":["http:\/\/2liceum.eu"]}]}},"_links":{"self":[{"href":"https:\/\/2liceum.eu\/index.php\/wp-json\/wp\/v2\/posts\/2435","targetHints":{"allow":["GET"]}}],"collection":[{"href":"https:\/\/2liceum.eu\/index.php\/wp-json\/wp\/v2\/posts"}],"about":[{"href":"https:\/\/2liceum.eu\/index.php\/wp-json\/wp\/v2\/types\/post"}],"author":[{"embeddable":true,"href":"https:\/\/2liceum.eu\/index.php\/wp-json\/wp\/v2\/users\/2"}],"replies":[{"embeddable":true,"href":"https:\/\/2liceum.eu\/index.php\/wp-json\/wp\/v2\/comments?post=2435"}],"version-history":[{"count":1,"href":"https:\/\/2liceum.eu\/index.php\/wp-json\/wp\/v2\/posts\/2435\/revisions"}],"predecessor-version":[{"id":2436,"href":"https:\/\/2liceum.eu\/index.php\/wp-json\/wp\/v2\/posts\/2435\/revisions\/2436"}],"wp:attachment":[{"href":"https:\/\/2liceum.eu\/index.php\/wp-json\/wp\/v2\/media?parent=2435"}],"wp:term":[{"taxonomy":"category","embeddable":true,"href":"https:\/\/2liceum.eu\/index.php\/wp-json\/wp\/v2\/categories?post=2435"},{"taxonomy":"post_tag","embeddable":true,"href":"https:\/\/2liceum.eu\/index.php\/wp-json\/wp\/v2\/tags?post=2435"}],"curies":[{"name":"wp","href":"https:\/\/api.w.org\/{rel}","templated":true}]}}