{"id":2439,"date":"2018-10-23T11:33:29","date_gmt":"2018-10-23T09:33:29","guid":{"rendered":"https:\/\/2liceum.eu\/?p=2439"},"modified":"2018-10-23T14:27:36","modified_gmt":"2018-10-23T12:27:36","slug":"24-pazdziernika-2018r-sroda","status":"publish","type":"post","link":"https:\/\/2liceum.eu\/index.php\/2018\/10\/23\/24-pazdziernika-2018r-sroda\/","title":{"rendered":"24 pa\u017adziernika 2018r. (\u015broda)"},"content":{"rendered":"<table width=\"0\">\n<tbody>\n<tr>\n<td width=\"57\">\n<h3>Za:<\/h3>\n<\/td>\n<td colspan=\"2\" width=\"174\">\n<h6>J. Frankiewicz<\/h6>\n<\/td>\n<td colspan=\"2\" width=\"188\">\n<h6>O. Aubek<\/h6>\n<\/td>\n<td colspan=\"2\" width=\"192\">\n<h6>L. Bartosiewicz<\/h6>\n<\/td>\n<\/tr>\n<tr>\n<td width=\"57\">\n<h3>Lekcja<\/h3>\n<\/td>\n<td width=\"39\">klasa<\/td>\n<td width=\"135\">nauczyciel zast\u0119puj\u0105cy<\/td>\n<td width=\"44\">klasa<\/td>\n<td width=\"144\">nauczyciel zast\u0119puj\u0105cy<\/td>\n<td width=\"46\">klasa<\/td>\n<td width=\"146\">nauczyciel zast\u0119puj\u0105cy<\/td>\n<\/tr>\n<tr>\n<td width=\"57\">\n<h3>1<\/h3>\n<\/td>\n<td width=\"39\">&nbsp;<\/td>\n<td width=\"135\">&nbsp;<\/td>\n<td width=\"44\">1e<\/td>\n<td width=\"144\">klasa na 8<sup>55<\/sup><\/td>\n<td width=\"46\">&nbsp;<\/td>\n<td width=\"146\">&nbsp;<\/td>\n<\/tr>\n<tr>\n<td width=\"57\">\n<h3>2<\/h3>\n<\/td>\n<td width=\"39\">&nbsp;<\/td>\n<td width=\"135\">&nbsp;<\/td>\n<td width=\"44\">3a<\/td>\n<td width=\"144\">warsztaty<\/td>\n<td width=\"46\">&nbsp;<\/td>\n<td width=\"146\">&nbsp;<\/td>\n<\/tr>\n<tr>\n<td width=\"57\">\n<h3>3<\/h3>\n<\/td>\n<td width=\"39\">&nbsp;<\/td>\n<td width=\"135\">&nbsp;<\/td>\n<td width=\"44\">3e<\/td>\n<td width=\"144\">E. Garnowska G.W.<br \/>\nza 6 lekcj\u0119 s.12<\/td>\n<td width=\"46\">2a<\/td>\n<td width=\"146\">A. Kopcza za 3a fizyka s.215<\/td>\n<\/tr>\n<tr>\n<td width=\"57\">\n<h3>4<\/h3>\n<\/td>\n<td width=\"39\">&nbsp;<\/td>\n<td width=\"135\">&nbsp;<\/td>\n<td width=\"44\">1b<\/td>\n<td width=\"144\">p. pedagog<br \/>\nJ. Golubi\u0144ska &#8211; Bartosik<\/td>\n<td width=\"46\">2d<\/td>\n<td width=\"146\">T. B\u00f3b hist. i spo\u0142. za 3a s.01<\/td>\n<\/tr>\n<tr>\n<td width=\"57\">\n<h3>5<\/h3>\n<\/td>\n<td width=\"39\">&nbsp;<\/td>\n<td width=\"135\">&nbsp;<\/td>\n<td width=\"44\">&nbsp;<\/td>\n<td width=\"144\">&nbsp;<\/td>\n<td width=\"46\">3c<\/td>\n<td width=\"146\">M. Szadkowska<br \/>\nj. angielski&nbsp; za 3a s.105 <strong>(tylko grupa<br \/>\np. M. Szadkowskiej, druga grupa do domu)<\/strong><\/td>\n<\/tr>\n<tr>\n<td width=\"57\">\n<h3>6<\/h3>\n<\/td>\n<td width=\"39\">3d<\/td>\n<td width=\"135\">klasa zwolniona<br \/>\ndo domu<\/td>\n<td width=\"44\">&nbsp;<\/td>\n<td width=\"144\">&nbsp;<\/td>\n<td width=\"46\">3c<\/td>\n<td width=\"146\">klasa zwolniona<br \/>\ndo domu<\/td>\n<\/tr>\n<tr>\n<td width=\"57\">\n<h3>7<\/h3>\n<\/td>\n<td width=\"39\">1c<\/td>\n<td width=\"135\">klasa zwolniona<br \/>\ndo domu<\/td>\n<td width=\"44\">&nbsp;<\/td>\n<td width=\"144\">&nbsp;<\/td>\n<td width=\"46\">3e<\/td>\n<td width=\"146\">klasa zwolniona<br \/>\ndo domu<\/td>\n<\/tr>\n<tr>\n<td width=\"57\">\n<h3>8<\/h3>\n<\/td>\n<td width=\"39\">1e<\/td>\n<td width=\"135\">klasa zwolniona<br \/>\ndo domu<\/td>\n<td width=\"44\">&nbsp;<\/td>\n<td width=\"144\">&nbsp;<\/td>\n<td width=\"46\">&nbsp;<\/td>\n<td width=\"146\">&nbsp;<\/td>\n<\/tr>\n<tr>\n<td width=\"57\">\n<h3>Za:<\/h3>\n<\/td>\n<td colspan=\"2\" width=\"174\">\n<h6>I. Kuriata &#8211; G\u00f3rczyk<\/h6>\n<\/td>\n<td colspan=\"2\" width=\"188\">\n<h6>J. Grodek &#8211; Kabat<\/h6>\n<\/td>\n<td colspan=\"2\" width=\"192\">\n<h6>A. Szykulska<\/h6>\n<\/td>\n<\/tr>\n<tr>\n<td width=\"57\">\n<h3>Lekcja<\/h3>\n<\/td>\n<td width=\"39\">klasa<\/td>\n<td width=\"135\">nauczyciel zast\u0119puj\u0105cy<\/td>\n<td width=\"44\">klasa<\/td>\n<td width=\"144\">nauczyciel zast\u0119puj\u0105cy<\/td>\n<td width=\"46\">klasa<\/td>\n<td width=\"146\">nauczyciel zast\u0119puj\u0105cy<\/td>\n<\/tr>\n<tr>\n<td width=\"57\">\n<h3>1<\/h3>\n<\/td>\n<td width=\"39\">1b<\/td>\n<td width=\"135\">klasa na 8<sup>55<\/sup><\/td>\n<td width=\"44\">2d<\/td>\n<td width=\"144\">grupa na 8<sup>55<\/sup><\/td>\n<td width=\"46\">1d<\/td>\n<td width=\"146\">klasa na 8<sup>55<\/sup><\/td>\n<\/tr>\n<tr>\n<td width=\"57\">\n<h3>2<\/h3>\n<\/td>\n<td width=\"39\">1b<\/td>\n<td width=\"135\">ks. J. Garus religia za 8 lekcj\u0119 29 X s.010<\/td>\n<td width=\"44\">3b<\/td>\n<td width=\"144\">ca\u0142o\u015b\u0107 J. Jaworska<br \/>\nj. angielski s.203<\/td>\n<td width=\"46\">1e<\/td>\n<td width=\"146\">klasa na 9<sup>50<\/sup><\/td>\n<\/tr>\n<tr>\n<td width=\"57\">\n<h3>3<\/h3>\n<\/td>\n<td width=\"39\">3d<\/td>\n<td width=\"135\">J. Jaworska<br \/>\nj. angielski za 3a s.203<\/td>\n<td width=\"44\">1a<\/td>\n<td width=\"144\">ca\u0142o\u015b\u0107 M. Lipowska j. angielski s. 213<\/td>\n<td width=\"46\">&nbsp;<\/td>\n<td width=\"146\">&nbsp;<\/td>\n<\/tr>\n<tr>\n<td width=\"57\">\n<h3>4<\/h3>\n<\/td>\n<td width=\"39\">3d<\/td>\n<td width=\"135\">ks. J. Garus<br \/>\nza 5 lekcj\u0119 s.010<\/td>\n<td width=\"44\">&nbsp;<\/td>\n<td width=\"144\">&nbsp;<\/td>\n<td width=\"46\">1a<\/td>\n<td width=\"146\">A. Kopcza<br \/>\nza 7 lekcj\u0119<br \/>\nw czwartek 25 X s.215<\/td>\n<\/tr>\n<tr>\n<td width=\"57\">\n<h3>5<\/h3>\n<\/td>\n<td width=\"39\">&nbsp;<\/td>\n<td width=\"135\">&nbsp;<\/td>\n<td width=\"44\">&nbsp;<\/td>\n<td width=\"144\">&nbsp;<\/td>\n<td width=\"46\">1c<\/td>\n<td width=\"146\">p. psycholog \u2013<br \/>\nP. Konopka<\/td>\n<\/tr>\n<tr>\n<td width=\"57\">\n<h3>6<\/h3>\n<\/td>\n<td width=\"39\">&nbsp;<\/td>\n<td width=\"135\">&nbsp;<\/td>\n<td width=\"44\">&nbsp;<\/td>\n<td width=\"144\">&nbsp;<\/td>\n<td width=\"46\">1b<\/td>\n<td width=\"146\">kino<\/td>\n<\/tr>\n<tr>\n<td width=\"57\">\n<h3>7<\/h3>\n<\/td>\n<td width=\"39\">&nbsp;<\/td>\n<td width=\"135\">&nbsp;<\/td>\n<td width=\"44\">&nbsp;<\/td>\n<td width=\"144\">&nbsp;<\/td>\n<td width=\"46\">1a<\/td>\n<td width=\"146\">klasa zwolniona<br \/>\ndo domu<\/td>\n<\/tr>\n<\/tbody>\n<\/table>\n","protected":false},"excerpt":{"rendered":"<p>Za: J. Frankiewicz O. Aubek L. Bartosiewicz Lekcja klasa nauczyciel zast\u0119puj\u0105cy klasa nauczyciel zast\u0119puj\u0105cy klasa nauczyciel zast\u0119puj\u0105cy 1 &nbsp; &nbsp; 1e klasa na 855 &nbsp; &nbsp; 2 &nbsp; &nbsp; 3a warsztaty &nbsp; &nbsp; 3 &nbsp; &nbsp; 3e E. Garnowska G.W. za 6 lekcj\u0119 s.12 2a A. Kopcza za 3a fizyka s.215 4 &nbsp; &nbsp; 1b [&hellip;]<\/p>\n","protected":false},"author":2,"featured_media":0,"comment_status":"open","ping_status":"open","sticky":false,"template":"","format":"standard","meta":{"ngg_post_thumbnail":0,"footnotes":""},"categories":[6],"tags":[],"class_list":["post-2439","post","type-post","status-publish","format-standard","hentry","category-zastepstwa"],"yoast_head":"<!-- This site is optimized with the Yoast SEO plugin v19.4 - https:\/\/yoast.com\/wordpress\/plugins\/seo\/ -->\n<title>24 pa\u017adziernika 2018r. (\u015broda) - II Liceum Og\u00f3lnokszta\u0142c\u0105ce w Lubinie<\/title>\n<meta name=\"robots\" content=\"index, follow, max-snippet:-1, max-image-preview:large, max-video-preview:-1\" \/>\n<link rel=\"canonical\" href=\"https:\/\/2liceum.eu\/index.php\/2018\/10\/23\/24-pazdziernika-2018r-sroda\/\" \/>\n<meta property=\"og:locale\" content=\"pl_PL\" \/>\n<meta property=\"og:type\" content=\"article\" \/>\n<meta property=\"og:title\" content=\"24 pa\u017adziernika 2018r. (\u015broda) - II Liceum Og\u00f3lnokszta\u0142c\u0105ce w Lubinie\" \/>\n<meta property=\"og:description\" content=\"Za: J. Frankiewicz O. Aubek L. Bartosiewicz Lekcja klasa nauczyciel zast\u0119puj\u0105cy klasa nauczyciel zast\u0119puj\u0105cy klasa nauczyciel zast\u0119puj\u0105cy 1 &nbsp; &nbsp; 1e klasa na 855 &nbsp; &nbsp; 2 &nbsp; &nbsp; 3a warsztaty &nbsp; &nbsp; 3 &nbsp; &nbsp; 3e E. Garnowska G.W. za 6 lekcj\u0119 s.12 2a A. Kopcza za 3a fizyka s.215 4 &nbsp; &nbsp; 1b [&hellip;]\" \/>\n<meta property=\"og:url\" content=\"https:\/\/2liceum.eu\/index.php\/2018\/10\/23\/24-pazdziernika-2018r-sroda\/\" \/>\n<meta property=\"og:site_name\" content=\"II Liceum Og\u00f3lnokszta\u0142c\u0105ce w Lubinie\" \/>\n<meta property=\"article:publisher\" content=\"https:\/\/web.facebook.com\/IILOLubin\/\" \/>\n<meta property=\"article:published_time\" content=\"2018-10-23T09:33:29+00:00\" \/>\n<meta property=\"article:modified_time\" content=\"2018-10-23T12:27:36+00:00\" \/>\n<meta name=\"author\" content=\"Adam Dragan\" \/>\n<meta name=\"twitter:card\" content=\"summary_large_image\" \/>\n<meta name=\"twitter:label1\" content=\"Napisane przez\" \/>\n\t<meta name=\"twitter:data1\" content=\"Adam Dragan\" \/>\n\t<meta name=\"twitter:label2\" content=\"Szacowany czas czytania\" \/>\n\t<meta name=\"twitter:data2\" content=\"1 minuta\" \/>\n<script type=\"application\/ld+json\" class=\"yoast-schema-graph\">{\"@context\":\"https:\/\/schema.org\",\"@graph\":[{\"@type\":\"Organization\",\"@id\":\"https:\/\/2liceum.eu\/#organization\",\"name\":\"II Liceum Og\u00f3lnokszta\u0142c\u0105ce w Lubinie\",\"url\":\"https:\/\/2liceum.eu\/\",\"sameAs\":[\"http:\/\/2lolubin\",\"https:\/\/www.youtube.com\/channel\/UCWjEMxRJYdfvxPhVOn-8g_g\",\"https:\/\/web.facebook.com\/IILOLubin\/\"],\"logo\":{\"@type\":\"ImageObject\",\"inLanguage\":\"pl-PL\",\"@id\":\"https:\/\/2liceum.eu\/#\/schema\/logo\/image\/\",\"url\":\"https:\/\/2liceum.eu\/wp-content\/uploads\/2018\/01\/pobrane.jpg\",\"contentUrl\":\"https:\/\/2liceum.eu\/wp-content\/uploads\/2018\/01\/pobrane.jpg\",\"width\":184,\"height\":183,\"caption\":\"II Liceum Og\u00f3lnokszta\u0142c\u0105ce w Lubinie\"},\"image\":{\"@id\":\"https:\/\/2liceum.eu\/#\/schema\/logo\/image\/\"}},{\"@type\":\"WebSite\",\"@id\":\"https:\/\/2liceum.eu\/#website\",\"url\":\"https:\/\/2liceum.eu\/\",\"name\":\"II Liceum Og\u00f3lnokszta\u0142c\u0105ce w Lubinie\",\"description\":\"Oficjalny portal II LO w Lubinie. Informacje o szkole, kadrze, zaj\u0119ciach dydaktycznych, ko\u0142ach zainteresowa\u0144, wolontariacie. Aktualno\u015bci. Galeria zdj\u0119\u0107.\",\"publisher\":{\"@id\":\"https:\/\/2liceum.eu\/#organization\"},\"potentialAction\":[{\"@type\":\"SearchAction\",\"target\":{\"@type\":\"EntryPoint\",\"urlTemplate\":\"https:\/\/2liceum.eu\/?s={search_term_string}\"},\"query-input\":\"required name=search_term_string\"}],\"inLanguage\":\"pl-PL\"},{\"@type\":\"WebPage\",\"@id\":\"https:\/\/2liceum.eu\/index.php\/2018\/10\/23\/24-pazdziernika-2018r-sroda\/\",\"url\":\"https:\/\/2liceum.eu\/index.php\/2018\/10\/23\/24-pazdziernika-2018r-sroda\/\",\"name\":\"24 pa\u017adziernika 2018r. (\u015broda) - II Liceum Og\u00f3lnokszta\u0142c\u0105ce w Lubinie\",\"isPartOf\":{\"@id\":\"https:\/\/2liceum.eu\/#website\"},\"datePublished\":\"2018-10-23T09:33:29+00:00\",\"dateModified\":\"2018-10-23T12:27:36+00:00\",\"breadcrumb\":{\"@id\":\"https:\/\/2liceum.eu\/index.php\/2018\/10\/23\/24-pazdziernika-2018r-sroda\/#breadcrumb\"},\"inLanguage\":\"pl-PL\",\"potentialAction\":[{\"@type\":\"ReadAction\",\"target\":[\"https:\/\/2liceum.eu\/index.php\/2018\/10\/23\/24-pazdziernika-2018r-sroda\/\"]}]},{\"@type\":\"BreadcrumbList\",\"@id\":\"https:\/\/2liceum.eu\/index.php\/2018\/10\/23\/24-pazdziernika-2018r-sroda\/#breadcrumb\",\"itemListElement\":[{\"@type\":\"ListItem\",\"position\":1,\"name\":\"Strona g\u0142\u00f3wna\",\"item\":\"https:\/\/2liceum.eu\/\"},{\"@type\":\"ListItem\",\"position\":2,\"name\":\"24 pa\u017adziernika 2018r. (\u015broda)\"}]},{\"@type\":\"Article\",\"@id\":\"https:\/\/2liceum.eu\/index.php\/2018\/10\/23\/24-pazdziernika-2018r-sroda\/#article\",\"isPartOf\":{\"@id\":\"https:\/\/2liceum.eu\/index.php\/2018\/10\/23\/24-pazdziernika-2018r-sroda\/\"},\"author\":{\"name\":\"Adam Dragan\",\"@id\":\"https:\/\/2liceum.eu\/#\/schema\/person\/1a52557bfdaf047be954a8b190648da5\"},\"headline\":\"24 pa\u017adziernika 2018r. (\u015broda)\",\"datePublished\":\"2018-10-23T09:33:29+00:00\",\"dateModified\":\"2018-10-23T12:27:36+00:00\",\"mainEntityOfPage\":{\"@id\":\"https:\/\/2liceum.eu\/index.php\/2018\/10\/23\/24-pazdziernika-2018r-sroda\/\"},\"wordCount\":249,\"commentCount\":0,\"publisher\":{\"@id\":\"https:\/\/2liceum.eu\/#organization\"},\"articleSection\":[\"Zast\u0119pstwa\"],\"inLanguage\":\"pl-PL\",\"potentialAction\":[{\"@type\":\"CommentAction\",\"name\":\"Comment\",\"target\":[\"https:\/\/2liceum.eu\/index.php\/2018\/10\/23\/24-pazdziernika-2018r-sroda\/#respond\"]}]},{\"@type\":\"Person\",\"@id\":\"https:\/\/2liceum.eu\/#\/schema\/person\/1a52557bfdaf047be954a8b190648da5\",\"name\":\"Adam Dragan\",\"image\":{\"@type\":\"ImageObject\",\"inLanguage\":\"pl-PL\",\"@id\":\"https:\/\/2liceum.eu\/#\/schema\/person\/image\/\",\"url\":\"https:\/\/secure.gravatar.com\/avatar\/3a2bee53698f47ac117505a8a054d1e47e9ee9593c4c77dc18374aa80472d80c?s=96&d=mm&r=g\",\"contentUrl\":\"https:\/\/secure.gravatar.com\/avatar\/3a2bee53698f47ac117505a8a054d1e47e9ee9593c4c77dc18374aa80472d80c?s=96&d=mm&r=g\",\"caption\":\"Adam Dragan\"},\"sameAs\":[\"http:\/\/2liceum.eu\"]}]}<\/script>\n<!-- \/ Yoast SEO plugin. -->","yoast_head_json":{"title":"24 pa\u017adziernika 2018r. (\u015broda) - II Liceum Og\u00f3lnokszta\u0142c\u0105ce w Lubinie","robots":{"index":"index","follow":"follow","max-snippet":"max-snippet:-1","max-image-preview":"max-image-preview:large","max-video-preview":"max-video-preview:-1"},"canonical":"https:\/\/2liceum.eu\/index.php\/2018\/10\/23\/24-pazdziernika-2018r-sroda\/","og_locale":"pl_PL","og_type":"article","og_title":"24 pa\u017adziernika 2018r. (\u015broda) - II Liceum Og\u00f3lnokszta\u0142c\u0105ce w Lubinie","og_description":"Za: J. Frankiewicz O. Aubek L. Bartosiewicz Lekcja klasa nauczyciel zast\u0119puj\u0105cy klasa nauczyciel zast\u0119puj\u0105cy klasa nauczyciel zast\u0119puj\u0105cy 1 &nbsp; &nbsp; 1e klasa na 855 &nbsp; &nbsp; 2 &nbsp; &nbsp; 3a warsztaty &nbsp; &nbsp; 3 &nbsp; &nbsp; 3e E. Garnowska G.W. za 6 lekcj\u0119 s.12 2a A. Kopcza za 3a fizyka s.215 4 &nbsp; &nbsp; 1b [&hellip;]","og_url":"https:\/\/2liceum.eu\/index.php\/2018\/10\/23\/24-pazdziernika-2018r-sroda\/","og_site_name":"II Liceum Og\u00f3lnokszta\u0142c\u0105ce w Lubinie","article_publisher":"https:\/\/web.facebook.com\/IILOLubin\/","article_published_time":"2018-10-23T09:33:29+00:00","article_modified_time":"2018-10-23T12:27:36+00:00","author":"Adam Dragan","twitter_card":"summary_large_image","twitter_misc":{"Napisane przez":"Adam Dragan","Szacowany czas czytania":"1 minuta"},"schema":{"@context":"https:\/\/schema.org","@graph":[{"@type":"Organization","@id":"https:\/\/2liceum.eu\/#organization","name":"II Liceum Og\u00f3lnokszta\u0142c\u0105ce w Lubinie","url":"https:\/\/2liceum.eu\/","sameAs":["http:\/\/2lolubin","https:\/\/www.youtube.com\/channel\/UCWjEMxRJYdfvxPhVOn-8g_g","https:\/\/web.facebook.com\/IILOLubin\/"],"logo":{"@type":"ImageObject","inLanguage":"pl-PL","@id":"https:\/\/2liceum.eu\/#\/schema\/logo\/image\/","url":"https:\/\/2liceum.eu\/wp-content\/uploads\/2018\/01\/pobrane.jpg","contentUrl":"https:\/\/2liceum.eu\/wp-content\/uploads\/2018\/01\/pobrane.jpg","width":184,"height":183,"caption":"II Liceum Og\u00f3lnokszta\u0142c\u0105ce w Lubinie"},"image":{"@id":"https:\/\/2liceum.eu\/#\/schema\/logo\/image\/"}},{"@type":"WebSite","@id":"https:\/\/2liceum.eu\/#website","url":"https:\/\/2liceum.eu\/","name":"II Liceum Og\u00f3lnokszta\u0142c\u0105ce w Lubinie","description":"Oficjalny portal II LO w Lubinie. Informacje o szkole, kadrze, zaj\u0119ciach dydaktycznych, ko\u0142ach zainteresowa\u0144, wolontariacie. Aktualno\u015bci. Galeria zdj\u0119\u0107.","publisher":{"@id":"https:\/\/2liceum.eu\/#organization"},"potentialAction":[{"@type":"SearchAction","target":{"@type":"EntryPoint","urlTemplate":"https:\/\/2liceum.eu\/?s={search_term_string}"},"query-input":"required name=search_term_string"}],"inLanguage":"pl-PL"},{"@type":"WebPage","@id":"https:\/\/2liceum.eu\/index.php\/2018\/10\/23\/24-pazdziernika-2018r-sroda\/","url":"https:\/\/2liceum.eu\/index.php\/2018\/10\/23\/24-pazdziernika-2018r-sroda\/","name":"24 pa\u017adziernika 2018r. (\u015broda) - II Liceum Og\u00f3lnokszta\u0142c\u0105ce w Lubinie","isPartOf":{"@id":"https:\/\/2liceum.eu\/#website"},"datePublished":"2018-10-23T09:33:29+00:00","dateModified":"2018-10-23T12:27:36+00:00","breadcrumb":{"@id":"https:\/\/2liceum.eu\/index.php\/2018\/10\/23\/24-pazdziernika-2018r-sroda\/#breadcrumb"},"inLanguage":"pl-PL","potentialAction":[{"@type":"ReadAction","target":["https:\/\/2liceum.eu\/index.php\/2018\/10\/23\/24-pazdziernika-2018r-sroda\/"]}]},{"@type":"BreadcrumbList","@id":"https:\/\/2liceum.eu\/index.php\/2018\/10\/23\/24-pazdziernika-2018r-sroda\/#breadcrumb","itemListElement":[{"@type":"ListItem","position":1,"name":"Strona g\u0142\u00f3wna","item":"https:\/\/2liceum.eu\/"},{"@type":"ListItem","position":2,"name":"24 pa\u017adziernika 2018r. (\u015broda)"}]},{"@type":"Article","@id":"https:\/\/2liceum.eu\/index.php\/2018\/10\/23\/24-pazdziernika-2018r-sroda\/#article","isPartOf":{"@id":"https:\/\/2liceum.eu\/index.php\/2018\/10\/23\/24-pazdziernika-2018r-sroda\/"},"author":{"name":"Adam Dragan","@id":"https:\/\/2liceum.eu\/#\/schema\/person\/1a52557bfdaf047be954a8b190648da5"},"headline":"24 pa\u017adziernika 2018r. (\u015broda)","datePublished":"2018-10-23T09:33:29+00:00","dateModified":"2018-10-23T12:27:36+00:00","mainEntityOfPage":{"@id":"https:\/\/2liceum.eu\/index.php\/2018\/10\/23\/24-pazdziernika-2018r-sroda\/"},"wordCount":249,"commentCount":0,"publisher":{"@id":"https:\/\/2liceum.eu\/#organization"},"articleSection":["Zast\u0119pstwa"],"inLanguage":"pl-PL","potentialAction":[{"@type":"CommentAction","name":"Comment","target":["https:\/\/2liceum.eu\/index.php\/2018\/10\/23\/24-pazdziernika-2018r-sroda\/#respond"]}]},{"@type":"Person","@id":"https:\/\/2liceum.eu\/#\/schema\/person\/1a52557bfdaf047be954a8b190648da5","name":"Adam Dragan","image":{"@type":"ImageObject","inLanguage":"pl-PL","@id":"https:\/\/2liceum.eu\/#\/schema\/person\/image\/","url":"https:\/\/secure.gravatar.com\/avatar\/3a2bee53698f47ac117505a8a054d1e47e9ee9593c4c77dc18374aa80472d80c?s=96&d=mm&r=g","contentUrl":"https:\/\/secure.gravatar.com\/avatar\/3a2bee53698f47ac117505a8a054d1e47e9ee9593c4c77dc18374aa80472d80c?s=96&d=mm&r=g","caption":"Adam Dragan"},"sameAs":["http:\/\/2liceum.eu"]}]}},"_links":{"self":[{"href":"https:\/\/2liceum.eu\/index.php\/wp-json\/wp\/v2\/posts\/2439","targetHints":{"allow":["GET"]}}],"collection":[{"href":"https:\/\/2liceum.eu\/index.php\/wp-json\/wp\/v2\/posts"}],"about":[{"href":"https:\/\/2liceum.eu\/index.php\/wp-json\/wp\/v2\/types\/post"}],"author":[{"embeddable":true,"href":"https:\/\/2liceum.eu\/index.php\/wp-json\/wp\/v2\/users\/2"}],"replies":[{"embeddable":true,"href":"https:\/\/2liceum.eu\/index.php\/wp-json\/wp\/v2\/comments?post=2439"}],"version-history":[{"count":2,"href":"https:\/\/2liceum.eu\/index.php\/wp-json\/wp\/v2\/posts\/2439\/revisions"}],"predecessor-version":[{"id":2441,"href":"https:\/\/2liceum.eu\/index.php\/wp-json\/wp\/v2\/posts\/2439\/revisions\/2441"}],"wp:attachment":[{"href":"https:\/\/2liceum.eu\/index.php\/wp-json\/wp\/v2\/media?parent=2439"}],"wp:term":[{"taxonomy":"category","embeddable":true,"href":"https:\/\/2liceum.eu\/index.php\/wp-json\/wp\/v2\/categories?post=2439"},{"taxonomy":"post_tag","embeddable":true,"href":"https:\/\/2liceum.eu\/index.php\/wp-json\/wp\/v2\/tags?post=2439"}],"curies":[{"name":"wp","href":"https:\/\/api.w.org\/{rel}","templated":true}]}}