{"id":2442,"date":"2018-10-24T15:02:12","date_gmt":"2018-10-24T13:02:12","guid":{"rendered":"https:\/\/2liceum.eu\/?p=2442"},"modified":"2018-10-24T15:11:34","modified_gmt":"2018-10-24T13:11:34","slug":"25-pazdziernika-2018r-czwartek","status":"publish","type":"post","link":"https:\/\/2liceum.eu\/index.php\/2018\/10\/24\/25-pazdziernika-2018r-czwartek\/","title":{"rendered":"25 pa\u017adziernika 2018r. (czwartek)"},"content":{"rendered":"<p>&nbsp;<\/p>\n<table width=\"0\">\n<tbody>\n<tr>\n<td width=\"57\">\n<h3>Za:<\/h3>\n<\/td>\n<td colspan=\"2\" width=\"174\">\n<h6>J. Frankiewicz<\/h6>\n<\/td>\n<td colspan=\"2\" width=\"188\">\n<h6>L. Bartosiewicz<\/h6>\n<\/td>\n<td colspan=\"2\" width=\"192\">\n<h6>A. Szykulska<\/h6>\n<\/td>\n<\/tr>\n<tr>\n<td width=\"57\">\n<h3>Lekcja<\/h3>\n<\/td>\n<td width=\"39\">klasa<\/td>\n<td width=\"135\">nauczyciel zast\u0119puj\u0105cy<\/td>\n<td width=\"44\">klasa<\/td>\n<td width=\"144\">nauczyciel zast\u0119puj\u0105cy<\/td>\n<td width=\"46\">klasa<\/td>\n<td width=\"146\">nauczyciel zast\u0119puj\u0105cy<\/td>\n<\/tr>\n<tr>\n<td width=\"57\">\n<h3>3<\/h3>\n<\/td>\n<td width=\"39\">&nbsp;<\/td>\n<td width=\"135\">&nbsp;<\/td>\n<td width=\"44\">&nbsp;<\/td>\n<td width=\"144\">&nbsp;<\/td>\n<td width=\"46\">1b<\/td>\n<td width=\"146\">p. pedagog<br \/>\nJ. Golubi\u0144ska \u2013 Bartosik<\/td>\n<\/tr>\n<tr>\n<td width=\"57\">\n<h3>4<\/h3>\n<\/td>\n<td width=\"39\">3d<\/td>\n<td width=\"135\">ca\u0142o\u015b\u0107 M. Lech<br \/>\nj. angielski s.04<\/td>\n<td width=\"44\">3c<\/td>\n<td width=\"144\">klasa zwolniona<br \/>\ndo domu<\/td>\n<td width=\"46\">1f<\/td>\n<td width=\"146\">J. Jastrz\u0119bski religia za 6 lekcj\u0119 w pi\u0105tek 26 X<\/td>\n<\/tr>\n<tr>\n<td width=\"57\">\n<h3>5<\/h3>\n<\/td>\n<td width=\"39\">3d<\/td>\n<td width=\"135\">ca\u0142o\u015b\u0107 A. P\u0119ka\u0142a<br \/>\nj. angielski s.103<\/td>\n<td width=\"44\">3e<\/td>\n<td width=\"144\">rozprawa<\/td>\n<td width=\"46\">&nbsp;<\/td>\n<td width=\"146\">&nbsp;<\/td>\n<\/tr>\n<tr>\n<td width=\"57\">\n<h3>6<\/h3>\n<\/td>\n<td width=\"39\">1b<\/td>\n<td width=\"135\">klasa zwolniona<br \/>\ndo domu<\/td>\n<td width=\"44\">2d<\/td>\n<td width=\"144\">p. pedagog<br \/>\nJ. Golubi\u0144ska \u2013 Bartosik<\/td>\n<td width=\"46\">1e<\/td>\n<td width=\"146\">klasa zwolniona do domu<strong> religia z 7 lekcji do odpracowania na 7 lekcji w pi\u0105tek 09 XI<\/strong><\/td>\n<\/tr>\n<tr>\n<td width=\"57\">\n<h3>7<\/h3>\n<\/td>\n<td width=\"39\">2c<\/td>\n<td width=\"135\">klasa zwolniona<br \/>\ndo domu<\/td>\n<td width=\"44\">2a<\/td>\n<td width=\"144\">klasa zwolniona do domu <strong>religia z 8 lekcji do odpracowania na 8 lekcji w \u015brod\u0119 31 X<\/strong><\/td>\n<td width=\"46\">&nbsp;<\/td>\n<td width=\"146\">&nbsp;<\/td>\n<\/tr>\n<tr>\n<td width=\"57\">\n<h3>8<\/h3>\n<\/td>\n<td width=\"39\">&nbsp;<\/td>\n<td width=\"135\">&nbsp;<\/td>\n<td width=\"44\">2d<\/td>\n<td width=\"144\">klasa zwolniona<br \/>\ndo domu<\/td>\n<td width=\"46\">&nbsp;<\/td>\n<td width=\"146\">&nbsp;<\/td>\n<\/tr>\n<tr>\n<td width=\"57\">\n<h3>Za:<\/h3>\n<\/td>\n<td colspan=\"2\" width=\"174\">\n<h6>J. Grodek &#8211; Kabat<\/h6>\n<\/td>\n<td colspan=\"2\" width=\"188\">\n<h6>M. Zaj\u0105czkowska<\/h6>\n<\/td>\n<td colspan=\"2\" width=\"192\">\n<h6>I. Kuriata &#8211; G\u00f3rczyk<\/h6>\n<\/td>\n<\/tr>\n<tr>\n<td width=\"57\">\n<h3>Lekcja<\/h3>\n<\/td>\n<td width=\"39\">klasa<\/td>\n<td width=\"135\">nauczyciel zast\u0119puj\u0105cy<\/td>\n<td width=\"44\">klasa<\/td>\n<td width=\"144\">nauczyciel zast\u0119puj\u0105cy<\/td>\n<td width=\"46\">klasa<\/td>\n<td width=\"146\">nauczyciel zast\u0119puj\u0105cy<\/td>\n<\/tr>\n<tr>\n<td width=\"57\">\n<h3>1<\/h3>\n<\/td>\n<td width=\"39\">2d<\/td>\n<td width=\"135\">grupa na 8<sup>55<\/sup><\/td>\n<td width=\"44\">3c<\/td>\n<td width=\"144\">grupa na 8<sup>55<\/sup><\/td>\n<td width=\"46\">&nbsp;<\/td>\n<td width=\"146\">&nbsp;<\/td>\n<\/tr>\n<tr>\n<td width=\"57\">\n<h3>2<\/h3>\n<\/td>\n<td width=\"39\">3b<\/td>\n<td width=\"135\">ca\u0142o\u015b\u0107 J. Jaworska j. angielski s.203<\/td>\n<td width=\"44\">&nbsp;<\/td>\n<td width=\"144\">&nbsp;<\/td>\n<td width=\"46\">3d<\/td>\n<td width=\"146\">p. psycholog \u2013<br \/>\nP. Konopka<\/td>\n<\/tr>\n<tr>\n<td width=\"57\">\n<h3>3<\/h3>\n<\/td>\n<td width=\"39\">1a<\/td>\n<td width=\"135\">ca\u0142o\u015b\u0107<br \/>\nM. Lipowska <em>historia sportu<\/em><\/td>\n<td width=\"44\">&nbsp;<\/td>\n<td width=\"144\">&nbsp;<\/td>\n<td width=\"46\">3d<\/td>\n<td width=\"146\">M. Zaj\u0105czkowska (p) biologia s.214<\/td>\n<\/tr>\n<tr>\n<td width=\"57\">\n<h3>4<\/h3>\n<\/td>\n<td width=\"39\">&nbsp;<\/td>\n<td width=\"135\">&nbsp;<\/td>\n<td width=\"44\">&nbsp;<\/td>\n<td width=\"144\"><em>&nbsp;<\/em><\/td>\n<td width=\"46\">1e<\/td>\n<td width=\"146\">M. Lipowska za 3e<\/p>\n<p><em>dw\u00f3jkowe spotkania<\/em><\/td>\n<\/tr>\n<tr>\n<td width=\"57\">\n<h3>5<\/h3>\n<\/td>\n<td width=\"39\">&nbsp;<\/td>\n<td width=\"135\">&nbsp;<\/td>\n<td width=\"44\">&nbsp;<\/td>\n<td width=\"144\">&nbsp;<\/td>\n<td width=\"46\">1e<\/td>\n<td width=\"146\">p. pedagog<br \/>\nJ. Golubi\u0144ska \u2013 Bartosik <em>spektakl<\/em><\/td>\n<\/tr>\n<tr>\n<td width=\"57\">\n<h3>Za:<\/h3>\n<\/td>\n<td colspan=\"2\" width=\"174\">\n<h6>T. B\u00f3b<\/h6>\n<\/td>\n<td colspan=\"2\" width=\"188\">\n<h6>&nbsp;<\/h6>\n<\/td>\n<td colspan=\"2\" width=\"192\">\n<h6>&nbsp;<\/h6>\n<\/td>\n<\/tr>\n<tr>\n<td width=\"57\">\n<h3>Lekcja<\/h3>\n<\/td>\n<td width=\"39\">klasa<\/td>\n<td width=\"135\">nauczyciel zast\u0119puj\u0105cy<\/td>\n<td width=\"44\">klasa<\/td>\n<td width=\"144\">nauczyciel zast\u0119puj\u0105cy<\/td>\n<td width=\"46\">klasa<\/td>\n<td width=\"146\">nauczyciel zast\u0119puj\u0105cy<\/td>\n<\/tr>\n<tr>\n<td width=\"57\">\n<h3>2<\/h3>\n<\/td>\n<td width=\"39\">1e<\/td>\n<td width=\"135\">M. Lipowska (p) hist. i spo\u0142.<\/td>\n<td width=\"44\">&nbsp;<\/td>\n<td width=\"144\">&nbsp;<\/td>\n<td width=\"46\">&nbsp;<\/td>\n<td width=\"146\">&nbsp;<\/td>\n<\/tr>\n<tr>\n<td width=\"57\">\n<h3>3<\/h3>\n<\/td>\n<td width=\"39\">&nbsp;<\/td>\n<td width=\"135\">&nbsp;<\/td>\n<td width=\"44\">&nbsp;<\/td>\n<td width=\"144\">&nbsp;<\/td>\n<td width=\"46\">&nbsp;<\/td>\n<td width=\"146\">&nbsp;<\/td>\n<\/tr>\n<tr>\n<td width=\"57\">\n<h3>4<\/h3>\n<\/td>\n<td width=\"39\">3a<\/td>\n<td width=\"135\">E. Gr\u0119da za 3e<\/p>\n<p><em>spektakl<\/em><\/td>\n<td width=\"44\">&nbsp;<\/td>\n<td width=\"144\"><em>&nbsp;<\/em><\/td>\n<td width=\"46\">&nbsp;<\/td>\n<td width=\"146\"><em>&nbsp;<\/em><\/td>\n<\/tr>\n<tr>\n<td width=\"57\">\n<h3>5<\/h3>\n<\/td>\n<td width=\"39\">3c<\/td>\n<td width=\"135\">klasa zwolniona<br \/>\ndo domu<\/td>\n<td width=\"44\">&nbsp;<\/td>\n<td width=\"144\">&nbsp;<\/td>\n<td width=\"46\">&nbsp;<\/td>\n<td width=\"146\"><em>&nbsp;<\/em><\/td>\n<\/tr>\n<\/tbody>\n<\/table>\n<p><strong>3e: 3-5 lekcja \u2013 wyj\u015bcie do s\u0105du na rozpraw\u0119 pod op. p. Adama Dragana; <\/strong><\/p>\n<p><strong>zaj\u0119cia z sali nr 13 przeniesione do 08; <\/strong><\/p>\n<p><strong>zaj\u0119cia z sali 108 przeniesione do 202; <\/strong><\/p>\n<p><strong>zaj\u0119cia z sali 12 przeniesione do 105;<\/strong><\/p>\n<p><strong>&nbsp;<\/strong><\/p>\n<p><strong>!!! UWAGA UCZNIOWIE, OBOWI\u0104ZUJE STR\u00d3J GALOWY!!!!<\/strong><\/p>\n","protected":false},"excerpt":{"rendered":"<p>&nbsp; Za: J. Frankiewicz L. Bartosiewicz A. Szykulska Lekcja klasa nauczyciel zast\u0119puj\u0105cy klasa nauczyciel zast\u0119puj\u0105cy klasa nauczyciel zast\u0119puj\u0105cy 3 &nbsp; &nbsp; &nbsp; &nbsp; 1b p. pedagog J. Golubi\u0144ska \u2013 Bartosik 4 3d ca\u0142o\u015b\u0107 M. Lech j. angielski s.04 3c klasa zwolniona do domu 1f J. Jastrz\u0119bski religia za 6 lekcj\u0119 w pi\u0105tek 26 X 5 [&hellip;]<\/p>\n","protected":false},"author":2,"featured_media":0,"comment_status":"open","ping_status":"open","sticky":false,"template":"","format":"standard","meta":{"ngg_post_thumbnail":0,"footnotes":""},"categories":[6],"tags":[],"class_list":["post-2442","post","type-post","status-publish","format-standard","hentry","category-zastepstwa"],"yoast_head":"<!-- This site is optimized with the Yoast SEO plugin v19.4 - https:\/\/yoast.com\/wordpress\/plugins\/seo\/ -->\n<title>25 pa\u017adziernika 2018r. (czwartek) - II Liceum Og\u00f3lnokszta\u0142c\u0105ce w Lubinie<\/title>\n<meta name=\"robots\" content=\"index, follow, max-snippet:-1, max-image-preview:large, max-video-preview:-1\" \/>\n<link rel=\"canonical\" href=\"https:\/\/2liceum.eu\/index.php\/2018\/10\/24\/25-pazdziernika-2018r-czwartek\/\" \/>\n<meta property=\"og:locale\" content=\"pl_PL\" \/>\n<meta property=\"og:type\" content=\"article\" \/>\n<meta property=\"og:title\" content=\"25 pa\u017adziernika 2018r. (czwartek) - II Liceum Og\u00f3lnokszta\u0142c\u0105ce w Lubinie\" \/>\n<meta property=\"og:description\" content=\"&nbsp; Za: J. Frankiewicz L. Bartosiewicz A. Szykulska Lekcja klasa nauczyciel zast\u0119puj\u0105cy klasa nauczyciel zast\u0119puj\u0105cy klasa nauczyciel zast\u0119puj\u0105cy 3 &nbsp; &nbsp; &nbsp; &nbsp; 1b p. pedagog J. Golubi\u0144ska \u2013 Bartosik 4 3d ca\u0142o\u015b\u0107 M. Lech j. angielski s.04 3c klasa zwolniona do domu 1f J. Jastrz\u0119bski religia za 6 lekcj\u0119 w pi\u0105tek 26 X 5 [&hellip;]\" \/>\n<meta property=\"og:url\" content=\"https:\/\/2liceum.eu\/index.php\/2018\/10\/24\/25-pazdziernika-2018r-czwartek\/\" \/>\n<meta property=\"og:site_name\" content=\"II Liceum Og\u00f3lnokszta\u0142c\u0105ce w Lubinie\" \/>\n<meta property=\"article:publisher\" content=\"https:\/\/web.facebook.com\/IILOLubin\/\" \/>\n<meta property=\"article:published_time\" content=\"2018-10-24T13:02:12+00:00\" \/>\n<meta property=\"article:modified_time\" content=\"2018-10-24T13:11:34+00:00\" \/>\n<meta name=\"author\" content=\"Adam Dragan\" \/>\n<meta name=\"twitter:card\" content=\"summary_large_image\" \/>\n<meta name=\"twitter:label1\" content=\"Napisane przez\" \/>\n\t<meta name=\"twitter:data1\" content=\"Adam Dragan\" \/>\n\t<meta name=\"twitter:label2\" content=\"Szacowany czas czytania\" \/>\n\t<meta name=\"twitter:data2\" content=\"2 minuty\" \/>\n<script type=\"application\/ld+json\" class=\"yoast-schema-graph\">{\"@context\":\"https:\/\/schema.org\",\"@graph\":[{\"@type\":\"Organization\",\"@id\":\"https:\/\/2liceum.eu\/#organization\",\"name\":\"II Liceum Og\u00f3lnokszta\u0142c\u0105ce w Lubinie\",\"url\":\"https:\/\/2liceum.eu\/\",\"sameAs\":[\"http:\/\/2lolubin\",\"https:\/\/www.youtube.com\/channel\/UCWjEMxRJYdfvxPhVOn-8g_g\",\"https:\/\/web.facebook.com\/IILOLubin\/\"],\"logo\":{\"@type\":\"ImageObject\",\"inLanguage\":\"pl-PL\",\"@id\":\"https:\/\/2liceum.eu\/#\/schema\/logo\/image\/\",\"url\":\"https:\/\/2liceum.eu\/wp-content\/uploads\/2018\/01\/pobrane.jpg\",\"contentUrl\":\"https:\/\/2liceum.eu\/wp-content\/uploads\/2018\/01\/pobrane.jpg\",\"width\":184,\"height\":183,\"caption\":\"II Liceum Og\u00f3lnokszta\u0142c\u0105ce w Lubinie\"},\"image\":{\"@id\":\"https:\/\/2liceum.eu\/#\/schema\/logo\/image\/\"}},{\"@type\":\"WebSite\",\"@id\":\"https:\/\/2liceum.eu\/#website\",\"url\":\"https:\/\/2liceum.eu\/\",\"name\":\"II Liceum Og\u00f3lnokszta\u0142c\u0105ce w Lubinie\",\"description\":\"Oficjalny portal II LO w Lubinie. Informacje o szkole, kadrze, zaj\u0119ciach dydaktycznych, ko\u0142ach zainteresowa\u0144, wolontariacie. Aktualno\u015bci. Galeria zdj\u0119\u0107.\",\"publisher\":{\"@id\":\"https:\/\/2liceum.eu\/#organization\"},\"potentialAction\":[{\"@type\":\"SearchAction\",\"target\":{\"@type\":\"EntryPoint\",\"urlTemplate\":\"https:\/\/2liceum.eu\/?s={search_term_string}\"},\"query-input\":\"required name=search_term_string\"}],\"inLanguage\":\"pl-PL\"},{\"@type\":\"WebPage\",\"@id\":\"https:\/\/2liceum.eu\/index.php\/2018\/10\/24\/25-pazdziernika-2018r-czwartek\/\",\"url\":\"https:\/\/2liceum.eu\/index.php\/2018\/10\/24\/25-pazdziernika-2018r-czwartek\/\",\"name\":\"25 pa\u017adziernika 2018r. (czwartek) - II Liceum Og\u00f3lnokszta\u0142c\u0105ce w Lubinie\",\"isPartOf\":{\"@id\":\"https:\/\/2liceum.eu\/#website\"},\"datePublished\":\"2018-10-24T13:02:12+00:00\",\"dateModified\":\"2018-10-24T13:11:34+00:00\",\"breadcrumb\":{\"@id\":\"https:\/\/2liceum.eu\/index.php\/2018\/10\/24\/25-pazdziernika-2018r-czwartek\/#breadcrumb\"},\"inLanguage\":\"pl-PL\",\"potentialAction\":[{\"@type\":\"ReadAction\",\"target\":[\"https:\/\/2liceum.eu\/index.php\/2018\/10\/24\/25-pazdziernika-2018r-czwartek\/\"]}]},{\"@type\":\"BreadcrumbList\",\"@id\":\"https:\/\/2liceum.eu\/index.php\/2018\/10\/24\/25-pazdziernika-2018r-czwartek\/#breadcrumb\",\"itemListElement\":[{\"@type\":\"ListItem\",\"position\":1,\"name\":\"Strona g\u0142\u00f3wna\",\"item\":\"https:\/\/2liceum.eu\/\"},{\"@type\":\"ListItem\",\"position\":2,\"name\":\"25 pa\u017adziernika 2018r. (czwartek)\"}]},{\"@type\":\"Article\",\"@id\":\"https:\/\/2liceum.eu\/index.php\/2018\/10\/24\/25-pazdziernika-2018r-czwartek\/#article\",\"isPartOf\":{\"@id\":\"https:\/\/2liceum.eu\/index.php\/2018\/10\/24\/25-pazdziernika-2018r-czwartek\/\"},\"author\":{\"name\":\"Adam Dragan\",\"@id\":\"https:\/\/2liceum.eu\/#\/schema\/person\/1a52557bfdaf047be954a8b190648da5\"},\"headline\":\"25 pa\u017adziernika 2018r. (czwartek)\",\"datePublished\":\"2018-10-24T13:02:12+00:00\",\"dateModified\":\"2018-10-24T13:11:34+00:00\",\"mainEntityOfPage\":{\"@id\":\"https:\/\/2liceum.eu\/index.php\/2018\/10\/24\/25-pazdziernika-2018r-czwartek\/\"},\"wordCount\":329,\"commentCount\":0,\"publisher\":{\"@id\":\"https:\/\/2liceum.eu\/#organization\"},\"articleSection\":[\"Zast\u0119pstwa\"],\"inLanguage\":\"pl-PL\",\"potentialAction\":[{\"@type\":\"CommentAction\",\"name\":\"Comment\",\"target\":[\"https:\/\/2liceum.eu\/index.php\/2018\/10\/24\/25-pazdziernika-2018r-czwartek\/#respond\"]}]},{\"@type\":\"Person\",\"@id\":\"https:\/\/2liceum.eu\/#\/schema\/person\/1a52557bfdaf047be954a8b190648da5\",\"name\":\"Adam Dragan\",\"image\":{\"@type\":\"ImageObject\",\"inLanguage\":\"pl-PL\",\"@id\":\"https:\/\/2liceum.eu\/#\/schema\/person\/image\/\",\"url\":\"https:\/\/secure.gravatar.com\/avatar\/3a2bee53698f47ac117505a8a054d1e47e9ee9593c4c77dc18374aa80472d80c?s=96&d=mm&r=g\",\"contentUrl\":\"https:\/\/secure.gravatar.com\/avatar\/3a2bee53698f47ac117505a8a054d1e47e9ee9593c4c77dc18374aa80472d80c?s=96&d=mm&r=g\",\"caption\":\"Adam Dragan\"},\"sameAs\":[\"http:\/\/2liceum.eu\"]}]}<\/script>\n<!-- \/ Yoast SEO plugin. -->","yoast_head_json":{"title":"25 pa\u017adziernika 2018r. (czwartek) - II Liceum Og\u00f3lnokszta\u0142c\u0105ce w Lubinie","robots":{"index":"index","follow":"follow","max-snippet":"max-snippet:-1","max-image-preview":"max-image-preview:large","max-video-preview":"max-video-preview:-1"},"canonical":"https:\/\/2liceum.eu\/index.php\/2018\/10\/24\/25-pazdziernika-2018r-czwartek\/","og_locale":"pl_PL","og_type":"article","og_title":"25 pa\u017adziernika 2018r. (czwartek) - II Liceum Og\u00f3lnokszta\u0142c\u0105ce w Lubinie","og_description":"&nbsp; Za: J. Frankiewicz L. Bartosiewicz A. Szykulska Lekcja klasa nauczyciel zast\u0119puj\u0105cy klasa nauczyciel zast\u0119puj\u0105cy klasa nauczyciel zast\u0119puj\u0105cy 3 &nbsp; &nbsp; &nbsp; &nbsp; 1b p. pedagog J. Golubi\u0144ska \u2013 Bartosik 4 3d ca\u0142o\u015b\u0107 M. Lech j. angielski s.04 3c klasa zwolniona do domu 1f J. Jastrz\u0119bski religia za 6 lekcj\u0119 w pi\u0105tek 26 X 5 [&hellip;]","og_url":"https:\/\/2liceum.eu\/index.php\/2018\/10\/24\/25-pazdziernika-2018r-czwartek\/","og_site_name":"II Liceum Og\u00f3lnokszta\u0142c\u0105ce w Lubinie","article_publisher":"https:\/\/web.facebook.com\/IILOLubin\/","article_published_time":"2018-10-24T13:02:12+00:00","article_modified_time":"2018-10-24T13:11:34+00:00","author":"Adam Dragan","twitter_card":"summary_large_image","twitter_misc":{"Napisane przez":"Adam Dragan","Szacowany czas czytania":"2 minuty"},"schema":{"@context":"https:\/\/schema.org","@graph":[{"@type":"Organization","@id":"https:\/\/2liceum.eu\/#organization","name":"II Liceum Og\u00f3lnokszta\u0142c\u0105ce w Lubinie","url":"https:\/\/2liceum.eu\/","sameAs":["http:\/\/2lolubin","https:\/\/www.youtube.com\/channel\/UCWjEMxRJYdfvxPhVOn-8g_g","https:\/\/web.facebook.com\/IILOLubin\/"],"logo":{"@type":"ImageObject","inLanguage":"pl-PL","@id":"https:\/\/2liceum.eu\/#\/schema\/logo\/image\/","url":"https:\/\/2liceum.eu\/wp-content\/uploads\/2018\/01\/pobrane.jpg","contentUrl":"https:\/\/2liceum.eu\/wp-content\/uploads\/2018\/01\/pobrane.jpg","width":184,"height":183,"caption":"II Liceum Og\u00f3lnokszta\u0142c\u0105ce w Lubinie"},"image":{"@id":"https:\/\/2liceum.eu\/#\/schema\/logo\/image\/"}},{"@type":"WebSite","@id":"https:\/\/2liceum.eu\/#website","url":"https:\/\/2liceum.eu\/","name":"II Liceum Og\u00f3lnokszta\u0142c\u0105ce w Lubinie","description":"Oficjalny portal II LO w Lubinie. Informacje o szkole, kadrze, zaj\u0119ciach dydaktycznych, ko\u0142ach zainteresowa\u0144, wolontariacie. Aktualno\u015bci. Galeria zdj\u0119\u0107.","publisher":{"@id":"https:\/\/2liceum.eu\/#organization"},"potentialAction":[{"@type":"SearchAction","target":{"@type":"EntryPoint","urlTemplate":"https:\/\/2liceum.eu\/?s={search_term_string}"},"query-input":"required name=search_term_string"}],"inLanguage":"pl-PL"},{"@type":"WebPage","@id":"https:\/\/2liceum.eu\/index.php\/2018\/10\/24\/25-pazdziernika-2018r-czwartek\/","url":"https:\/\/2liceum.eu\/index.php\/2018\/10\/24\/25-pazdziernika-2018r-czwartek\/","name":"25 pa\u017adziernika 2018r. (czwartek) - II Liceum Og\u00f3lnokszta\u0142c\u0105ce w Lubinie","isPartOf":{"@id":"https:\/\/2liceum.eu\/#website"},"datePublished":"2018-10-24T13:02:12+00:00","dateModified":"2018-10-24T13:11:34+00:00","breadcrumb":{"@id":"https:\/\/2liceum.eu\/index.php\/2018\/10\/24\/25-pazdziernika-2018r-czwartek\/#breadcrumb"},"inLanguage":"pl-PL","potentialAction":[{"@type":"ReadAction","target":["https:\/\/2liceum.eu\/index.php\/2018\/10\/24\/25-pazdziernika-2018r-czwartek\/"]}]},{"@type":"BreadcrumbList","@id":"https:\/\/2liceum.eu\/index.php\/2018\/10\/24\/25-pazdziernika-2018r-czwartek\/#breadcrumb","itemListElement":[{"@type":"ListItem","position":1,"name":"Strona g\u0142\u00f3wna","item":"https:\/\/2liceum.eu\/"},{"@type":"ListItem","position":2,"name":"25 pa\u017adziernika 2018r. (czwartek)"}]},{"@type":"Article","@id":"https:\/\/2liceum.eu\/index.php\/2018\/10\/24\/25-pazdziernika-2018r-czwartek\/#article","isPartOf":{"@id":"https:\/\/2liceum.eu\/index.php\/2018\/10\/24\/25-pazdziernika-2018r-czwartek\/"},"author":{"name":"Adam Dragan","@id":"https:\/\/2liceum.eu\/#\/schema\/person\/1a52557bfdaf047be954a8b190648da5"},"headline":"25 pa\u017adziernika 2018r. (czwartek)","datePublished":"2018-10-24T13:02:12+00:00","dateModified":"2018-10-24T13:11:34+00:00","mainEntityOfPage":{"@id":"https:\/\/2liceum.eu\/index.php\/2018\/10\/24\/25-pazdziernika-2018r-czwartek\/"},"wordCount":329,"commentCount":0,"publisher":{"@id":"https:\/\/2liceum.eu\/#organization"},"articleSection":["Zast\u0119pstwa"],"inLanguage":"pl-PL","potentialAction":[{"@type":"CommentAction","name":"Comment","target":["https:\/\/2liceum.eu\/index.php\/2018\/10\/24\/25-pazdziernika-2018r-czwartek\/#respond"]}]},{"@type":"Person","@id":"https:\/\/2liceum.eu\/#\/schema\/person\/1a52557bfdaf047be954a8b190648da5","name":"Adam Dragan","image":{"@type":"ImageObject","inLanguage":"pl-PL","@id":"https:\/\/2liceum.eu\/#\/schema\/person\/image\/","url":"https:\/\/secure.gravatar.com\/avatar\/3a2bee53698f47ac117505a8a054d1e47e9ee9593c4c77dc18374aa80472d80c?s=96&d=mm&r=g","contentUrl":"https:\/\/secure.gravatar.com\/avatar\/3a2bee53698f47ac117505a8a054d1e47e9ee9593c4c77dc18374aa80472d80c?s=96&d=mm&r=g","caption":"Adam Dragan"},"sameAs":["http:\/\/2liceum.eu"]}]}},"_links":{"self":[{"href":"https:\/\/2liceum.eu\/index.php\/wp-json\/wp\/v2\/posts\/2442","targetHints":{"allow":["GET"]}}],"collection":[{"href":"https:\/\/2liceum.eu\/index.php\/wp-json\/wp\/v2\/posts"}],"about":[{"href":"https:\/\/2liceum.eu\/index.php\/wp-json\/wp\/v2\/types\/post"}],"author":[{"embeddable":true,"href":"https:\/\/2liceum.eu\/index.php\/wp-json\/wp\/v2\/users\/2"}],"replies":[{"embeddable":true,"href":"https:\/\/2liceum.eu\/index.php\/wp-json\/wp\/v2\/comments?post=2442"}],"version-history":[{"count":2,"href":"https:\/\/2liceum.eu\/index.php\/wp-json\/wp\/v2\/posts\/2442\/revisions"}],"predecessor-version":[{"id":2447,"href":"https:\/\/2liceum.eu\/index.php\/wp-json\/wp\/v2\/posts\/2442\/revisions\/2447"}],"wp:attachment":[{"href":"https:\/\/2liceum.eu\/index.php\/wp-json\/wp\/v2\/media?parent=2442"}],"wp:term":[{"taxonomy":"category","embeddable":true,"href":"https:\/\/2liceum.eu\/index.php\/wp-json\/wp\/v2\/categories?post=2442"},{"taxonomy":"post_tag","embeddable":true,"href":"https:\/\/2liceum.eu\/index.php\/wp-json\/wp\/v2\/tags?post=2442"}],"curies":[{"name":"wp","href":"https:\/\/api.w.org\/{rel}","templated":true}]}}