{"id":2923,"date":"2018-11-09T14:41:19","date_gmt":"2018-11-09T13:41:19","guid":{"rendered":"https:\/\/2liceum.eu\/?p=2923"},"modified":"2018-11-09T14:41:19","modified_gmt":"2018-11-09T13:41:19","slug":"zakonczenie-tygodnia-witaj-niepodlegla-w-ii-lo","status":"publish","type":"post","link":"https:\/\/2liceum.eu\/index.php\/2018\/11\/09\/zakonczenie-tygodnia-witaj-niepodlegla-w-ii-lo\/","title":{"rendered":"Zako\u0144czenie tygodnia &#8222;Witaj Niepodleg\u0142a!&#8221; w II LO!"},"content":{"rendered":"<p style=\"text-align: justify;\"><img decoding=\"async\" class=\"alignleft\" src=\"https:\/\/2liceum.eu\/wp-content\/uploads\/sites\/1\/nggallery\/zakonczenie-tygodnia-witaj-niepodlegla\/thumbs\/thumbs_DSC_5138s.JPG\" alt=\"\">W dniu dzisiejszym <strong>II LO w Lubinie podsumowa\u0142o ca\u0142y tydzie\u0144 wydarze\u0144 maj\u0105cych na celu <span style=\"color: #ff0000;\">upami\u0119tni\u0107 100-lecie polskiej niepodleg\u0142o\u015bci.<\/span><\/strong> W poprzednich dniach mia\u0142y miejsce m.in. wyk\u0142ad prof. W\u0142odzimierza Sulei, akcja krwiodawstwa \u201eKrew dla Niepodleg\u0142ej\u201d, konkurs historyczny, wystawa \u201e\u017bo\u0142nierze Niepodleg\u0142ej\u201d i spotkanie z kombatantem mjr Zygmuntem P\u0119ka\u0142\u0105 (AK Lublin, \u201e\u015amia\u0142y\u201d, \u201eSmuk\u0142y\u201d).<\/p>\n<p style=\"text-align: justify;\"><strong>Dzi\u015b w hali sportowej liceum, o godz. 11.11 wybrzmia\u0142 Mazurek D\u0105browskiego.<\/strong> Za\u015bpiewa\u0142a go wsp\u00f3ln<span class=\"text_exposed_show\">ie ca\u0142a spo\u0142eczno\u015b\u0107 szkolna \u2013 Dyrekcja, uczniowie i nauczyciele pod kierunkiem Pana Henryka Ziobrowskiego, dyrygenta szkolnego ch\u00f3ru Concordia. Wykonano r\u00f3wnie\u017c \u201ePiechot\u0119\u201d, \u201eWarszawiank\u0119\u201d, \u201eMaszeruj\u0105 strzelcy\u201d, \u201eRot\u0119\u201d i wiele innych mniej znanych utwor\u00f3w.<\/span><\/p>\n<div class=\"text_exposed_show\">\n<p style=\"text-align: justify;\">Uwie\u0144czeniem ca\u0142ego tygodnia \u201eWitaj Niepodleg\u0142a!\u201d w II LO sta\u0142o si\u0119 <strong>z\u0142o\u017cenie bukietu kwiat\u00f3w pod pomnikiem J\u00f3zefa Pi\u0142sudskiego<\/strong> naprzeciw szko\u0142y, po drugiej stronie ulicy Niepodleg\u0142o\u015bci, przy kt\u00f3rej po\u0142o\u017cone jest liceum (Skwer Pi\u0142sudskiego) przez delegacj\u0119 uczniowsk\u0105 z Panem Dyrektorem Tomaszem Radziejem.<\/p>\n<p style=\"text-align: justify;\">Warto wspomnie\u0107, \u017ce II LO \u015bwi\u0119towa\u0142o stulecie niepodleg\u0142o\u015bci ju\u017c od 25-26 pa\u017adziernika (Dni Niepodleg\u0142o\u015bci). Ostatnie dni poprzedzaj\u0105ce 11 listopada 2018 r. (05-09 listopada) potraktowano jednak wyj\u0105tkowo i zaplanowano tydzie\u0144 \u201eWitaj Niepodleg\u0142a!\u201d, kt\u00f3ry dzi\u015b zako\u0144czy\u0142 si\u0119 w ww. okoliczno\u015bciach.<\/p>\n<p><a href=\"https:\/\/2liceum.eu\/index.php\/galeria\/nggallery\/rok-szkolny-2018-2019\/Zako%C5%84czenie-tygodnia-Witaj-Niepodleg%C5%82a!\" target=\"_blank\" rel=\"noopener\"><strong>Zapraszamy do galerii!<\/strong><\/a><\/p>\n<p><strong>Poni\u017cej &#8222;Mazurek D\u0105browskiego&#8221; i &#8222;Rota&#8221; wykonane podczas dzisiejszej uroczysto\u015bci:<\/strong><\/p>\n<p><iframe loading=\"lazy\" title=\"Mazurek D\u0105browskiego, II LO w Lubinie, 09.11.2018 r.\" width=\"606\" height=\"341\" src=\"https:\/\/www.youtube.com\/embed\/LsIQ1jlRJDc?feature=oembed\" frameborder=\"0\" allow=\"accelerometer; autoplay; clipboard-write; encrypted-media; gyroscope; picture-in-picture; web-share\" referrerpolicy=\"strict-origin-when-cross-origin\" allowfullscreen><\/iframe><\/p>\n<p><iframe loading=\"lazy\" title=\"&quot;Rota&quot;, II LO w Lubinie, 09.11.2018 r.\" width=\"606\" height=\"341\" src=\"https:\/\/www.youtube.com\/embed\/0rKWeBFDUPI?feature=oembed\" frameborder=\"0\" allow=\"accelerometer; autoplay; clipboard-write; encrypted-media; gyroscope; picture-in-picture; web-share\" referrerpolicy=\"strict-origin-when-cross-origin\" allowfullscreen><\/iframe><\/p>\n<p>&nbsp;<\/p>\n<\/div>\n","protected":false},"excerpt":{"rendered":"<p>W dniu dzisiejszym II LO w Lubinie podsumowa\u0142o ca\u0142y tydzie\u0144 wydarze\u0144 maj\u0105cych na celu upami\u0119tni\u0107 100-lecie polskiej niepodleg\u0142o\u015bci. W poprzednich dniach mia\u0142y miejsce m.in. wyk\u0142ad prof. W\u0142odzimierza Sulei, akcja krwiodawstwa \u201eKrew dla Niepodleg\u0142ej\u201d, konkurs historyczny, wystawa \u201e\u017bo\u0142nierze Niepodleg\u0142ej\u201d i spotkanie z kombatantem mjr Zygmuntem P\u0119ka\u0142\u0105 (AK Lublin, \u201e\u015amia\u0142y\u201d, \u201eSmuk\u0142y\u201d). Dzi\u015b w hali sportowej liceum, o [&hellip;]<\/p>\n","protected":false},"author":2,"featured_media":0,"comment_status":"open","ping_status":"open","sticky":false,"template":"","format":"standard","meta":{"ngg_post_thumbnail":0,"footnotes":""},"categories":[1],"tags":[],"class_list":["post-2923","post","type-post","status-publish","format-standard","hentry","category-aktualnosci"],"yoast_head":"<!-- This site is optimized with the Yoast SEO plugin v19.4 - https:\/\/yoast.com\/wordpress\/plugins\/seo\/ -->\n<title>Zako\u0144czenie tygodnia &quot;Witaj Niepodleg\u0142a!&quot; w II LO! - II Liceum Og\u00f3lnokszta\u0142c\u0105ce w Lubinie<\/title>\n<meta name=\"robots\" content=\"index, follow, max-snippet:-1, max-image-preview:large, max-video-preview:-1\" \/>\n<link rel=\"canonical\" href=\"https:\/\/2liceum.eu\/index.php\/2018\/11\/09\/zakonczenie-tygodnia-witaj-niepodlegla-w-ii-lo\/\" \/>\n<meta property=\"og:locale\" content=\"pl_PL\" \/>\n<meta property=\"og:type\" content=\"article\" \/>\n<meta property=\"og:title\" content=\"Zako\u0144czenie tygodnia &quot;Witaj Niepodleg\u0142a!&quot; w II LO! - II Liceum Og\u00f3lnokszta\u0142c\u0105ce w Lubinie\" \/>\n<meta property=\"og:description\" content=\"W dniu dzisiejszym II LO w Lubinie podsumowa\u0142o ca\u0142y tydzie\u0144 wydarze\u0144 maj\u0105cych na celu upami\u0119tni\u0107 100-lecie polskiej niepodleg\u0142o\u015bci. W poprzednich dniach mia\u0142y miejsce m.in. wyk\u0142ad prof. W\u0142odzimierza Sulei, akcja krwiodawstwa \u201eKrew dla Niepodleg\u0142ej\u201d, konkurs historyczny, wystawa \u201e\u017bo\u0142nierze Niepodleg\u0142ej\u201d i spotkanie z kombatantem mjr Zygmuntem P\u0119ka\u0142\u0105 (AK Lublin, \u201e\u015amia\u0142y\u201d, \u201eSmuk\u0142y\u201d). Dzi\u015b w hali sportowej liceum, o [&hellip;]\" \/>\n<meta property=\"og:url\" content=\"https:\/\/2liceum.eu\/index.php\/2018\/11\/09\/zakonczenie-tygodnia-witaj-niepodlegla-w-ii-lo\/\" \/>\n<meta property=\"og:site_name\" content=\"II Liceum Og\u00f3lnokszta\u0142c\u0105ce w Lubinie\" \/>\n<meta property=\"article:publisher\" content=\"https:\/\/web.facebook.com\/IILOLubin\/\" \/>\n<meta property=\"article:published_time\" content=\"2018-11-09T13:41:19+00:00\" \/>\n<meta property=\"og:image\" content=\"https:\/\/2liceum.eu\/wp-content\/uploads\/sites\/1\/nggallery\/zakonczenie-tygodnia-witaj-niepodlegla\/thumbs\/thumbs_DSC_5138s.JPG\" \/>\n<meta name=\"author\" content=\"Adam Dragan\" \/>\n<meta name=\"twitter:card\" content=\"summary_large_image\" \/>\n<meta name=\"twitter:label1\" content=\"Napisane przez\" \/>\n\t<meta name=\"twitter:data1\" content=\"Adam Dragan\" \/>\n\t<meta name=\"twitter:label2\" content=\"Szacowany czas czytania\" \/>\n\t<meta name=\"twitter:data2\" content=\"1 minuta\" \/>\n<script type=\"application\/ld+json\" class=\"yoast-schema-graph\">{\"@context\":\"https:\/\/schema.org\",\"@graph\":[{\"@type\":\"Organization\",\"@id\":\"https:\/\/2liceum.eu\/#organization\",\"name\":\"II Liceum Og\u00f3lnokszta\u0142c\u0105ce w Lubinie\",\"url\":\"https:\/\/2liceum.eu\/\",\"sameAs\":[\"http:\/\/2lolubin\",\"https:\/\/www.youtube.com\/channel\/UCWjEMxRJYdfvxPhVOn-8g_g\",\"https:\/\/web.facebook.com\/IILOLubin\/\"],\"logo\":{\"@type\":\"ImageObject\",\"inLanguage\":\"pl-PL\",\"@id\":\"https:\/\/2liceum.eu\/#\/schema\/logo\/image\/\",\"url\":\"https:\/\/2liceum.eu\/wp-content\/uploads\/2018\/01\/pobrane.jpg\",\"contentUrl\":\"https:\/\/2liceum.eu\/wp-content\/uploads\/2018\/01\/pobrane.jpg\",\"width\":184,\"height\":183,\"caption\":\"II Liceum Og\u00f3lnokszta\u0142c\u0105ce w Lubinie\"},\"image\":{\"@id\":\"https:\/\/2liceum.eu\/#\/schema\/logo\/image\/\"}},{\"@type\":\"WebSite\",\"@id\":\"https:\/\/2liceum.eu\/#website\",\"url\":\"https:\/\/2liceum.eu\/\",\"name\":\"II Liceum Og\u00f3lnokszta\u0142c\u0105ce w Lubinie\",\"description\":\"Oficjalny portal II LO w Lubinie. Informacje o szkole, kadrze, zaj\u0119ciach dydaktycznych, ko\u0142ach zainteresowa\u0144, wolontariacie. Aktualno\u015bci. Galeria zdj\u0119\u0107.\",\"publisher\":{\"@id\":\"https:\/\/2liceum.eu\/#organization\"},\"potentialAction\":[{\"@type\":\"SearchAction\",\"target\":{\"@type\":\"EntryPoint\",\"urlTemplate\":\"https:\/\/2liceum.eu\/?s={search_term_string}\"},\"query-input\":\"required name=search_term_string\"}],\"inLanguage\":\"pl-PL\"},{\"@type\":\"WebPage\",\"@id\":\"https:\/\/2liceum.eu\/index.php\/2018\/11\/09\/zakonczenie-tygodnia-witaj-niepodlegla-w-ii-lo\/\",\"url\":\"https:\/\/2liceum.eu\/index.php\/2018\/11\/09\/zakonczenie-tygodnia-witaj-niepodlegla-w-ii-lo\/\",\"name\":\"Zako\u0144czenie tygodnia \\\"Witaj Niepodleg\u0142a!\\\" w II LO! - II Liceum Og\u00f3lnokszta\u0142c\u0105ce w Lubinie\",\"isPartOf\":{\"@id\":\"https:\/\/2liceum.eu\/#website\"},\"datePublished\":\"2018-11-09T13:41:19+00:00\",\"dateModified\":\"2018-11-09T13:41:19+00:00\",\"breadcrumb\":{\"@id\":\"https:\/\/2liceum.eu\/index.php\/2018\/11\/09\/zakonczenie-tygodnia-witaj-niepodlegla-w-ii-lo\/#breadcrumb\"},\"inLanguage\":\"pl-PL\",\"potentialAction\":[{\"@type\":\"ReadAction\",\"target\":[\"https:\/\/2liceum.eu\/index.php\/2018\/11\/09\/zakonczenie-tygodnia-witaj-niepodlegla-w-ii-lo\/\"]}]},{\"@type\":\"BreadcrumbList\",\"@id\":\"https:\/\/2liceum.eu\/index.php\/2018\/11\/09\/zakonczenie-tygodnia-witaj-niepodlegla-w-ii-lo\/#breadcrumb\",\"itemListElement\":[{\"@type\":\"ListItem\",\"position\":1,\"name\":\"Strona g\u0142\u00f3wna\",\"item\":\"https:\/\/2liceum.eu\/\"},{\"@type\":\"ListItem\",\"position\":2,\"name\":\"Zako\u0144czenie tygodnia &#8222;Witaj Niepodleg\u0142a!&#8221; w&nbsp;II&nbsp;LO!\"}]},{\"@type\":\"Article\",\"@id\":\"https:\/\/2liceum.eu\/index.php\/2018\/11\/09\/zakonczenie-tygodnia-witaj-niepodlegla-w-ii-lo\/#article\",\"isPartOf\":{\"@id\":\"https:\/\/2liceum.eu\/index.php\/2018\/11\/09\/zakonczenie-tygodnia-witaj-niepodlegla-w-ii-lo\/\"},\"author\":{\"name\":\"Adam Dragan\",\"@id\":\"https:\/\/2liceum.eu\/#\/schema\/person\/1a52557bfdaf047be954a8b190648da5\"},\"headline\":\"Zako\u0144czenie tygodnia &#8222;Witaj Niepodleg\u0142a!&#8221; w II LO!\",\"datePublished\":\"2018-11-09T13:41:19+00:00\",\"dateModified\":\"2018-11-09T13:41:19+00:00\",\"mainEntityOfPage\":{\"@id\":\"https:\/\/2liceum.eu\/index.php\/2018\/11\/09\/zakonczenie-tygodnia-witaj-niepodlegla-w-ii-lo\/\"},\"wordCount\":254,\"commentCount\":0,\"publisher\":{\"@id\":\"https:\/\/2liceum.eu\/#organization\"},\"articleSection\":[\"Aktualno\u015bci\"],\"inLanguage\":\"pl-PL\",\"potentialAction\":[{\"@type\":\"CommentAction\",\"name\":\"Comment\",\"target\":[\"https:\/\/2liceum.eu\/index.php\/2018\/11\/09\/zakonczenie-tygodnia-witaj-niepodlegla-w-ii-lo\/#respond\"]}]},{\"@type\":\"Person\",\"@id\":\"https:\/\/2liceum.eu\/#\/schema\/person\/1a52557bfdaf047be954a8b190648da5\",\"name\":\"Adam Dragan\",\"image\":{\"@type\":\"ImageObject\",\"inLanguage\":\"pl-PL\",\"@id\":\"https:\/\/2liceum.eu\/#\/schema\/person\/image\/\",\"url\":\"https:\/\/secure.gravatar.com\/avatar\/3a2bee53698f47ac117505a8a054d1e47e9ee9593c4c77dc18374aa80472d80c?s=96&d=mm&r=g\",\"contentUrl\":\"https:\/\/secure.gravatar.com\/avatar\/3a2bee53698f47ac117505a8a054d1e47e9ee9593c4c77dc18374aa80472d80c?s=96&d=mm&r=g\",\"caption\":\"Adam Dragan\"},\"sameAs\":[\"http:\/\/2liceum.eu\"]}]}<\/script>\n<!-- \/ Yoast SEO plugin. -->","yoast_head_json":{"title":"Zako\u0144czenie tygodnia \"Witaj Niepodleg\u0142a!\" w II LO! - II Liceum Og\u00f3lnokszta\u0142c\u0105ce w Lubinie","robots":{"index":"index","follow":"follow","max-snippet":"max-snippet:-1","max-image-preview":"max-image-preview:large","max-video-preview":"max-video-preview:-1"},"canonical":"https:\/\/2liceum.eu\/index.php\/2018\/11\/09\/zakonczenie-tygodnia-witaj-niepodlegla-w-ii-lo\/","og_locale":"pl_PL","og_type":"article","og_title":"Zako\u0144czenie tygodnia \"Witaj Niepodleg\u0142a!\" w II LO! - II Liceum Og\u00f3lnokszta\u0142c\u0105ce w Lubinie","og_description":"W dniu dzisiejszym II LO w Lubinie podsumowa\u0142o ca\u0142y tydzie\u0144 wydarze\u0144 maj\u0105cych na celu upami\u0119tni\u0107 100-lecie polskiej niepodleg\u0142o\u015bci. W poprzednich dniach mia\u0142y miejsce m.in. wyk\u0142ad prof. W\u0142odzimierza Sulei, akcja krwiodawstwa \u201eKrew dla Niepodleg\u0142ej\u201d, konkurs historyczny, wystawa \u201e\u017bo\u0142nierze Niepodleg\u0142ej\u201d i spotkanie z kombatantem mjr Zygmuntem P\u0119ka\u0142\u0105 (AK Lublin, \u201e\u015amia\u0142y\u201d, \u201eSmuk\u0142y\u201d). Dzi\u015b w hali sportowej liceum, o [&hellip;]","og_url":"https:\/\/2liceum.eu\/index.php\/2018\/11\/09\/zakonczenie-tygodnia-witaj-niepodlegla-w-ii-lo\/","og_site_name":"II Liceum Og\u00f3lnokszta\u0142c\u0105ce w Lubinie","article_publisher":"https:\/\/web.facebook.com\/IILOLubin\/","article_published_time":"2018-11-09T13:41:19+00:00","og_image":[{"url":"https:\/\/2liceum.eu\/wp-content\/uploads\/sites\/1\/nggallery\/zakonczenie-tygodnia-witaj-niepodlegla\/thumbs\/thumbs_DSC_5138s.JPG"}],"author":"Adam Dragan","twitter_card":"summary_large_image","twitter_misc":{"Napisane przez":"Adam Dragan","Szacowany czas czytania":"1 minuta"},"schema":{"@context":"https:\/\/schema.org","@graph":[{"@type":"Organization","@id":"https:\/\/2liceum.eu\/#organization","name":"II Liceum Og\u00f3lnokszta\u0142c\u0105ce w Lubinie","url":"https:\/\/2liceum.eu\/","sameAs":["http:\/\/2lolubin","https:\/\/www.youtube.com\/channel\/UCWjEMxRJYdfvxPhVOn-8g_g","https:\/\/web.facebook.com\/IILOLubin\/"],"logo":{"@type":"ImageObject","inLanguage":"pl-PL","@id":"https:\/\/2liceum.eu\/#\/schema\/logo\/image\/","url":"https:\/\/2liceum.eu\/wp-content\/uploads\/2018\/01\/pobrane.jpg","contentUrl":"https:\/\/2liceum.eu\/wp-content\/uploads\/2018\/01\/pobrane.jpg","width":184,"height":183,"caption":"II Liceum Og\u00f3lnokszta\u0142c\u0105ce w Lubinie"},"image":{"@id":"https:\/\/2liceum.eu\/#\/schema\/logo\/image\/"}},{"@type":"WebSite","@id":"https:\/\/2liceum.eu\/#website","url":"https:\/\/2liceum.eu\/","name":"II Liceum Og\u00f3lnokszta\u0142c\u0105ce w Lubinie","description":"Oficjalny portal II LO w Lubinie. Informacje o szkole, kadrze, zaj\u0119ciach dydaktycznych, ko\u0142ach zainteresowa\u0144, wolontariacie. Aktualno\u015bci. Galeria zdj\u0119\u0107.","publisher":{"@id":"https:\/\/2liceum.eu\/#organization"},"potentialAction":[{"@type":"SearchAction","target":{"@type":"EntryPoint","urlTemplate":"https:\/\/2liceum.eu\/?s={search_term_string}"},"query-input":"required name=search_term_string"}],"inLanguage":"pl-PL"},{"@type":"WebPage","@id":"https:\/\/2liceum.eu\/index.php\/2018\/11\/09\/zakonczenie-tygodnia-witaj-niepodlegla-w-ii-lo\/","url":"https:\/\/2liceum.eu\/index.php\/2018\/11\/09\/zakonczenie-tygodnia-witaj-niepodlegla-w-ii-lo\/","name":"Zako\u0144czenie tygodnia \"Witaj Niepodleg\u0142a!\" w II LO! - II Liceum Og\u00f3lnokszta\u0142c\u0105ce w Lubinie","isPartOf":{"@id":"https:\/\/2liceum.eu\/#website"},"datePublished":"2018-11-09T13:41:19+00:00","dateModified":"2018-11-09T13:41:19+00:00","breadcrumb":{"@id":"https:\/\/2liceum.eu\/index.php\/2018\/11\/09\/zakonczenie-tygodnia-witaj-niepodlegla-w-ii-lo\/#breadcrumb"},"inLanguage":"pl-PL","potentialAction":[{"@type":"ReadAction","target":["https:\/\/2liceum.eu\/index.php\/2018\/11\/09\/zakonczenie-tygodnia-witaj-niepodlegla-w-ii-lo\/"]}]},{"@type":"BreadcrumbList","@id":"https:\/\/2liceum.eu\/index.php\/2018\/11\/09\/zakonczenie-tygodnia-witaj-niepodlegla-w-ii-lo\/#breadcrumb","itemListElement":[{"@type":"ListItem","position":1,"name":"Strona g\u0142\u00f3wna","item":"https:\/\/2liceum.eu\/"},{"@type":"ListItem","position":2,"name":"Zako\u0144czenie tygodnia &#8222;Witaj Niepodleg\u0142a!&#8221; w&nbsp;II&nbsp;LO!"}]},{"@type":"Article","@id":"https:\/\/2liceum.eu\/index.php\/2018\/11\/09\/zakonczenie-tygodnia-witaj-niepodlegla-w-ii-lo\/#article","isPartOf":{"@id":"https:\/\/2liceum.eu\/index.php\/2018\/11\/09\/zakonczenie-tygodnia-witaj-niepodlegla-w-ii-lo\/"},"author":{"name":"Adam Dragan","@id":"https:\/\/2liceum.eu\/#\/schema\/person\/1a52557bfdaf047be954a8b190648da5"},"headline":"Zako\u0144czenie tygodnia &#8222;Witaj Niepodleg\u0142a!&#8221; w II LO!","datePublished":"2018-11-09T13:41:19+00:00","dateModified":"2018-11-09T13:41:19+00:00","mainEntityOfPage":{"@id":"https:\/\/2liceum.eu\/index.php\/2018\/11\/09\/zakonczenie-tygodnia-witaj-niepodlegla-w-ii-lo\/"},"wordCount":254,"commentCount":0,"publisher":{"@id":"https:\/\/2liceum.eu\/#organization"},"articleSection":["Aktualno\u015bci"],"inLanguage":"pl-PL","potentialAction":[{"@type":"CommentAction","name":"Comment","target":["https:\/\/2liceum.eu\/index.php\/2018\/11\/09\/zakonczenie-tygodnia-witaj-niepodlegla-w-ii-lo\/#respond"]}]},{"@type":"Person","@id":"https:\/\/2liceum.eu\/#\/schema\/person\/1a52557bfdaf047be954a8b190648da5","name":"Adam Dragan","image":{"@type":"ImageObject","inLanguage":"pl-PL","@id":"https:\/\/2liceum.eu\/#\/schema\/person\/image\/","url":"https:\/\/secure.gravatar.com\/avatar\/3a2bee53698f47ac117505a8a054d1e47e9ee9593c4c77dc18374aa80472d80c?s=96&d=mm&r=g","contentUrl":"https:\/\/secure.gravatar.com\/avatar\/3a2bee53698f47ac117505a8a054d1e47e9ee9593c4c77dc18374aa80472d80c?s=96&d=mm&r=g","caption":"Adam Dragan"},"sameAs":["http:\/\/2liceum.eu"]}]}},"_links":{"self":[{"href":"https:\/\/2liceum.eu\/index.php\/wp-json\/wp\/v2\/posts\/2923","targetHints":{"allow":["GET"]}}],"collection":[{"href":"https:\/\/2liceum.eu\/index.php\/wp-json\/wp\/v2\/posts"}],"about":[{"href":"https:\/\/2liceum.eu\/index.php\/wp-json\/wp\/v2\/types\/post"}],"author":[{"embeddable":true,"href":"https:\/\/2liceum.eu\/index.php\/wp-json\/wp\/v2\/users\/2"}],"replies":[{"embeddable":true,"href":"https:\/\/2liceum.eu\/index.php\/wp-json\/wp\/v2\/comments?post=2923"}],"version-history":[{"count":1,"href":"https:\/\/2liceum.eu\/index.php\/wp-json\/wp\/v2\/posts\/2923\/revisions"}],"predecessor-version":[{"id":3018,"href":"https:\/\/2liceum.eu\/index.php\/wp-json\/wp\/v2\/posts\/2923\/revisions\/3018"}],"wp:attachment":[{"href":"https:\/\/2liceum.eu\/index.php\/wp-json\/wp\/v2\/media?parent=2923"}],"wp:term":[{"taxonomy":"category","embeddable":true,"href":"https:\/\/2liceum.eu\/index.php\/wp-json\/wp\/v2\/categories?post=2923"},{"taxonomy":"post_tag","embeddable":true,"href":"https:\/\/2liceum.eu\/index.php\/wp-json\/wp\/v2\/tags?post=2923"}],"curies":[{"name":"wp","href":"https:\/\/api.w.org\/{rel}","templated":true}]}}