{"id":3021,"date":"2018-11-13T12:44:22","date_gmt":"2018-11-13T11:44:22","guid":{"rendered":"https:\/\/2liceum.eu\/?p=3021"},"modified":"2018-11-13T12:44:22","modified_gmt":"2018-11-13T11:44:22","slug":"ogolnopolski-konkurs-jezyka-niemieckiego-deutschfreund","status":"publish","type":"post","link":"https:\/\/2liceum.eu\/index.php\/2018\/11\/13\/ogolnopolski-konkurs-jezyka-niemieckiego-deutschfreund\/","title":{"rendered":"Og\u00f3lnopolski Konkurs J\u0119zyka Niemieckiego &#8222;Deutschfreund&#8221;!"},"content":{"rendered":"<p><img loading=\"lazy\" decoding=\"async\" class=\"size-full wp-image-3022 aligncenter\" src=\"https:\/\/2liceum.eu\/wp-content\/uploads\/2018\/11\/deutschfr.png\" alt=\"\" width=\"328\" height=\"150\" srcset=\"https:\/\/2liceum.eu\/wp-content\/uploads\/2018\/11\/deutschfr.png 328w, https:\/\/2liceum.eu\/wp-content\/uploads\/2018\/11\/deutschfr-300x137.png 300w\" sizes=\"auto, (max-width: 328px) 100vw, 328px\" \/><\/p>\n<p>&nbsp;<\/p>\n<p style=\"text-align: center;\">W dniu jutrzejszym (\u015broda, 14.11.2018 r.) o godz. 13:00 w auli odb\u0119dzie si\u0119<\/p>\n<p style=\"text-align: center;\"><span style=\"color: #ff0000;\"><strong>Og\u00f3lnopolski Konkurs J\u0119zyka Niemieckiego &#8222;Deutschfreund&#8221;.<\/strong><\/span><\/p>\n<p style=\"text-align: center;\">Prosimy o wp\u0142at\u0119 10 z\u0142 do swoich nauczycieli j. niemieckiego.<\/p>\n<p style=\"text-align: center;\">Prosz\u0119 r\u00f3wnie\u017c zabra\u0107 ze sob\u0105 czarne d\u0142ugopisy.<\/p>\n","protected":false},"excerpt":{"rendered":"<p>&nbsp; W dniu jutrzejszym (\u015broda, 14.11.2018 r.) o godz. 13:00 w auli odb\u0119dzie si\u0119 Og\u00f3lnopolski Konkurs J\u0119zyka Niemieckiego &#8222;Deutschfreund&#8221;. Prosimy o wp\u0142at\u0119 10 z\u0142 do swoich nauczycieli j. niemieckiego. Prosz\u0119 r\u00f3wnie\u017c zabra\u0107 ze sob\u0105 czarne d\u0142ugopisy.<\/p>\n","protected":false},"author":2,"featured_media":0,"comment_status":"open","ping_status":"open","sticky":false,"template":"","format":"standard","meta":{"ngg_post_thumbnail":0,"footnotes":""},"categories":[1],"tags":[],"class_list":["post-3021","post","type-post","status-publish","format-standard","hentry","category-aktualnosci"],"yoast_head":"<!-- This site is optimized with the Yoast SEO plugin v19.4 - https:\/\/yoast.com\/wordpress\/plugins\/seo\/ -->\n<title>Og\u00f3lnopolski Konkurs J\u0119zyka Niemieckiego &quot;Deutschfreund&quot;! - II Liceum Og\u00f3lnokszta\u0142c\u0105ce w Lubinie<\/title>\n<meta name=\"robots\" content=\"index, follow, max-snippet:-1, max-image-preview:large, max-video-preview:-1\" \/>\n<link rel=\"canonical\" href=\"https:\/\/2liceum.eu\/index.php\/2018\/11\/13\/ogolnopolski-konkurs-jezyka-niemieckiego-deutschfreund\/\" \/>\n<meta property=\"og:locale\" content=\"pl_PL\" \/>\n<meta property=\"og:type\" content=\"article\" \/>\n<meta property=\"og:title\" content=\"Og\u00f3lnopolski Konkurs J\u0119zyka Niemieckiego &quot;Deutschfreund&quot;! - II Liceum Og\u00f3lnokszta\u0142c\u0105ce w Lubinie\" \/>\n<meta property=\"og:description\" content=\"&nbsp; W dniu jutrzejszym (\u015broda, 14.11.2018 r.) o godz. 13:00 w auli odb\u0119dzie si\u0119 Og\u00f3lnopolski Konkurs J\u0119zyka Niemieckiego &#8222;Deutschfreund&#8221;. Prosimy o wp\u0142at\u0119 10 z\u0142 do swoich nauczycieli j. niemieckiego. Prosz\u0119 r\u00f3wnie\u017c zabra\u0107 ze sob\u0105 czarne d\u0142ugopisy.\" \/>\n<meta property=\"og:url\" content=\"https:\/\/2liceum.eu\/index.php\/2018\/11\/13\/ogolnopolski-konkurs-jezyka-niemieckiego-deutschfreund\/\" \/>\n<meta property=\"og:site_name\" content=\"II Liceum Og\u00f3lnokszta\u0142c\u0105ce w Lubinie\" \/>\n<meta property=\"article:publisher\" content=\"https:\/\/web.facebook.com\/IILOLubin\/\" \/>\n<meta property=\"article:published_time\" content=\"2018-11-13T11:44:22+00:00\" \/>\n<meta property=\"og:image\" content=\"https:\/\/2liceum.eu\/wp-content\/uploads\/2018\/11\/deutschfr.png\" \/>\n<meta name=\"author\" content=\"Adam Dragan\" \/>\n<meta name=\"twitter:card\" content=\"summary_large_image\" \/>\n<meta name=\"twitter:label1\" content=\"Napisane przez\" \/>\n\t<meta name=\"twitter:data1\" content=\"Adam Dragan\" \/>\n<script type=\"application\/ld+json\" class=\"yoast-schema-graph\">{\"@context\":\"https:\/\/schema.org\",\"@graph\":[{\"@type\":\"Organization\",\"@id\":\"https:\/\/2liceum.eu\/#organization\",\"name\":\"II Liceum Og\u00f3lnokszta\u0142c\u0105ce w Lubinie\",\"url\":\"https:\/\/2liceum.eu\/\",\"sameAs\":[\"http:\/\/2lolubin\",\"https:\/\/www.youtube.com\/channel\/UCWjEMxRJYdfvxPhVOn-8g_g\",\"https:\/\/web.facebook.com\/IILOLubin\/\"],\"logo\":{\"@type\":\"ImageObject\",\"inLanguage\":\"pl-PL\",\"@id\":\"https:\/\/2liceum.eu\/#\/schema\/logo\/image\/\",\"url\":\"https:\/\/2liceum.eu\/wp-content\/uploads\/2018\/01\/pobrane.jpg\",\"contentUrl\":\"https:\/\/2liceum.eu\/wp-content\/uploads\/2018\/01\/pobrane.jpg\",\"width\":184,\"height\":183,\"caption\":\"II Liceum Og\u00f3lnokszta\u0142c\u0105ce w Lubinie\"},\"image\":{\"@id\":\"https:\/\/2liceum.eu\/#\/schema\/logo\/image\/\"}},{\"@type\":\"WebSite\",\"@id\":\"https:\/\/2liceum.eu\/#website\",\"url\":\"https:\/\/2liceum.eu\/\",\"name\":\"II Liceum Og\u00f3lnokszta\u0142c\u0105ce w Lubinie\",\"description\":\"Oficjalny portal II LO w Lubinie. Informacje o szkole, kadrze, zaj\u0119ciach dydaktycznych, ko\u0142ach zainteresowa\u0144, wolontariacie. Aktualno\u015bci. Galeria zdj\u0119\u0107.\",\"publisher\":{\"@id\":\"https:\/\/2liceum.eu\/#organization\"},\"potentialAction\":[{\"@type\":\"SearchAction\",\"target\":{\"@type\":\"EntryPoint\",\"urlTemplate\":\"https:\/\/2liceum.eu\/?s={search_term_string}\"},\"query-input\":\"required name=search_term_string\"}],\"inLanguage\":\"pl-PL\"},{\"@type\":\"WebPage\",\"@id\":\"https:\/\/2liceum.eu\/index.php\/2018\/11\/13\/ogolnopolski-konkurs-jezyka-niemieckiego-deutschfreund\/\",\"url\":\"https:\/\/2liceum.eu\/index.php\/2018\/11\/13\/ogolnopolski-konkurs-jezyka-niemieckiego-deutschfreund\/\",\"name\":\"Og\u00f3lnopolski Konkurs J\u0119zyka Niemieckiego \\\"Deutschfreund\\\"! - II Liceum Og\u00f3lnokszta\u0142c\u0105ce w Lubinie\",\"isPartOf\":{\"@id\":\"https:\/\/2liceum.eu\/#website\"},\"datePublished\":\"2018-11-13T11:44:22+00:00\",\"dateModified\":\"2018-11-13T11:44:22+00:00\",\"breadcrumb\":{\"@id\":\"https:\/\/2liceum.eu\/index.php\/2018\/11\/13\/ogolnopolski-konkurs-jezyka-niemieckiego-deutschfreund\/#breadcrumb\"},\"inLanguage\":\"pl-PL\",\"potentialAction\":[{\"@type\":\"ReadAction\",\"target\":[\"https:\/\/2liceum.eu\/index.php\/2018\/11\/13\/ogolnopolski-konkurs-jezyka-niemieckiego-deutschfreund\/\"]}]},{\"@type\":\"BreadcrumbList\",\"@id\":\"https:\/\/2liceum.eu\/index.php\/2018\/11\/13\/ogolnopolski-konkurs-jezyka-niemieckiego-deutschfreund\/#breadcrumb\",\"itemListElement\":[{\"@type\":\"ListItem\",\"position\":1,\"name\":\"Strona g\u0142\u00f3wna\",\"item\":\"https:\/\/2liceum.eu\/\"},{\"@type\":\"ListItem\",\"position\":2,\"name\":\"Og\u00f3lnopolski Konkurs J\u0119zyka Niemieckiego &#8222;Deutschfreund&#8221;!\"}]},{\"@type\":\"Article\",\"@id\":\"https:\/\/2liceum.eu\/index.php\/2018\/11\/13\/ogolnopolski-konkurs-jezyka-niemieckiego-deutschfreund\/#article\",\"isPartOf\":{\"@id\":\"https:\/\/2liceum.eu\/index.php\/2018\/11\/13\/ogolnopolski-konkurs-jezyka-niemieckiego-deutschfreund\/\"},\"author\":{\"name\":\"Adam Dragan\",\"@id\":\"https:\/\/2liceum.eu\/#\/schema\/person\/1a52557bfdaf047be954a8b190648da5\"},\"headline\":\"Og\u00f3lnopolski Konkurs J\u0119zyka Niemieckiego &#8222;Deutschfreund&#8221;!\",\"datePublished\":\"2018-11-13T11:44:22+00:00\",\"dateModified\":\"2018-11-13T11:44:22+00:00\",\"mainEntityOfPage\":{\"@id\":\"https:\/\/2liceum.eu\/index.php\/2018\/11\/13\/ogolnopolski-konkurs-jezyka-niemieckiego-deutschfreund\/\"},\"wordCount\":46,\"commentCount\":0,\"publisher\":{\"@id\":\"https:\/\/2liceum.eu\/#organization\"},\"articleSection\":[\"Aktualno\u015bci\"],\"inLanguage\":\"pl-PL\",\"potentialAction\":[{\"@type\":\"CommentAction\",\"name\":\"Comment\",\"target\":[\"https:\/\/2liceum.eu\/index.php\/2018\/11\/13\/ogolnopolski-konkurs-jezyka-niemieckiego-deutschfreund\/#respond\"]}]},{\"@type\":\"Person\",\"@id\":\"https:\/\/2liceum.eu\/#\/schema\/person\/1a52557bfdaf047be954a8b190648da5\",\"name\":\"Adam Dragan\",\"image\":{\"@type\":\"ImageObject\",\"inLanguage\":\"pl-PL\",\"@id\":\"https:\/\/2liceum.eu\/#\/schema\/person\/image\/\",\"url\":\"https:\/\/secure.gravatar.com\/avatar\/3a2bee53698f47ac117505a8a054d1e47e9ee9593c4c77dc18374aa80472d80c?s=96&d=mm&r=g\",\"contentUrl\":\"https:\/\/secure.gravatar.com\/avatar\/3a2bee53698f47ac117505a8a054d1e47e9ee9593c4c77dc18374aa80472d80c?s=96&d=mm&r=g\",\"caption\":\"Adam Dragan\"},\"sameAs\":[\"http:\/\/2liceum.eu\"]}]}<\/script>\n<!-- \/ Yoast SEO plugin. -->","yoast_head_json":{"title":"Og\u00f3lnopolski Konkurs J\u0119zyka Niemieckiego \"Deutschfreund\"! - II Liceum Og\u00f3lnokszta\u0142c\u0105ce w Lubinie","robots":{"index":"index","follow":"follow","max-snippet":"max-snippet:-1","max-image-preview":"max-image-preview:large","max-video-preview":"max-video-preview:-1"},"canonical":"https:\/\/2liceum.eu\/index.php\/2018\/11\/13\/ogolnopolski-konkurs-jezyka-niemieckiego-deutschfreund\/","og_locale":"pl_PL","og_type":"article","og_title":"Og\u00f3lnopolski Konkurs J\u0119zyka Niemieckiego \"Deutschfreund\"! - II Liceum Og\u00f3lnokszta\u0142c\u0105ce w Lubinie","og_description":"&nbsp; W dniu jutrzejszym (\u015broda, 14.11.2018 r.) o godz. 13:00 w auli odb\u0119dzie si\u0119 Og\u00f3lnopolski Konkurs J\u0119zyka Niemieckiego &#8222;Deutschfreund&#8221;. Prosimy o wp\u0142at\u0119 10 z\u0142 do swoich nauczycieli j. niemieckiego. Prosz\u0119 r\u00f3wnie\u017c zabra\u0107 ze sob\u0105 czarne d\u0142ugopisy.","og_url":"https:\/\/2liceum.eu\/index.php\/2018\/11\/13\/ogolnopolski-konkurs-jezyka-niemieckiego-deutschfreund\/","og_site_name":"II Liceum Og\u00f3lnokszta\u0142c\u0105ce w Lubinie","article_publisher":"https:\/\/web.facebook.com\/IILOLubin\/","article_published_time":"2018-11-13T11:44:22+00:00","og_image":[{"url":"https:\/\/2liceum.eu\/wp-content\/uploads\/2018\/11\/deutschfr.png"}],"author":"Adam Dragan","twitter_card":"summary_large_image","twitter_misc":{"Napisane przez":"Adam Dragan"},"schema":{"@context":"https:\/\/schema.org","@graph":[{"@type":"Organization","@id":"https:\/\/2liceum.eu\/#organization","name":"II Liceum Og\u00f3lnokszta\u0142c\u0105ce w Lubinie","url":"https:\/\/2liceum.eu\/","sameAs":["http:\/\/2lolubin","https:\/\/www.youtube.com\/channel\/UCWjEMxRJYdfvxPhVOn-8g_g","https:\/\/web.facebook.com\/IILOLubin\/"],"logo":{"@type":"ImageObject","inLanguage":"pl-PL","@id":"https:\/\/2liceum.eu\/#\/schema\/logo\/image\/","url":"https:\/\/2liceum.eu\/wp-content\/uploads\/2018\/01\/pobrane.jpg","contentUrl":"https:\/\/2liceum.eu\/wp-content\/uploads\/2018\/01\/pobrane.jpg","width":184,"height":183,"caption":"II Liceum Og\u00f3lnokszta\u0142c\u0105ce w Lubinie"},"image":{"@id":"https:\/\/2liceum.eu\/#\/schema\/logo\/image\/"}},{"@type":"WebSite","@id":"https:\/\/2liceum.eu\/#website","url":"https:\/\/2liceum.eu\/","name":"II Liceum Og\u00f3lnokszta\u0142c\u0105ce w Lubinie","description":"Oficjalny portal II LO w Lubinie. Informacje o szkole, kadrze, zaj\u0119ciach dydaktycznych, ko\u0142ach zainteresowa\u0144, wolontariacie. Aktualno\u015bci. Galeria zdj\u0119\u0107.","publisher":{"@id":"https:\/\/2liceum.eu\/#organization"},"potentialAction":[{"@type":"SearchAction","target":{"@type":"EntryPoint","urlTemplate":"https:\/\/2liceum.eu\/?s={search_term_string}"},"query-input":"required name=search_term_string"}],"inLanguage":"pl-PL"},{"@type":"WebPage","@id":"https:\/\/2liceum.eu\/index.php\/2018\/11\/13\/ogolnopolski-konkurs-jezyka-niemieckiego-deutschfreund\/","url":"https:\/\/2liceum.eu\/index.php\/2018\/11\/13\/ogolnopolski-konkurs-jezyka-niemieckiego-deutschfreund\/","name":"Og\u00f3lnopolski Konkurs J\u0119zyka Niemieckiego \"Deutschfreund\"! - II Liceum Og\u00f3lnokszta\u0142c\u0105ce w Lubinie","isPartOf":{"@id":"https:\/\/2liceum.eu\/#website"},"datePublished":"2018-11-13T11:44:22+00:00","dateModified":"2018-11-13T11:44:22+00:00","breadcrumb":{"@id":"https:\/\/2liceum.eu\/index.php\/2018\/11\/13\/ogolnopolski-konkurs-jezyka-niemieckiego-deutschfreund\/#breadcrumb"},"inLanguage":"pl-PL","potentialAction":[{"@type":"ReadAction","target":["https:\/\/2liceum.eu\/index.php\/2018\/11\/13\/ogolnopolski-konkurs-jezyka-niemieckiego-deutschfreund\/"]}]},{"@type":"BreadcrumbList","@id":"https:\/\/2liceum.eu\/index.php\/2018\/11\/13\/ogolnopolski-konkurs-jezyka-niemieckiego-deutschfreund\/#breadcrumb","itemListElement":[{"@type":"ListItem","position":1,"name":"Strona g\u0142\u00f3wna","item":"https:\/\/2liceum.eu\/"},{"@type":"ListItem","position":2,"name":"Og\u00f3lnopolski Konkurs J\u0119zyka Niemieckiego &#8222;Deutschfreund&#8221;!"}]},{"@type":"Article","@id":"https:\/\/2liceum.eu\/index.php\/2018\/11\/13\/ogolnopolski-konkurs-jezyka-niemieckiego-deutschfreund\/#article","isPartOf":{"@id":"https:\/\/2liceum.eu\/index.php\/2018\/11\/13\/ogolnopolski-konkurs-jezyka-niemieckiego-deutschfreund\/"},"author":{"name":"Adam Dragan","@id":"https:\/\/2liceum.eu\/#\/schema\/person\/1a52557bfdaf047be954a8b190648da5"},"headline":"Og\u00f3lnopolski Konkurs J\u0119zyka Niemieckiego &#8222;Deutschfreund&#8221;!","datePublished":"2018-11-13T11:44:22+00:00","dateModified":"2018-11-13T11:44:22+00:00","mainEntityOfPage":{"@id":"https:\/\/2liceum.eu\/index.php\/2018\/11\/13\/ogolnopolski-konkurs-jezyka-niemieckiego-deutschfreund\/"},"wordCount":46,"commentCount":0,"publisher":{"@id":"https:\/\/2liceum.eu\/#organization"},"articleSection":["Aktualno\u015bci"],"inLanguage":"pl-PL","potentialAction":[{"@type":"CommentAction","name":"Comment","target":["https:\/\/2liceum.eu\/index.php\/2018\/11\/13\/ogolnopolski-konkurs-jezyka-niemieckiego-deutschfreund\/#respond"]}]},{"@type":"Person","@id":"https:\/\/2liceum.eu\/#\/schema\/person\/1a52557bfdaf047be954a8b190648da5","name":"Adam Dragan","image":{"@type":"ImageObject","inLanguage":"pl-PL","@id":"https:\/\/2liceum.eu\/#\/schema\/person\/image\/","url":"https:\/\/secure.gravatar.com\/avatar\/3a2bee53698f47ac117505a8a054d1e47e9ee9593c4c77dc18374aa80472d80c?s=96&d=mm&r=g","contentUrl":"https:\/\/secure.gravatar.com\/avatar\/3a2bee53698f47ac117505a8a054d1e47e9ee9593c4c77dc18374aa80472d80c?s=96&d=mm&r=g","caption":"Adam Dragan"},"sameAs":["http:\/\/2liceum.eu"]}]}},"_links":{"self":[{"href":"https:\/\/2liceum.eu\/index.php\/wp-json\/wp\/v2\/posts\/3021","targetHints":{"allow":["GET"]}}],"collection":[{"href":"https:\/\/2liceum.eu\/index.php\/wp-json\/wp\/v2\/posts"}],"about":[{"href":"https:\/\/2liceum.eu\/index.php\/wp-json\/wp\/v2\/types\/post"}],"author":[{"embeddable":true,"href":"https:\/\/2liceum.eu\/index.php\/wp-json\/wp\/v2\/users\/2"}],"replies":[{"embeddable":true,"href":"https:\/\/2liceum.eu\/index.php\/wp-json\/wp\/v2\/comments?post=3021"}],"version-history":[{"count":1,"href":"https:\/\/2liceum.eu\/index.php\/wp-json\/wp\/v2\/posts\/3021\/revisions"}],"predecessor-version":[{"id":3023,"href":"https:\/\/2liceum.eu\/index.php\/wp-json\/wp\/v2\/posts\/3021\/revisions\/3023"}],"wp:attachment":[{"href":"https:\/\/2liceum.eu\/index.php\/wp-json\/wp\/v2\/media?parent=3021"}],"wp:term":[{"taxonomy":"category","embeddable":true,"href":"https:\/\/2liceum.eu\/index.php\/wp-json\/wp\/v2\/categories?post=3021"},{"taxonomy":"post_tag","embeddable":true,"href":"https:\/\/2liceum.eu\/index.php\/wp-json\/wp\/v2\/tags?post=3021"}],"curies":[{"name":"wp","href":"https:\/\/api.w.org\/{rel}","templated":true}]}}