{"id":3027,"date":"2018-11-13T14:38:40","date_gmt":"2018-11-13T13:38:40","guid":{"rendered":"https:\/\/2liceum.eu\/?p=3027"},"modified":"2018-11-13T14:38:40","modified_gmt":"2018-11-13T13:38:40","slug":"spotkania-z-wychowawcami-klas","status":"publish","type":"post","link":"https:\/\/2liceum.eu\/index.php\/2018\/11\/13\/spotkania-z-wychowawcami-klas\/","title":{"rendered":"Spotkania z wychowawcami klas!"},"content":{"rendered":"<p style=\"text-align: left;\"><span style=\"color: #000000;\"><strong>Szanowni Rodzice!<\/strong><\/span><\/p>\n<p style=\"text-align: center;\"><span style=\"color: #008000;\"><strong>&nbsp;<\/strong><\/span><\/p>\n<p style=\"text-align: center;\"><span style=\"color: #008000;\"><strong><span style=\"color: #000000;\">&nbsp; Serdecznie zapraszamy na<\/span> spotkania z wychowawcami klas.<\/strong><\/span><\/p>\n<p style=\"text-align: center;\"><span style=\"color: #ff0000;\"><strong>&nbsp;<\/strong><\/span><\/p>\n<p style=\"text-align: center;\"><span style=\"color: #ff0000;\"><strong>19 listopada 2018 r. (poniedzia\u0142ek) <\/strong><\/span><\/p>\n<p style=\"text-align: center;\"><strong>O GODZ. 16<sup>00<\/sup> ZAPRASZAMY DO SZKOLNEJ AULI<br \/>\n<\/strong><\/p>\n<p style=\"text-align: center;\"><strong>NA SPOTKANIE Z P. \u0141UKASZEM RACHWALSKIM, <\/strong><\/p>\n<p style=\"text-align: center;\"><strong>TRENEREM SZKOLENIOWYM \u2013 <u>PROFILAKTYKA UZALE\u017bNIE\u0143<\/u><\/strong><\/p>\n<p style=\"text-align: center;\"><strong>&nbsp;<\/strong><\/p>\n<p style=\"text-align: center;\"><strong>SPOTKANIA Z WYCHOWAWCAMI <\/strong><strong>(godz. 17<sup>00<\/sup>)<\/strong><\/p>\n<p>&nbsp;<\/p>\n<table width=\"0\">\n<tbody>\n<tr>\n<td width=\"126\">\n<p style=\"text-align: center;\"><strong>ODDZIA\u0141<\/strong><\/p>\n<\/td>\n<td colspan=\"2\" width=\"378\">\n<p style=\"text-align: center;\"><strong>WYCHOWAWCA<\/strong><\/p>\n<\/td>\n<td width=\"151\">\n<p style=\"text-align: center;\"><strong>SALA<\/strong><\/p>\n<\/td>\n<\/tr>\n<tr>\n<td width=\"126\"><strong>I A<\/strong><\/td>\n<td width=\"145\"><strong>Lilianna <\/strong><\/td>\n<td width=\"233\"><strong>Bartosiewicz<\/strong><\/td>\n<td width=\"151\"><strong>206 II pi\u0119tro<\/strong><\/td>\n<\/tr>\n<tr>\n<td width=\"126\"><strong>I B<\/strong><\/td>\n<td width=\"145\"><strong>Iwona<\/strong><\/td>\n<td width=\"233\"><strong>Kuriata \u2013 G\u00f3rczyk<\/strong><\/td>\n<td width=\"151\"><strong>6 parter<\/strong><\/td>\n<\/tr>\n<tr>\n<td width=\"126\"><strong>I C<\/strong><\/td>\n<td width=\"145\"><strong>Agata <\/strong><\/td>\n<td width=\"233\"><strong>P\u0119ka\u0142a<\/strong><\/td>\n<td width=\"151\"><strong>103 I pi\u0119tro<\/strong><\/td>\n<\/tr>\n<tr>\n<td width=\"126\"><strong>I D<\/strong><\/td>\n<td width=\"145\"><strong>Dorota &nbsp;<\/strong><\/td>\n<td width=\"233\"><strong>Jonc &#8211; Paszkiewicz<\/strong><\/td>\n<td width=\"151\"><strong>105 I pi\u0119tro<\/strong><\/td>\n<\/tr>\n<tr>\n<td width=\"126\"><strong>I E<\/strong><\/td>\n<td width=\"145\"><strong>Marta<\/strong><\/td>\n<td width=\"233\"><strong>Szadkowska<\/strong><\/td>\n<td width=\"151\"><strong>104 I pi\u0119tro<\/strong><\/td>\n<\/tr>\n<tr>\n<td width=\"126\"><strong>I F<\/strong><\/td>\n<td width=\"145\"><strong>Tomasz<\/strong><\/td>\n<td width=\"233\"><strong>B\u00f3b<\/strong><\/td>\n<td width=\"151\"><strong>01 piwnica<\/strong><\/td>\n<\/tr>\n<tr>\n<td width=\"126\"><strong>II A<\/strong><\/td>\n<td width=\"145\"><strong>Iwona<\/strong><\/td>\n<td width=\"233\"><strong>\u015awiderska<\/strong><\/td>\n<td width=\"151\"><strong>7<\/strong><\/td>\n<\/tr>\n<tr>\n<td width=\"126\"><strong>II B<\/strong><\/td>\n<td width=\"145\"><strong>Maciej<\/strong><\/td>\n<td width=\"233\"><strong>Lech<\/strong><\/td>\n<td width=\"151\"><strong>04<\/strong><\/td>\n<\/tr>\n<tr>\n<td width=\"126\"><strong>II C<\/strong><\/td>\n<td width=\"145\"><strong>Ma\u0142gorzata <\/strong><\/td>\n<td width=\"233\"><strong>Zaj\u0105czkowska <\/strong><\/td>\n<td width=\"151\"><strong>214<\/strong><\/td>\n<\/tr>\n<tr>\n<td width=\"126\"><strong>II D<\/strong><\/td>\n<td width=\"145\"><strong>Jolanta<\/strong><\/td>\n<td width=\"233\"><strong>Grodek &#8211; Kabat<\/strong><\/td>\n<td width=\"151\"><strong>08<\/strong><\/td>\n<\/tr>\n<tr>\n<td width=\"126\"><strong>II E<\/strong><\/td>\n<td width=\"145\"><strong>Jolanta <\/strong><\/td>\n<td width=\"233\"><strong>Komarnicka <\/strong><\/td>\n<td width=\"151\"><strong>213<\/strong><\/td>\n<\/tr>\n<tr>\n<td width=\"126\"><strong>III A<\/strong><\/td>\n<td width=\"145\"><strong>Olena <\/strong><\/td>\n<td width=\"233\"><strong>Aubek<\/strong><\/td>\n<td width=\"151\"><strong>8<\/strong><\/td>\n<\/tr>\n<tr>\n<td width=\"126\"><strong>III B<\/strong><\/td>\n<td width=\"145\"><strong>Joanna <\/strong><\/td>\n<td width=\"233\"><strong>Zimna<\/strong><\/td>\n<td width=\"151\"><strong>106<\/strong><\/td>\n<\/tr>\n<tr>\n<td width=\"126\"><strong>III C<\/strong><\/td>\n<td width=\"145\"><strong>Ewa <\/strong><\/td>\n<td width=\"233\"><strong>Gr\u0119da<\/strong><\/td>\n<td width=\"151\"><strong>9 <\/strong><\/td>\n<\/tr>\n<tr>\n<td width=\"126\"><strong>III D<\/strong><\/td>\n<td width=\"145\"><strong>Danuta <\/strong><\/td>\n<td width=\"233\"><strong>Go\u0142\u0105b<\/strong><\/td>\n<td width=\"151\"><strong>10<\/strong><\/td>\n<\/tr>\n<tr>\n<td width=\"126\"><strong>III E<\/strong><\/td>\n<td width=\"145\"><strong>Emanuela <\/strong><\/td>\n<td width=\"233\"><strong>Garnowska<\/strong><\/td>\n<td width=\"151\"><strong>12<\/strong><\/td>\n<\/tr>\n<\/tbody>\n<\/table>\n<p>&nbsp;<\/p>\n","protected":false},"excerpt":{"rendered":"<p>Szanowni Rodzice! &nbsp; &nbsp; Serdecznie zapraszamy na spotkania z wychowawcami klas. &nbsp; 19 listopada 2018 r. (poniedzia\u0142ek) O GODZ. 1600 ZAPRASZAMY DO SZKOLNEJ AULI NA SPOTKANIE Z P. \u0141UKASZEM RACHWALSKIM, TRENEREM SZKOLENIOWYM \u2013 PROFILAKTYKA UZALE\u017bNIE\u0143 &nbsp; SPOTKANIA Z WYCHOWAWCAMI (godz. 1700) &nbsp; ODDZIA\u0141 WYCHOWAWCA SALA I A Lilianna Bartosiewicz 206 II pi\u0119tro I B Iwona [&hellip;]<\/p>\n","protected":false},"author":2,"featured_media":0,"comment_status":"open","ping_status":"open","sticky":false,"template":"","format":"standard","meta":{"ngg_post_thumbnail":0,"footnotes":""},"categories":[1],"tags":[],"class_list":["post-3027","post","type-post","status-publish","format-standard","hentry","category-aktualnosci"],"yoast_head":"<!-- This site is optimized with the Yoast SEO plugin v19.4 - https:\/\/yoast.com\/wordpress\/plugins\/seo\/ -->\n<title>Spotkania z wychowawcami klas! - II Liceum Og\u00f3lnokszta\u0142c\u0105ce w Lubinie<\/title>\n<meta name=\"robots\" content=\"index, follow, max-snippet:-1, max-image-preview:large, max-video-preview:-1\" \/>\n<link rel=\"canonical\" href=\"https:\/\/2liceum.eu\/index.php\/2018\/11\/13\/spotkania-z-wychowawcami-klas\/\" \/>\n<meta property=\"og:locale\" content=\"pl_PL\" \/>\n<meta property=\"og:type\" content=\"article\" \/>\n<meta property=\"og:title\" content=\"Spotkania z wychowawcami klas! - II Liceum Og\u00f3lnokszta\u0142c\u0105ce w Lubinie\" \/>\n<meta property=\"og:description\" content=\"Szanowni Rodzice! &nbsp; &nbsp; Serdecznie zapraszamy na spotkania z wychowawcami klas. &nbsp; 19 listopada 2018 r. (poniedzia\u0142ek) O GODZ. 1600 ZAPRASZAMY DO SZKOLNEJ AULI NA SPOTKANIE Z P. \u0141UKASZEM RACHWALSKIM, TRENEREM SZKOLENIOWYM \u2013 PROFILAKTYKA UZALE\u017bNIE\u0143 &nbsp; SPOTKANIA Z WYCHOWAWCAMI (godz. 1700) &nbsp; ODDZIA\u0141 WYCHOWAWCA SALA I A Lilianna Bartosiewicz 206 II pi\u0119tro I B Iwona [&hellip;]\" \/>\n<meta property=\"og:url\" content=\"https:\/\/2liceum.eu\/index.php\/2018\/11\/13\/spotkania-z-wychowawcami-klas\/\" \/>\n<meta property=\"og:site_name\" content=\"II Liceum Og\u00f3lnokszta\u0142c\u0105ce w Lubinie\" \/>\n<meta property=\"article:publisher\" content=\"https:\/\/web.facebook.com\/IILOLubin\/\" \/>\n<meta property=\"article:published_time\" content=\"2018-11-13T13:38:40+00:00\" \/>\n<meta name=\"author\" content=\"Adam Dragan\" \/>\n<meta name=\"twitter:card\" content=\"summary_large_image\" \/>\n<meta name=\"twitter:label1\" content=\"Napisane przez\" \/>\n\t<meta name=\"twitter:data1\" content=\"Adam Dragan\" \/>\n\t<meta name=\"twitter:label2\" content=\"Szacowany czas czytania\" \/>\n\t<meta name=\"twitter:data2\" content=\"1 minuta\" \/>\n<script type=\"application\/ld+json\" class=\"yoast-schema-graph\">{\"@context\":\"https:\/\/schema.org\",\"@graph\":[{\"@type\":\"Organization\",\"@id\":\"https:\/\/2liceum.eu\/#organization\",\"name\":\"II Liceum Og\u00f3lnokszta\u0142c\u0105ce w Lubinie\",\"url\":\"https:\/\/2liceum.eu\/\",\"sameAs\":[\"http:\/\/2lolubin\",\"https:\/\/www.youtube.com\/channel\/UCWjEMxRJYdfvxPhVOn-8g_g\",\"https:\/\/web.facebook.com\/IILOLubin\/\"],\"logo\":{\"@type\":\"ImageObject\",\"inLanguage\":\"pl-PL\",\"@id\":\"https:\/\/2liceum.eu\/#\/schema\/logo\/image\/\",\"url\":\"https:\/\/2liceum.eu\/wp-content\/uploads\/2018\/01\/pobrane.jpg\",\"contentUrl\":\"https:\/\/2liceum.eu\/wp-content\/uploads\/2018\/01\/pobrane.jpg\",\"width\":184,\"height\":183,\"caption\":\"II Liceum Og\u00f3lnokszta\u0142c\u0105ce w Lubinie\"},\"image\":{\"@id\":\"https:\/\/2liceum.eu\/#\/schema\/logo\/image\/\"}},{\"@type\":\"WebSite\",\"@id\":\"https:\/\/2liceum.eu\/#website\",\"url\":\"https:\/\/2liceum.eu\/\",\"name\":\"II Liceum Og\u00f3lnokszta\u0142c\u0105ce w Lubinie\",\"description\":\"Oficjalny portal II LO w Lubinie. Informacje o szkole, kadrze, zaj\u0119ciach dydaktycznych, ko\u0142ach zainteresowa\u0144, wolontariacie. Aktualno\u015bci. Galeria zdj\u0119\u0107.\",\"publisher\":{\"@id\":\"https:\/\/2liceum.eu\/#organization\"},\"potentialAction\":[{\"@type\":\"SearchAction\",\"target\":{\"@type\":\"EntryPoint\",\"urlTemplate\":\"https:\/\/2liceum.eu\/?s={search_term_string}\"},\"query-input\":\"required name=search_term_string\"}],\"inLanguage\":\"pl-PL\"},{\"@type\":\"WebPage\",\"@id\":\"https:\/\/2liceum.eu\/index.php\/2018\/11\/13\/spotkania-z-wychowawcami-klas\/\",\"url\":\"https:\/\/2liceum.eu\/index.php\/2018\/11\/13\/spotkania-z-wychowawcami-klas\/\",\"name\":\"Spotkania z wychowawcami klas! - II Liceum Og\u00f3lnokszta\u0142c\u0105ce w Lubinie\",\"isPartOf\":{\"@id\":\"https:\/\/2liceum.eu\/#website\"},\"datePublished\":\"2018-11-13T13:38:40+00:00\",\"dateModified\":\"2018-11-13T13:38:40+00:00\",\"breadcrumb\":{\"@id\":\"https:\/\/2liceum.eu\/index.php\/2018\/11\/13\/spotkania-z-wychowawcami-klas\/#breadcrumb\"},\"inLanguage\":\"pl-PL\",\"potentialAction\":[{\"@type\":\"ReadAction\",\"target\":[\"https:\/\/2liceum.eu\/index.php\/2018\/11\/13\/spotkania-z-wychowawcami-klas\/\"]}]},{\"@type\":\"BreadcrumbList\",\"@id\":\"https:\/\/2liceum.eu\/index.php\/2018\/11\/13\/spotkania-z-wychowawcami-klas\/#breadcrumb\",\"itemListElement\":[{\"@type\":\"ListItem\",\"position\":1,\"name\":\"Strona g\u0142\u00f3wna\",\"item\":\"https:\/\/2liceum.eu\/\"},{\"@type\":\"ListItem\",\"position\":2,\"name\":\"Spotkania z&nbsp;wychowawcami klas!\"}]},{\"@type\":\"Article\",\"@id\":\"https:\/\/2liceum.eu\/index.php\/2018\/11\/13\/spotkania-z-wychowawcami-klas\/#article\",\"isPartOf\":{\"@id\":\"https:\/\/2liceum.eu\/index.php\/2018\/11\/13\/spotkania-z-wychowawcami-klas\/\"},\"author\":{\"name\":\"Adam Dragan\",\"@id\":\"https:\/\/2liceum.eu\/#\/schema\/person\/1a52557bfdaf047be954a8b190648da5\"},\"headline\":\"Spotkania z wychowawcami klas!\",\"datePublished\":\"2018-11-13T13:38:40+00:00\",\"dateModified\":\"2018-11-13T13:38:40+00:00\",\"mainEntityOfPage\":{\"@id\":\"https:\/\/2liceum.eu\/index.php\/2018\/11\/13\/spotkania-z-wychowawcami-klas\/\"},\"wordCount\":139,\"commentCount\":0,\"publisher\":{\"@id\":\"https:\/\/2liceum.eu\/#organization\"},\"articleSection\":[\"Aktualno\u015bci\"],\"inLanguage\":\"pl-PL\",\"potentialAction\":[{\"@type\":\"CommentAction\",\"name\":\"Comment\",\"target\":[\"https:\/\/2liceum.eu\/index.php\/2018\/11\/13\/spotkania-z-wychowawcami-klas\/#respond\"]}]},{\"@type\":\"Person\",\"@id\":\"https:\/\/2liceum.eu\/#\/schema\/person\/1a52557bfdaf047be954a8b190648da5\",\"name\":\"Adam Dragan\",\"image\":{\"@type\":\"ImageObject\",\"inLanguage\":\"pl-PL\",\"@id\":\"https:\/\/2liceum.eu\/#\/schema\/person\/image\/\",\"url\":\"https:\/\/secure.gravatar.com\/avatar\/3a2bee53698f47ac117505a8a054d1e47e9ee9593c4c77dc18374aa80472d80c?s=96&d=mm&r=g\",\"contentUrl\":\"https:\/\/secure.gravatar.com\/avatar\/3a2bee53698f47ac117505a8a054d1e47e9ee9593c4c77dc18374aa80472d80c?s=96&d=mm&r=g\",\"caption\":\"Adam Dragan\"},\"sameAs\":[\"http:\/\/2liceum.eu\"]}]}<\/script>\n<!-- \/ Yoast SEO plugin. -->","yoast_head_json":{"title":"Spotkania z wychowawcami klas! - II Liceum Og\u00f3lnokszta\u0142c\u0105ce w Lubinie","robots":{"index":"index","follow":"follow","max-snippet":"max-snippet:-1","max-image-preview":"max-image-preview:large","max-video-preview":"max-video-preview:-1"},"canonical":"https:\/\/2liceum.eu\/index.php\/2018\/11\/13\/spotkania-z-wychowawcami-klas\/","og_locale":"pl_PL","og_type":"article","og_title":"Spotkania z wychowawcami klas! - II Liceum Og\u00f3lnokszta\u0142c\u0105ce w Lubinie","og_description":"Szanowni Rodzice! &nbsp; &nbsp; Serdecznie zapraszamy na spotkania z wychowawcami klas. &nbsp; 19 listopada 2018 r. (poniedzia\u0142ek) O GODZ. 1600 ZAPRASZAMY DO SZKOLNEJ AULI NA SPOTKANIE Z P. \u0141UKASZEM RACHWALSKIM, TRENEREM SZKOLENIOWYM \u2013 PROFILAKTYKA UZALE\u017bNIE\u0143 &nbsp; SPOTKANIA Z WYCHOWAWCAMI (godz. 1700) &nbsp; ODDZIA\u0141 WYCHOWAWCA SALA I A Lilianna Bartosiewicz 206 II pi\u0119tro I B Iwona [&hellip;]","og_url":"https:\/\/2liceum.eu\/index.php\/2018\/11\/13\/spotkania-z-wychowawcami-klas\/","og_site_name":"II Liceum Og\u00f3lnokszta\u0142c\u0105ce w Lubinie","article_publisher":"https:\/\/web.facebook.com\/IILOLubin\/","article_published_time":"2018-11-13T13:38:40+00:00","author":"Adam Dragan","twitter_card":"summary_large_image","twitter_misc":{"Napisane przez":"Adam Dragan","Szacowany czas czytania":"1 minuta"},"schema":{"@context":"https:\/\/schema.org","@graph":[{"@type":"Organization","@id":"https:\/\/2liceum.eu\/#organization","name":"II Liceum Og\u00f3lnokszta\u0142c\u0105ce w Lubinie","url":"https:\/\/2liceum.eu\/","sameAs":["http:\/\/2lolubin","https:\/\/www.youtube.com\/channel\/UCWjEMxRJYdfvxPhVOn-8g_g","https:\/\/web.facebook.com\/IILOLubin\/"],"logo":{"@type":"ImageObject","inLanguage":"pl-PL","@id":"https:\/\/2liceum.eu\/#\/schema\/logo\/image\/","url":"https:\/\/2liceum.eu\/wp-content\/uploads\/2018\/01\/pobrane.jpg","contentUrl":"https:\/\/2liceum.eu\/wp-content\/uploads\/2018\/01\/pobrane.jpg","width":184,"height":183,"caption":"II Liceum Og\u00f3lnokszta\u0142c\u0105ce w Lubinie"},"image":{"@id":"https:\/\/2liceum.eu\/#\/schema\/logo\/image\/"}},{"@type":"WebSite","@id":"https:\/\/2liceum.eu\/#website","url":"https:\/\/2liceum.eu\/","name":"II Liceum Og\u00f3lnokszta\u0142c\u0105ce w Lubinie","description":"Oficjalny portal II LO w Lubinie. Informacje o szkole, kadrze, zaj\u0119ciach dydaktycznych, ko\u0142ach zainteresowa\u0144, wolontariacie. Aktualno\u015bci. Galeria zdj\u0119\u0107.","publisher":{"@id":"https:\/\/2liceum.eu\/#organization"},"potentialAction":[{"@type":"SearchAction","target":{"@type":"EntryPoint","urlTemplate":"https:\/\/2liceum.eu\/?s={search_term_string}"},"query-input":"required name=search_term_string"}],"inLanguage":"pl-PL"},{"@type":"WebPage","@id":"https:\/\/2liceum.eu\/index.php\/2018\/11\/13\/spotkania-z-wychowawcami-klas\/","url":"https:\/\/2liceum.eu\/index.php\/2018\/11\/13\/spotkania-z-wychowawcami-klas\/","name":"Spotkania z wychowawcami klas! - II Liceum Og\u00f3lnokszta\u0142c\u0105ce w Lubinie","isPartOf":{"@id":"https:\/\/2liceum.eu\/#website"},"datePublished":"2018-11-13T13:38:40+00:00","dateModified":"2018-11-13T13:38:40+00:00","breadcrumb":{"@id":"https:\/\/2liceum.eu\/index.php\/2018\/11\/13\/spotkania-z-wychowawcami-klas\/#breadcrumb"},"inLanguage":"pl-PL","potentialAction":[{"@type":"ReadAction","target":["https:\/\/2liceum.eu\/index.php\/2018\/11\/13\/spotkania-z-wychowawcami-klas\/"]}]},{"@type":"BreadcrumbList","@id":"https:\/\/2liceum.eu\/index.php\/2018\/11\/13\/spotkania-z-wychowawcami-klas\/#breadcrumb","itemListElement":[{"@type":"ListItem","position":1,"name":"Strona g\u0142\u00f3wna","item":"https:\/\/2liceum.eu\/"},{"@type":"ListItem","position":2,"name":"Spotkania z&nbsp;wychowawcami klas!"}]},{"@type":"Article","@id":"https:\/\/2liceum.eu\/index.php\/2018\/11\/13\/spotkania-z-wychowawcami-klas\/#article","isPartOf":{"@id":"https:\/\/2liceum.eu\/index.php\/2018\/11\/13\/spotkania-z-wychowawcami-klas\/"},"author":{"name":"Adam Dragan","@id":"https:\/\/2liceum.eu\/#\/schema\/person\/1a52557bfdaf047be954a8b190648da5"},"headline":"Spotkania z wychowawcami klas!","datePublished":"2018-11-13T13:38:40+00:00","dateModified":"2018-11-13T13:38:40+00:00","mainEntityOfPage":{"@id":"https:\/\/2liceum.eu\/index.php\/2018\/11\/13\/spotkania-z-wychowawcami-klas\/"},"wordCount":139,"commentCount":0,"publisher":{"@id":"https:\/\/2liceum.eu\/#organization"},"articleSection":["Aktualno\u015bci"],"inLanguage":"pl-PL","potentialAction":[{"@type":"CommentAction","name":"Comment","target":["https:\/\/2liceum.eu\/index.php\/2018\/11\/13\/spotkania-z-wychowawcami-klas\/#respond"]}]},{"@type":"Person","@id":"https:\/\/2liceum.eu\/#\/schema\/person\/1a52557bfdaf047be954a8b190648da5","name":"Adam Dragan","image":{"@type":"ImageObject","inLanguage":"pl-PL","@id":"https:\/\/2liceum.eu\/#\/schema\/person\/image\/","url":"https:\/\/secure.gravatar.com\/avatar\/3a2bee53698f47ac117505a8a054d1e47e9ee9593c4c77dc18374aa80472d80c?s=96&d=mm&r=g","contentUrl":"https:\/\/secure.gravatar.com\/avatar\/3a2bee53698f47ac117505a8a054d1e47e9ee9593c4c77dc18374aa80472d80c?s=96&d=mm&r=g","caption":"Adam Dragan"},"sameAs":["http:\/\/2liceum.eu"]}]}},"_links":{"self":[{"href":"https:\/\/2liceum.eu\/index.php\/wp-json\/wp\/v2\/posts\/3027","targetHints":{"allow":["GET"]}}],"collection":[{"href":"https:\/\/2liceum.eu\/index.php\/wp-json\/wp\/v2\/posts"}],"about":[{"href":"https:\/\/2liceum.eu\/index.php\/wp-json\/wp\/v2\/types\/post"}],"author":[{"embeddable":true,"href":"https:\/\/2liceum.eu\/index.php\/wp-json\/wp\/v2\/users\/2"}],"replies":[{"embeddable":true,"href":"https:\/\/2liceum.eu\/index.php\/wp-json\/wp\/v2\/comments?post=3027"}],"version-history":[{"count":1,"href":"https:\/\/2liceum.eu\/index.php\/wp-json\/wp\/v2\/posts\/3027\/revisions"}],"predecessor-version":[{"id":3028,"href":"https:\/\/2liceum.eu\/index.php\/wp-json\/wp\/v2\/posts\/3027\/revisions\/3028"}],"wp:attachment":[{"href":"https:\/\/2liceum.eu\/index.php\/wp-json\/wp\/v2\/media?parent=3027"}],"wp:term":[{"taxonomy":"category","embeddable":true,"href":"https:\/\/2liceum.eu\/index.php\/wp-json\/wp\/v2\/categories?post=3027"},{"taxonomy":"post_tag","embeddable":true,"href":"https:\/\/2liceum.eu\/index.php\/wp-json\/wp\/v2\/tags?post=3027"}],"curies":[{"name":"wp","href":"https:\/\/api.w.org\/{rel}","templated":true}]}}