{"id":3062,"date":"2018-11-19T15:17:06","date_gmt":"2018-11-19T14:17:06","guid":{"rendered":"https:\/\/2liceum.eu\/?p=3062"},"modified":"2018-11-19T15:17:31","modified_gmt":"2018-11-19T14:17:31","slug":"sukces","status":"publish","type":"post","link":"https:\/\/2liceum.eu\/index.php\/2018\/11\/19\/sukces\/","title":{"rendered":"Sukces!!!"},"content":{"rendered":"<p style=\"text-align: justify;\"><img decoding=\"async\" class=\"alignright\" src=\"https:\/\/2liceum.eu\/wp-content\/uploads\/sites\/1\/nggallery\/mistrzostwa-strefy-legnickiej-w-badmingtona\/thumbs\/thumbs_46496067_722014674840995_5852819653008556032_n.jpg\" alt=\"\">16 listopada 2018 odby\u0142y si\u0119 <span style=\"color: #008000;\"><strong>Mistrzostwa Strefy legnickiej w badmintonie.<\/strong><\/span> Udzia\u0142 wzi\u0119\u0142y nasze dwie dru\u017cyny.<\/p>\n<p style=\"text-align: justify;\">Dziewcz\u0119ta spisa\u0142y si\u0119 najlepiej! <strong>Wygra\u0142y wszystkie mecze,<span style=\"color: #ff0000;\"> zdoby\u0142y z\u0142ote medale i awansowa\u0142y do fina\u0142u dolno\u015bl\u0105skiego.<\/span><\/strong><\/p>\n<p style=\"text-align: justify;\">Ch\u0142opcy r\u00f3wnie\u017c stan\u0119li na podium zajmuj\u0105c <strong>III miejsce i awansowali do fina\u0142u dolno\u015bl\u0105skiego.<\/strong><\/p>\n<div class=\"text_exposed_show\">\n<p style=\"text-align: justify;\"><strong>Nasi medali\u015bci:<\/strong><br \/>\nWo\u017cniak Klaudia 2c<br \/>\nZdobylak Weronika 2d<br \/>\nPielech Adrian 3d<br \/>\nSzwed Kuba 1b<br \/>\nRadom Kacper 1a<\/p>\n<\/div>\n<p><a href=\"https:\/\/2liceum.eu\/index.php\/galeria\/nggallery\/rok-szkolny-2018-2019\/Mistrzostwa-strefy-legnickiej-w-Badmingtona!\" target=\"_blank\" rel=\"noopener\"><strong>Zapraszamy do galerii.<\/strong><\/a><\/p>\n","protected":false},"excerpt":{"rendered":"<p>16 listopada 2018 odby\u0142y si\u0119 Mistrzostwa Strefy legnickiej w badmintonie. Udzia\u0142 wzi\u0119\u0142y nasze dwie dru\u017cyny. Dziewcz\u0119ta spisa\u0142y si\u0119 najlepiej! Wygra\u0142y wszystkie mecze, zdoby\u0142y z\u0142ote medale i awansowa\u0142y do fina\u0142u dolno\u015bl\u0105skiego. Ch\u0142opcy r\u00f3wnie\u017c stan\u0119li na podium zajmuj\u0105c III miejsce i awansowali do fina\u0142u dolno\u015bl\u0105skiego. Nasi medali\u015bci: Wo\u017cniak Klaudia 2c Zdobylak Weronika 2d Pielech Adrian 3d Szwed [&hellip;]<\/p>\n","protected":false},"author":2,"featured_media":0,"comment_status":"open","ping_status":"open","sticky":false,"template":"","format":"standard","meta":{"ngg_post_thumbnail":0,"footnotes":""},"categories":[1,21],"tags":[],"class_list":["post-3062","post","type-post","status-publish","format-standard","hentry","category-aktualnosci","category-osiagniecia-sportowe-2018-2019"],"yoast_head":"<!-- This site is optimized with the Yoast SEO plugin v19.4 - https:\/\/yoast.com\/wordpress\/plugins\/seo\/ -->\n<title>Sukces!!! - II Liceum Og\u00f3lnokszta\u0142c\u0105ce w Lubinie<\/title>\n<meta name=\"robots\" content=\"index, follow, max-snippet:-1, max-image-preview:large, max-video-preview:-1\" \/>\n<link rel=\"canonical\" href=\"https:\/\/2liceum.eu\/index.php\/2018\/11\/19\/sukces\/\" \/>\n<meta property=\"og:locale\" content=\"pl_PL\" \/>\n<meta property=\"og:type\" content=\"article\" \/>\n<meta property=\"og:title\" content=\"Sukces!!! - II Liceum Og\u00f3lnokszta\u0142c\u0105ce w Lubinie\" \/>\n<meta property=\"og:description\" content=\"16 listopada 2018 odby\u0142y si\u0119 Mistrzostwa Strefy legnickiej w badmintonie. Udzia\u0142 wzi\u0119\u0142y nasze dwie dru\u017cyny. Dziewcz\u0119ta spisa\u0142y si\u0119 najlepiej! Wygra\u0142y wszystkie mecze, zdoby\u0142y z\u0142ote medale i awansowa\u0142y do fina\u0142u dolno\u015bl\u0105skiego. Ch\u0142opcy r\u00f3wnie\u017c stan\u0119li na podium zajmuj\u0105c III miejsce i awansowali do fina\u0142u dolno\u015bl\u0105skiego. Nasi medali\u015bci: Wo\u017cniak Klaudia 2c Zdobylak Weronika 2d Pielech Adrian 3d Szwed [&hellip;]\" \/>\n<meta property=\"og:url\" content=\"https:\/\/2liceum.eu\/index.php\/2018\/11\/19\/sukces\/\" \/>\n<meta property=\"og:site_name\" content=\"II Liceum Og\u00f3lnokszta\u0142c\u0105ce w Lubinie\" \/>\n<meta property=\"article:publisher\" content=\"https:\/\/web.facebook.com\/IILOLubin\/\" \/>\n<meta property=\"article:published_time\" content=\"2018-11-19T14:17:06+00:00\" \/>\n<meta property=\"article:modified_time\" content=\"2018-11-19T14:17:31+00:00\" \/>\n<meta property=\"og:image\" content=\"https:\/\/2liceum.eu\/wp-content\/uploads\/sites\/1\/nggallery\/mistrzostwa-strefy-legnickiej-w-badmingtona\/thumbs\/thumbs_46496067_722014674840995_5852819653008556032_n.jpg\" \/>\n<meta name=\"author\" content=\"Adam Dragan\" \/>\n<meta name=\"twitter:card\" content=\"summary_large_image\" \/>\n<meta name=\"twitter:label1\" content=\"Napisane przez\" \/>\n\t<meta name=\"twitter:data1\" content=\"Adam Dragan\" \/>\n<script type=\"application\/ld+json\" class=\"yoast-schema-graph\">{\"@context\":\"https:\/\/schema.org\",\"@graph\":[{\"@type\":\"Organization\",\"@id\":\"https:\/\/2liceum.eu\/#organization\",\"name\":\"II Liceum Og\u00f3lnokszta\u0142c\u0105ce w Lubinie\",\"url\":\"https:\/\/2liceum.eu\/\",\"sameAs\":[\"http:\/\/2lolubin\",\"https:\/\/www.youtube.com\/channel\/UCWjEMxRJYdfvxPhVOn-8g_g\",\"https:\/\/web.facebook.com\/IILOLubin\/\"],\"logo\":{\"@type\":\"ImageObject\",\"inLanguage\":\"pl-PL\",\"@id\":\"https:\/\/2liceum.eu\/#\/schema\/logo\/image\/\",\"url\":\"https:\/\/2liceum.eu\/wp-content\/uploads\/2018\/01\/pobrane.jpg\",\"contentUrl\":\"https:\/\/2liceum.eu\/wp-content\/uploads\/2018\/01\/pobrane.jpg\",\"width\":184,\"height\":183,\"caption\":\"II Liceum Og\u00f3lnokszta\u0142c\u0105ce w Lubinie\"},\"image\":{\"@id\":\"https:\/\/2liceum.eu\/#\/schema\/logo\/image\/\"}},{\"@type\":\"WebSite\",\"@id\":\"https:\/\/2liceum.eu\/#website\",\"url\":\"https:\/\/2liceum.eu\/\",\"name\":\"II Liceum Og\u00f3lnokszta\u0142c\u0105ce w Lubinie\",\"description\":\"Oficjalny portal II LO w Lubinie. Informacje o szkole, kadrze, zaj\u0119ciach dydaktycznych, ko\u0142ach zainteresowa\u0144, wolontariacie. Aktualno\u015bci. Galeria zdj\u0119\u0107.\",\"publisher\":{\"@id\":\"https:\/\/2liceum.eu\/#organization\"},\"potentialAction\":[{\"@type\":\"SearchAction\",\"target\":{\"@type\":\"EntryPoint\",\"urlTemplate\":\"https:\/\/2liceum.eu\/?s={search_term_string}\"},\"query-input\":\"required name=search_term_string\"}],\"inLanguage\":\"pl-PL\"},{\"@type\":\"WebPage\",\"@id\":\"https:\/\/2liceum.eu\/index.php\/2018\/11\/19\/sukces\/\",\"url\":\"https:\/\/2liceum.eu\/index.php\/2018\/11\/19\/sukces\/\",\"name\":\"Sukces!!! - II Liceum Og\u00f3lnokszta\u0142c\u0105ce w Lubinie\",\"isPartOf\":{\"@id\":\"https:\/\/2liceum.eu\/#website\"},\"datePublished\":\"2018-11-19T14:17:06+00:00\",\"dateModified\":\"2018-11-19T14:17:31+00:00\",\"breadcrumb\":{\"@id\":\"https:\/\/2liceum.eu\/index.php\/2018\/11\/19\/sukces\/#breadcrumb\"},\"inLanguage\":\"pl-PL\",\"potentialAction\":[{\"@type\":\"ReadAction\",\"target\":[\"https:\/\/2liceum.eu\/index.php\/2018\/11\/19\/sukces\/\"]}]},{\"@type\":\"BreadcrumbList\",\"@id\":\"https:\/\/2liceum.eu\/index.php\/2018\/11\/19\/sukces\/#breadcrumb\",\"itemListElement\":[{\"@type\":\"ListItem\",\"position\":1,\"name\":\"Strona g\u0142\u00f3wna\",\"item\":\"https:\/\/2liceum.eu\/\"},{\"@type\":\"ListItem\",\"position\":2,\"name\":\"Sukces!!!\"}]},{\"@type\":\"Article\",\"@id\":\"https:\/\/2liceum.eu\/index.php\/2018\/11\/19\/sukces\/#article\",\"isPartOf\":{\"@id\":\"https:\/\/2liceum.eu\/index.php\/2018\/11\/19\/sukces\/\"},\"author\":{\"name\":\"Adam Dragan\",\"@id\":\"https:\/\/2liceum.eu\/#\/schema\/person\/1a52557bfdaf047be954a8b190648da5\"},\"headline\":\"Sukces!!!\",\"datePublished\":\"2018-11-19T14:17:06+00:00\",\"dateModified\":\"2018-11-19T14:17:31+00:00\",\"mainEntityOfPage\":{\"@id\":\"https:\/\/2liceum.eu\/index.php\/2018\/11\/19\/sukces\/\"},\"wordCount\":83,\"commentCount\":0,\"publisher\":{\"@id\":\"https:\/\/2liceum.eu\/#organization\"},\"articleSection\":[\"Aktualno\u015bci\",\"Osi\u0105gni\u0119cia sportowe 2018\/2019\"],\"inLanguage\":\"pl-PL\",\"potentialAction\":[{\"@type\":\"CommentAction\",\"name\":\"Comment\",\"target\":[\"https:\/\/2liceum.eu\/index.php\/2018\/11\/19\/sukces\/#respond\"]}]},{\"@type\":\"Person\",\"@id\":\"https:\/\/2liceum.eu\/#\/schema\/person\/1a52557bfdaf047be954a8b190648da5\",\"name\":\"Adam Dragan\",\"image\":{\"@type\":\"ImageObject\",\"inLanguage\":\"pl-PL\",\"@id\":\"https:\/\/2liceum.eu\/#\/schema\/person\/image\/\",\"url\":\"https:\/\/secure.gravatar.com\/avatar\/3a2bee53698f47ac117505a8a054d1e47e9ee9593c4c77dc18374aa80472d80c?s=96&d=mm&r=g\",\"contentUrl\":\"https:\/\/secure.gravatar.com\/avatar\/3a2bee53698f47ac117505a8a054d1e47e9ee9593c4c77dc18374aa80472d80c?s=96&d=mm&r=g\",\"caption\":\"Adam Dragan\"},\"sameAs\":[\"http:\/\/2liceum.eu\"]}]}<\/script>\n<!-- \/ Yoast SEO plugin. -->","yoast_head_json":{"title":"Sukces!!! - II Liceum Og\u00f3lnokszta\u0142c\u0105ce w Lubinie","robots":{"index":"index","follow":"follow","max-snippet":"max-snippet:-1","max-image-preview":"max-image-preview:large","max-video-preview":"max-video-preview:-1"},"canonical":"https:\/\/2liceum.eu\/index.php\/2018\/11\/19\/sukces\/","og_locale":"pl_PL","og_type":"article","og_title":"Sukces!!! - II Liceum Og\u00f3lnokszta\u0142c\u0105ce w Lubinie","og_description":"16 listopada 2018 odby\u0142y si\u0119 Mistrzostwa Strefy legnickiej w badmintonie. Udzia\u0142 wzi\u0119\u0142y nasze dwie dru\u017cyny. Dziewcz\u0119ta spisa\u0142y si\u0119 najlepiej! Wygra\u0142y wszystkie mecze, zdoby\u0142y z\u0142ote medale i awansowa\u0142y do fina\u0142u dolno\u015bl\u0105skiego. Ch\u0142opcy r\u00f3wnie\u017c stan\u0119li na podium zajmuj\u0105c III miejsce i awansowali do fina\u0142u dolno\u015bl\u0105skiego. Nasi medali\u015bci: Wo\u017cniak Klaudia 2c Zdobylak Weronika 2d Pielech Adrian 3d Szwed [&hellip;]","og_url":"https:\/\/2liceum.eu\/index.php\/2018\/11\/19\/sukces\/","og_site_name":"II Liceum Og\u00f3lnokszta\u0142c\u0105ce w Lubinie","article_publisher":"https:\/\/web.facebook.com\/IILOLubin\/","article_published_time":"2018-11-19T14:17:06+00:00","article_modified_time":"2018-11-19T14:17:31+00:00","og_image":[{"url":"https:\/\/2liceum.eu\/wp-content\/uploads\/sites\/1\/nggallery\/mistrzostwa-strefy-legnickiej-w-badmingtona\/thumbs\/thumbs_46496067_722014674840995_5852819653008556032_n.jpg"}],"author":"Adam Dragan","twitter_card":"summary_large_image","twitter_misc":{"Napisane przez":"Adam Dragan"},"schema":{"@context":"https:\/\/schema.org","@graph":[{"@type":"Organization","@id":"https:\/\/2liceum.eu\/#organization","name":"II Liceum Og\u00f3lnokszta\u0142c\u0105ce w Lubinie","url":"https:\/\/2liceum.eu\/","sameAs":["http:\/\/2lolubin","https:\/\/www.youtube.com\/channel\/UCWjEMxRJYdfvxPhVOn-8g_g","https:\/\/web.facebook.com\/IILOLubin\/"],"logo":{"@type":"ImageObject","inLanguage":"pl-PL","@id":"https:\/\/2liceum.eu\/#\/schema\/logo\/image\/","url":"https:\/\/2liceum.eu\/wp-content\/uploads\/2018\/01\/pobrane.jpg","contentUrl":"https:\/\/2liceum.eu\/wp-content\/uploads\/2018\/01\/pobrane.jpg","width":184,"height":183,"caption":"II Liceum Og\u00f3lnokszta\u0142c\u0105ce w Lubinie"},"image":{"@id":"https:\/\/2liceum.eu\/#\/schema\/logo\/image\/"}},{"@type":"WebSite","@id":"https:\/\/2liceum.eu\/#website","url":"https:\/\/2liceum.eu\/","name":"II Liceum Og\u00f3lnokszta\u0142c\u0105ce w Lubinie","description":"Oficjalny portal II LO w Lubinie. Informacje o szkole, kadrze, zaj\u0119ciach dydaktycznych, ko\u0142ach zainteresowa\u0144, wolontariacie. Aktualno\u015bci. Galeria zdj\u0119\u0107.","publisher":{"@id":"https:\/\/2liceum.eu\/#organization"},"potentialAction":[{"@type":"SearchAction","target":{"@type":"EntryPoint","urlTemplate":"https:\/\/2liceum.eu\/?s={search_term_string}"},"query-input":"required name=search_term_string"}],"inLanguage":"pl-PL"},{"@type":"WebPage","@id":"https:\/\/2liceum.eu\/index.php\/2018\/11\/19\/sukces\/","url":"https:\/\/2liceum.eu\/index.php\/2018\/11\/19\/sukces\/","name":"Sukces!!! - II Liceum Og\u00f3lnokszta\u0142c\u0105ce w Lubinie","isPartOf":{"@id":"https:\/\/2liceum.eu\/#website"},"datePublished":"2018-11-19T14:17:06+00:00","dateModified":"2018-11-19T14:17:31+00:00","breadcrumb":{"@id":"https:\/\/2liceum.eu\/index.php\/2018\/11\/19\/sukces\/#breadcrumb"},"inLanguage":"pl-PL","potentialAction":[{"@type":"ReadAction","target":["https:\/\/2liceum.eu\/index.php\/2018\/11\/19\/sukces\/"]}]},{"@type":"BreadcrumbList","@id":"https:\/\/2liceum.eu\/index.php\/2018\/11\/19\/sukces\/#breadcrumb","itemListElement":[{"@type":"ListItem","position":1,"name":"Strona g\u0142\u00f3wna","item":"https:\/\/2liceum.eu\/"},{"@type":"ListItem","position":2,"name":"Sukces!!!"}]},{"@type":"Article","@id":"https:\/\/2liceum.eu\/index.php\/2018\/11\/19\/sukces\/#article","isPartOf":{"@id":"https:\/\/2liceum.eu\/index.php\/2018\/11\/19\/sukces\/"},"author":{"name":"Adam Dragan","@id":"https:\/\/2liceum.eu\/#\/schema\/person\/1a52557bfdaf047be954a8b190648da5"},"headline":"Sukces!!!","datePublished":"2018-11-19T14:17:06+00:00","dateModified":"2018-11-19T14:17:31+00:00","mainEntityOfPage":{"@id":"https:\/\/2liceum.eu\/index.php\/2018\/11\/19\/sukces\/"},"wordCount":83,"commentCount":0,"publisher":{"@id":"https:\/\/2liceum.eu\/#organization"},"articleSection":["Aktualno\u015bci","Osi\u0105gni\u0119cia sportowe 2018\/2019"],"inLanguage":"pl-PL","potentialAction":[{"@type":"CommentAction","name":"Comment","target":["https:\/\/2liceum.eu\/index.php\/2018\/11\/19\/sukces\/#respond"]}]},{"@type":"Person","@id":"https:\/\/2liceum.eu\/#\/schema\/person\/1a52557bfdaf047be954a8b190648da5","name":"Adam Dragan","image":{"@type":"ImageObject","inLanguage":"pl-PL","@id":"https:\/\/2liceum.eu\/#\/schema\/person\/image\/","url":"https:\/\/secure.gravatar.com\/avatar\/3a2bee53698f47ac117505a8a054d1e47e9ee9593c4c77dc18374aa80472d80c?s=96&d=mm&r=g","contentUrl":"https:\/\/secure.gravatar.com\/avatar\/3a2bee53698f47ac117505a8a054d1e47e9ee9593c4c77dc18374aa80472d80c?s=96&d=mm&r=g","caption":"Adam Dragan"},"sameAs":["http:\/\/2liceum.eu"]}]}},"_links":{"self":[{"href":"https:\/\/2liceum.eu\/index.php\/wp-json\/wp\/v2\/posts\/3062","targetHints":{"allow":["GET"]}}],"collection":[{"href":"https:\/\/2liceum.eu\/index.php\/wp-json\/wp\/v2\/posts"}],"about":[{"href":"https:\/\/2liceum.eu\/index.php\/wp-json\/wp\/v2\/types\/post"}],"author":[{"embeddable":true,"href":"https:\/\/2liceum.eu\/index.php\/wp-json\/wp\/v2\/users\/2"}],"replies":[{"embeddable":true,"href":"https:\/\/2liceum.eu\/index.php\/wp-json\/wp\/v2\/comments?post=3062"}],"version-history":[{"count":2,"href":"https:\/\/2liceum.eu\/index.php\/wp-json\/wp\/v2\/posts\/3062\/revisions"}],"predecessor-version":[{"id":3064,"href":"https:\/\/2liceum.eu\/index.php\/wp-json\/wp\/v2\/posts\/3062\/revisions\/3064"}],"wp:attachment":[{"href":"https:\/\/2liceum.eu\/index.php\/wp-json\/wp\/v2\/media?parent=3062"}],"wp:term":[{"taxonomy":"category","embeddable":true,"href":"https:\/\/2liceum.eu\/index.php\/wp-json\/wp\/v2\/categories?post=3062"},{"taxonomy":"post_tag","embeddable":true,"href":"https:\/\/2liceum.eu\/index.php\/wp-json\/wp\/v2\/tags?post=3062"}],"curies":[{"name":"wp","href":"https:\/\/api.w.org\/{rel}","templated":true}]}}