{"id":3099,"date":"2018-11-30T14:11:01","date_gmt":"2018-11-30T13:11:01","guid":{"rendered":"https:\/\/2liceum.eu\/?p=3099"},"modified":"2018-11-30T14:11:01","modified_gmt":"2018-11-30T13:11:01","slug":"badz-architektem-swojego-szczescia","status":"publish","type":"post","link":"https:\/\/2liceum.eu\/index.php\/2018\/11\/30\/badz-architektem-swojego-szczescia\/","title":{"rendered":"&#8222;B\u0105d\u017a architektem swojego szcz\u0119\u015bcia&#8221;!"},"content":{"rendered":"<p style=\"text-align: justify;\"><img decoding=\"async\" class=\"alignleft\" src=\"https:\/\/2liceum.eu\/wp-content\/uploads\/sites\/1\/nggallery\/3b-w-pup\/thumbs\/thumbs_image3-1.jpeg\" alt=\"\"><strong>Przygotowania do egzaminu dojrza\u0142o\u015bci nabieraj\u0105 coraz wi\u0119kszego tempa.<\/strong> W ubieg\u0142ym tygodniu wszystkie klasy trzecie sprawdza\u0142y stan swoich umys\u0142\u00f3w podczas pr\u00f3bnych matur z wydawnictwem \u201eOperon\u201d. Uff\u2026.<\/p>\n<p style=\"text-align: justify;\"><strong>Klasa III b nie ustaje w planowaniu swojej przysz\u0142o\u015bci i przygotowaniach do doros\u0142ego \u017cycia.<\/strong> W tym celu dwukrotnie odwiedzili\u015bmy Powiatowy Urz\u0105d Pracy w Lubinie. Podczas <strong>porady grupowej <span style=\"color: #008000;\">\u201eB\u0105d\u017a architektem swojego szcz\u0119\u015bcia\u201d<\/span><\/strong> dowiedzieli\u015bmy si\u0119, na co nale\u017cy zwr\u00f3ci\u0107 uwag\u0119 przy dok<span class=\"text_exposed_show\">onywaniu wyboru przysz\u0142ego zawodu, jak przygotowa\u0107 si\u0119 do rozmowy kwalifikacyjnej, wielu z nas skorzysta\u0142o r\u00f3wnie\u017c z indywidualnych porad i test\u00f3w preferencji zawodowych, (polecamy!). W czasie debaty: \u201eM\u0142odzie\u017c i jej talenty a rynek pracy\u201d mieli\u015bmy okazj\u0119 porozmawia\u0107 z lubi\u0144skimi przedsi\u0119biorcami, na temat perspektyw lokalnego rynku pracy, otrzymali\u015bmy te\u017c od nich wiele cennych i praktycznych wskaz\u00f3wek.<\/span><\/p>\n<div class=\"text_exposed_show\">\n<p style=\"text-align: justify;\">Bardzo dzi\u0119kujemy pani dyrektor Wioletcie Jagielskiej oraz pani Honoracie Olszewskiej za zaproszenie nas do Urz\u0119du Pracy, dzi\u0119ki takim inicjatywom nabieramy pewno\u015bci siebie i otrzymujemy du\u017c\u0105 dawk\u0119 motywacji do dalszych przygotowa\u0144 maturalnych&nbsp;<span class=\"_47e3 _5mfr\" title=\"Emotikon wink\"><img loading=\"lazy\" decoding=\"async\" class=\"img\" role=\"presentation\" src=\"https:\/\/static.xx.fbcdn.net\/images\/emoji.php\/v9\/tb0\/1.5\/16\/1f609.png\" alt=\"\" width=\"16\" height=\"16\"><span class=\"_7oe\" aria-hidden=\"true\">\ud83d\ude09<\/span><\/span><\/p>\n<p><a href=\"https:\/\/2liceum.eu\/index.php\/galeria\/nggallery\/rok-szkolny-2018-2019\/3b-w-PUP!\" target=\"_blank\" rel=\"noopener\"><strong>Zapraszamy do galerii zdj\u0119\u0107.<\/strong><\/a><\/p>\n<\/div>\n","protected":false},"excerpt":{"rendered":"<p>Przygotowania do egzaminu dojrza\u0142o\u015bci nabieraj\u0105 coraz wi\u0119kszego tempa. W ubieg\u0142ym tygodniu wszystkie klasy trzecie sprawdza\u0142y stan swoich umys\u0142\u00f3w podczas pr\u00f3bnych matur z wydawnictwem \u201eOperon\u201d. Uff\u2026. Klasa III b nie ustaje w planowaniu swojej przysz\u0142o\u015bci i przygotowaniach do doros\u0142ego \u017cycia. W tym celu dwukrotnie odwiedzili\u015bmy Powiatowy Urz\u0105d Pracy w Lubinie. Podczas porady grupowej \u201eB\u0105d\u017a architektem swojego [&hellip;]<\/p>\n","protected":false},"author":2,"featured_media":0,"comment_status":"open","ping_status":"open","sticky":false,"template":"","format":"standard","meta":{"ngg_post_thumbnail":0,"footnotes":""},"categories":[1],"tags":[],"class_list":["post-3099","post","type-post","status-publish","format-standard","hentry","category-aktualnosci"],"yoast_head":"<!-- This site is optimized with the Yoast SEO plugin v19.4 - https:\/\/yoast.com\/wordpress\/plugins\/seo\/ -->\n<title>&quot;B\u0105d\u017a architektem swojego szcz\u0119\u015bcia&quot;! - II Liceum Og\u00f3lnokszta\u0142c\u0105ce w Lubinie<\/title>\n<meta name=\"robots\" content=\"index, follow, max-snippet:-1, max-image-preview:large, max-video-preview:-1\" \/>\n<link rel=\"canonical\" href=\"https:\/\/2liceum.eu\/index.php\/2018\/11\/30\/badz-architektem-swojego-szczescia\/\" \/>\n<meta property=\"og:locale\" content=\"pl_PL\" \/>\n<meta property=\"og:type\" content=\"article\" \/>\n<meta property=\"og:title\" content=\"&quot;B\u0105d\u017a architektem swojego szcz\u0119\u015bcia&quot;! - II Liceum Og\u00f3lnokszta\u0142c\u0105ce w Lubinie\" \/>\n<meta property=\"og:description\" content=\"Przygotowania do egzaminu dojrza\u0142o\u015bci nabieraj\u0105 coraz wi\u0119kszego tempa. W ubieg\u0142ym tygodniu wszystkie klasy trzecie sprawdza\u0142y stan swoich umys\u0142\u00f3w podczas pr\u00f3bnych matur z wydawnictwem \u201eOperon\u201d. Uff\u2026. Klasa III b nie ustaje w planowaniu swojej przysz\u0142o\u015bci i przygotowaniach do doros\u0142ego \u017cycia. W tym celu dwukrotnie odwiedzili\u015bmy Powiatowy Urz\u0105d Pracy w Lubinie. Podczas porady grupowej \u201eB\u0105d\u017a architektem swojego [&hellip;]\" \/>\n<meta property=\"og:url\" content=\"https:\/\/2liceum.eu\/index.php\/2018\/11\/30\/badz-architektem-swojego-szczescia\/\" \/>\n<meta property=\"og:site_name\" content=\"II Liceum Og\u00f3lnokszta\u0142c\u0105ce w Lubinie\" \/>\n<meta property=\"article:publisher\" content=\"https:\/\/web.facebook.com\/IILOLubin\/\" \/>\n<meta property=\"article:published_time\" content=\"2018-11-30T13:11:01+00:00\" \/>\n<meta property=\"og:image\" content=\"https:\/\/2liceum.eu\/wp-content\/uploads\/sites\/1\/nggallery\/3b-w-pup\/thumbs\/thumbs_image3-1.jpeg\" \/>\n<meta name=\"author\" content=\"Adam Dragan\" \/>\n<meta name=\"twitter:card\" content=\"summary_large_image\" \/>\n<meta name=\"twitter:label1\" content=\"Napisane przez\" \/>\n\t<meta name=\"twitter:data1\" content=\"Adam Dragan\" \/>\n\t<meta name=\"twitter:label2\" content=\"Szacowany czas czytania\" \/>\n\t<meta name=\"twitter:data2\" content=\"1 minuta\" \/>\n<script type=\"application\/ld+json\" class=\"yoast-schema-graph\">{\"@context\":\"https:\/\/schema.org\",\"@graph\":[{\"@type\":\"Organization\",\"@id\":\"https:\/\/2liceum.eu\/#organization\",\"name\":\"II Liceum Og\u00f3lnokszta\u0142c\u0105ce w Lubinie\",\"url\":\"https:\/\/2liceum.eu\/\",\"sameAs\":[\"http:\/\/2lolubin\",\"https:\/\/www.youtube.com\/channel\/UCWjEMxRJYdfvxPhVOn-8g_g\",\"https:\/\/web.facebook.com\/IILOLubin\/\"],\"logo\":{\"@type\":\"ImageObject\",\"inLanguage\":\"pl-PL\",\"@id\":\"https:\/\/2liceum.eu\/#\/schema\/logo\/image\/\",\"url\":\"https:\/\/2liceum.eu\/wp-content\/uploads\/2018\/01\/pobrane.jpg\",\"contentUrl\":\"https:\/\/2liceum.eu\/wp-content\/uploads\/2018\/01\/pobrane.jpg\",\"width\":184,\"height\":183,\"caption\":\"II Liceum Og\u00f3lnokszta\u0142c\u0105ce w Lubinie\"},\"image\":{\"@id\":\"https:\/\/2liceum.eu\/#\/schema\/logo\/image\/\"}},{\"@type\":\"WebSite\",\"@id\":\"https:\/\/2liceum.eu\/#website\",\"url\":\"https:\/\/2liceum.eu\/\",\"name\":\"II Liceum Og\u00f3lnokszta\u0142c\u0105ce w Lubinie\",\"description\":\"Oficjalny portal II LO w Lubinie. Informacje o szkole, kadrze, zaj\u0119ciach dydaktycznych, ko\u0142ach zainteresowa\u0144, wolontariacie. Aktualno\u015bci. Galeria zdj\u0119\u0107.\",\"publisher\":{\"@id\":\"https:\/\/2liceum.eu\/#organization\"},\"potentialAction\":[{\"@type\":\"SearchAction\",\"target\":{\"@type\":\"EntryPoint\",\"urlTemplate\":\"https:\/\/2liceum.eu\/?s={search_term_string}\"},\"query-input\":\"required name=search_term_string\"}],\"inLanguage\":\"pl-PL\"},{\"@type\":\"WebPage\",\"@id\":\"https:\/\/2liceum.eu\/index.php\/2018\/11\/30\/badz-architektem-swojego-szczescia\/\",\"url\":\"https:\/\/2liceum.eu\/index.php\/2018\/11\/30\/badz-architektem-swojego-szczescia\/\",\"name\":\"\\\"B\u0105d\u017a architektem swojego szcz\u0119\u015bcia\\\"! - II Liceum Og\u00f3lnokszta\u0142c\u0105ce w Lubinie\",\"isPartOf\":{\"@id\":\"https:\/\/2liceum.eu\/#website\"},\"datePublished\":\"2018-11-30T13:11:01+00:00\",\"dateModified\":\"2018-11-30T13:11:01+00:00\",\"breadcrumb\":{\"@id\":\"https:\/\/2liceum.eu\/index.php\/2018\/11\/30\/badz-architektem-swojego-szczescia\/#breadcrumb\"},\"inLanguage\":\"pl-PL\",\"potentialAction\":[{\"@type\":\"ReadAction\",\"target\":[\"https:\/\/2liceum.eu\/index.php\/2018\/11\/30\/badz-architektem-swojego-szczescia\/\"]}]},{\"@type\":\"BreadcrumbList\",\"@id\":\"https:\/\/2liceum.eu\/index.php\/2018\/11\/30\/badz-architektem-swojego-szczescia\/#breadcrumb\",\"itemListElement\":[{\"@type\":\"ListItem\",\"position\":1,\"name\":\"Strona g\u0142\u00f3wna\",\"item\":\"https:\/\/2liceum.eu\/\"},{\"@type\":\"ListItem\",\"position\":2,\"name\":\"&#8222;B\u0105d\u017a architektem swojego szcz\u0119\u015bcia&#8221;!\"}]},{\"@type\":\"Article\",\"@id\":\"https:\/\/2liceum.eu\/index.php\/2018\/11\/30\/badz-architektem-swojego-szczescia\/#article\",\"isPartOf\":{\"@id\":\"https:\/\/2liceum.eu\/index.php\/2018\/11\/30\/badz-architektem-swojego-szczescia\/\"},\"author\":{\"name\":\"Adam Dragan\",\"@id\":\"https:\/\/2liceum.eu\/#\/schema\/person\/1a52557bfdaf047be954a8b190648da5\"},\"headline\":\"&#8222;B\u0105d\u017a architektem swojego szcz\u0119\u015bcia&#8221;!\",\"datePublished\":\"2018-11-30T13:11:01+00:00\",\"dateModified\":\"2018-11-30T13:11:01+00:00\",\"mainEntityOfPage\":{\"@id\":\"https:\/\/2liceum.eu\/index.php\/2018\/11\/30\/badz-architektem-swojego-szczescia\/\"},\"wordCount\":191,\"commentCount\":0,\"publisher\":{\"@id\":\"https:\/\/2liceum.eu\/#organization\"},\"articleSection\":[\"Aktualno\u015bci\"],\"inLanguage\":\"pl-PL\",\"potentialAction\":[{\"@type\":\"CommentAction\",\"name\":\"Comment\",\"target\":[\"https:\/\/2liceum.eu\/index.php\/2018\/11\/30\/badz-architektem-swojego-szczescia\/#respond\"]}]},{\"@type\":\"Person\",\"@id\":\"https:\/\/2liceum.eu\/#\/schema\/person\/1a52557bfdaf047be954a8b190648da5\",\"name\":\"Adam Dragan\",\"image\":{\"@type\":\"ImageObject\",\"inLanguage\":\"pl-PL\",\"@id\":\"https:\/\/2liceum.eu\/#\/schema\/person\/image\/\",\"url\":\"https:\/\/secure.gravatar.com\/avatar\/3a2bee53698f47ac117505a8a054d1e47e9ee9593c4c77dc18374aa80472d80c?s=96&d=mm&r=g\",\"contentUrl\":\"https:\/\/secure.gravatar.com\/avatar\/3a2bee53698f47ac117505a8a054d1e47e9ee9593c4c77dc18374aa80472d80c?s=96&d=mm&r=g\",\"caption\":\"Adam Dragan\"},\"sameAs\":[\"http:\/\/2liceum.eu\"]}]}<\/script>\n<!-- \/ Yoast SEO plugin. -->","yoast_head_json":{"title":"\"B\u0105d\u017a architektem swojego szcz\u0119\u015bcia\"! - II Liceum Og\u00f3lnokszta\u0142c\u0105ce w Lubinie","robots":{"index":"index","follow":"follow","max-snippet":"max-snippet:-1","max-image-preview":"max-image-preview:large","max-video-preview":"max-video-preview:-1"},"canonical":"https:\/\/2liceum.eu\/index.php\/2018\/11\/30\/badz-architektem-swojego-szczescia\/","og_locale":"pl_PL","og_type":"article","og_title":"\"B\u0105d\u017a architektem swojego szcz\u0119\u015bcia\"! - II Liceum Og\u00f3lnokszta\u0142c\u0105ce w Lubinie","og_description":"Przygotowania do egzaminu dojrza\u0142o\u015bci nabieraj\u0105 coraz wi\u0119kszego tempa. W ubieg\u0142ym tygodniu wszystkie klasy trzecie sprawdza\u0142y stan swoich umys\u0142\u00f3w podczas pr\u00f3bnych matur z wydawnictwem \u201eOperon\u201d. Uff\u2026. Klasa III b nie ustaje w planowaniu swojej przysz\u0142o\u015bci i przygotowaniach do doros\u0142ego \u017cycia. W tym celu dwukrotnie odwiedzili\u015bmy Powiatowy Urz\u0105d Pracy w Lubinie. Podczas porady grupowej \u201eB\u0105d\u017a architektem swojego [&hellip;]","og_url":"https:\/\/2liceum.eu\/index.php\/2018\/11\/30\/badz-architektem-swojego-szczescia\/","og_site_name":"II Liceum Og\u00f3lnokszta\u0142c\u0105ce w Lubinie","article_publisher":"https:\/\/web.facebook.com\/IILOLubin\/","article_published_time":"2018-11-30T13:11:01+00:00","og_image":[{"url":"https:\/\/2liceum.eu\/wp-content\/uploads\/sites\/1\/nggallery\/3b-w-pup\/thumbs\/thumbs_image3-1.jpeg"}],"author":"Adam Dragan","twitter_card":"summary_large_image","twitter_misc":{"Napisane przez":"Adam Dragan","Szacowany czas czytania":"1 minuta"},"schema":{"@context":"https:\/\/schema.org","@graph":[{"@type":"Organization","@id":"https:\/\/2liceum.eu\/#organization","name":"II Liceum Og\u00f3lnokszta\u0142c\u0105ce w Lubinie","url":"https:\/\/2liceum.eu\/","sameAs":["http:\/\/2lolubin","https:\/\/www.youtube.com\/channel\/UCWjEMxRJYdfvxPhVOn-8g_g","https:\/\/web.facebook.com\/IILOLubin\/"],"logo":{"@type":"ImageObject","inLanguage":"pl-PL","@id":"https:\/\/2liceum.eu\/#\/schema\/logo\/image\/","url":"https:\/\/2liceum.eu\/wp-content\/uploads\/2018\/01\/pobrane.jpg","contentUrl":"https:\/\/2liceum.eu\/wp-content\/uploads\/2018\/01\/pobrane.jpg","width":184,"height":183,"caption":"II Liceum Og\u00f3lnokszta\u0142c\u0105ce w Lubinie"},"image":{"@id":"https:\/\/2liceum.eu\/#\/schema\/logo\/image\/"}},{"@type":"WebSite","@id":"https:\/\/2liceum.eu\/#website","url":"https:\/\/2liceum.eu\/","name":"II Liceum Og\u00f3lnokszta\u0142c\u0105ce w Lubinie","description":"Oficjalny portal II LO w Lubinie. Informacje o szkole, kadrze, zaj\u0119ciach dydaktycznych, ko\u0142ach zainteresowa\u0144, wolontariacie. Aktualno\u015bci. Galeria zdj\u0119\u0107.","publisher":{"@id":"https:\/\/2liceum.eu\/#organization"},"potentialAction":[{"@type":"SearchAction","target":{"@type":"EntryPoint","urlTemplate":"https:\/\/2liceum.eu\/?s={search_term_string}"},"query-input":"required name=search_term_string"}],"inLanguage":"pl-PL"},{"@type":"WebPage","@id":"https:\/\/2liceum.eu\/index.php\/2018\/11\/30\/badz-architektem-swojego-szczescia\/","url":"https:\/\/2liceum.eu\/index.php\/2018\/11\/30\/badz-architektem-swojego-szczescia\/","name":"\"B\u0105d\u017a architektem swojego szcz\u0119\u015bcia\"! - II Liceum Og\u00f3lnokszta\u0142c\u0105ce w Lubinie","isPartOf":{"@id":"https:\/\/2liceum.eu\/#website"},"datePublished":"2018-11-30T13:11:01+00:00","dateModified":"2018-11-30T13:11:01+00:00","breadcrumb":{"@id":"https:\/\/2liceum.eu\/index.php\/2018\/11\/30\/badz-architektem-swojego-szczescia\/#breadcrumb"},"inLanguage":"pl-PL","potentialAction":[{"@type":"ReadAction","target":["https:\/\/2liceum.eu\/index.php\/2018\/11\/30\/badz-architektem-swojego-szczescia\/"]}]},{"@type":"BreadcrumbList","@id":"https:\/\/2liceum.eu\/index.php\/2018\/11\/30\/badz-architektem-swojego-szczescia\/#breadcrumb","itemListElement":[{"@type":"ListItem","position":1,"name":"Strona g\u0142\u00f3wna","item":"https:\/\/2liceum.eu\/"},{"@type":"ListItem","position":2,"name":"&#8222;B\u0105d\u017a architektem swojego szcz\u0119\u015bcia&#8221;!"}]},{"@type":"Article","@id":"https:\/\/2liceum.eu\/index.php\/2018\/11\/30\/badz-architektem-swojego-szczescia\/#article","isPartOf":{"@id":"https:\/\/2liceum.eu\/index.php\/2018\/11\/30\/badz-architektem-swojego-szczescia\/"},"author":{"name":"Adam Dragan","@id":"https:\/\/2liceum.eu\/#\/schema\/person\/1a52557bfdaf047be954a8b190648da5"},"headline":"&#8222;B\u0105d\u017a architektem swojego szcz\u0119\u015bcia&#8221;!","datePublished":"2018-11-30T13:11:01+00:00","dateModified":"2018-11-30T13:11:01+00:00","mainEntityOfPage":{"@id":"https:\/\/2liceum.eu\/index.php\/2018\/11\/30\/badz-architektem-swojego-szczescia\/"},"wordCount":191,"commentCount":0,"publisher":{"@id":"https:\/\/2liceum.eu\/#organization"},"articleSection":["Aktualno\u015bci"],"inLanguage":"pl-PL","potentialAction":[{"@type":"CommentAction","name":"Comment","target":["https:\/\/2liceum.eu\/index.php\/2018\/11\/30\/badz-architektem-swojego-szczescia\/#respond"]}]},{"@type":"Person","@id":"https:\/\/2liceum.eu\/#\/schema\/person\/1a52557bfdaf047be954a8b190648da5","name":"Adam Dragan","image":{"@type":"ImageObject","inLanguage":"pl-PL","@id":"https:\/\/2liceum.eu\/#\/schema\/person\/image\/","url":"https:\/\/secure.gravatar.com\/avatar\/3a2bee53698f47ac117505a8a054d1e47e9ee9593c4c77dc18374aa80472d80c?s=96&d=mm&r=g","contentUrl":"https:\/\/secure.gravatar.com\/avatar\/3a2bee53698f47ac117505a8a054d1e47e9ee9593c4c77dc18374aa80472d80c?s=96&d=mm&r=g","caption":"Adam Dragan"},"sameAs":["http:\/\/2liceum.eu"]}]}},"_links":{"self":[{"href":"https:\/\/2liceum.eu\/index.php\/wp-json\/wp\/v2\/posts\/3099","targetHints":{"allow":["GET"]}}],"collection":[{"href":"https:\/\/2liceum.eu\/index.php\/wp-json\/wp\/v2\/posts"}],"about":[{"href":"https:\/\/2liceum.eu\/index.php\/wp-json\/wp\/v2\/types\/post"}],"author":[{"embeddable":true,"href":"https:\/\/2liceum.eu\/index.php\/wp-json\/wp\/v2\/users\/2"}],"replies":[{"embeddable":true,"href":"https:\/\/2liceum.eu\/index.php\/wp-json\/wp\/v2\/comments?post=3099"}],"version-history":[{"count":1,"href":"https:\/\/2liceum.eu\/index.php\/wp-json\/wp\/v2\/posts\/3099\/revisions"}],"predecessor-version":[{"id":3108,"href":"https:\/\/2liceum.eu\/index.php\/wp-json\/wp\/v2\/posts\/3099\/revisions\/3108"}],"wp:attachment":[{"href":"https:\/\/2liceum.eu\/index.php\/wp-json\/wp\/v2\/media?parent=3099"}],"wp:term":[{"taxonomy":"category","embeddable":true,"href":"https:\/\/2liceum.eu\/index.php\/wp-json\/wp\/v2\/categories?post=3099"},{"taxonomy":"post_tag","embeddable":true,"href":"https:\/\/2liceum.eu\/index.php\/wp-json\/wp\/v2\/tags?post=3099"}],"curies":[{"name":"wp","href":"https:\/\/api.w.org\/{rel}","templated":true}]}}