{"id":3139,"date":"2018-12-10T08:36:09","date_gmt":"2018-12-10T07:36:09","guid":{"rendered":"https:\/\/2liceum.eu\/?p=3139"},"modified":"2018-12-10T08:36:09","modified_gmt":"2018-12-10T07:36:09","slug":"recenzja-spektaklu-biesy-bylo-warto","status":"publish","type":"post","link":"https:\/\/2liceum.eu\/index.php\/2018\/12\/10\/recenzja-spektaklu-biesy-bylo-warto\/","title":{"rendered":"Recenzja spektaklu \u201eBiesy\u201d \u2013 By\u0142o warto\u2026"},"content":{"rendered":"<p style=\"text-align: justify;\"><img loading=\"lazy\" decoding=\"async\" class=\"wp-image-3140 alignleft\" src=\"https:\/\/2liceum.eu\/wp-content\/uploads\/2018\/12\/biesy.jpg\" alt=\"\" width=\"167\" height=\"111\"><strong>W \u015brod\u0119 05. grudnia odwiedzili\u015bmy teatr im. Heleny Modrzejewskiej w Legnicy i <span style=\"color: #008000;\">byli\u015bmy widzami spektaklu pt. ,,Biesy\u2019\u2019 w re\u017cyserii Jacka G\u0142omba.<\/span><\/strong> Pomimo tego, \u017ce by\u0142o to nasze pierwsze spotkanie z tw\u00f3rczo\u015bci\u0105 F. Dostojewskiego, adaptacja powie\u015bci by\u0142a dla nas przejrzysta. Spektakl opowiada\u0142 o \u017cyciu na prowincji i rewolucji. Dostojewski zupe\u0142nie obna\u017cy\u0142 zachowania rewolucjonist\u00f3w i pokaza\u0142 wn\u0119trza ludzi ma\u0142ostkowych, wykorzystuj\u0105cych innych do swoich plan\u00f3w, ludzi zdolnych do najokrutniejszych zbrodni. &nbsp;&nbsp;<\/p>\n<p><!--more-->&nbsp;&nbsp;&nbsp;<\/p>\n<p style=\"text-align: justify;\">Byli\u015bmy pod wra\u017ceniem gry aktorskiej, dzi\u0119ki kt\u00f3rej prze\u017cyli\u015bmy wiele emocji zwi\u0105zanych z przedstawieniem. Jednak nie wszystkie koncepcje&nbsp; teatralne zosta\u0142y przez nas zrozumiane. Jedn\u0105 z nich by\u0142o wprowadzenie telefonu na scen\u0119. Nie wsp\u00f3\u0142gra\u0142o to z reszt\u0105 sztuki, kt\u00f3rej wydarzenia odbywa\u0142y si\u0119, gdy te urz\u0105dzenia nie mia\u0142y racji bytu.<\/p>\n<p style=\"text-align: justify;\">Scenografia by\u0142a bardzo pomys\u0142owa, poniewa\u017c zach\u0119ca\u0142a widza do wyobra\u017cenia sobie miejsca akcji. Kolejn\u0105 zalet\u0105 przedstawienia by\u0142a odleg\u0142o\u015b\u0107 widza od aktor\u00f3w. Usytuowanie trybun na scenie sprawi\u0142o, \u017ce wszyscy widzieli\u015bmy bardzo dok\u0142adnie zaanga\u017cowanie aktor\u00f3w w odgrywanych przez nich postaciach.<\/p>\n<p style=\"text-align: justify;\">Z wielk\u0105 ch\u0119ci\u0105 odwiedzimy ten teatr ponownie, w oczekiwaniu na por\u00f3wnywalne emocje, do tych, kt\u00f3re wywo\u0142a\u0142y&nbsp; ,,Biesy\u2019\u2019.<\/p>\n<p>&nbsp;&nbsp;&nbsp;&nbsp;&nbsp;&nbsp;&nbsp;&nbsp;&nbsp;&nbsp;&nbsp;&nbsp;&nbsp;&nbsp;&nbsp;&nbsp;&nbsp;&nbsp;&nbsp;&nbsp;&nbsp;&nbsp;&nbsp;&nbsp;&nbsp;&nbsp;&nbsp; Zuzanna Kasowska uczennica II Liceum Og\u00f3lnokszta\u0142c\u0105cego w Lubinie<\/p>\n<p>Recenzja spektaklu pt. \u201eBiesy\u201d F. Dostojewskiego, wystawionego przez Teatr w Legnicy, na kt\u00f3ry wybra\u0142y si\u0119 klasy 3d. 2b, 2c i 1c w \u015brod\u0119 5. XII 2018.<\/p>\n","protected":false},"excerpt":{"rendered":"<p>W \u015brod\u0119 05. grudnia odwiedzili\u015bmy teatr im. Heleny Modrzejewskiej w Legnicy i byli\u015bmy widzami spektaklu pt. ,,Biesy\u2019\u2019 w re\u017cyserii Jacka G\u0142omba. Pomimo tego, \u017ce by\u0142o to nasze pierwsze spotkanie z tw\u00f3rczo\u015bci\u0105 F. Dostojewskiego, adaptacja powie\u015bci by\u0142a dla nas przejrzysta. Spektakl opowiada\u0142 o \u017cyciu na prowincji i rewolucji. Dostojewski zupe\u0142nie obna\u017cy\u0142 zachowania rewolucjonist\u00f3w i pokaza\u0142 wn\u0119trza [&hellip;]<\/p>\n","protected":false},"author":2,"featured_media":0,"comment_status":"open","ping_status":"open","sticky":false,"template":"","format":"standard","meta":{"ngg_post_thumbnail":0,"footnotes":""},"categories":[1],"tags":[],"class_list":["post-3139","post","type-post","status-publish","format-standard","hentry","category-aktualnosci"],"yoast_head":"<!-- This site is optimized with the Yoast SEO plugin v19.4 - https:\/\/yoast.com\/wordpress\/plugins\/seo\/ -->\n<title>Recenzja spektaklu \u201eBiesy\u201d \u2013 By\u0142o warto\u2026 - II Liceum Og\u00f3lnokszta\u0142c\u0105ce w Lubinie<\/title>\n<meta name=\"robots\" content=\"index, follow, max-snippet:-1, max-image-preview:large, max-video-preview:-1\" \/>\n<link rel=\"canonical\" href=\"https:\/\/2liceum.eu\/index.php\/2018\/12\/10\/recenzja-spektaklu-biesy-bylo-warto\/\" \/>\n<meta property=\"og:locale\" content=\"pl_PL\" \/>\n<meta property=\"og:type\" content=\"article\" \/>\n<meta property=\"og:title\" content=\"Recenzja spektaklu \u201eBiesy\u201d \u2013 By\u0142o warto\u2026 - II Liceum Og\u00f3lnokszta\u0142c\u0105ce w Lubinie\" \/>\n<meta property=\"og:description\" content=\"W \u015brod\u0119 05. grudnia odwiedzili\u015bmy teatr im. Heleny Modrzejewskiej w Legnicy i byli\u015bmy widzami spektaklu pt. ,,Biesy\u2019\u2019 w re\u017cyserii Jacka G\u0142omba. Pomimo tego, \u017ce by\u0142o to nasze pierwsze spotkanie z tw\u00f3rczo\u015bci\u0105 F. Dostojewskiego, adaptacja powie\u015bci by\u0142a dla nas przejrzysta. Spektakl opowiada\u0142 o \u017cyciu na prowincji i rewolucji. Dostojewski zupe\u0142nie obna\u017cy\u0142 zachowania rewolucjonist\u00f3w i pokaza\u0142 wn\u0119trza [&hellip;]\" \/>\n<meta property=\"og:url\" content=\"https:\/\/2liceum.eu\/index.php\/2018\/12\/10\/recenzja-spektaklu-biesy-bylo-warto\/\" \/>\n<meta property=\"og:site_name\" content=\"II Liceum Og\u00f3lnokszta\u0142c\u0105ce w Lubinie\" \/>\n<meta property=\"article:publisher\" content=\"https:\/\/web.facebook.com\/IILOLubin\/\" \/>\n<meta property=\"article:published_time\" content=\"2018-12-10T07:36:09+00:00\" \/>\n<meta property=\"og:image\" content=\"https:\/\/2liceum.eu\/wp-content\/uploads\/2018\/12\/biesy.jpg\" \/>\n<meta name=\"author\" content=\"Adam Dragan\" \/>\n<meta name=\"twitter:card\" content=\"summary_large_image\" \/>\n<meta name=\"twitter:label1\" content=\"Napisane przez\" \/>\n\t<meta name=\"twitter:data1\" content=\"Adam Dragan\" \/>\n\t<meta name=\"twitter:label2\" content=\"Szacowany czas czytania\" \/>\n\t<meta name=\"twitter:data2\" content=\"1 minuta\" \/>\n<script type=\"application\/ld+json\" class=\"yoast-schema-graph\">{\"@context\":\"https:\/\/schema.org\",\"@graph\":[{\"@type\":\"Organization\",\"@id\":\"https:\/\/2liceum.eu\/#organization\",\"name\":\"II Liceum Og\u00f3lnokszta\u0142c\u0105ce w Lubinie\",\"url\":\"https:\/\/2liceum.eu\/\",\"sameAs\":[\"http:\/\/2lolubin\",\"https:\/\/www.youtube.com\/channel\/UCWjEMxRJYdfvxPhVOn-8g_g\",\"https:\/\/web.facebook.com\/IILOLubin\/\"],\"logo\":{\"@type\":\"ImageObject\",\"inLanguage\":\"pl-PL\",\"@id\":\"https:\/\/2liceum.eu\/#\/schema\/logo\/image\/\",\"url\":\"https:\/\/2liceum.eu\/wp-content\/uploads\/2018\/01\/pobrane.jpg\",\"contentUrl\":\"https:\/\/2liceum.eu\/wp-content\/uploads\/2018\/01\/pobrane.jpg\",\"width\":184,\"height\":183,\"caption\":\"II Liceum Og\u00f3lnokszta\u0142c\u0105ce w Lubinie\"},\"image\":{\"@id\":\"https:\/\/2liceum.eu\/#\/schema\/logo\/image\/\"}},{\"@type\":\"WebSite\",\"@id\":\"https:\/\/2liceum.eu\/#website\",\"url\":\"https:\/\/2liceum.eu\/\",\"name\":\"II Liceum Og\u00f3lnokszta\u0142c\u0105ce w Lubinie\",\"description\":\"Oficjalny portal II LO w Lubinie. Informacje o szkole, kadrze, zaj\u0119ciach dydaktycznych, ko\u0142ach zainteresowa\u0144, wolontariacie. Aktualno\u015bci. Galeria zdj\u0119\u0107.\",\"publisher\":{\"@id\":\"https:\/\/2liceum.eu\/#organization\"},\"potentialAction\":[{\"@type\":\"SearchAction\",\"target\":{\"@type\":\"EntryPoint\",\"urlTemplate\":\"https:\/\/2liceum.eu\/?s={search_term_string}\"},\"query-input\":\"required name=search_term_string\"}],\"inLanguage\":\"pl-PL\"},{\"@type\":\"WebPage\",\"@id\":\"https:\/\/2liceum.eu\/index.php\/2018\/12\/10\/recenzja-spektaklu-biesy-bylo-warto\/\",\"url\":\"https:\/\/2liceum.eu\/index.php\/2018\/12\/10\/recenzja-spektaklu-biesy-bylo-warto\/\",\"name\":\"Recenzja spektaklu \u201eBiesy\u201d \u2013 By\u0142o warto\u2026 - II Liceum Og\u00f3lnokszta\u0142c\u0105ce w Lubinie\",\"isPartOf\":{\"@id\":\"https:\/\/2liceum.eu\/#website\"},\"datePublished\":\"2018-12-10T07:36:09+00:00\",\"dateModified\":\"2018-12-10T07:36:09+00:00\",\"breadcrumb\":{\"@id\":\"https:\/\/2liceum.eu\/index.php\/2018\/12\/10\/recenzja-spektaklu-biesy-bylo-warto\/#breadcrumb\"},\"inLanguage\":\"pl-PL\",\"potentialAction\":[{\"@type\":\"ReadAction\",\"target\":[\"https:\/\/2liceum.eu\/index.php\/2018\/12\/10\/recenzja-spektaklu-biesy-bylo-warto\/\"]}]},{\"@type\":\"BreadcrumbList\",\"@id\":\"https:\/\/2liceum.eu\/index.php\/2018\/12\/10\/recenzja-spektaklu-biesy-bylo-warto\/#breadcrumb\",\"itemListElement\":[{\"@type\":\"ListItem\",\"position\":1,\"name\":\"Strona g\u0142\u00f3wna\",\"item\":\"https:\/\/2liceum.eu\/\"},{\"@type\":\"ListItem\",\"position\":2,\"name\":\"Recenzja spektaklu \u201eBiesy\u201d \u2013 By\u0142o warto\u2026\"}]},{\"@type\":\"Article\",\"@id\":\"https:\/\/2liceum.eu\/index.php\/2018\/12\/10\/recenzja-spektaklu-biesy-bylo-warto\/#article\",\"isPartOf\":{\"@id\":\"https:\/\/2liceum.eu\/index.php\/2018\/12\/10\/recenzja-spektaklu-biesy-bylo-warto\/\"},\"author\":{\"name\":\"Adam Dragan\",\"@id\":\"https:\/\/2liceum.eu\/#\/schema\/person\/1a52557bfdaf047be954a8b190648da5\"},\"headline\":\"Recenzja spektaklu \u201eBiesy\u201d \u2013 By\u0142o warto\u2026\",\"datePublished\":\"2018-12-10T07:36:09+00:00\",\"dateModified\":\"2018-12-10T07:36:09+00:00\",\"mainEntityOfPage\":{\"@id\":\"https:\/\/2liceum.eu\/index.php\/2018\/12\/10\/recenzja-spektaklu-biesy-bylo-warto\/\"},\"wordCount\":293,\"commentCount\":0,\"publisher\":{\"@id\":\"https:\/\/2liceum.eu\/#organization\"},\"articleSection\":[\"Aktualno\u015bci\"],\"inLanguage\":\"pl-PL\",\"potentialAction\":[{\"@type\":\"CommentAction\",\"name\":\"Comment\",\"target\":[\"https:\/\/2liceum.eu\/index.php\/2018\/12\/10\/recenzja-spektaklu-biesy-bylo-warto\/#respond\"]}]},{\"@type\":\"Person\",\"@id\":\"https:\/\/2liceum.eu\/#\/schema\/person\/1a52557bfdaf047be954a8b190648da5\",\"name\":\"Adam Dragan\",\"image\":{\"@type\":\"ImageObject\",\"inLanguage\":\"pl-PL\",\"@id\":\"https:\/\/2liceum.eu\/#\/schema\/person\/image\/\",\"url\":\"https:\/\/secure.gravatar.com\/avatar\/3a2bee53698f47ac117505a8a054d1e47e9ee9593c4c77dc18374aa80472d80c?s=96&d=mm&r=g\",\"contentUrl\":\"https:\/\/secure.gravatar.com\/avatar\/3a2bee53698f47ac117505a8a054d1e47e9ee9593c4c77dc18374aa80472d80c?s=96&d=mm&r=g\",\"caption\":\"Adam Dragan\"},\"sameAs\":[\"http:\/\/2liceum.eu\"]}]}<\/script>\n<!-- \/ Yoast SEO plugin. -->","yoast_head_json":{"title":"Recenzja spektaklu \u201eBiesy\u201d \u2013 By\u0142o warto\u2026 - II Liceum Og\u00f3lnokszta\u0142c\u0105ce w Lubinie","robots":{"index":"index","follow":"follow","max-snippet":"max-snippet:-1","max-image-preview":"max-image-preview:large","max-video-preview":"max-video-preview:-1"},"canonical":"https:\/\/2liceum.eu\/index.php\/2018\/12\/10\/recenzja-spektaklu-biesy-bylo-warto\/","og_locale":"pl_PL","og_type":"article","og_title":"Recenzja spektaklu \u201eBiesy\u201d \u2013 By\u0142o warto\u2026 - II Liceum Og\u00f3lnokszta\u0142c\u0105ce w Lubinie","og_description":"W \u015brod\u0119 05. grudnia odwiedzili\u015bmy teatr im. Heleny Modrzejewskiej w Legnicy i byli\u015bmy widzami spektaklu pt. ,,Biesy\u2019\u2019 w re\u017cyserii Jacka G\u0142omba. Pomimo tego, \u017ce by\u0142o to nasze pierwsze spotkanie z tw\u00f3rczo\u015bci\u0105 F. Dostojewskiego, adaptacja powie\u015bci by\u0142a dla nas przejrzysta. Spektakl opowiada\u0142 o \u017cyciu na prowincji i rewolucji. Dostojewski zupe\u0142nie obna\u017cy\u0142 zachowania rewolucjonist\u00f3w i pokaza\u0142 wn\u0119trza [&hellip;]","og_url":"https:\/\/2liceum.eu\/index.php\/2018\/12\/10\/recenzja-spektaklu-biesy-bylo-warto\/","og_site_name":"II Liceum Og\u00f3lnokszta\u0142c\u0105ce w Lubinie","article_publisher":"https:\/\/web.facebook.com\/IILOLubin\/","article_published_time":"2018-12-10T07:36:09+00:00","og_image":[{"url":"https:\/\/2liceum.eu\/wp-content\/uploads\/2018\/12\/biesy.jpg"}],"author":"Adam Dragan","twitter_card":"summary_large_image","twitter_misc":{"Napisane przez":"Adam Dragan","Szacowany czas czytania":"1 minuta"},"schema":{"@context":"https:\/\/schema.org","@graph":[{"@type":"Organization","@id":"https:\/\/2liceum.eu\/#organization","name":"II Liceum Og\u00f3lnokszta\u0142c\u0105ce w Lubinie","url":"https:\/\/2liceum.eu\/","sameAs":["http:\/\/2lolubin","https:\/\/www.youtube.com\/channel\/UCWjEMxRJYdfvxPhVOn-8g_g","https:\/\/web.facebook.com\/IILOLubin\/"],"logo":{"@type":"ImageObject","inLanguage":"pl-PL","@id":"https:\/\/2liceum.eu\/#\/schema\/logo\/image\/","url":"https:\/\/2liceum.eu\/wp-content\/uploads\/2018\/01\/pobrane.jpg","contentUrl":"https:\/\/2liceum.eu\/wp-content\/uploads\/2018\/01\/pobrane.jpg","width":184,"height":183,"caption":"II Liceum Og\u00f3lnokszta\u0142c\u0105ce w Lubinie"},"image":{"@id":"https:\/\/2liceum.eu\/#\/schema\/logo\/image\/"}},{"@type":"WebSite","@id":"https:\/\/2liceum.eu\/#website","url":"https:\/\/2liceum.eu\/","name":"II Liceum Og\u00f3lnokszta\u0142c\u0105ce w Lubinie","description":"Oficjalny portal II LO w Lubinie. Informacje o szkole, kadrze, zaj\u0119ciach dydaktycznych, ko\u0142ach zainteresowa\u0144, wolontariacie. Aktualno\u015bci. Galeria zdj\u0119\u0107.","publisher":{"@id":"https:\/\/2liceum.eu\/#organization"},"potentialAction":[{"@type":"SearchAction","target":{"@type":"EntryPoint","urlTemplate":"https:\/\/2liceum.eu\/?s={search_term_string}"},"query-input":"required name=search_term_string"}],"inLanguage":"pl-PL"},{"@type":"WebPage","@id":"https:\/\/2liceum.eu\/index.php\/2018\/12\/10\/recenzja-spektaklu-biesy-bylo-warto\/","url":"https:\/\/2liceum.eu\/index.php\/2018\/12\/10\/recenzja-spektaklu-biesy-bylo-warto\/","name":"Recenzja spektaklu \u201eBiesy\u201d \u2013 By\u0142o warto\u2026 - II Liceum Og\u00f3lnokszta\u0142c\u0105ce w Lubinie","isPartOf":{"@id":"https:\/\/2liceum.eu\/#website"},"datePublished":"2018-12-10T07:36:09+00:00","dateModified":"2018-12-10T07:36:09+00:00","breadcrumb":{"@id":"https:\/\/2liceum.eu\/index.php\/2018\/12\/10\/recenzja-spektaklu-biesy-bylo-warto\/#breadcrumb"},"inLanguage":"pl-PL","potentialAction":[{"@type":"ReadAction","target":["https:\/\/2liceum.eu\/index.php\/2018\/12\/10\/recenzja-spektaklu-biesy-bylo-warto\/"]}]},{"@type":"BreadcrumbList","@id":"https:\/\/2liceum.eu\/index.php\/2018\/12\/10\/recenzja-spektaklu-biesy-bylo-warto\/#breadcrumb","itemListElement":[{"@type":"ListItem","position":1,"name":"Strona g\u0142\u00f3wna","item":"https:\/\/2liceum.eu\/"},{"@type":"ListItem","position":2,"name":"Recenzja spektaklu \u201eBiesy\u201d \u2013 By\u0142o warto\u2026"}]},{"@type":"Article","@id":"https:\/\/2liceum.eu\/index.php\/2018\/12\/10\/recenzja-spektaklu-biesy-bylo-warto\/#article","isPartOf":{"@id":"https:\/\/2liceum.eu\/index.php\/2018\/12\/10\/recenzja-spektaklu-biesy-bylo-warto\/"},"author":{"name":"Adam Dragan","@id":"https:\/\/2liceum.eu\/#\/schema\/person\/1a52557bfdaf047be954a8b190648da5"},"headline":"Recenzja spektaklu \u201eBiesy\u201d \u2013 By\u0142o warto\u2026","datePublished":"2018-12-10T07:36:09+00:00","dateModified":"2018-12-10T07:36:09+00:00","mainEntityOfPage":{"@id":"https:\/\/2liceum.eu\/index.php\/2018\/12\/10\/recenzja-spektaklu-biesy-bylo-warto\/"},"wordCount":293,"commentCount":0,"publisher":{"@id":"https:\/\/2liceum.eu\/#organization"},"articleSection":["Aktualno\u015bci"],"inLanguage":"pl-PL","potentialAction":[{"@type":"CommentAction","name":"Comment","target":["https:\/\/2liceum.eu\/index.php\/2018\/12\/10\/recenzja-spektaklu-biesy-bylo-warto\/#respond"]}]},{"@type":"Person","@id":"https:\/\/2liceum.eu\/#\/schema\/person\/1a52557bfdaf047be954a8b190648da5","name":"Adam Dragan","image":{"@type":"ImageObject","inLanguage":"pl-PL","@id":"https:\/\/2liceum.eu\/#\/schema\/person\/image\/","url":"https:\/\/secure.gravatar.com\/avatar\/3a2bee53698f47ac117505a8a054d1e47e9ee9593c4c77dc18374aa80472d80c?s=96&d=mm&r=g","contentUrl":"https:\/\/secure.gravatar.com\/avatar\/3a2bee53698f47ac117505a8a054d1e47e9ee9593c4c77dc18374aa80472d80c?s=96&d=mm&r=g","caption":"Adam Dragan"},"sameAs":["http:\/\/2liceum.eu"]}]}},"_links":{"self":[{"href":"https:\/\/2liceum.eu\/index.php\/wp-json\/wp\/v2\/posts\/3139","targetHints":{"allow":["GET"]}}],"collection":[{"href":"https:\/\/2liceum.eu\/index.php\/wp-json\/wp\/v2\/posts"}],"about":[{"href":"https:\/\/2liceum.eu\/index.php\/wp-json\/wp\/v2\/types\/post"}],"author":[{"embeddable":true,"href":"https:\/\/2liceum.eu\/index.php\/wp-json\/wp\/v2\/users\/2"}],"replies":[{"embeddable":true,"href":"https:\/\/2liceum.eu\/index.php\/wp-json\/wp\/v2\/comments?post=3139"}],"version-history":[{"count":1,"href":"https:\/\/2liceum.eu\/index.php\/wp-json\/wp\/v2\/posts\/3139\/revisions"}],"predecessor-version":[{"id":3141,"href":"https:\/\/2liceum.eu\/index.php\/wp-json\/wp\/v2\/posts\/3139\/revisions\/3141"}],"wp:attachment":[{"href":"https:\/\/2liceum.eu\/index.php\/wp-json\/wp\/v2\/media?parent=3139"}],"wp:term":[{"taxonomy":"category","embeddable":true,"href":"https:\/\/2liceum.eu\/index.php\/wp-json\/wp\/v2\/categories?post=3139"},{"taxonomy":"post_tag","embeddable":true,"href":"https:\/\/2liceum.eu\/index.php\/wp-json\/wp\/v2\/tags?post=3139"}],"curies":[{"name":"wp","href":"https:\/\/api.w.org\/{rel}","templated":true}]}}