{"id":3142,"date":"2018-12-10T08:45:35","date_gmt":"2018-12-10T07:45:35","guid":{"rendered":"https:\/\/2liceum.eu\/?p=3142"},"modified":"2018-12-10T08:45:35","modified_gmt":"2018-12-10T07:45:35","slug":"szlachetna-paczka","status":"publish","type":"post","link":"https:\/\/2liceum.eu\/index.php\/2018\/12\/10\/szlachetna-paczka\/","title":{"rendered":"Szlachetna Paczka!"},"content":{"rendered":"<p style=\"text-align: justify;\"><img decoding=\"async\" class=\"alignright\" src=\"https:\/\/2liceum.eu\/wp-content\/uploads\/sites\/1\/nggallery\/szlachetna-paczka\/thumbs\/thumbs_IMG-20181209-WA0006.jpg\" alt=\"\">Bardzo gor\u0105co dzi\u0119kujemy wszystkim zaanga\u017cowanym w przygotowanie naszej dw\u00f3jkowej <strong>SZLACHETNEJ PACZKI<\/strong>.&nbsp; Uda\u0142o si\u0119 nam wsp\u00f3lnie zebra\u0107 \u015brodki na zakup wspania\u0142ych upomink\u00f3w dla bardzo potrzebuj\u0105cej rodziny.<\/p>\n<p style=\"text-align: justify;\">Szczeg\u00f3lne podzi\u0119kowania nale\u017c\u0105 si\u0119:<\/p>\n<p style=\"text-align: justify;\">&#8211; klasie 3b oraz wszystkim, kt\u00f3rzy wrzucili co\u015b do puszki podczas przeprowadzanej przez SU zbi\u00f3rki pieni\u0119\u017cnej. Razem uda\u0142o si\u0119 zebra\u0107 kwot\u0119 wystarczaj\u0105c\u0105 na zakup pralki \ud83d\ude42<\/p>\n<p style=\"text-align: justify;\">&#8211; klasie 2a za ufundowanie smartfona,<\/p>\n<p style=\"text-align: justify;\">&#8211; klasie 1c za kupienie ko\u0142dry, poduszek i po\u015bcieli,<\/p>\n<p style=\"text-align: justify;\">&#8211; klasie 3d oraz gronu pedagogicznemu za ufundowanie obuwia zimowego dla ca\u0142ej rodziny,<\/p>\n<p style=\"text-align: justify;\">&#8211; klasie 3b za przygotowanie prezent\u00f3w dla dziewczynki (furby i lalka) i zakup choinki,<\/p>\n<p style=\"text-align: justify;\">oraz&nbsp; wszystkim darczy\u0144com za ufundowanie \u015brodk\u00f3w czysto\u015bci, materia\u0142\u00f3w pi\u015bmienniczych i \u017cywno\u015bci.<\/p>\n<p style=\"text-align: justify;\">Nasza <strong>SZACHETNA PACZKA<\/strong> sprawi\u0142a wybranej przez nas rodzinie ogromn\u0105 rado\u015b\u0107, wywo\u0142a\u0142a wzruszenie i jak wielokrotnie zapewniali, jest dowodem na to, \u017ce nie s\u0105 sami \ud83d\ude42<\/p>\n<p><a href=\"https:\/\/2liceum.eu\/index.php\/galeria\/nggallery\/rok-szkolny-2018-2019\/Szlachetna-Paczka!\" target=\"_blank\" rel=\"noopener\"><strong>Zapraszamy do galerii.<\/strong><\/a><\/p>\n","protected":false},"excerpt":{"rendered":"<p>Bardzo gor\u0105co dzi\u0119kujemy wszystkim zaanga\u017cowanym w przygotowanie naszej dw\u00f3jkowej SZLACHETNEJ PACZKI.&nbsp; Uda\u0142o si\u0119 nam wsp\u00f3lnie zebra\u0107 \u015brodki na zakup wspania\u0142ych upomink\u00f3w dla bardzo potrzebuj\u0105cej rodziny. Szczeg\u00f3lne podzi\u0119kowania nale\u017c\u0105 si\u0119: &#8211; klasie 3b oraz wszystkim, kt\u00f3rzy wrzucili co\u015b do puszki podczas przeprowadzanej przez SU zbi\u00f3rki pieni\u0119\u017cnej. Razem uda\u0142o si\u0119 zebra\u0107 kwot\u0119 wystarczaj\u0105c\u0105 na zakup pralki \ud83d\ude42 [&hellip;]<\/p>\n","protected":false},"author":2,"featured_media":0,"comment_status":"open","ping_status":"open","sticky":false,"template":"","format":"standard","meta":{"ngg_post_thumbnail":0,"footnotes":""},"categories":[1],"tags":[],"class_list":["post-3142","post","type-post","status-publish","format-standard","hentry","category-aktualnosci"],"yoast_head":"<!-- This site is optimized with the Yoast SEO plugin v19.4 - https:\/\/yoast.com\/wordpress\/plugins\/seo\/ -->\n<title>Szlachetna Paczka! - II Liceum Og\u00f3lnokszta\u0142c\u0105ce w Lubinie<\/title>\n<meta name=\"robots\" content=\"index, follow, max-snippet:-1, max-image-preview:large, max-video-preview:-1\" \/>\n<link rel=\"canonical\" href=\"https:\/\/2liceum.eu\/index.php\/2018\/12\/10\/szlachetna-paczka\/\" \/>\n<meta property=\"og:locale\" content=\"pl_PL\" \/>\n<meta property=\"og:type\" content=\"article\" \/>\n<meta property=\"og:title\" content=\"Szlachetna Paczka! - II Liceum Og\u00f3lnokszta\u0142c\u0105ce w Lubinie\" \/>\n<meta property=\"og:description\" content=\"Bardzo gor\u0105co dzi\u0119kujemy wszystkim zaanga\u017cowanym w przygotowanie naszej dw\u00f3jkowej SZLACHETNEJ PACZKI.&nbsp; Uda\u0142o si\u0119 nam wsp\u00f3lnie zebra\u0107 \u015brodki na zakup wspania\u0142ych upomink\u00f3w dla bardzo potrzebuj\u0105cej rodziny. Szczeg\u00f3lne podzi\u0119kowania nale\u017c\u0105 si\u0119: &#8211; klasie 3b oraz wszystkim, kt\u00f3rzy wrzucili co\u015b do puszki podczas przeprowadzanej przez SU zbi\u00f3rki pieni\u0119\u017cnej. Razem uda\u0142o si\u0119 zebra\u0107 kwot\u0119 wystarczaj\u0105c\u0105 na zakup pralki \ud83d\ude42 [&hellip;]\" \/>\n<meta property=\"og:url\" content=\"https:\/\/2liceum.eu\/index.php\/2018\/12\/10\/szlachetna-paczka\/\" \/>\n<meta property=\"og:site_name\" content=\"II Liceum Og\u00f3lnokszta\u0142c\u0105ce w Lubinie\" \/>\n<meta property=\"article:publisher\" content=\"https:\/\/web.facebook.com\/IILOLubin\/\" \/>\n<meta property=\"article:published_time\" content=\"2018-12-10T07:45:35+00:00\" \/>\n<meta property=\"og:image\" content=\"https:\/\/2liceum.eu\/wp-content\/uploads\/sites\/1\/nggallery\/szlachetna-paczka\/thumbs\/thumbs_IMG-20181209-WA0006.jpg\" \/>\n<meta name=\"author\" content=\"Adam Dragan\" \/>\n<meta name=\"twitter:card\" content=\"summary_large_image\" \/>\n<meta name=\"twitter:label1\" content=\"Napisane przez\" \/>\n\t<meta name=\"twitter:data1\" content=\"Adam Dragan\" \/>\n\t<meta name=\"twitter:label2\" content=\"Szacowany czas czytania\" \/>\n\t<meta name=\"twitter:data2\" content=\"1 minuta\" \/>\n<script type=\"application\/ld+json\" class=\"yoast-schema-graph\">{\"@context\":\"https:\/\/schema.org\",\"@graph\":[{\"@type\":\"Organization\",\"@id\":\"https:\/\/2liceum.eu\/#organization\",\"name\":\"II Liceum Og\u00f3lnokszta\u0142c\u0105ce w Lubinie\",\"url\":\"https:\/\/2liceum.eu\/\",\"sameAs\":[\"http:\/\/2lolubin\",\"https:\/\/www.youtube.com\/channel\/UCWjEMxRJYdfvxPhVOn-8g_g\",\"https:\/\/web.facebook.com\/IILOLubin\/\"],\"logo\":{\"@type\":\"ImageObject\",\"inLanguage\":\"pl-PL\",\"@id\":\"https:\/\/2liceum.eu\/#\/schema\/logo\/image\/\",\"url\":\"https:\/\/2liceum.eu\/wp-content\/uploads\/2018\/01\/pobrane.jpg\",\"contentUrl\":\"https:\/\/2liceum.eu\/wp-content\/uploads\/2018\/01\/pobrane.jpg\",\"width\":184,\"height\":183,\"caption\":\"II Liceum Og\u00f3lnokszta\u0142c\u0105ce w Lubinie\"},\"image\":{\"@id\":\"https:\/\/2liceum.eu\/#\/schema\/logo\/image\/\"}},{\"@type\":\"WebSite\",\"@id\":\"https:\/\/2liceum.eu\/#website\",\"url\":\"https:\/\/2liceum.eu\/\",\"name\":\"II Liceum Og\u00f3lnokszta\u0142c\u0105ce w Lubinie\",\"description\":\"Oficjalny portal II LO w Lubinie. Informacje o szkole, kadrze, zaj\u0119ciach dydaktycznych, ko\u0142ach zainteresowa\u0144, wolontariacie. Aktualno\u015bci. Galeria zdj\u0119\u0107.\",\"publisher\":{\"@id\":\"https:\/\/2liceum.eu\/#organization\"},\"potentialAction\":[{\"@type\":\"SearchAction\",\"target\":{\"@type\":\"EntryPoint\",\"urlTemplate\":\"https:\/\/2liceum.eu\/?s={search_term_string}\"},\"query-input\":\"required name=search_term_string\"}],\"inLanguage\":\"pl-PL\"},{\"@type\":\"WebPage\",\"@id\":\"https:\/\/2liceum.eu\/index.php\/2018\/12\/10\/szlachetna-paczka\/\",\"url\":\"https:\/\/2liceum.eu\/index.php\/2018\/12\/10\/szlachetna-paczka\/\",\"name\":\"Szlachetna Paczka! - II Liceum Og\u00f3lnokszta\u0142c\u0105ce w Lubinie\",\"isPartOf\":{\"@id\":\"https:\/\/2liceum.eu\/#website\"},\"datePublished\":\"2018-12-10T07:45:35+00:00\",\"dateModified\":\"2018-12-10T07:45:35+00:00\",\"breadcrumb\":{\"@id\":\"https:\/\/2liceum.eu\/index.php\/2018\/12\/10\/szlachetna-paczka\/#breadcrumb\"},\"inLanguage\":\"pl-PL\",\"potentialAction\":[{\"@type\":\"ReadAction\",\"target\":[\"https:\/\/2liceum.eu\/index.php\/2018\/12\/10\/szlachetna-paczka\/\"]}]},{\"@type\":\"BreadcrumbList\",\"@id\":\"https:\/\/2liceum.eu\/index.php\/2018\/12\/10\/szlachetna-paczka\/#breadcrumb\",\"itemListElement\":[{\"@type\":\"ListItem\",\"position\":1,\"name\":\"Strona g\u0142\u00f3wna\",\"item\":\"https:\/\/2liceum.eu\/\"},{\"@type\":\"ListItem\",\"position\":2,\"name\":\"Szlachetna Paczka!\"}]},{\"@type\":\"Article\",\"@id\":\"https:\/\/2liceum.eu\/index.php\/2018\/12\/10\/szlachetna-paczka\/#article\",\"isPartOf\":{\"@id\":\"https:\/\/2liceum.eu\/index.php\/2018\/12\/10\/szlachetna-paczka\/\"},\"author\":{\"name\":\"Adam Dragan\",\"@id\":\"https:\/\/2liceum.eu\/#\/schema\/person\/1a52557bfdaf047be954a8b190648da5\"},\"headline\":\"Szlachetna Paczka!\",\"datePublished\":\"2018-12-10T07:45:35+00:00\",\"dateModified\":\"2018-12-10T07:45:35+00:00\",\"mainEntityOfPage\":{\"@id\":\"https:\/\/2liceum.eu\/index.php\/2018\/12\/10\/szlachetna-paczka\/\"},\"wordCount\":167,\"commentCount\":0,\"publisher\":{\"@id\":\"https:\/\/2liceum.eu\/#organization\"},\"articleSection\":[\"Aktualno\u015bci\"],\"inLanguage\":\"pl-PL\",\"potentialAction\":[{\"@type\":\"CommentAction\",\"name\":\"Comment\",\"target\":[\"https:\/\/2liceum.eu\/index.php\/2018\/12\/10\/szlachetna-paczka\/#respond\"]}]},{\"@type\":\"Person\",\"@id\":\"https:\/\/2liceum.eu\/#\/schema\/person\/1a52557bfdaf047be954a8b190648da5\",\"name\":\"Adam Dragan\",\"image\":{\"@type\":\"ImageObject\",\"inLanguage\":\"pl-PL\",\"@id\":\"https:\/\/2liceum.eu\/#\/schema\/person\/image\/\",\"url\":\"https:\/\/secure.gravatar.com\/avatar\/3a2bee53698f47ac117505a8a054d1e47e9ee9593c4c77dc18374aa80472d80c?s=96&d=mm&r=g\",\"contentUrl\":\"https:\/\/secure.gravatar.com\/avatar\/3a2bee53698f47ac117505a8a054d1e47e9ee9593c4c77dc18374aa80472d80c?s=96&d=mm&r=g\",\"caption\":\"Adam Dragan\"},\"sameAs\":[\"http:\/\/2liceum.eu\"]}]}<\/script>\n<!-- \/ Yoast SEO plugin. -->","yoast_head_json":{"title":"Szlachetna Paczka! - II Liceum Og\u00f3lnokszta\u0142c\u0105ce w Lubinie","robots":{"index":"index","follow":"follow","max-snippet":"max-snippet:-1","max-image-preview":"max-image-preview:large","max-video-preview":"max-video-preview:-1"},"canonical":"https:\/\/2liceum.eu\/index.php\/2018\/12\/10\/szlachetna-paczka\/","og_locale":"pl_PL","og_type":"article","og_title":"Szlachetna Paczka! - II Liceum Og\u00f3lnokszta\u0142c\u0105ce w Lubinie","og_description":"Bardzo gor\u0105co dzi\u0119kujemy wszystkim zaanga\u017cowanym w przygotowanie naszej dw\u00f3jkowej SZLACHETNEJ PACZKI.&nbsp; Uda\u0142o si\u0119 nam wsp\u00f3lnie zebra\u0107 \u015brodki na zakup wspania\u0142ych upomink\u00f3w dla bardzo potrzebuj\u0105cej rodziny. Szczeg\u00f3lne podzi\u0119kowania nale\u017c\u0105 si\u0119: &#8211; klasie 3b oraz wszystkim, kt\u00f3rzy wrzucili co\u015b do puszki podczas przeprowadzanej przez SU zbi\u00f3rki pieni\u0119\u017cnej. Razem uda\u0142o si\u0119 zebra\u0107 kwot\u0119 wystarczaj\u0105c\u0105 na zakup pralki \ud83d\ude42 [&hellip;]","og_url":"https:\/\/2liceum.eu\/index.php\/2018\/12\/10\/szlachetna-paczka\/","og_site_name":"II Liceum Og\u00f3lnokszta\u0142c\u0105ce w Lubinie","article_publisher":"https:\/\/web.facebook.com\/IILOLubin\/","article_published_time":"2018-12-10T07:45:35+00:00","og_image":[{"url":"https:\/\/2liceum.eu\/wp-content\/uploads\/sites\/1\/nggallery\/szlachetna-paczka\/thumbs\/thumbs_IMG-20181209-WA0006.jpg"}],"author":"Adam Dragan","twitter_card":"summary_large_image","twitter_misc":{"Napisane przez":"Adam Dragan","Szacowany czas czytania":"1 minuta"},"schema":{"@context":"https:\/\/schema.org","@graph":[{"@type":"Organization","@id":"https:\/\/2liceum.eu\/#organization","name":"II Liceum Og\u00f3lnokszta\u0142c\u0105ce w Lubinie","url":"https:\/\/2liceum.eu\/","sameAs":["http:\/\/2lolubin","https:\/\/www.youtube.com\/channel\/UCWjEMxRJYdfvxPhVOn-8g_g","https:\/\/web.facebook.com\/IILOLubin\/"],"logo":{"@type":"ImageObject","inLanguage":"pl-PL","@id":"https:\/\/2liceum.eu\/#\/schema\/logo\/image\/","url":"https:\/\/2liceum.eu\/wp-content\/uploads\/2018\/01\/pobrane.jpg","contentUrl":"https:\/\/2liceum.eu\/wp-content\/uploads\/2018\/01\/pobrane.jpg","width":184,"height":183,"caption":"II Liceum Og\u00f3lnokszta\u0142c\u0105ce w Lubinie"},"image":{"@id":"https:\/\/2liceum.eu\/#\/schema\/logo\/image\/"}},{"@type":"WebSite","@id":"https:\/\/2liceum.eu\/#website","url":"https:\/\/2liceum.eu\/","name":"II Liceum Og\u00f3lnokszta\u0142c\u0105ce w Lubinie","description":"Oficjalny portal II LO w Lubinie. Informacje o szkole, kadrze, zaj\u0119ciach dydaktycznych, ko\u0142ach zainteresowa\u0144, wolontariacie. Aktualno\u015bci. Galeria zdj\u0119\u0107.","publisher":{"@id":"https:\/\/2liceum.eu\/#organization"},"potentialAction":[{"@type":"SearchAction","target":{"@type":"EntryPoint","urlTemplate":"https:\/\/2liceum.eu\/?s={search_term_string}"},"query-input":"required name=search_term_string"}],"inLanguage":"pl-PL"},{"@type":"WebPage","@id":"https:\/\/2liceum.eu\/index.php\/2018\/12\/10\/szlachetna-paczka\/","url":"https:\/\/2liceum.eu\/index.php\/2018\/12\/10\/szlachetna-paczka\/","name":"Szlachetna Paczka! - II Liceum Og\u00f3lnokszta\u0142c\u0105ce w Lubinie","isPartOf":{"@id":"https:\/\/2liceum.eu\/#website"},"datePublished":"2018-12-10T07:45:35+00:00","dateModified":"2018-12-10T07:45:35+00:00","breadcrumb":{"@id":"https:\/\/2liceum.eu\/index.php\/2018\/12\/10\/szlachetna-paczka\/#breadcrumb"},"inLanguage":"pl-PL","potentialAction":[{"@type":"ReadAction","target":["https:\/\/2liceum.eu\/index.php\/2018\/12\/10\/szlachetna-paczka\/"]}]},{"@type":"BreadcrumbList","@id":"https:\/\/2liceum.eu\/index.php\/2018\/12\/10\/szlachetna-paczka\/#breadcrumb","itemListElement":[{"@type":"ListItem","position":1,"name":"Strona g\u0142\u00f3wna","item":"https:\/\/2liceum.eu\/"},{"@type":"ListItem","position":2,"name":"Szlachetna Paczka!"}]},{"@type":"Article","@id":"https:\/\/2liceum.eu\/index.php\/2018\/12\/10\/szlachetna-paczka\/#article","isPartOf":{"@id":"https:\/\/2liceum.eu\/index.php\/2018\/12\/10\/szlachetna-paczka\/"},"author":{"name":"Adam Dragan","@id":"https:\/\/2liceum.eu\/#\/schema\/person\/1a52557bfdaf047be954a8b190648da5"},"headline":"Szlachetna Paczka!","datePublished":"2018-12-10T07:45:35+00:00","dateModified":"2018-12-10T07:45:35+00:00","mainEntityOfPage":{"@id":"https:\/\/2liceum.eu\/index.php\/2018\/12\/10\/szlachetna-paczka\/"},"wordCount":167,"commentCount":0,"publisher":{"@id":"https:\/\/2liceum.eu\/#organization"},"articleSection":["Aktualno\u015bci"],"inLanguage":"pl-PL","potentialAction":[{"@type":"CommentAction","name":"Comment","target":["https:\/\/2liceum.eu\/index.php\/2018\/12\/10\/szlachetna-paczka\/#respond"]}]},{"@type":"Person","@id":"https:\/\/2liceum.eu\/#\/schema\/person\/1a52557bfdaf047be954a8b190648da5","name":"Adam Dragan","image":{"@type":"ImageObject","inLanguage":"pl-PL","@id":"https:\/\/2liceum.eu\/#\/schema\/person\/image\/","url":"https:\/\/secure.gravatar.com\/avatar\/3a2bee53698f47ac117505a8a054d1e47e9ee9593c4c77dc18374aa80472d80c?s=96&d=mm&r=g","contentUrl":"https:\/\/secure.gravatar.com\/avatar\/3a2bee53698f47ac117505a8a054d1e47e9ee9593c4c77dc18374aa80472d80c?s=96&d=mm&r=g","caption":"Adam Dragan"},"sameAs":["http:\/\/2liceum.eu"]}]}},"_links":{"self":[{"href":"https:\/\/2liceum.eu\/index.php\/wp-json\/wp\/v2\/posts\/3142","targetHints":{"allow":["GET"]}}],"collection":[{"href":"https:\/\/2liceum.eu\/index.php\/wp-json\/wp\/v2\/posts"}],"about":[{"href":"https:\/\/2liceum.eu\/index.php\/wp-json\/wp\/v2\/types\/post"}],"author":[{"embeddable":true,"href":"https:\/\/2liceum.eu\/index.php\/wp-json\/wp\/v2\/users\/2"}],"replies":[{"embeddable":true,"href":"https:\/\/2liceum.eu\/index.php\/wp-json\/wp\/v2\/comments?post=3142"}],"version-history":[{"count":1,"href":"https:\/\/2liceum.eu\/index.php\/wp-json\/wp\/v2\/posts\/3142\/revisions"}],"predecessor-version":[{"id":3157,"href":"https:\/\/2liceum.eu\/index.php\/wp-json\/wp\/v2\/posts\/3142\/revisions\/3157"}],"wp:attachment":[{"href":"https:\/\/2liceum.eu\/index.php\/wp-json\/wp\/v2\/media?parent=3142"}],"wp:term":[{"taxonomy":"category","embeddable":true,"href":"https:\/\/2liceum.eu\/index.php\/wp-json\/wp\/v2\/categories?post=3142"},{"taxonomy":"post_tag","embeddable":true,"href":"https:\/\/2liceum.eu\/index.php\/wp-json\/wp\/v2\/tags?post=3142"}],"curies":[{"name":"wp","href":"https:\/\/api.w.org\/{rel}","templated":true}]}}