{"id":3158,"date":"2018-12-10T14:32:50","date_gmt":"2018-12-10T13:32:50","guid":{"rendered":"https:\/\/2liceum.eu\/?p=3158"},"modified":"2018-12-10T14:32:50","modified_gmt":"2018-12-10T13:32:50","slug":"11-grudnia-2018r-wtorek","status":"publish","type":"post","link":"https:\/\/2liceum.eu\/index.php\/2018\/12\/10\/11-grudnia-2018r-wtorek\/","title":{"rendered":"11 grudnia 2018r. (wtorek)"},"content":{"rendered":"<p>&nbsp;<\/p>\n<table width=\"0\">\n<tbody>\n<tr>\n<td width=\"57\">\n<h3>Za:<\/h3>\n<\/td>\n<td colspan=\"2\" width=\"174\">\n<h6>S. Maliszewska<\/h6>\n<\/td>\n<td colspan=\"2\" width=\"188\">\n<h6>J. Frankiewicz<\/h6>\n<\/td>\n<td colspan=\"2\" width=\"192\">\n<h6>D. Jonc &#8211; Paszkiewicz<\/h6>\n<\/td>\n<\/tr>\n<tr>\n<td width=\"57\">\n<h3>Lekcja<\/h3>\n<\/td>\n<td width=\"39\">klasa<\/td>\n<td width=\"135\">nauczyciel zast\u0119puj\u0105cy<\/td>\n<td width=\"44\">klasa<\/td>\n<td width=\"144\">nauczyciel zast\u0119puj\u0105cy<\/td>\n<td width=\"46\">klasa<\/td>\n<td width=\"146\">nauczyciel zast\u0119puj\u0105cy<\/td>\n<\/tr>\n<tr>\n<td width=\"57\">\n<h3>1<\/h3>\n<\/td>\n<td width=\"39\">&nbsp;<\/td>\n<td width=\"135\">&nbsp;<\/td>\n<td width=\"44\">2c<\/td>\n<td width=\"144\">ca\u0142o\u015b\u0107 biologia<br \/>\nM. Zaj\u0105czkowska s.214<\/td>\n<td width=\"46\">&nbsp;<\/td>\n<td width=\"146\">&nbsp;<\/td>\n<\/tr>\n<tr>\n<td width=\"57\">\n<h3>2<\/h3>\n<\/td>\n<td width=\"39\">&nbsp;<\/td>\n<td width=\"135\">&nbsp;<\/td>\n<td width=\"44\">2c<\/td>\n<td width=\"144\">ca\u0142o\u015b\u0107 chemia<br \/>\nM. Zaj\u0105czkowska s.214<\/td>\n<td width=\"46\">&nbsp;<\/td>\n<td width=\"146\">&nbsp;<\/td>\n<\/tr>\n<tr>\n<td width=\"57\">\n<h3>3<\/h3>\n<\/td>\n<td width=\"39\">1f<\/td>\n<td width=\"135\">M. Piotrkowska &#8211; Da\u0144kowska<br \/>\nza 1 lekcj\u0119 s.03<\/td>\n<td width=\"44\">&nbsp; 1c<\/td>\n<td width=\"144\">A. Szykulska<br \/>\n<strong>podst. przeds<\/strong>. &nbsp;s.104<\/td>\n<td width=\"46\">&nbsp;<\/td>\n<td width=\"146\">&nbsp;<\/td>\n<\/tr>\n<tr>\n<td width=\"57\">\n<h3>4<\/h3>\n<\/td>\n<td width=\"39\">1a<\/p>\n<p>&nbsp;<\/p>\n<p>&nbsp;<\/p>\n<p>&nbsp;<\/p>\n<p>1d<\/td>\n<td width=\"135\">ca\u0142o\u015b\u0107<br \/>\nR. Bartosiewicz (EZ)<\/p>\n<p>&nbsp;<\/p>\n<p>M. Zaj\u0105czkowska<\/td>\n<td width=\"44\">3d<\/td>\n<td width=\"144\">ca\u0142o\u015b\u0107 M. Lech<br \/>\nj. angielski s.04<\/td>\n<td width=\"46\">1d<\/td>\n<td width=\"146\">M. Zaj\u0105czkowska (p) biologia s.214<\/td>\n<\/tr>\n<tr>\n<td width=\"57\">\n<h3>5<\/h3>\n<\/td>\n<td width=\"39\">2a<\/td>\n<td width=\"135\">T. Radziej wf<\/td>\n<td width=\"44\">3d<\/td>\n<td width=\"144\">A. Kami\u0144ski za 1d s. 207 j. angielski zadaje M. Lech<\/td>\n<td width=\"46\">2ab<\/td>\n<td width=\"146\">T. B\u00f3b za 2c edukacja zdrowotna s.01<\/td>\n<\/tr>\n<tr>\n<td width=\"57\">\n<h3>6<\/h3>\n<\/td>\n<td width=\"39\">2a<\/td>\n<td width=\"135\">T. Radziej wf<\/td>\n<td width=\"44\">3d<\/td>\n<td width=\"144\">A. P\u0119ka\u0142a<br \/>\nj. angielski<br \/>\nza 1 lekcj\u0119 w \u015brod\u0119 19 XII s.103<\/td>\n<td width=\"46\">2ab<\/td>\n<td width=\"146\">E. Garnowska za 1d edukacja zdrowotna s.12<\/td>\n<\/tr>\n<tr>\n<td width=\"57\">\n<h3>7<\/h3>\n<\/td>\n<td width=\"39\">&nbsp;<\/td>\n<td width=\"135\">&nbsp;<\/td>\n<td width=\"44\">1f<\/td>\n<td width=\"144\">kino<\/td>\n<td width=\"46\">3d<\/td>\n<td width=\"146\">ca\u0142o\u015b\u0107 E. Garnowska<\/td>\n<\/tr>\n<tr>\n<td width=\"57\">\n<h3>Za:<\/h3>\n<\/td>\n<td colspan=\"2\" width=\"174\">\n<h6>M. Zaj\u0105czkowska<\/h6>\n<\/td>\n<td colspan=\"2\" width=\"188\">\n<h6>E. Gr\u0119da<\/h6>\n<\/td>\n<td colspan=\"2\" width=\"192\">\n<h6>L. Bartosiewicz<\/h6>\n<\/td>\n<\/tr>\n<tr>\n<td width=\"57\">\n<h3>Lekcja<\/h3>\n<\/td>\n<td width=\"39\">klasa<\/td>\n<td width=\"135\">nauczyciel zast\u0119puj\u0105cy<\/td>\n<td width=\"44\">klasa<\/td>\n<td width=\"144\">nauczyciel zast\u0119puj\u0105cy<\/td>\n<td width=\"46\">klasa<\/td>\n<td width=\"146\">nauczyciel zast\u0119puj\u0105cy<\/td>\n<\/tr>\n<tr>\n<td width=\"57\">\n<h3>1<\/h3>\n<\/td>\n<td width=\"39\">&nbsp;<\/td>\n<td width=\"135\">&nbsp;<\/td>\n<td width=\"44\">&nbsp;<\/td>\n<td width=\"144\">&nbsp;<\/td>\n<td width=\"46\">1a<\/td>\n<td width=\"146\">klasa na 8<sup>55<\/sup><\/td>\n<\/tr>\n<tr>\n<td width=\"57\">\n<h3>2<\/h3>\n<\/td>\n<td width=\"39\">&nbsp;<\/td>\n<td width=\"135\">&nbsp;<\/td>\n<td width=\"44\">&nbsp;<\/td>\n<td width=\"144\">&nbsp;<\/td>\n<td width=\"46\">2d<\/td>\n<td width=\"146\">D. Go\u0142\u0105b matematyka (p) s.10<\/td>\n<\/tr>\n<tr>\n<td width=\"57\">\n<h3>3<\/h3>\n<\/td>\n<td width=\"39\">&nbsp;<\/td>\n<td width=\"135\">&nbsp;<\/td>\n<td width=\"44\">&nbsp;<\/td>\n<td width=\"144\">&nbsp;<\/td>\n<td width=\"46\">2d<\/td>\n<td width=\"146\">A. Kami\u0144ski za 8 lekcj\u0119 s.207<\/td>\n<\/tr>\n<tr>\n<td width=\"57\">\n<h3>4<\/h3>\n<\/td>\n<td width=\"39\">&nbsp;<\/td>\n<td width=\"135\">&nbsp;<\/td>\n<td width=\"44\">&nbsp;<\/td>\n<td width=\"144\">&nbsp;<\/td>\n<td width=\"46\">3e<\/td>\n<td width=\"146\">A. Dragan<br \/>\nza pierwsz\u0105 lekcj\u0119<br \/>\ns. 105<\/td>\n<\/tr>\n<tr>\n<td width=\"57\">\n<h3>5<\/h3>\n<\/td>\n<td width=\"39\">3c<\/td>\n<td width=\"135\">kino<\/td>\n<td width=\"44\">3c<\/td>\n<td width=\"144\">kino<\/td>\n<td width=\"46\">1a<\/td>\n<td width=\"146\">D. Go\u0142\u0105b za 1f matematyka s.10<\/td>\n<\/tr>\n<tr>\n<td width=\"57\">\n<h3>6<\/h3>\n<\/td>\n<td width=\"39\">2c<\/td>\n<td width=\"135\">kino<\/td>\n<td width=\"44\">3c<\/td>\n<td width=\"144\">kino<\/td>\n<td width=\"46\">1a<\/td>\n<td width=\"146\">M. Lipowska (p)<br \/>\n<strong>j. angielski <\/strong>s. 214<\/td>\n<\/tr>\n<tr>\n<td width=\"57\">\n<h3>7<\/h3>\n<\/td>\n<td width=\"39\">2c<\/td>\n<td width=\"135\">kino<\/td>\n<td width=\"44\">&nbsp;<\/td>\n<td width=\"144\">&nbsp;<\/td>\n<td width=\"46\">3c<\/td>\n<td width=\"146\">kino<\/td>\n<\/tr>\n<\/tbody>\n<\/table>\n<p><strong>1 lekcja<\/strong>; s.12; 8.00 &#8211; 8.45 <strong>klasa 1b<\/strong>:&nbsp;<em>Cyberprzemoc &#8211; jak si\u0119 chroni\u0107?<\/em><\/p>\n<p><strong>2 lekcja<\/strong>; s.12; 8.55 &#8211; 9.40 <strong>klasa 3a<\/strong>:&nbsp;<em>CV i rozmowa rekrutacyjna &#8211; jak si\u0119 wyr\u00f3\u017cni\u0107?<\/em><\/p>\n<p><strong>3 lekcja<\/strong>; s.12; 9.50 &#8211; 10.35 <strong>klasa 3d<\/strong>&nbsp;<em>Wyst\u0105pienia publiczne &#8211; jak si\u0119 nie da\u0107 tremie?<\/em><\/p>\n<p>&nbsp;<\/p>\n<p><strong>Po czwartej lekcji <\/strong>wyj\u015bcie do CK MUZA na NHEF <em>Amy<\/em>:<\/p>\n<p><strong>1d<\/strong> \u2013 pod opiek\u0105 p. D. Jonc \u2013 Paszkiewicz<\/p>\n<p><strong>1f<\/strong> \u2013 pod opiek\u0105 p. I. Karwat<\/p>\n<p><strong>2c <\/strong>\u2013 pod opiek\u0105 p. M. Zaj\u0105czkowskiej<\/p>\n<p><strong>3c<\/strong> \u2013 pod opiek\u0105 p. E. Gr\u0119dy<\/p>\n","protected":false},"excerpt":{"rendered":"<p>&nbsp; Za: S. Maliszewska J. Frankiewicz D. Jonc &#8211; Paszkiewicz Lekcja klasa nauczyciel zast\u0119puj\u0105cy klasa nauczyciel zast\u0119puj\u0105cy klasa nauczyciel zast\u0119puj\u0105cy 1 &nbsp; &nbsp; 2c ca\u0142o\u015b\u0107 biologia M. Zaj\u0105czkowska s.214 &nbsp; &nbsp; 2 &nbsp; &nbsp; 2c ca\u0142o\u015b\u0107 chemia M. Zaj\u0105czkowska s.214 &nbsp; &nbsp; 3 1f M. Piotrkowska &#8211; Da\u0144kowska za 1 lekcj\u0119 s.03 &nbsp; 1c A. [&hellip;]<\/p>\n","protected":false},"author":2,"featured_media":0,"comment_status":"open","ping_status":"open","sticky":false,"template":"","format":"standard","meta":{"ngg_post_thumbnail":0,"footnotes":""},"categories":[6],"tags":[],"class_list":["post-3158","post","type-post","status-publish","format-standard","hentry","category-zastepstwa"],"yoast_head":"<!-- This site is optimized with the Yoast SEO plugin v19.4 - https:\/\/yoast.com\/wordpress\/plugins\/seo\/ -->\n<title>11 grudnia 2018r. (wtorek) - II Liceum Og\u00f3lnokszta\u0142c\u0105ce w Lubinie<\/title>\n<meta name=\"robots\" content=\"index, follow, max-snippet:-1, max-image-preview:large, max-video-preview:-1\" \/>\n<link rel=\"canonical\" href=\"https:\/\/2liceum.eu\/index.php\/2018\/12\/10\/11-grudnia-2018r-wtorek\/\" \/>\n<meta property=\"og:locale\" content=\"pl_PL\" \/>\n<meta property=\"og:type\" content=\"article\" \/>\n<meta property=\"og:title\" content=\"11 grudnia 2018r. (wtorek) - II Liceum Og\u00f3lnokszta\u0142c\u0105ce w Lubinie\" \/>\n<meta property=\"og:description\" content=\"&nbsp; Za: S. Maliszewska J. Frankiewicz D. Jonc &#8211; Paszkiewicz Lekcja klasa nauczyciel zast\u0119puj\u0105cy klasa nauczyciel zast\u0119puj\u0105cy klasa nauczyciel zast\u0119puj\u0105cy 1 &nbsp; &nbsp; 2c ca\u0142o\u015b\u0107 biologia M. Zaj\u0105czkowska s.214 &nbsp; &nbsp; 2 &nbsp; &nbsp; 2c ca\u0142o\u015b\u0107 chemia M. Zaj\u0105czkowska s.214 &nbsp; &nbsp; 3 1f M. Piotrkowska &#8211; Da\u0144kowska za 1 lekcj\u0119 s.03 &nbsp; 1c A. [&hellip;]\" \/>\n<meta property=\"og:url\" content=\"https:\/\/2liceum.eu\/index.php\/2018\/12\/10\/11-grudnia-2018r-wtorek\/\" \/>\n<meta property=\"og:site_name\" content=\"II Liceum Og\u00f3lnokszta\u0142c\u0105ce w Lubinie\" \/>\n<meta property=\"article:publisher\" content=\"https:\/\/web.facebook.com\/IILOLubin\/\" \/>\n<meta property=\"article:published_time\" content=\"2018-12-10T13:32:50+00:00\" \/>\n<meta name=\"author\" content=\"Adam Dragan\" \/>\n<meta name=\"twitter:card\" content=\"summary_large_image\" \/>\n<meta name=\"twitter:label1\" content=\"Napisane przez\" \/>\n\t<meta name=\"twitter:data1\" content=\"Adam Dragan\" \/>\n\t<meta name=\"twitter:label2\" content=\"Szacowany czas czytania\" \/>\n\t<meta name=\"twitter:data2\" content=\"2 minuty\" \/>\n<script type=\"application\/ld+json\" class=\"yoast-schema-graph\">{\"@context\":\"https:\/\/schema.org\",\"@graph\":[{\"@type\":\"Organization\",\"@id\":\"https:\/\/2liceum.eu\/#organization\",\"name\":\"II Liceum Og\u00f3lnokszta\u0142c\u0105ce w Lubinie\",\"url\":\"https:\/\/2liceum.eu\/\",\"sameAs\":[\"http:\/\/2lolubin\",\"https:\/\/www.youtube.com\/channel\/UCWjEMxRJYdfvxPhVOn-8g_g\",\"https:\/\/web.facebook.com\/IILOLubin\/\"],\"logo\":{\"@type\":\"ImageObject\",\"inLanguage\":\"pl-PL\",\"@id\":\"https:\/\/2liceum.eu\/#\/schema\/logo\/image\/\",\"url\":\"https:\/\/2liceum.eu\/wp-content\/uploads\/2018\/01\/pobrane.jpg\",\"contentUrl\":\"https:\/\/2liceum.eu\/wp-content\/uploads\/2018\/01\/pobrane.jpg\",\"width\":184,\"height\":183,\"caption\":\"II Liceum Og\u00f3lnokszta\u0142c\u0105ce w Lubinie\"},\"image\":{\"@id\":\"https:\/\/2liceum.eu\/#\/schema\/logo\/image\/\"}},{\"@type\":\"WebSite\",\"@id\":\"https:\/\/2liceum.eu\/#website\",\"url\":\"https:\/\/2liceum.eu\/\",\"name\":\"II Liceum Og\u00f3lnokszta\u0142c\u0105ce w Lubinie\",\"description\":\"Oficjalny portal II LO w Lubinie. Informacje o szkole, kadrze, zaj\u0119ciach dydaktycznych, ko\u0142ach zainteresowa\u0144, wolontariacie. Aktualno\u015bci. Galeria zdj\u0119\u0107.\",\"publisher\":{\"@id\":\"https:\/\/2liceum.eu\/#organization\"},\"potentialAction\":[{\"@type\":\"SearchAction\",\"target\":{\"@type\":\"EntryPoint\",\"urlTemplate\":\"https:\/\/2liceum.eu\/?s={search_term_string}\"},\"query-input\":\"required name=search_term_string\"}],\"inLanguage\":\"pl-PL\"},{\"@type\":\"WebPage\",\"@id\":\"https:\/\/2liceum.eu\/index.php\/2018\/12\/10\/11-grudnia-2018r-wtorek\/\",\"url\":\"https:\/\/2liceum.eu\/index.php\/2018\/12\/10\/11-grudnia-2018r-wtorek\/\",\"name\":\"11 grudnia 2018r. (wtorek) - II Liceum Og\u00f3lnokszta\u0142c\u0105ce w Lubinie\",\"isPartOf\":{\"@id\":\"https:\/\/2liceum.eu\/#website\"},\"datePublished\":\"2018-12-10T13:32:50+00:00\",\"dateModified\":\"2018-12-10T13:32:50+00:00\",\"breadcrumb\":{\"@id\":\"https:\/\/2liceum.eu\/index.php\/2018\/12\/10\/11-grudnia-2018r-wtorek\/#breadcrumb\"},\"inLanguage\":\"pl-PL\",\"potentialAction\":[{\"@type\":\"ReadAction\",\"target\":[\"https:\/\/2liceum.eu\/index.php\/2018\/12\/10\/11-grudnia-2018r-wtorek\/\"]}]},{\"@type\":\"BreadcrumbList\",\"@id\":\"https:\/\/2liceum.eu\/index.php\/2018\/12\/10\/11-grudnia-2018r-wtorek\/#breadcrumb\",\"itemListElement\":[{\"@type\":\"ListItem\",\"position\":1,\"name\":\"Strona g\u0142\u00f3wna\",\"item\":\"https:\/\/2liceum.eu\/\"},{\"@type\":\"ListItem\",\"position\":2,\"name\":\"11 grudnia 2018r. (wtorek)\"}]},{\"@type\":\"Article\",\"@id\":\"https:\/\/2liceum.eu\/index.php\/2018\/12\/10\/11-grudnia-2018r-wtorek\/#article\",\"isPartOf\":{\"@id\":\"https:\/\/2liceum.eu\/index.php\/2018\/12\/10\/11-grudnia-2018r-wtorek\/\"},\"author\":{\"name\":\"Adam Dragan\",\"@id\":\"https:\/\/2liceum.eu\/#\/schema\/person\/1a52557bfdaf047be954a8b190648da5\"},\"headline\":\"11 grudnia 2018r. (wtorek)\",\"datePublished\":\"2018-12-10T13:32:50+00:00\",\"dateModified\":\"2018-12-10T13:32:50+00:00\",\"mainEntityOfPage\":{\"@id\":\"https:\/\/2liceum.eu\/index.php\/2018\/12\/10\/11-grudnia-2018r-wtorek\/\"},\"wordCount\":334,\"commentCount\":0,\"publisher\":{\"@id\":\"https:\/\/2liceum.eu\/#organization\"},\"articleSection\":[\"Zast\u0119pstwa\"],\"inLanguage\":\"pl-PL\",\"potentialAction\":[{\"@type\":\"CommentAction\",\"name\":\"Comment\",\"target\":[\"https:\/\/2liceum.eu\/index.php\/2018\/12\/10\/11-grudnia-2018r-wtorek\/#respond\"]}]},{\"@type\":\"Person\",\"@id\":\"https:\/\/2liceum.eu\/#\/schema\/person\/1a52557bfdaf047be954a8b190648da5\",\"name\":\"Adam Dragan\",\"image\":{\"@type\":\"ImageObject\",\"inLanguage\":\"pl-PL\",\"@id\":\"https:\/\/2liceum.eu\/#\/schema\/person\/image\/\",\"url\":\"https:\/\/secure.gravatar.com\/avatar\/3a2bee53698f47ac117505a8a054d1e47e9ee9593c4c77dc18374aa80472d80c?s=96&d=mm&r=g\",\"contentUrl\":\"https:\/\/secure.gravatar.com\/avatar\/3a2bee53698f47ac117505a8a054d1e47e9ee9593c4c77dc18374aa80472d80c?s=96&d=mm&r=g\",\"caption\":\"Adam Dragan\"},\"sameAs\":[\"http:\/\/2liceum.eu\"]}]}<\/script>\n<!-- \/ Yoast SEO plugin. -->","yoast_head_json":{"title":"11 grudnia 2018r. (wtorek) - II Liceum Og\u00f3lnokszta\u0142c\u0105ce w Lubinie","robots":{"index":"index","follow":"follow","max-snippet":"max-snippet:-1","max-image-preview":"max-image-preview:large","max-video-preview":"max-video-preview:-1"},"canonical":"https:\/\/2liceum.eu\/index.php\/2018\/12\/10\/11-grudnia-2018r-wtorek\/","og_locale":"pl_PL","og_type":"article","og_title":"11 grudnia 2018r. (wtorek) - II Liceum Og\u00f3lnokszta\u0142c\u0105ce w Lubinie","og_description":"&nbsp; Za: S. Maliszewska J. Frankiewicz D. Jonc &#8211; Paszkiewicz Lekcja klasa nauczyciel zast\u0119puj\u0105cy klasa nauczyciel zast\u0119puj\u0105cy klasa nauczyciel zast\u0119puj\u0105cy 1 &nbsp; &nbsp; 2c ca\u0142o\u015b\u0107 biologia M. Zaj\u0105czkowska s.214 &nbsp; &nbsp; 2 &nbsp; &nbsp; 2c ca\u0142o\u015b\u0107 chemia M. Zaj\u0105czkowska s.214 &nbsp; &nbsp; 3 1f M. Piotrkowska &#8211; Da\u0144kowska za 1 lekcj\u0119 s.03 &nbsp; 1c A. [&hellip;]","og_url":"https:\/\/2liceum.eu\/index.php\/2018\/12\/10\/11-grudnia-2018r-wtorek\/","og_site_name":"II Liceum Og\u00f3lnokszta\u0142c\u0105ce w Lubinie","article_publisher":"https:\/\/web.facebook.com\/IILOLubin\/","article_published_time":"2018-12-10T13:32:50+00:00","author":"Adam Dragan","twitter_card":"summary_large_image","twitter_misc":{"Napisane przez":"Adam Dragan","Szacowany czas czytania":"2 minuty"},"schema":{"@context":"https:\/\/schema.org","@graph":[{"@type":"Organization","@id":"https:\/\/2liceum.eu\/#organization","name":"II Liceum Og\u00f3lnokszta\u0142c\u0105ce w Lubinie","url":"https:\/\/2liceum.eu\/","sameAs":["http:\/\/2lolubin","https:\/\/www.youtube.com\/channel\/UCWjEMxRJYdfvxPhVOn-8g_g","https:\/\/web.facebook.com\/IILOLubin\/"],"logo":{"@type":"ImageObject","inLanguage":"pl-PL","@id":"https:\/\/2liceum.eu\/#\/schema\/logo\/image\/","url":"https:\/\/2liceum.eu\/wp-content\/uploads\/2018\/01\/pobrane.jpg","contentUrl":"https:\/\/2liceum.eu\/wp-content\/uploads\/2018\/01\/pobrane.jpg","width":184,"height":183,"caption":"II Liceum Og\u00f3lnokszta\u0142c\u0105ce w Lubinie"},"image":{"@id":"https:\/\/2liceum.eu\/#\/schema\/logo\/image\/"}},{"@type":"WebSite","@id":"https:\/\/2liceum.eu\/#website","url":"https:\/\/2liceum.eu\/","name":"II Liceum Og\u00f3lnokszta\u0142c\u0105ce w Lubinie","description":"Oficjalny portal II LO w Lubinie. Informacje o szkole, kadrze, zaj\u0119ciach dydaktycznych, ko\u0142ach zainteresowa\u0144, wolontariacie. Aktualno\u015bci. Galeria zdj\u0119\u0107.","publisher":{"@id":"https:\/\/2liceum.eu\/#organization"},"potentialAction":[{"@type":"SearchAction","target":{"@type":"EntryPoint","urlTemplate":"https:\/\/2liceum.eu\/?s={search_term_string}"},"query-input":"required name=search_term_string"}],"inLanguage":"pl-PL"},{"@type":"WebPage","@id":"https:\/\/2liceum.eu\/index.php\/2018\/12\/10\/11-grudnia-2018r-wtorek\/","url":"https:\/\/2liceum.eu\/index.php\/2018\/12\/10\/11-grudnia-2018r-wtorek\/","name":"11 grudnia 2018r. (wtorek) - II Liceum Og\u00f3lnokszta\u0142c\u0105ce w Lubinie","isPartOf":{"@id":"https:\/\/2liceum.eu\/#website"},"datePublished":"2018-12-10T13:32:50+00:00","dateModified":"2018-12-10T13:32:50+00:00","breadcrumb":{"@id":"https:\/\/2liceum.eu\/index.php\/2018\/12\/10\/11-grudnia-2018r-wtorek\/#breadcrumb"},"inLanguage":"pl-PL","potentialAction":[{"@type":"ReadAction","target":["https:\/\/2liceum.eu\/index.php\/2018\/12\/10\/11-grudnia-2018r-wtorek\/"]}]},{"@type":"BreadcrumbList","@id":"https:\/\/2liceum.eu\/index.php\/2018\/12\/10\/11-grudnia-2018r-wtorek\/#breadcrumb","itemListElement":[{"@type":"ListItem","position":1,"name":"Strona g\u0142\u00f3wna","item":"https:\/\/2liceum.eu\/"},{"@type":"ListItem","position":2,"name":"11 grudnia 2018r. (wtorek)"}]},{"@type":"Article","@id":"https:\/\/2liceum.eu\/index.php\/2018\/12\/10\/11-grudnia-2018r-wtorek\/#article","isPartOf":{"@id":"https:\/\/2liceum.eu\/index.php\/2018\/12\/10\/11-grudnia-2018r-wtorek\/"},"author":{"name":"Adam Dragan","@id":"https:\/\/2liceum.eu\/#\/schema\/person\/1a52557bfdaf047be954a8b190648da5"},"headline":"11 grudnia 2018r. (wtorek)","datePublished":"2018-12-10T13:32:50+00:00","dateModified":"2018-12-10T13:32:50+00:00","mainEntityOfPage":{"@id":"https:\/\/2liceum.eu\/index.php\/2018\/12\/10\/11-grudnia-2018r-wtorek\/"},"wordCount":334,"commentCount":0,"publisher":{"@id":"https:\/\/2liceum.eu\/#organization"},"articleSection":["Zast\u0119pstwa"],"inLanguage":"pl-PL","potentialAction":[{"@type":"CommentAction","name":"Comment","target":["https:\/\/2liceum.eu\/index.php\/2018\/12\/10\/11-grudnia-2018r-wtorek\/#respond"]}]},{"@type":"Person","@id":"https:\/\/2liceum.eu\/#\/schema\/person\/1a52557bfdaf047be954a8b190648da5","name":"Adam Dragan","image":{"@type":"ImageObject","inLanguage":"pl-PL","@id":"https:\/\/2liceum.eu\/#\/schema\/person\/image\/","url":"https:\/\/secure.gravatar.com\/avatar\/3a2bee53698f47ac117505a8a054d1e47e9ee9593c4c77dc18374aa80472d80c?s=96&d=mm&r=g","contentUrl":"https:\/\/secure.gravatar.com\/avatar\/3a2bee53698f47ac117505a8a054d1e47e9ee9593c4c77dc18374aa80472d80c?s=96&d=mm&r=g","caption":"Adam Dragan"},"sameAs":["http:\/\/2liceum.eu"]}]}},"_links":{"self":[{"href":"https:\/\/2liceum.eu\/index.php\/wp-json\/wp\/v2\/posts\/3158","targetHints":{"allow":["GET"]}}],"collection":[{"href":"https:\/\/2liceum.eu\/index.php\/wp-json\/wp\/v2\/posts"}],"about":[{"href":"https:\/\/2liceum.eu\/index.php\/wp-json\/wp\/v2\/types\/post"}],"author":[{"embeddable":true,"href":"https:\/\/2liceum.eu\/index.php\/wp-json\/wp\/v2\/users\/2"}],"replies":[{"embeddable":true,"href":"https:\/\/2liceum.eu\/index.php\/wp-json\/wp\/v2\/comments?post=3158"}],"version-history":[{"count":1,"href":"https:\/\/2liceum.eu\/index.php\/wp-json\/wp\/v2\/posts\/3158\/revisions"}],"predecessor-version":[{"id":3159,"href":"https:\/\/2liceum.eu\/index.php\/wp-json\/wp\/v2\/posts\/3158\/revisions\/3159"}],"wp:attachment":[{"href":"https:\/\/2liceum.eu\/index.php\/wp-json\/wp\/v2\/media?parent=3158"}],"wp:term":[{"taxonomy":"category","embeddable":true,"href":"https:\/\/2liceum.eu\/index.php\/wp-json\/wp\/v2\/categories?post=3158"},{"taxonomy":"post_tag","embeddable":true,"href":"https:\/\/2liceum.eu\/index.php\/wp-json\/wp\/v2\/tags?post=3158"}],"curies":[{"name":"wp","href":"https:\/\/api.w.org\/{rel}","templated":true}]}}