{"id":3202,"date":"2018-12-27T10:07:23","date_gmt":"2018-12-27T09:07:23","guid":{"rendered":"https:\/\/2liceum.eu\/?p=3202"},"modified":"2018-12-27T10:08:27","modified_gmt":"2018-12-27T09:08:27","slug":"3202","status":"publish","type":"post","link":"https:\/\/2liceum.eu\/index.php\/2018\/12\/27\/3202\/","title":{"rendered":"Z przykro\u015bci\u0105 zawiadamiamy&#8230;"},"content":{"rendered":"<div style=\"text-align: center;\"><img loading=\"lazy\" decoding=\"async\" class=\"alignnone size-full wp-image-3203\" src=\"https:\/\/2liceum.eu\/wp-content\/uploads\/2018\/12\/pobrane.jpg\" alt=\"\" width=\"772\" height=\"564\" srcset=\"https:\/\/2liceum.eu\/wp-content\/uploads\/2018\/12\/pobrane.jpg 772w, https:\/\/2liceum.eu\/wp-content\/uploads\/2018\/12\/pobrane-300x219.jpg 300w, https:\/\/2liceum.eu\/wp-content\/uploads\/2018\/12\/pobrane-768x561.jpg 768w\" sizes=\"auto, (max-width: 772px) 100vw, 772px\" \/><\/div>\n<div>&nbsp;<\/div>\n<div style=\"text-align: justify;\"><strong>Z wielkim smutkiem i g\u0142\u0119bokim \u017calem przyj\u0119li\u015bmy wiadomo\u015b\u0107 o \u015bmierci majora ZYGMUNTA P\u0118KA\u0141Y ps. \u201e\u015aMIA\u0141Y\u201d,\u201eSMUK\u0141Y\u201d, \u017co\u0142nierza Armii Krajowej oraz Zrzeszenia Wolno\u015b\u0107 i Niezawis\u0142o\u015b\u0107.<\/strong><\/div>\n<div style=\"text-align: justify;\">&nbsp;<\/div>\n<div style=\"text-align: justify;\">Odszed\u0142 od nas wspania\u0142y i \u017cyczliwy cz\u0142owiek, wielki patriota, przyjaciel II Liceum Og\u00f3lnokszta\u0142c\u0105cego w Lubinie.<\/div>\n<div style=\"text-align: justify;\">&nbsp;<\/div>\n<div style=\"text-align: justify;\">W imieniu II Liceum Og\u00f3lnokszta\u0142c\u0105cego w Lubinie sk\u0142adamy g\u0142\u0119bokie wyrazy wsp\u00f3\u0142czucia Rodzinie i Bliskim.<\/div>\n<div style=\"text-align: justify;\">&nbsp;<\/div>\n<div style=\"text-align: right;\">Spo\u0142eczno\u015b\u0107 szkolna<\/div>\n<div style=\"text-align: right;\">II Liceum Og\u00f3lnokszta\u0142c\u0105cego w Lubinie.<\/div>\n<div>&nbsp;<\/div>\n<div>&nbsp;<\/div>\n","protected":false},"excerpt":{"rendered":"<p>&nbsp; Z wielkim smutkiem i g\u0142\u0119bokim \u017calem przyj\u0119li\u015bmy wiadomo\u015b\u0107 o \u015bmierci majora ZYGMUNTA P\u0118KA\u0141Y ps. \u201e\u015aMIA\u0141Y\u201d,\u201eSMUK\u0141Y\u201d, \u017co\u0142nierza Armii Krajowej oraz Zrzeszenia Wolno\u015b\u0107 i Niezawis\u0142o\u015b\u0107. &nbsp; Odszed\u0142 od nas wspania\u0142y i \u017cyczliwy cz\u0142owiek, wielki patriota, przyjaciel II Liceum Og\u00f3lnokszta\u0142c\u0105cego w Lubinie. &nbsp; W imieniu II Liceum Og\u00f3lnokszta\u0142c\u0105cego w Lubinie sk\u0142adamy g\u0142\u0119bokie wyrazy wsp\u00f3\u0142czucia Rodzinie i Bliskim. [&hellip;]<\/p>\n","protected":false},"author":2,"featured_media":0,"comment_status":"open","ping_status":"open","sticky":false,"template":"","format":"standard","meta":{"ngg_post_thumbnail":0,"footnotes":""},"categories":[1],"tags":[],"class_list":["post-3202","post","type-post","status-publish","format-standard","hentry","category-aktualnosci"],"yoast_head":"<!-- This site is optimized with the Yoast SEO plugin v19.4 - https:\/\/yoast.com\/wordpress\/plugins\/seo\/ -->\n<title>Z przykro\u015bci\u0105 zawiadamiamy... - II Liceum Og\u00f3lnokszta\u0142c\u0105ce w Lubinie<\/title>\n<meta name=\"robots\" content=\"index, follow, max-snippet:-1, max-image-preview:large, max-video-preview:-1\" \/>\n<link rel=\"canonical\" href=\"https:\/\/2liceum.eu\/index.php\/2018\/12\/27\/3202\/\" \/>\n<meta property=\"og:locale\" content=\"pl_PL\" \/>\n<meta property=\"og:type\" content=\"article\" \/>\n<meta property=\"og:title\" content=\"Z przykro\u015bci\u0105 zawiadamiamy... - II Liceum Og\u00f3lnokszta\u0142c\u0105ce w Lubinie\" \/>\n<meta property=\"og:description\" content=\"&nbsp; Z wielkim smutkiem i g\u0142\u0119bokim \u017calem przyj\u0119li\u015bmy wiadomo\u015b\u0107 o \u015bmierci majora ZYGMUNTA P\u0118KA\u0141Y ps. \u201e\u015aMIA\u0141Y\u201d,\u201eSMUK\u0141Y\u201d, \u017co\u0142nierza Armii Krajowej oraz Zrzeszenia Wolno\u015b\u0107 i Niezawis\u0142o\u015b\u0107. &nbsp; Odszed\u0142 od nas wspania\u0142y i \u017cyczliwy cz\u0142owiek, wielki patriota, przyjaciel II Liceum Og\u00f3lnokszta\u0142c\u0105cego w Lubinie. &nbsp; W imieniu II Liceum Og\u00f3lnokszta\u0142c\u0105cego w Lubinie sk\u0142adamy g\u0142\u0119bokie wyrazy wsp\u00f3\u0142czucia Rodzinie i Bliskim. [&hellip;]\" \/>\n<meta property=\"og:url\" content=\"https:\/\/2liceum.eu\/index.php\/2018\/12\/27\/3202\/\" \/>\n<meta property=\"og:site_name\" content=\"II Liceum Og\u00f3lnokszta\u0142c\u0105ce w Lubinie\" \/>\n<meta property=\"article:publisher\" content=\"https:\/\/web.facebook.com\/IILOLubin\/\" \/>\n<meta property=\"article:published_time\" content=\"2018-12-27T09:07:23+00:00\" \/>\n<meta property=\"article:modified_time\" content=\"2018-12-27T09:08:27+00:00\" \/>\n<meta property=\"og:image\" content=\"https:\/\/2liceum.eu\/wp-content\/uploads\/2018\/12\/pobrane.jpg\" \/>\n<meta name=\"author\" content=\"Adam Dragan\" \/>\n<meta name=\"twitter:card\" content=\"summary_large_image\" \/>\n<meta name=\"twitter:label1\" content=\"Napisane przez\" \/>\n\t<meta name=\"twitter:data1\" content=\"Adam Dragan\" \/>\n<script type=\"application\/ld+json\" class=\"yoast-schema-graph\">{\"@context\":\"https:\/\/schema.org\",\"@graph\":[{\"@type\":\"Organization\",\"@id\":\"https:\/\/2liceum.eu\/#organization\",\"name\":\"II Liceum Og\u00f3lnokszta\u0142c\u0105ce w Lubinie\",\"url\":\"https:\/\/2liceum.eu\/\",\"sameAs\":[\"http:\/\/2lolubin\",\"https:\/\/www.youtube.com\/channel\/UCWjEMxRJYdfvxPhVOn-8g_g\",\"https:\/\/web.facebook.com\/IILOLubin\/\"],\"logo\":{\"@type\":\"ImageObject\",\"inLanguage\":\"pl-PL\",\"@id\":\"https:\/\/2liceum.eu\/#\/schema\/logo\/image\/\",\"url\":\"https:\/\/2liceum.eu\/wp-content\/uploads\/2018\/01\/pobrane.jpg\",\"contentUrl\":\"https:\/\/2liceum.eu\/wp-content\/uploads\/2018\/01\/pobrane.jpg\",\"width\":184,\"height\":183,\"caption\":\"II Liceum Og\u00f3lnokszta\u0142c\u0105ce w Lubinie\"},\"image\":{\"@id\":\"https:\/\/2liceum.eu\/#\/schema\/logo\/image\/\"}},{\"@type\":\"WebSite\",\"@id\":\"https:\/\/2liceum.eu\/#website\",\"url\":\"https:\/\/2liceum.eu\/\",\"name\":\"II Liceum Og\u00f3lnokszta\u0142c\u0105ce w Lubinie\",\"description\":\"Oficjalny portal II LO w Lubinie. Informacje o szkole, kadrze, zaj\u0119ciach dydaktycznych, ko\u0142ach zainteresowa\u0144, wolontariacie. Aktualno\u015bci. Galeria zdj\u0119\u0107.\",\"publisher\":{\"@id\":\"https:\/\/2liceum.eu\/#organization\"},\"potentialAction\":[{\"@type\":\"SearchAction\",\"target\":{\"@type\":\"EntryPoint\",\"urlTemplate\":\"https:\/\/2liceum.eu\/?s={search_term_string}\"},\"query-input\":\"required name=search_term_string\"}],\"inLanguage\":\"pl-PL\"},{\"@type\":\"WebPage\",\"@id\":\"https:\/\/2liceum.eu\/index.php\/2018\/12\/27\/3202\/\",\"url\":\"https:\/\/2liceum.eu\/index.php\/2018\/12\/27\/3202\/\",\"name\":\"Z przykro\u015bci\u0105 zawiadamiamy... - II Liceum Og\u00f3lnokszta\u0142c\u0105ce w Lubinie\",\"isPartOf\":{\"@id\":\"https:\/\/2liceum.eu\/#website\"},\"datePublished\":\"2018-12-27T09:07:23+00:00\",\"dateModified\":\"2018-12-27T09:08:27+00:00\",\"breadcrumb\":{\"@id\":\"https:\/\/2liceum.eu\/index.php\/2018\/12\/27\/3202\/#breadcrumb\"},\"inLanguage\":\"pl-PL\",\"potentialAction\":[{\"@type\":\"ReadAction\",\"target\":[\"https:\/\/2liceum.eu\/index.php\/2018\/12\/27\/3202\/\"]}]},{\"@type\":\"BreadcrumbList\",\"@id\":\"https:\/\/2liceum.eu\/index.php\/2018\/12\/27\/3202\/#breadcrumb\",\"itemListElement\":[{\"@type\":\"ListItem\",\"position\":1,\"name\":\"Strona g\u0142\u00f3wna\",\"item\":\"https:\/\/2liceum.eu\/\"},{\"@type\":\"ListItem\",\"position\":2,\"name\":\"Z&nbsp;przykro\u015bci\u0105 zawiadamiamy&#8230;\"}]},{\"@type\":\"Article\",\"@id\":\"https:\/\/2liceum.eu\/index.php\/2018\/12\/27\/3202\/#article\",\"isPartOf\":{\"@id\":\"https:\/\/2liceum.eu\/index.php\/2018\/12\/27\/3202\/\"},\"author\":{\"name\":\"Adam Dragan\",\"@id\":\"https:\/\/2liceum.eu\/#\/schema\/person\/1a52557bfdaf047be954a8b190648da5\"},\"headline\":\"Z przykro\u015bci\u0105 zawiadamiamy&#8230;\",\"datePublished\":\"2018-12-27T09:07:23+00:00\",\"dateModified\":\"2018-12-27T09:08:27+00:00\",\"mainEntityOfPage\":{\"@id\":\"https:\/\/2liceum.eu\/index.php\/2018\/12\/27\/3202\/\"},\"wordCount\":94,\"commentCount\":0,\"publisher\":{\"@id\":\"https:\/\/2liceum.eu\/#organization\"},\"articleSection\":[\"Aktualno\u015bci\"],\"inLanguage\":\"pl-PL\",\"potentialAction\":[{\"@type\":\"CommentAction\",\"name\":\"Comment\",\"target\":[\"https:\/\/2liceum.eu\/index.php\/2018\/12\/27\/3202\/#respond\"]}]},{\"@type\":\"Person\",\"@id\":\"https:\/\/2liceum.eu\/#\/schema\/person\/1a52557bfdaf047be954a8b190648da5\",\"name\":\"Adam Dragan\",\"image\":{\"@type\":\"ImageObject\",\"inLanguage\":\"pl-PL\",\"@id\":\"https:\/\/2liceum.eu\/#\/schema\/person\/image\/\",\"url\":\"https:\/\/secure.gravatar.com\/avatar\/3a2bee53698f47ac117505a8a054d1e47e9ee9593c4c77dc18374aa80472d80c?s=96&d=mm&r=g\",\"contentUrl\":\"https:\/\/secure.gravatar.com\/avatar\/3a2bee53698f47ac117505a8a054d1e47e9ee9593c4c77dc18374aa80472d80c?s=96&d=mm&r=g\",\"caption\":\"Adam Dragan\"},\"sameAs\":[\"http:\/\/2liceum.eu\"]}]}<\/script>\n<!-- \/ Yoast SEO plugin. -->","yoast_head_json":{"title":"Z przykro\u015bci\u0105 zawiadamiamy... - II Liceum Og\u00f3lnokszta\u0142c\u0105ce w Lubinie","robots":{"index":"index","follow":"follow","max-snippet":"max-snippet:-1","max-image-preview":"max-image-preview:large","max-video-preview":"max-video-preview:-1"},"canonical":"https:\/\/2liceum.eu\/index.php\/2018\/12\/27\/3202\/","og_locale":"pl_PL","og_type":"article","og_title":"Z przykro\u015bci\u0105 zawiadamiamy... - II Liceum Og\u00f3lnokszta\u0142c\u0105ce w Lubinie","og_description":"&nbsp; Z wielkim smutkiem i g\u0142\u0119bokim \u017calem przyj\u0119li\u015bmy wiadomo\u015b\u0107 o \u015bmierci majora ZYGMUNTA P\u0118KA\u0141Y ps. \u201e\u015aMIA\u0141Y\u201d,\u201eSMUK\u0141Y\u201d, \u017co\u0142nierza Armii Krajowej oraz Zrzeszenia Wolno\u015b\u0107 i Niezawis\u0142o\u015b\u0107. &nbsp; Odszed\u0142 od nas wspania\u0142y i \u017cyczliwy cz\u0142owiek, wielki patriota, przyjaciel II Liceum Og\u00f3lnokszta\u0142c\u0105cego w Lubinie. &nbsp; W imieniu II Liceum Og\u00f3lnokszta\u0142c\u0105cego w Lubinie sk\u0142adamy g\u0142\u0119bokie wyrazy wsp\u00f3\u0142czucia Rodzinie i Bliskim. [&hellip;]","og_url":"https:\/\/2liceum.eu\/index.php\/2018\/12\/27\/3202\/","og_site_name":"II Liceum Og\u00f3lnokszta\u0142c\u0105ce w Lubinie","article_publisher":"https:\/\/web.facebook.com\/IILOLubin\/","article_published_time":"2018-12-27T09:07:23+00:00","article_modified_time":"2018-12-27T09:08:27+00:00","og_image":[{"url":"https:\/\/2liceum.eu\/wp-content\/uploads\/2018\/12\/pobrane.jpg"}],"author":"Adam Dragan","twitter_card":"summary_large_image","twitter_misc":{"Napisane przez":"Adam Dragan"},"schema":{"@context":"https:\/\/schema.org","@graph":[{"@type":"Organization","@id":"https:\/\/2liceum.eu\/#organization","name":"II Liceum Og\u00f3lnokszta\u0142c\u0105ce w Lubinie","url":"https:\/\/2liceum.eu\/","sameAs":["http:\/\/2lolubin","https:\/\/www.youtube.com\/channel\/UCWjEMxRJYdfvxPhVOn-8g_g","https:\/\/web.facebook.com\/IILOLubin\/"],"logo":{"@type":"ImageObject","inLanguage":"pl-PL","@id":"https:\/\/2liceum.eu\/#\/schema\/logo\/image\/","url":"https:\/\/2liceum.eu\/wp-content\/uploads\/2018\/01\/pobrane.jpg","contentUrl":"https:\/\/2liceum.eu\/wp-content\/uploads\/2018\/01\/pobrane.jpg","width":184,"height":183,"caption":"II Liceum Og\u00f3lnokszta\u0142c\u0105ce w Lubinie"},"image":{"@id":"https:\/\/2liceum.eu\/#\/schema\/logo\/image\/"}},{"@type":"WebSite","@id":"https:\/\/2liceum.eu\/#website","url":"https:\/\/2liceum.eu\/","name":"II Liceum Og\u00f3lnokszta\u0142c\u0105ce w Lubinie","description":"Oficjalny portal II LO w Lubinie. Informacje o szkole, kadrze, zaj\u0119ciach dydaktycznych, ko\u0142ach zainteresowa\u0144, wolontariacie. Aktualno\u015bci. Galeria zdj\u0119\u0107.","publisher":{"@id":"https:\/\/2liceum.eu\/#organization"},"potentialAction":[{"@type":"SearchAction","target":{"@type":"EntryPoint","urlTemplate":"https:\/\/2liceum.eu\/?s={search_term_string}"},"query-input":"required name=search_term_string"}],"inLanguage":"pl-PL"},{"@type":"WebPage","@id":"https:\/\/2liceum.eu\/index.php\/2018\/12\/27\/3202\/","url":"https:\/\/2liceum.eu\/index.php\/2018\/12\/27\/3202\/","name":"Z przykro\u015bci\u0105 zawiadamiamy... - II Liceum Og\u00f3lnokszta\u0142c\u0105ce w Lubinie","isPartOf":{"@id":"https:\/\/2liceum.eu\/#website"},"datePublished":"2018-12-27T09:07:23+00:00","dateModified":"2018-12-27T09:08:27+00:00","breadcrumb":{"@id":"https:\/\/2liceum.eu\/index.php\/2018\/12\/27\/3202\/#breadcrumb"},"inLanguage":"pl-PL","potentialAction":[{"@type":"ReadAction","target":["https:\/\/2liceum.eu\/index.php\/2018\/12\/27\/3202\/"]}]},{"@type":"BreadcrumbList","@id":"https:\/\/2liceum.eu\/index.php\/2018\/12\/27\/3202\/#breadcrumb","itemListElement":[{"@type":"ListItem","position":1,"name":"Strona g\u0142\u00f3wna","item":"https:\/\/2liceum.eu\/"},{"@type":"ListItem","position":2,"name":"Z&nbsp;przykro\u015bci\u0105 zawiadamiamy&#8230;"}]},{"@type":"Article","@id":"https:\/\/2liceum.eu\/index.php\/2018\/12\/27\/3202\/#article","isPartOf":{"@id":"https:\/\/2liceum.eu\/index.php\/2018\/12\/27\/3202\/"},"author":{"name":"Adam Dragan","@id":"https:\/\/2liceum.eu\/#\/schema\/person\/1a52557bfdaf047be954a8b190648da5"},"headline":"Z przykro\u015bci\u0105 zawiadamiamy&#8230;","datePublished":"2018-12-27T09:07:23+00:00","dateModified":"2018-12-27T09:08:27+00:00","mainEntityOfPage":{"@id":"https:\/\/2liceum.eu\/index.php\/2018\/12\/27\/3202\/"},"wordCount":94,"commentCount":0,"publisher":{"@id":"https:\/\/2liceum.eu\/#organization"},"articleSection":["Aktualno\u015bci"],"inLanguage":"pl-PL","potentialAction":[{"@type":"CommentAction","name":"Comment","target":["https:\/\/2liceum.eu\/index.php\/2018\/12\/27\/3202\/#respond"]}]},{"@type":"Person","@id":"https:\/\/2liceum.eu\/#\/schema\/person\/1a52557bfdaf047be954a8b190648da5","name":"Adam Dragan","image":{"@type":"ImageObject","inLanguage":"pl-PL","@id":"https:\/\/2liceum.eu\/#\/schema\/person\/image\/","url":"https:\/\/secure.gravatar.com\/avatar\/3a2bee53698f47ac117505a8a054d1e47e9ee9593c4c77dc18374aa80472d80c?s=96&d=mm&r=g","contentUrl":"https:\/\/secure.gravatar.com\/avatar\/3a2bee53698f47ac117505a8a054d1e47e9ee9593c4c77dc18374aa80472d80c?s=96&d=mm&r=g","caption":"Adam Dragan"},"sameAs":["http:\/\/2liceum.eu"]}]}},"_links":{"self":[{"href":"https:\/\/2liceum.eu\/index.php\/wp-json\/wp\/v2\/posts\/3202","targetHints":{"allow":["GET"]}}],"collection":[{"href":"https:\/\/2liceum.eu\/index.php\/wp-json\/wp\/v2\/posts"}],"about":[{"href":"https:\/\/2liceum.eu\/index.php\/wp-json\/wp\/v2\/types\/post"}],"author":[{"embeddable":true,"href":"https:\/\/2liceum.eu\/index.php\/wp-json\/wp\/v2\/users\/2"}],"replies":[{"embeddable":true,"href":"https:\/\/2liceum.eu\/index.php\/wp-json\/wp\/v2\/comments?post=3202"}],"version-history":[{"count":3,"href":"https:\/\/2liceum.eu\/index.php\/wp-json\/wp\/v2\/posts\/3202\/revisions"}],"predecessor-version":[{"id":3206,"href":"https:\/\/2liceum.eu\/index.php\/wp-json\/wp\/v2\/posts\/3202\/revisions\/3206"}],"wp:attachment":[{"href":"https:\/\/2liceum.eu\/index.php\/wp-json\/wp\/v2\/media?parent=3202"}],"wp:term":[{"taxonomy":"category","embeddable":true,"href":"https:\/\/2liceum.eu\/index.php\/wp-json\/wp\/v2\/categories?post=3202"},{"taxonomy":"post_tag","embeddable":true,"href":"https:\/\/2liceum.eu\/index.php\/wp-json\/wp\/v2\/tags?post=3202"}],"curies":[{"name":"wp","href":"https:\/\/api.w.org\/{rel}","templated":true}]}}