{"id":3272,"date":"2019-01-30T23:17:50","date_gmt":"2019-01-30T22:17:50","guid":{"rendered":"https:\/\/2liceum.eu\/?p=3272"},"modified":"2019-01-30T23:17:50","modified_gmt":"2019-01-30T22:17:50","slug":"i-znow-na-podium","status":"publish","type":"post","link":"https:\/\/2liceum.eu\/index.php\/2019\/01\/30\/i-znow-na-podium\/","title":{"rendered":"I zn\u00f3w na podium!!!"},"content":{"rendered":"<div id=\"js_hv\" class=\"_5pbx userContent _3576\" data-ft=\"{&quot;tn&quot;:&quot;K&quot;}\">\n<div id=\"id_5c5221e8cfab82780826284\" class=\"text_exposed_root text_exposed\">\n<p style=\"text-align: center;\"><img decoding=\"async\" src=\"https:\/\/z-p3-scontent-waw1-1.xx.fbcdn.net\/v\/t1.0-9\/50250741_2140031949386720_4865312126543069184_n.jpg?_nc_cat=106&#038;_nc_ht=z-p3-scontent-waw1-1.xx&#038;oh=1778da3c3705feeb41f057c68c3a95c0&#038;oe=5CEE266D\" alt=\"\" \/>&nbsp;<\/p>\n<p style=\"text-align: justify;\"><strong>W Mistrzostwach Powiatu w koszyk\u00f3wce dziewcz\u0105t<\/strong> wzi\u0119\u0142o udzia\u0142 6 szk\u00f3\u0142, kt\u00f3re rozstawione zosta\u0142y do dw\u00f3ch grup. <strong>Nasze dziewcz\u0119ta zagra\u0142y bardzo dobre zawody zajmuj\u0105c III m.<\/strong><\/p>\n<p><strong>Sk\u0142ad dru\u017cyny:<\/strong><span class=\"text_exposed_show\"><br \/>\n1. Hipner Weronika 3a<br \/>\n2. Kubatek Alicja 2b<br \/>\n3. Toporowska Dominika 2b<br \/>\n4. Kr\u00f3l Katarzyna 2b<br \/>\n5. Ku\u015bwik Anna 2c<br \/>\n6. Hojda Natalia 3c<br \/>\n7. Janowicz Katarzyna 2c<br \/>\n8. Worobel Karolina 1 f<\/span><\/p>\n<div class=\"text_exposed_show\">\n<p>Gratulujemy !!!<\/p>\n<\/div>\n<\/div>\n<\/div>\n<div class=\"_3x-2\" data-ft=\"{&quot;tn&quot;:&quot;H&quot;}\">\n<div data-ft=\"{&quot;tn&quot;:&quot;H&quot;}\">\n<div class=\"mtm\">\n<div class=\"_2a2q _65sr\">&nbsp;<\/div>\n<\/div>\n<\/div>\n<\/div>\n","protected":false},"excerpt":{"rendered":"<p>&nbsp; W Mistrzostwach Powiatu w koszyk\u00f3wce dziewcz\u0105t wzi\u0119\u0142o udzia\u0142 6 szk\u00f3\u0142, kt\u00f3re rozstawione zosta\u0142y do dw\u00f3ch grup. Nasze dziewcz\u0119ta zagra\u0142y bardzo dobre zawody zajmuj\u0105c III m. Sk\u0142ad dru\u017cyny: 1. Hipner Weronika 3a 2. Kubatek Alicja 2b 3. Toporowska Dominika 2b 4. Kr\u00f3l Katarzyna 2b 5. Ku\u015bwik Anna 2c 6. Hojda Natalia 3c 7. Janowicz Katarzyna [&hellip;]<\/p>\n","protected":false},"author":2,"featured_media":0,"comment_status":"open","ping_status":"open","sticky":false,"template":"","format":"standard","meta":{"ngg_post_thumbnail":0,"footnotes":""},"categories":[1,21],"tags":[],"class_list":["post-3272","post","type-post","status-publish","format-standard","hentry","category-aktualnosci","category-osiagniecia-sportowe-2018-2019"],"yoast_head":"<!-- This site is optimized with the Yoast SEO plugin v19.4 - https:\/\/yoast.com\/wordpress\/plugins\/seo\/ -->\n<title>I zn\u00f3w na podium!!! - II Liceum Og\u00f3lnokszta\u0142c\u0105ce w Lubinie<\/title>\n<meta name=\"robots\" content=\"index, follow, max-snippet:-1, max-image-preview:large, max-video-preview:-1\" \/>\n<link rel=\"canonical\" href=\"https:\/\/2liceum.eu\/index.php\/2019\/01\/30\/i-znow-na-podium\/\" \/>\n<meta property=\"og:locale\" content=\"pl_PL\" \/>\n<meta property=\"og:type\" content=\"article\" \/>\n<meta property=\"og:title\" content=\"I zn\u00f3w na podium!!! - II Liceum Og\u00f3lnokszta\u0142c\u0105ce w Lubinie\" \/>\n<meta property=\"og:description\" content=\"&nbsp; W Mistrzostwach Powiatu w koszyk\u00f3wce dziewcz\u0105t wzi\u0119\u0142o udzia\u0142 6 szk\u00f3\u0142, kt\u00f3re rozstawione zosta\u0142y do dw\u00f3ch grup. Nasze dziewcz\u0119ta zagra\u0142y bardzo dobre zawody zajmuj\u0105c III m. Sk\u0142ad dru\u017cyny: 1. Hipner Weronika 3a 2. Kubatek Alicja 2b 3. Toporowska Dominika 2b 4. Kr\u00f3l Katarzyna 2b 5. Ku\u015bwik Anna 2c 6. Hojda Natalia 3c 7. Janowicz Katarzyna [&hellip;]\" \/>\n<meta property=\"og:url\" content=\"https:\/\/2liceum.eu\/index.php\/2019\/01\/30\/i-znow-na-podium\/\" \/>\n<meta property=\"og:site_name\" content=\"II Liceum Og\u00f3lnokszta\u0142c\u0105ce w Lubinie\" \/>\n<meta property=\"article:publisher\" content=\"https:\/\/web.facebook.com\/IILOLubin\/\" \/>\n<meta property=\"article:published_time\" content=\"2019-01-30T22:17:50+00:00\" \/>\n<meta property=\"og:image\" content=\"https:\/\/z-p3-scontent-waw1-1.xx.fbcdn.net\/v\/t1.0-9\/50250741_2140031949386720_4865312126543069184_n.jpg?_nc_cat=106&_nc_ht=z-p3-scontent-waw1-1.xx&oh=1778da3c3705feeb41f057c68c3a95c0&oe=5CEE266D\" \/>\n<meta name=\"author\" content=\"Adam Dragan\" \/>\n<meta name=\"twitter:card\" content=\"summary_large_image\" \/>\n<meta name=\"twitter:label1\" content=\"Napisane przez\" \/>\n\t<meta name=\"twitter:data1\" content=\"Adam Dragan\" \/>\n<script type=\"application\/ld+json\" class=\"yoast-schema-graph\">{\"@context\":\"https:\/\/schema.org\",\"@graph\":[{\"@type\":\"Organization\",\"@id\":\"https:\/\/2liceum.eu\/#organization\",\"name\":\"II Liceum Og\u00f3lnokszta\u0142c\u0105ce w Lubinie\",\"url\":\"https:\/\/2liceum.eu\/\",\"sameAs\":[\"http:\/\/2lolubin\",\"https:\/\/www.youtube.com\/channel\/UCWjEMxRJYdfvxPhVOn-8g_g\",\"https:\/\/web.facebook.com\/IILOLubin\/\"],\"logo\":{\"@type\":\"ImageObject\",\"inLanguage\":\"pl-PL\",\"@id\":\"https:\/\/2liceum.eu\/#\/schema\/logo\/image\/\",\"url\":\"https:\/\/2liceum.eu\/wp-content\/uploads\/2018\/01\/pobrane.jpg\",\"contentUrl\":\"https:\/\/2liceum.eu\/wp-content\/uploads\/2018\/01\/pobrane.jpg\",\"width\":184,\"height\":183,\"caption\":\"II Liceum Og\u00f3lnokszta\u0142c\u0105ce w Lubinie\"},\"image\":{\"@id\":\"https:\/\/2liceum.eu\/#\/schema\/logo\/image\/\"}},{\"@type\":\"WebSite\",\"@id\":\"https:\/\/2liceum.eu\/#website\",\"url\":\"https:\/\/2liceum.eu\/\",\"name\":\"II Liceum Og\u00f3lnokszta\u0142c\u0105ce w Lubinie\",\"description\":\"Oficjalny portal II LO w Lubinie. Informacje o szkole, kadrze, zaj\u0119ciach dydaktycznych, ko\u0142ach zainteresowa\u0144, wolontariacie. Aktualno\u015bci. Galeria zdj\u0119\u0107.\",\"publisher\":{\"@id\":\"https:\/\/2liceum.eu\/#organization\"},\"potentialAction\":[{\"@type\":\"SearchAction\",\"target\":{\"@type\":\"EntryPoint\",\"urlTemplate\":\"https:\/\/2liceum.eu\/?s={search_term_string}\"},\"query-input\":\"required name=search_term_string\"}],\"inLanguage\":\"pl-PL\"},{\"@type\":\"WebPage\",\"@id\":\"https:\/\/2liceum.eu\/index.php\/2019\/01\/30\/i-znow-na-podium\/\",\"url\":\"https:\/\/2liceum.eu\/index.php\/2019\/01\/30\/i-znow-na-podium\/\",\"name\":\"I zn\u00f3w na podium!!! - II Liceum Og\u00f3lnokszta\u0142c\u0105ce w Lubinie\",\"isPartOf\":{\"@id\":\"https:\/\/2liceum.eu\/#website\"},\"datePublished\":\"2019-01-30T22:17:50+00:00\",\"dateModified\":\"2019-01-30T22:17:50+00:00\",\"breadcrumb\":{\"@id\":\"https:\/\/2liceum.eu\/index.php\/2019\/01\/30\/i-znow-na-podium\/#breadcrumb\"},\"inLanguage\":\"pl-PL\",\"potentialAction\":[{\"@type\":\"ReadAction\",\"target\":[\"https:\/\/2liceum.eu\/index.php\/2019\/01\/30\/i-znow-na-podium\/\"]}]},{\"@type\":\"BreadcrumbList\",\"@id\":\"https:\/\/2liceum.eu\/index.php\/2019\/01\/30\/i-znow-na-podium\/#breadcrumb\",\"itemListElement\":[{\"@type\":\"ListItem\",\"position\":1,\"name\":\"Strona g\u0142\u00f3wna\",\"item\":\"https:\/\/2liceum.eu\/\"},{\"@type\":\"ListItem\",\"position\":2,\"name\":\"I&nbsp;zn\u00f3w na&nbsp;podium!!!\"}]},{\"@type\":\"Article\",\"@id\":\"https:\/\/2liceum.eu\/index.php\/2019\/01\/30\/i-znow-na-podium\/#article\",\"isPartOf\":{\"@id\":\"https:\/\/2liceum.eu\/index.php\/2019\/01\/30\/i-znow-na-podium\/\"},\"author\":{\"name\":\"Adam Dragan\",\"@id\":\"https:\/\/2liceum.eu\/#\/schema\/person\/1a52557bfdaf047be954a8b190648da5\"},\"headline\":\"I zn\u00f3w na podium!!!\",\"datePublished\":\"2019-01-30T22:17:50+00:00\",\"dateModified\":\"2019-01-30T22:17:50+00:00\",\"mainEntityOfPage\":{\"@id\":\"https:\/\/2liceum.eu\/index.php\/2019\/01\/30\/i-znow-na-podium\/\"},\"wordCount\":71,\"commentCount\":0,\"publisher\":{\"@id\":\"https:\/\/2liceum.eu\/#organization\"},\"articleSection\":[\"Aktualno\u015bci\",\"Osi\u0105gni\u0119cia sportowe 2018\/2019\"],\"inLanguage\":\"pl-PL\",\"potentialAction\":[{\"@type\":\"CommentAction\",\"name\":\"Comment\",\"target\":[\"https:\/\/2liceum.eu\/index.php\/2019\/01\/30\/i-znow-na-podium\/#respond\"]}]},{\"@type\":\"Person\",\"@id\":\"https:\/\/2liceum.eu\/#\/schema\/person\/1a52557bfdaf047be954a8b190648da5\",\"name\":\"Adam Dragan\",\"image\":{\"@type\":\"ImageObject\",\"inLanguage\":\"pl-PL\",\"@id\":\"https:\/\/2liceum.eu\/#\/schema\/person\/image\/\",\"url\":\"https:\/\/secure.gravatar.com\/avatar\/3a2bee53698f47ac117505a8a054d1e47e9ee9593c4c77dc18374aa80472d80c?s=96&d=mm&r=g\",\"contentUrl\":\"https:\/\/secure.gravatar.com\/avatar\/3a2bee53698f47ac117505a8a054d1e47e9ee9593c4c77dc18374aa80472d80c?s=96&d=mm&r=g\",\"caption\":\"Adam Dragan\"},\"sameAs\":[\"http:\/\/2liceum.eu\"]}]}<\/script>\n<!-- \/ Yoast SEO plugin. -->","yoast_head_json":{"title":"I zn\u00f3w na podium!!! - II Liceum Og\u00f3lnokszta\u0142c\u0105ce w Lubinie","robots":{"index":"index","follow":"follow","max-snippet":"max-snippet:-1","max-image-preview":"max-image-preview:large","max-video-preview":"max-video-preview:-1"},"canonical":"https:\/\/2liceum.eu\/index.php\/2019\/01\/30\/i-znow-na-podium\/","og_locale":"pl_PL","og_type":"article","og_title":"I zn\u00f3w na podium!!! - II Liceum Og\u00f3lnokszta\u0142c\u0105ce w Lubinie","og_description":"&nbsp; W Mistrzostwach Powiatu w koszyk\u00f3wce dziewcz\u0105t wzi\u0119\u0142o udzia\u0142 6 szk\u00f3\u0142, kt\u00f3re rozstawione zosta\u0142y do dw\u00f3ch grup. Nasze dziewcz\u0119ta zagra\u0142y bardzo dobre zawody zajmuj\u0105c III m. Sk\u0142ad dru\u017cyny: 1. Hipner Weronika 3a 2. Kubatek Alicja 2b 3. Toporowska Dominika 2b 4. Kr\u00f3l Katarzyna 2b 5. Ku\u015bwik Anna 2c 6. Hojda Natalia 3c 7. Janowicz Katarzyna [&hellip;]","og_url":"https:\/\/2liceum.eu\/index.php\/2019\/01\/30\/i-znow-na-podium\/","og_site_name":"II Liceum Og\u00f3lnokszta\u0142c\u0105ce w Lubinie","article_publisher":"https:\/\/web.facebook.com\/IILOLubin\/","article_published_time":"2019-01-30T22:17:50+00:00","og_image":[{"url":"https:\/\/z-p3-scontent-waw1-1.xx.fbcdn.net\/v\/t1.0-9\/50250741_2140031949386720_4865312126543069184_n.jpg?_nc_cat=106&_nc_ht=z-p3-scontent-waw1-1.xx&oh=1778da3c3705feeb41f057c68c3a95c0&oe=5CEE266D"}],"author":"Adam Dragan","twitter_card":"summary_large_image","twitter_misc":{"Napisane przez":"Adam Dragan"},"schema":{"@context":"https:\/\/schema.org","@graph":[{"@type":"Organization","@id":"https:\/\/2liceum.eu\/#organization","name":"II Liceum Og\u00f3lnokszta\u0142c\u0105ce w Lubinie","url":"https:\/\/2liceum.eu\/","sameAs":["http:\/\/2lolubin","https:\/\/www.youtube.com\/channel\/UCWjEMxRJYdfvxPhVOn-8g_g","https:\/\/web.facebook.com\/IILOLubin\/"],"logo":{"@type":"ImageObject","inLanguage":"pl-PL","@id":"https:\/\/2liceum.eu\/#\/schema\/logo\/image\/","url":"https:\/\/2liceum.eu\/wp-content\/uploads\/2018\/01\/pobrane.jpg","contentUrl":"https:\/\/2liceum.eu\/wp-content\/uploads\/2018\/01\/pobrane.jpg","width":184,"height":183,"caption":"II Liceum Og\u00f3lnokszta\u0142c\u0105ce w Lubinie"},"image":{"@id":"https:\/\/2liceum.eu\/#\/schema\/logo\/image\/"}},{"@type":"WebSite","@id":"https:\/\/2liceum.eu\/#website","url":"https:\/\/2liceum.eu\/","name":"II Liceum Og\u00f3lnokszta\u0142c\u0105ce w Lubinie","description":"Oficjalny portal II LO w Lubinie. Informacje o szkole, kadrze, zaj\u0119ciach dydaktycznych, ko\u0142ach zainteresowa\u0144, wolontariacie. Aktualno\u015bci. Galeria zdj\u0119\u0107.","publisher":{"@id":"https:\/\/2liceum.eu\/#organization"},"potentialAction":[{"@type":"SearchAction","target":{"@type":"EntryPoint","urlTemplate":"https:\/\/2liceum.eu\/?s={search_term_string}"},"query-input":"required name=search_term_string"}],"inLanguage":"pl-PL"},{"@type":"WebPage","@id":"https:\/\/2liceum.eu\/index.php\/2019\/01\/30\/i-znow-na-podium\/","url":"https:\/\/2liceum.eu\/index.php\/2019\/01\/30\/i-znow-na-podium\/","name":"I zn\u00f3w na podium!!! - II Liceum Og\u00f3lnokszta\u0142c\u0105ce w Lubinie","isPartOf":{"@id":"https:\/\/2liceum.eu\/#website"},"datePublished":"2019-01-30T22:17:50+00:00","dateModified":"2019-01-30T22:17:50+00:00","breadcrumb":{"@id":"https:\/\/2liceum.eu\/index.php\/2019\/01\/30\/i-znow-na-podium\/#breadcrumb"},"inLanguage":"pl-PL","potentialAction":[{"@type":"ReadAction","target":["https:\/\/2liceum.eu\/index.php\/2019\/01\/30\/i-znow-na-podium\/"]}]},{"@type":"BreadcrumbList","@id":"https:\/\/2liceum.eu\/index.php\/2019\/01\/30\/i-znow-na-podium\/#breadcrumb","itemListElement":[{"@type":"ListItem","position":1,"name":"Strona g\u0142\u00f3wna","item":"https:\/\/2liceum.eu\/"},{"@type":"ListItem","position":2,"name":"I&nbsp;zn\u00f3w na&nbsp;podium!!!"}]},{"@type":"Article","@id":"https:\/\/2liceum.eu\/index.php\/2019\/01\/30\/i-znow-na-podium\/#article","isPartOf":{"@id":"https:\/\/2liceum.eu\/index.php\/2019\/01\/30\/i-znow-na-podium\/"},"author":{"name":"Adam Dragan","@id":"https:\/\/2liceum.eu\/#\/schema\/person\/1a52557bfdaf047be954a8b190648da5"},"headline":"I zn\u00f3w na podium!!!","datePublished":"2019-01-30T22:17:50+00:00","dateModified":"2019-01-30T22:17:50+00:00","mainEntityOfPage":{"@id":"https:\/\/2liceum.eu\/index.php\/2019\/01\/30\/i-znow-na-podium\/"},"wordCount":71,"commentCount":0,"publisher":{"@id":"https:\/\/2liceum.eu\/#organization"},"articleSection":["Aktualno\u015bci","Osi\u0105gni\u0119cia sportowe 2018\/2019"],"inLanguage":"pl-PL","potentialAction":[{"@type":"CommentAction","name":"Comment","target":["https:\/\/2liceum.eu\/index.php\/2019\/01\/30\/i-znow-na-podium\/#respond"]}]},{"@type":"Person","@id":"https:\/\/2liceum.eu\/#\/schema\/person\/1a52557bfdaf047be954a8b190648da5","name":"Adam Dragan","image":{"@type":"ImageObject","inLanguage":"pl-PL","@id":"https:\/\/2liceum.eu\/#\/schema\/person\/image\/","url":"https:\/\/secure.gravatar.com\/avatar\/3a2bee53698f47ac117505a8a054d1e47e9ee9593c4c77dc18374aa80472d80c?s=96&d=mm&r=g","contentUrl":"https:\/\/secure.gravatar.com\/avatar\/3a2bee53698f47ac117505a8a054d1e47e9ee9593c4c77dc18374aa80472d80c?s=96&d=mm&r=g","caption":"Adam Dragan"},"sameAs":["http:\/\/2liceum.eu"]}]}},"_links":{"self":[{"href":"https:\/\/2liceum.eu\/index.php\/wp-json\/wp\/v2\/posts\/3272","targetHints":{"allow":["GET"]}}],"collection":[{"href":"https:\/\/2liceum.eu\/index.php\/wp-json\/wp\/v2\/posts"}],"about":[{"href":"https:\/\/2liceum.eu\/index.php\/wp-json\/wp\/v2\/types\/post"}],"author":[{"embeddable":true,"href":"https:\/\/2liceum.eu\/index.php\/wp-json\/wp\/v2\/users\/2"}],"replies":[{"embeddable":true,"href":"https:\/\/2liceum.eu\/index.php\/wp-json\/wp\/v2\/comments?post=3272"}],"version-history":[{"count":1,"href":"https:\/\/2liceum.eu\/index.php\/wp-json\/wp\/v2\/posts\/3272\/revisions"}],"predecessor-version":[{"id":3273,"href":"https:\/\/2liceum.eu\/index.php\/wp-json\/wp\/v2\/posts\/3272\/revisions\/3273"}],"wp:attachment":[{"href":"https:\/\/2liceum.eu\/index.php\/wp-json\/wp\/v2\/media?parent=3272"}],"wp:term":[{"taxonomy":"category","embeddable":true,"href":"https:\/\/2liceum.eu\/index.php\/wp-json\/wp\/v2\/categories?post=3272"},{"taxonomy":"post_tag","embeddable":true,"href":"https:\/\/2liceum.eu\/index.php\/wp-json\/wp\/v2\/tags?post=3272"}],"curies":[{"name":"wp","href":"https:\/\/api.w.org\/{rel}","templated":true}]}}