{"id":3446,"date":"2019-03-13T12:55:17","date_gmt":"2019-03-13T11:55:17","guid":{"rendered":"https:\/\/2liceum.eu\/?p=3446"},"modified":"2019-03-13T12:54:31","modified_gmt":"2019-03-13T11:54:31","slug":"zabawa-w-rytmie-disco","status":"publish","type":"post","link":"https:\/\/2liceum.eu\/index.php\/2019\/03\/13\/zabawa-w-rytmie-disco\/","title":{"rendered":"ZABAWA W RYTMIE DISCO!!!"},"content":{"rendered":"<div class=\"y_h3lcwkq-j g_h3lcwgsts clearfix\">\n<div class=\"clearfix x_h3lcwks1-\">\n<div class=\"clearfix _42ef\">\n<div class=\"b_h3lcwks21\">\n<div>\n<div class=\"_6a _5u5j\">\n<div class=\"_6a _5u5j _6b\">&nbsp;<\/div>\n<\/div>\n<\/div>\n<\/div>\n<\/div>\n<\/div>\n<\/div>\n<div id=\"js_1ie\" class=\"_5pbx userContent _3576\" data-ft=\"{&quot;tn&quot;:&quot;K&quot;}\">\n<div id=\"id_5c88ecfa18d060835043402\" class=\"text_exposed_root text_exposed\">\n<p style=\"text-align: center;\"><img loading=\"lazy\" decoding=\"async\" class=\"\" src=\"https:\/\/scontent-waw1-1.xx.fbcdn.net\/v\/t1.0-9\/53906768_2220022004721047_8403002333784440832_n.jpg?_nc_cat=107&amp;_nc_ht=scontent-waw1-1.xx&amp;oh=6786a278c2d4db4a98471825d58b5d8c&amp;oe=5D06D962\" alt=\"\" width=\"495\" height=\"700\">&nbsp;<\/p>\n<p>&nbsp;<\/p>\n<p style=\"text-align: justify;\"><strong><span style=\"color: #99cc00;\">Pierwszego dnia wiosny 2<\/span><span style=\"color: #008000;\">1 marca (czwartek)<\/span><\/strong> organizujemy w naszej szkole <strong>pokaz mody z lat 80-tych.<\/strong> B\u0119dzie r\u00f3wnie\u017c mo\u017cliwo\u015b\u0107 pochwalenia si\u0119 swoim talentem muzycznym podczas koncertu piosenek tamtych czas\u00f3w.<\/p>\n<p style=\"text-align: justify;\"><strong>Wszystkich ch\u0119tnych prosimy o zg\u0142aszanie si\u0119 do Pani Profesor Marty Szadkowskiej (sala 102) najp\u00f3\u017aniej do poniedzia\u0142ku (18 III) .<\/strong><\/p>\n<div class=\"text_exposed_show\">\n<p style=\"text-align: justify;\">Pr\u00f3ba koncertu z w\u0142asnym podk\u0142adem muzycznym odb\u0119dzie si\u0119 w \u015brod\u0119.<\/p>\n<p>&nbsp;<\/p>\n<p style=\"text-align: right;\"><strong>SERDECZNIE ZAPRASZAMY!<\/strong><\/p>\n<p style=\"text-align: right;\"><strong>Samorz\u0105d Uczniowski II LO<\/strong><\/p>\n<\/div>\n<\/div>\n<\/div>\n","protected":false},"excerpt":{"rendered":"<p>&nbsp; &nbsp; &nbsp; Pierwszego dnia wiosny 21 marca (czwartek) organizujemy w naszej szkole pokaz mody z lat 80-tych. B\u0119dzie r\u00f3wnie\u017c mo\u017cliwo\u015b\u0107 pochwalenia si\u0119 swoim talentem muzycznym podczas koncertu piosenek tamtych czas\u00f3w. Wszystkich ch\u0119tnych prosimy o zg\u0142aszanie si\u0119 do Pani Profesor Marty Szadkowskiej (sala 102) najp\u00f3\u017aniej do poniedzia\u0142ku (18 III) . Pr\u00f3ba koncertu z w\u0142asnym podk\u0142adem [&hellip;]<\/p>\n","protected":false},"author":2,"featured_media":0,"comment_status":"open","ping_status":"open","sticky":false,"template":"","format":"standard","meta":{"ngg_post_thumbnail":0,"footnotes":""},"categories":[1],"tags":[],"class_list":["post-3446","post","type-post","status-publish","format-standard","hentry","category-aktualnosci"],"yoast_head":"<!-- This site is optimized with the Yoast SEO plugin v19.4 - https:\/\/yoast.com\/wordpress\/plugins\/seo\/ -->\n<title>ZABAWA W RYTMIE DISCO!!! - II Liceum Og\u00f3lnokszta\u0142c\u0105ce w Lubinie<\/title>\n<meta name=\"robots\" content=\"index, follow, max-snippet:-1, max-image-preview:large, max-video-preview:-1\" \/>\n<link rel=\"canonical\" href=\"https:\/\/2liceum.eu\/index.php\/2019\/03\/13\/zabawa-w-rytmie-disco\/\" \/>\n<meta property=\"og:locale\" content=\"pl_PL\" \/>\n<meta property=\"og:type\" content=\"article\" \/>\n<meta property=\"og:title\" content=\"ZABAWA W RYTMIE DISCO!!! - II Liceum Og\u00f3lnokszta\u0142c\u0105ce w Lubinie\" \/>\n<meta property=\"og:description\" content=\"&nbsp; &nbsp; &nbsp; Pierwszego dnia wiosny 21 marca (czwartek) organizujemy w naszej szkole pokaz mody z lat 80-tych. B\u0119dzie r\u00f3wnie\u017c mo\u017cliwo\u015b\u0107 pochwalenia si\u0119 swoim talentem muzycznym podczas koncertu piosenek tamtych czas\u00f3w. Wszystkich ch\u0119tnych prosimy o zg\u0142aszanie si\u0119 do Pani Profesor Marty Szadkowskiej (sala 102) najp\u00f3\u017aniej do poniedzia\u0142ku (18 III) . Pr\u00f3ba koncertu z w\u0142asnym podk\u0142adem [&hellip;]\" \/>\n<meta property=\"og:url\" content=\"https:\/\/2liceum.eu\/index.php\/2019\/03\/13\/zabawa-w-rytmie-disco\/\" \/>\n<meta property=\"og:site_name\" content=\"II Liceum Og\u00f3lnokszta\u0142c\u0105ce w Lubinie\" \/>\n<meta property=\"article:publisher\" content=\"https:\/\/web.facebook.com\/IILOLubin\/\" \/>\n<meta property=\"article:published_time\" content=\"2019-03-13T11:55:17+00:00\" \/>\n<meta property=\"article:modified_time\" content=\"2019-03-13T11:54:31+00:00\" \/>\n<meta property=\"og:image\" content=\"https:\/\/scontent-waw1-1.xx.fbcdn.net\/v\/t1.0-9\/53906768_2220022004721047_8403002333784440832_n.jpg?_nc_cat=107&amp;_nc_ht=scontent-waw1-1.xx&amp;oh=6786a278c2d4db4a98471825d58b5d8c&amp;oe=5D06D962\" \/>\n<meta name=\"author\" content=\"Adam Dragan\" \/>\n<meta name=\"twitter:card\" content=\"summary_large_image\" \/>\n<meta name=\"twitter:label1\" content=\"Napisane przez\" \/>\n\t<meta name=\"twitter:data1\" content=\"Adam Dragan\" \/>\n<script type=\"application\/ld+json\" class=\"yoast-schema-graph\">{\"@context\":\"https:\/\/schema.org\",\"@graph\":[{\"@type\":\"Organization\",\"@id\":\"https:\/\/2liceum.eu\/#organization\",\"name\":\"II Liceum Og\u00f3lnokszta\u0142c\u0105ce w Lubinie\",\"url\":\"https:\/\/2liceum.eu\/\",\"sameAs\":[\"http:\/\/2lolubin\",\"https:\/\/www.youtube.com\/channel\/UCWjEMxRJYdfvxPhVOn-8g_g\",\"https:\/\/web.facebook.com\/IILOLubin\/\"],\"logo\":{\"@type\":\"ImageObject\",\"inLanguage\":\"pl-PL\",\"@id\":\"https:\/\/2liceum.eu\/#\/schema\/logo\/image\/\",\"url\":\"https:\/\/2liceum.eu\/wp-content\/uploads\/2018\/01\/pobrane.jpg\",\"contentUrl\":\"https:\/\/2liceum.eu\/wp-content\/uploads\/2018\/01\/pobrane.jpg\",\"width\":184,\"height\":183,\"caption\":\"II Liceum Og\u00f3lnokszta\u0142c\u0105ce w Lubinie\"},\"image\":{\"@id\":\"https:\/\/2liceum.eu\/#\/schema\/logo\/image\/\"}},{\"@type\":\"WebSite\",\"@id\":\"https:\/\/2liceum.eu\/#website\",\"url\":\"https:\/\/2liceum.eu\/\",\"name\":\"II Liceum Og\u00f3lnokszta\u0142c\u0105ce w Lubinie\",\"description\":\"Oficjalny portal II LO w Lubinie. Informacje o szkole, kadrze, zaj\u0119ciach dydaktycznych, ko\u0142ach zainteresowa\u0144, wolontariacie. Aktualno\u015bci. Galeria zdj\u0119\u0107.\",\"publisher\":{\"@id\":\"https:\/\/2liceum.eu\/#organization\"},\"potentialAction\":[{\"@type\":\"SearchAction\",\"target\":{\"@type\":\"EntryPoint\",\"urlTemplate\":\"https:\/\/2liceum.eu\/?s={search_term_string}\"},\"query-input\":\"required name=search_term_string\"}],\"inLanguage\":\"pl-PL\"},{\"@type\":\"WebPage\",\"@id\":\"https:\/\/2liceum.eu\/index.php\/2019\/03\/13\/zabawa-w-rytmie-disco\/\",\"url\":\"https:\/\/2liceum.eu\/index.php\/2019\/03\/13\/zabawa-w-rytmie-disco\/\",\"name\":\"ZABAWA W RYTMIE DISCO!!! - II Liceum Og\u00f3lnokszta\u0142c\u0105ce w Lubinie\",\"isPartOf\":{\"@id\":\"https:\/\/2liceum.eu\/#website\"},\"datePublished\":\"2019-03-13T11:55:17+00:00\",\"dateModified\":\"2019-03-13T11:54:31+00:00\",\"breadcrumb\":{\"@id\":\"https:\/\/2liceum.eu\/index.php\/2019\/03\/13\/zabawa-w-rytmie-disco\/#breadcrumb\"},\"inLanguage\":\"pl-PL\",\"potentialAction\":[{\"@type\":\"ReadAction\",\"target\":[\"https:\/\/2liceum.eu\/index.php\/2019\/03\/13\/zabawa-w-rytmie-disco\/\"]}]},{\"@type\":\"BreadcrumbList\",\"@id\":\"https:\/\/2liceum.eu\/index.php\/2019\/03\/13\/zabawa-w-rytmie-disco\/#breadcrumb\",\"itemListElement\":[{\"@type\":\"ListItem\",\"position\":1,\"name\":\"Strona g\u0142\u00f3wna\",\"item\":\"https:\/\/2liceum.eu\/\"},{\"@type\":\"ListItem\",\"position\":2,\"name\":\"ZABAWA W&nbsp;RYTMIE DISCO!!!\"}]},{\"@type\":\"Article\",\"@id\":\"https:\/\/2liceum.eu\/index.php\/2019\/03\/13\/zabawa-w-rytmie-disco\/#article\",\"isPartOf\":{\"@id\":\"https:\/\/2liceum.eu\/index.php\/2019\/03\/13\/zabawa-w-rytmie-disco\/\"},\"author\":{\"name\":\"Adam Dragan\",\"@id\":\"https:\/\/2liceum.eu\/#\/schema\/person\/1a52557bfdaf047be954a8b190648da5\"},\"headline\":\"ZABAWA W RYTMIE DISCO!!!\",\"datePublished\":\"2019-03-13T11:55:17+00:00\",\"dateModified\":\"2019-03-13T11:54:31+00:00\",\"mainEntityOfPage\":{\"@id\":\"https:\/\/2liceum.eu\/index.php\/2019\/03\/13\/zabawa-w-rytmie-disco\/\"},\"wordCount\":80,\"commentCount\":0,\"publisher\":{\"@id\":\"https:\/\/2liceum.eu\/#organization\"},\"articleSection\":[\"Aktualno\u015bci\"],\"inLanguage\":\"pl-PL\",\"potentialAction\":[{\"@type\":\"CommentAction\",\"name\":\"Comment\",\"target\":[\"https:\/\/2liceum.eu\/index.php\/2019\/03\/13\/zabawa-w-rytmie-disco\/#respond\"]}]},{\"@type\":\"Person\",\"@id\":\"https:\/\/2liceum.eu\/#\/schema\/person\/1a52557bfdaf047be954a8b190648da5\",\"name\":\"Adam Dragan\",\"image\":{\"@type\":\"ImageObject\",\"inLanguage\":\"pl-PL\",\"@id\":\"https:\/\/2liceum.eu\/#\/schema\/person\/image\/\",\"url\":\"https:\/\/secure.gravatar.com\/avatar\/3a2bee53698f47ac117505a8a054d1e47e9ee9593c4c77dc18374aa80472d80c?s=96&d=mm&r=g\",\"contentUrl\":\"https:\/\/secure.gravatar.com\/avatar\/3a2bee53698f47ac117505a8a054d1e47e9ee9593c4c77dc18374aa80472d80c?s=96&d=mm&r=g\",\"caption\":\"Adam Dragan\"},\"sameAs\":[\"http:\/\/2liceum.eu\"]}]}<\/script>\n<!-- \/ Yoast SEO plugin. -->","yoast_head_json":{"title":"ZABAWA W RYTMIE DISCO!!! - II Liceum Og\u00f3lnokszta\u0142c\u0105ce w Lubinie","robots":{"index":"index","follow":"follow","max-snippet":"max-snippet:-1","max-image-preview":"max-image-preview:large","max-video-preview":"max-video-preview:-1"},"canonical":"https:\/\/2liceum.eu\/index.php\/2019\/03\/13\/zabawa-w-rytmie-disco\/","og_locale":"pl_PL","og_type":"article","og_title":"ZABAWA W RYTMIE DISCO!!! - II Liceum Og\u00f3lnokszta\u0142c\u0105ce w Lubinie","og_description":"&nbsp; &nbsp; &nbsp; Pierwszego dnia wiosny 21 marca (czwartek) organizujemy w naszej szkole pokaz mody z lat 80-tych. B\u0119dzie r\u00f3wnie\u017c mo\u017cliwo\u015b\u0107 pochwalenia si\u0119 swoim talentem muzycznym podczas koncertu piosenek tamtych czas\u00f3w. Wszystkich ch\u0119tnych prosimy o zg\u0142aszanie si\u0119 do Pani Profesor Marty Szadkowskiej (sala 102) najp\u00f3\u017aniej do poniedzia\u0142ku (18 III) . Pr\u00f3ba koncertu z w\u0142asnym podk\u0142adem [&hellip;]","og_url":"https:\/\/2liceum.eu\/index.php\/2019\/03\/13\/zabawa-w-rytmie-disco\/","og_site_name":"II Liceum Og\u00f3lnokszta\u0142c\u0105ce w Lubinie","article_publisher":"https:\/\/web.facebook.com\/IILOLubin\/","article_published_time":"2019-03-13T11:55:17+00:00","article_modified_time":"2019-03-13T11:54:31+00:00","og_image":[{"url":"https:\/\/scontent-waw1-1.xx.fbcdn.net\/v\/t1.0-9\/53906768_2220022004721047_8403002333784440832_n.jpg?_nc_cat=107&amp;_nc_ht=scontent-waw1-1.xx&amp;oh=6786a278c2d4db4a98471825d58b5d8c&amp;oe=5D06D962"}],"author":"Adam Dragan","twitter_card":"summary_large_image","twitter_misc":{"Napisane przez":"Adam Dragan"},"schema":{"@context":"https:\/\/schema.org","@graph":[{"@type":"Organization","@id":"https:\/\/2liceum.eu\/#organization","name":"II Liceum Og\u00f3lnokszta\u0142c\u0105ce w Lubinie","url":"https:\/\/2liceum.eu\/","sameAs":["http:\/\/2lolubin","https:\/\/www.youtube.com\/channel\/UCWjEMxRJYdfvxPhVOn-8g_g","https:\/\/web.facebook.com\/IILOLubin\/"],"logo":{"@type":"ImageObject","inLanguage":"pl-PL","@id":"https:\/\/2liceum.eu\/#\/schema\/logo\/image\/","url":"https:\/\/2liceum.eu\/wp-content\/uploads\/2018\/01\/pobrane.jpg","contentUrl":"https:\/\/2liceum.eu\/wp-content\/uploads\/2018\/01\/pobrane.jpg","width":184,"height":183,"caption":"II Liceum Og\u00f3lnokszta\u0142c\u0105ce w Lubinie"},"image":{"@id":"https:\/\/2liceum.eu\/#\/schema\/logo\/image\/"}},{"@type":"WebSite","@id":"https:\/\/2liceum.eu\/#website","url":"https:\/\/2liceum.eu\/","name":"II Liceum Og\u00f3lnokszta\u0142c\u0105ce w Lubinie","description":"Oficjalny portal II LO w Lubinie. Informacje o szkole, kadrze, zaj\u0119ciach dydaktycznych, ko\u0142ach zainteresowa\u0144, wolontariacie. Aktualno\u015bci. Galeria zdj\u0119\u0107.","publisher":{"@id":"https:\/\/2liceum.eu\/#organization"},"potentialAction":[{"@type":"SearchAction","target":{"@type":"EntryPoint","urlTemplate":"https:\/\/2liceum.eu\/?s={search_term_string}"},"query-input":"required name=search_term_string"}],"inLanguage":"pl-PL"},{"@type":"WebPage","@id":"https:\/\/2liceum.eu\/index.php\/2019\/03\/13\/zabawa-w-rytmie-disco\/","url":"https:\/\/2liceum.eu\/index.php\/2019\/03\/13\/zabawa-w-rytmie-disco\/","name":"ZABAWA W RYTMIE DISCO!!! - II Liceum Og\u00f3lnokszta\u0142c\u0105ce w Lubinie","isPartOf":{"@id":"https:\/\/2liceum.eu\/#website"},"datePublished":"2019-03-13T11:55:17+00:00","dateModified":"2019-03-13T11:54:31+00:00","breadcrumb":{"@id":"https:\/\/2liceum.eu\/index.php\/2019\/03\/13\/zabawa-w-rytmie-disco\/#breadcrumb"},"inLanguage":"pl-PL","potentialAction":[{"@type":"ReadAction","target":["https:\/\/2liceum.eu\/index.php\/2019\/03\/13\/zabawa-w-rytmie-disco\/"]}]},{"@type":"BreadcrumbList","@id":"https:\/\/2liceum.eu\/index.php\/2019\/03\/13\/zabawa-w-rytmie-disco\/#breadcrumb","itemListElement":[{"@type":"ListItem","position":1,"name":"Strona g\u0142\u00f3wna","item":"https:\/\/2liceum.eu\/"},{"@type":"ListItem","position":2,"name":"ZABAWA W&nbsp;RYTMIE DISCO!!!"}]},{"@type":"Article","@id":"https:\/\/2liceum.eu\/index.php\/2019\/03\/13\/zabawa-w-rytmie-disco\/#article","isPartOf":{"@id":"https:\/\/2liceum.eu\/index.php\/2019\/03\/13\/zabawa-w-rytmie-disco\/"},"author":{"name":"Adam Dragan","@id":"https:\/\/2liceum.eu\/#\/schema\/person\/1a52557bfdaf047be954a8b190648da5"},"headline":"ZABAWA W RYTMIE DISCO!!!","datePublished":"2019-03-13T11:55:17+00:00","dateModified":"2019-03-13T11:54:31+00:00","mainEntityOfPage":{"@id":"https:\/\/2liceum.eu\/index.php\/2019\/03\/13\/zabawa-w-rytmie-disco\/"},"wordCount":80,"commentCount":0,"publisher":{"@id":"https:\/\/2liceum.eu\/#organization"},"articleSection":["Aktualno\u015bci"],"inLanguage":"pl-PL","potentialAction":[{"@type":"CommentAction","name":"Comment","target":["https:\/\/2liceum.eu\/index.php\/2019\/03\/13\/zabawa-w-rytmie-disco\/#respond"]}]},{"@type":"Person","@id":"https:\/\/2liceum.eu\/#\/schema\/person\/1a52557bfdaf047be954a8b190648da5","name":"Adam Dragan","image":{"@type":"ImageObject","inLanguage":"pl-PL","@id":"https:\/\/2liceum.eu\/#\/schema\/person\/image\/","url":"https:\/\/secure.gravatar.com\/avatar\/3a2bee53698f47ac117505a8a054d1e47e9ee9593c4c77dc18374aa80472d80c?s=96&d=mm&r=g","contentUrl":"https:\/\/secure.gravatar.com\/avatar\/3a2bee53698f47ac117505a8a054d1e47e9ee9593c4c77dc18374aa80472d80c?s=96&d=mm&r=g","caption":"Adam Dragan"},"sameAs":["http:\/\/2liceum.eu"]}]}},"_links":{"self":[{"href":"https:\/\/2liceum.eu\/index.php\/wp-json\/wp\/v2\/posts\/3446","targetHints":{"allow":["GET"]}}],"collection":[{"href":"https:\/\/2liceum.eu\/index.php\/wp-json\/wp\/v2\/posts"}],"about":[{"href":"https:\/\/2liceum.eu\/index.php\/wp-json\/wp\/v2\/types\/post"}],"author":[{"embeddable":true,"href":"https:\/\/2liceum.eu\/index.php\/wp-json\/wp\/v2\/users\/2"}],"replies":[{"embeddable":true,"href":"https:\/\/2liceum.eu\/index.php\/wp-json\/wp\/v2\/comments?post=3446"}],"version-history":[{"count":1,"href":"https:\/\/2liceum.eu\/index.php\/wp-json\/wp\/v2\/posts\/3446\/revisions"}],"predecessor-version":[{"id":3447,"href":"https:\/\/2liceum.eu\/index.php\/wp-json\/wp\/v2\/posts\/3446\/revisions\/3447"}],"wp:attachment":[{"href":"https:\/\/2liceum.eu\/index.php\/wp-json\/wp\/v2\/media?parent=3446"}],"wp:term":[{"taxonomy":"category","embeddable":true,"href":"https:\/\/2liceum.eu\/index.php\/wp-json\/wp\/v2\/categories?post=3446"},{"taxonomy":"post_tag","embeddable":true,"href":"https:\/\/2liceum.eu\/index.php\/wp-json\/wp\/v2\/tags?post=3446"}],"curies":[{"name":"wp","href":"https:\/\/api.w.org\/{rel}","templated":true}]}}