{"id":4046,"date":"2019-09-26T08:47:12","date_gmt":"2019-09-26T06:47:12","guid":{"rendered":"https:\/\/2liceum.eu\/?p=4046"},"modified":"2019-09-26T08:47:26","modified_gmt":"2019-09-26T06:47:26","slug":"4046","status":"publish","type":"post","link":"https:\/\/2liceum.eu\/index.php\/2019\/09\/26\/4046\/","title":{"rendered":"Polska Niepodleg\u0142a!"},"content":{"rendered":"<p style=\"text-align: left;\"><strong><img loading=\"lazy\" decoding=\"async\" class=\"alignright\" src=\"https:\/\/scontent-waw1-1.xx.fbcdn.net\/v\/t1.0-9\/71012107_2557425814313996_8067153496308187136_n.jpg?_nc_cat=110&amp;_nc_eui2=AeHJCkJL0-fvhleSb1pkwRF8w8IX1PKYRydOFJmveyR9RE0_-ZFJcMCkJOYy_5Ja9Emeaqu3AXdkFOeL4r0b1_L5OEyfF8PQKV9JCpKM8N4S7g&amp;_nc_oc=AQklnlZuE4FgtBqKrEyoNl6DT9FUbBRg4s9ubJ7z_3zPMnT0R1RtxKG8YRKCUFkbHSA&amp;_nc_ht=scontent-waw1-1.xx&amp;oh=e6d838ad9154134829f3d19766d05ef4&amp;oe=5DF272B0\" width=\"266\" height=\"188\">Serdecznie zapraszamy uczni\u00f3w do udzia\u0142u w <span style=\"color: #ff0000;\">Og\u00f3lnopolskim Konkursie Historycznym POLSKA NIEPODLEG\u0141A.<\/span><\/strong><\/p>\n<p style=\"text-align: justify;\">Organizatorem konkursu jest Polska Uniwersytecka Szko\u0142a Kszta\u0142cenia Indywidualnego.<\/p>\n<p style=\"text-align: justify;\">Do konkursu zapraszeni s\u0105 uczniowie z 3 kategorii wiekowych:<\/p>\n<div class=\"text_exposed_show\">\n<p style=\"text-align: justify;\">klasy 4-6 szk\u00f3\u0142 podstawowych,<br \/>\nklasy 7-8 szk\u00f3\u0142 podstawowych,<br \/>\nuczniowie szk\u00f3\u0142 ponadpodstawowych.<\/p>\n<p style=\"text-align: justify;\">Etap szkolny, kt\u00f3ry odb\u0119dzie si\u0119 28 pa\u017adziernika 2019 roku, wy\u0142oni 10 finalist\u00f3w z ka\u017cdej kategorii wiekowej.<\/p>\n<p style=\"text-align: justify;\">Fina\u0142 konkursu odb\u0119dzie si\u0119 w Krakowie 5 grudnia 2019 roku w siedzibie szko\u0142y.<\/p>\n<p style=\"text-align: justify;\">Zg\u0142oszenia uczestnik\u00f3w dokonuje koordynator wyznaczony w danej szkole poprzez uzupe\u0142nienie i wys\u0142anie formularza zg\u0142oszeniowego, dost\u0119pnego na:<\/p>\n<p style=\"text-align: justify;\"><a href=\"https:\/\/l.facebook.com\/l.php?u=https%3A%2F%2Fuski-polska.edu.pl%2Fpolskaniepodlegla.html%3Ffbclid%3DIwAR2rf6Pzxfnqv-6L9sw1eR_bqaWquoDb6AJohOwkUehd_6c2nfAEuUPY6Ow&amp;h=AT2DzjnCIgzaZiPaT6hWqdG9LaoqiYBmN-6F-tOjlMUsvU29j-sUZTCGRDfUectuKdLOeYasR6Z--4trVvvBJMYOwkoUR0vuO72BSTjw6Ww7iA7B6ltNoBW9EMjvCAkCEQ_Uh1k5c3b7j2s4Qd6vqKYUJbmwyuiomCfU4PdNMHb_2vBnwrFOuTRi3q0ysdyfXEPYjs65hZCumBQIGeLM3S1jd3QbuVbj6CEX3HLcHCzX0cvo2SeqMhJQufS7Dlz1sQVd1zJblYqM6R5soO-94xou2EdoTeNX45jkFW-V1_acQqcyPsHuovV-girJW6ldBZyWog41Ne6797d3j3cHp-z3SxP7SrMe9mIXWkq-e8xdIIOnpU1KMEi6DsVQ2ImC6K1uy3Cz4DCOJJaa1UbQ29z0OhsYfTXn8saBftSzNHGYgjBRHvr5jvoZ0y3TVabDtEon1isVquEY-5JdtzbPd7SS_UZdo_fRDIXawJwLmVS2RtXEMlU6ACea6iz8CSKelTTW4pZt3j8CS9v5N5v-7EUsdKbPob4Gi2lFerHaBeq6OxMS7KmdC0BEcd-lHSBqPmweCppOJaBP9PbUDOGBywOYdp_djSitvIPYS0gyCzHs8Yc05z0wviADPSoNauxQvN5lUQ\" target=\"_blank\" rel=\"noopener nofollow noreferrer\" data-ft=\"{&quot;tn&quot;:&quot;-U&quot;}\" data-lynx-mode=\"async\">https:\/\/uski-polska.edu.pl\/polskaniepodlegla.html<\/a><\/p>\n<p style=\"text-align: justify;\">Zg\u0142oszenia przyjmowane s\u0105 do 7 pa\u017adziernika 2019 roku.<\/p>\n<p style=\"text-align: justify;\">Szczeg\u00f3\u0142y konkursu okre\u015bla regulamin:<\/p>\n<p style=\"text-align: justify;\"><a href=\"https:\/\/uski-polska.edu.pl\/files\/regulamin_konkursu_polska_niepodlega.pdf?fbclid=IwAR3bNoQt5qS-7_Xx_4C4G_Yhd3jANBCrWHSP9IhCcAquueoavouu0OxgG3E\" target=\"_blank\" rel=\"noopener nofollow noreferrer\" data-ft=\"{&quot;tn&quot;:&quot;-U&quot;}\" data-lynx-mode=\"async\" data-lynx-uri=\"https:\/\/l.facebook.com\/l.php?u=https%3A%2F%2Fuski-polska.edu.pl%2Ffiles%2Fregulamin_konkursu_polska_niepodlega.pdf%3Ffbclid%3DIwAR3bNoQt5qS-7_Xx_4C4G_Yhd3jANBCrWHSP9IhCcAquueoavouu0OxgG3E&amp;h=AT0_Mj7Z8ou2oVHaRuPYFy25Z6PC23MNF13th66LlM2jeA5keAkkH6MwKb8BvKIAQudE7SPsDx2bZ5Z7hbvD77VJ9GTZzhPw3JJD3b8xra-1cJz6VOg60DpAjMIH2svUemy7qZGwTGejH2MFttq8CQOgPlsPljpUKGhULme_TuZXoGYgu_cv5iIeASk_AgLSjLsxjNugWyS5zBJssQbXHF7qHTQ8CZOiJDnxrHF_9v2VI1QPoWms8i0xa2vWxXsFFemxLNZ0qv9nSKZRaYXRazk3ztpsOz8BFm_QtGoJ_2sGF4oNQA5BXSjGNSRHfUw4EgOnuHv7t_TlDluNu0mUbaa-076kFSS3xVOoycY5brVmuqYn65YjtPnf6X2zjnVq3lJNKj4xNeK8FxH4EKC0UVRkSEbfPPdkivFH3Kw3xOhjxtrvZb0fBYVdafI89iKLURQt1BiTNPZyMSLzIwm74V58lZbKcrOGOlgroWSnYBssT9PEZ5nj-rBCSjO85c_qGNOLrRBNlEL5W0W0z6um2cE8WdWUAP74AAKM7r6q3g4uABt-n9lqVkGnQZluhIjUXRDgIAznkdonfuX9if_IUIBRSWqNXw6YueO2TTsQVC064F3k3V0vR23YXMKNV9uc18HHfw\">https:\/\/uski-polska.edu.pl\/\u2026\/regulamin_konkursu_polska_niep\u2026<\/a><\/p>\n<p style=\"text-align: justify;\">Konkurs obj\u0119ty jest honorowym patronatem Rektora Uniwersytetu Pedagogicznego w Krakowie \u2013 prof. dr hab. Kazimierza Karolczaka.<\/p>\n<p style=\"text-align: justify;\">Honorowego patronatu udzieli\u0142y tak\u017ce: Kujawsko-Pomorskie, Lubuskie, Opolskie, \u015al\u0105skie, Zachodniopomorskie, Podkarpackie, Warmi\u0144sko-Mazurskie, \u0141\u00f3dzkie oraz Dolno\u015bl\u0105skie Kuratorium O\u015bwiaty.<\/p>\n<p style=\"text-align: justify;\">W razie pyta\u0144 dotycz\u0105cych konkursu prosimy o kontakt mailowy lub telefoniczny.<\/p>\n<p style=\"text-align: justify;\">Polska Uniwersytecka Szko\u0142a Kszta\u0142cenia Indywidualnego<br \/>\nul. \u0141adna 2<br \/>\n31 \u2013 444 Krak\u00f3w<br \/>\ntel. 12 418 87 50<br \/>\ne-mail: sekretariat@uski-polska.edu.pl<\/p>\n<p style=\"text-align: justify;\">Osoby zainteresowane proszone s\u0105 o zg\u0142aszanie si\u0119 do swoich nauczycieli historii.<\/p>\n<\/div>\n","protected":false},"excerpt":{"rendered":"<p>Serdecznie zapraszamy uczni\u00f3w do udzia\u0142u w Og\u00f3lnopolskim Konkursie Historycznym POLSKA NIEPODLEG\u0141A. Organizatorem konkursu jest Polska Uniwersytecka Szko\u0142a Kszta\u0142cenia Indywidualnego. Do konkursu zapraszeni s\u0105 uczniowie z 3 kategorii wiekowych: klasy 4-6 szk\u00f3\u0142 podstawowych, klasy 7-8 szk\u00f3\u0142 podstawowych, uczniowie szk\u00f3\u0142 ponadpodstawowych. Etap szkolny, kt\u00f3ry odb\u0119dzie si\u0119 28 pa\u017adziernika 2019 roku, wy\u0142oni 10 finalist\u00f3w z ka\u017cdej kategorii wiekowej. [&hellip;]<\/p>\n","protected":false},"author":2,"featured_media":0,"comment_status":"open","ping_status":"open","sticky":false,"template":"","format":"standard","meta":{"ngg_post_thumbnail":0,"footnotes":""},"categories":[1,9],"tags":[],"class_list":["post-4046","post","type-post","status-publish","format-standard","hentry","category-aktualnosci","category-konkursy"],"yoast_head":"<!-- This site is optimized with the Yoast SEO plugin v19.4 - https:\/\/yoast.com\/wordpress\/plugins\/seo\/ -->\n<title>Polska Niepodleg\u0142a! - II Liceum Og\u00f3lnokszta\u0142c\u0105ce w Lubinie<\/title>\n<meta name=\"robots\" content=\"index, follow, max-snippet:-1, max-image-preview:large, max-video-preview:-1\" \/>\n<link rel=\"canonical\" href=\"https:\/\/2liceum.eu\/index.php\/2019\/09\/26\/4046\/\" \/>\n<meta property=\"og:locale\" content=\"pl_PL\" \/>\n<meta property=\"og:type\" content=\"article\" \/>\n<meta property=\"og:title\" content=\"Polska Niepodleg\u0142a! - II Liceum Og\u00f3lnokszta\u0142c\u0105ce w Lubinie\" \/>\n<meta property=\"og:description\" content=\"Serdecznie zapraszamy uczni\u00f3w do udzia\u0142u w Og\u00f3lnopolskim Konkursie Historycznym POLSKA NIEPODLEG\u0141A. Organizatorem konkursu jest Polska Uniwersytecka Szko\u0142a Kszta\u0142cenia Indywidualnego. Do konkursu zapraszeni s\u0105 uczniowie z 3 kategorii wiekowych: klasy 4-6 szk\u00f3\u0142 podstawowych, klasy 7-8 szk\u00f3\u0142 podstawowych, uczniowie szk\u00f3\u0142 ponadpodstawowych. Etap szkolny, kt\u00f3ry odb\u0119dzie si\u0119 28 pa\u017adziernika 2019 roku, wy\u0142oni 10 finalist\u00f3w z ka\u017cdej kategorii wiekowej. [&hellip;]\" \/>\n<meta property=\"og:url\" content=\"https:\/\/2liceum.eu\/index.php\/2019\/09\/26\/4046\/\" \/>\n<meta property=\"og:site_name\" content=\"II Liceum Og\u00f3lnokszta\u0142c\u0105ce w Lubinie\" \/>\n<meta property=\"article:publisher\" content=\"https:\/\/web.facebook.com\/IILOLubin\/\" \/>\n<meta property=\"article:published_time\" content=\"2019-09-26T06:47:12+00:00\" \/>\n<meta property=\"article:modified_time\" content=\"2019-09-26T06:47:26+00:00\" \/>\n<meta property=\"og:image\" content=\"https:\/\/scontent-waw1-1.xx.fbcdn.net\/v\/t1.0-9\/71012107_2557425814313996_8067153496308187136_n.jpg?_nc_cat=110&amp;_nc_eui2=AeHJCkJL0-fvhleSb1pkwRF8w8IX1PKYRydOFJmveyR9RE0_-ZFJcMCkJOYy_5Ja9Emeaqu3AXdkFOeL4r0b1_L5OEyfF8PQKV9JCpKM8N4S7g&amp;_nc_oc=AQklnlZuE4FgtBqKrEyoNl6DT9FUbBRg4s9ubJ7z_3zPMnT0R1RtxKG8YRKCUFkbHSA&amp;_nc_ht=scontent-waw1-1.xx&amp;oh=e6d838ad9154134829f3d19766d05ef4&amp;oe=5DF272B0\" \/>\n<meta name=\"author\" content=\"Adam Dragan\" \/>\n<meta name=\"twitter:card\" content=\"summary_large_image\" \/>\n<meta name=\"twitter:label1\" content=\"Napisane przez\" \/>\n\t<meta name=\"twitter:data1\" content=\"Adam Dragan\" \/>\n\t<meta name=\"twitter:label2\" content=\"Szacowany czas czytania\" \/>\n\t<meta name=\"twitter:data2\" content=\"1 minuta\" \/>\n<script type=\"application\/ld+json\" class=\"yoast-schema-graph\">{\"@context\":\"https:\/\/schema.org\",\"@graph\":[{\"@type\":\"Organization\",\"@id\":\"https:\/\/2liceum.eu\/#organization\",\"name\":\"II Liceum Og\u00f3lnokszta\u0142c\u0105ce w Lubinie\",\"url\":\"https:\/\/2liceum.eu\/\",\"sameAs\":[\"http:\/\/2lolubin\",\"https:\/\/www.youtube.com\/channel\/UCWjEMxRJYdfvxPhVOn-8g_g\",\"https:\/\/web.facebook.com\/IILOLubin\/\"],\"logo\":{\"@type\":\"ImageObject\",\"inLanguage\":\"pl-PL\",\"@id\":\"https:\/\/2liceum.eu\/#\/schema\/logo\/image\/\",\"url\":\"https:\/\/2liceum.eu\/wp-content\/uploads\/2018\/01\/pobrane.jpg\",\"contentUrl\":\"https:\/\/2liceum.eu\/wp-content\/uploads\/2018\/01\/pobrane.jpg\",\"width\":184,\"height\":183,\"caption\":\"II Liceum Og\u00f3lnokszta\u0142c\u0105ce w Lubinie\"},\"image\":{\"@id\":\"https:\/\/2liceum.eu\/#\/schema\/logo\/image\/\"}},{\"@type\":\"WebSite\",\"@id\":\"https:\/\/2liceum.eu\/#website\",\"url\":\"https:\/\/2liceum.eu\/\",\"name\":\"II Liceum Og\u00f3lnokszta\u0142c\u0105ce w Lubinie\",\"description\":\"Oficjalny portal II LO w Lubinie. Informacje o szkole, kadrze, zaj\u0119ciach dydaktycznych, ko\u0142ach zainteresowa\u0144, wolontariacie. Aktualno\u015bci. Galeria zdj\u0119\u0107.\",\"publisher\":{\"@id\":\"https:\/\/2liceum.eu\/#organization\"},\"potentialAction\":[{\"@type\":\"SearchAction\",\"target\":{\"@type\":\"EntryPoint\",\"urlTemplate\":\"https:\/\/2liceum.eu\/?s={search_term_string}\"},\"query-input\":\"required name=search_term_string\"}],\"inLanguage\":\"pl-PL\"},{\"@type\":\"WebPage\",\"@id\":\"https:\/\/2liceum.eu\/index.php\/2019\/09\/26\/4046\/\",\"url\":\"https:\/\/2liceum.eu\/index.php\/2019\/09\/26\/4046\/\",\"name\":\"Polska Niepodleg\u0142a! - II Liceum Og\u00f3lnokszta\u0142c\u0105ce w Lubinie\",\"isPartOf\":{\"@id\":\"https:\/\/2liceum.eu\/#website\"},\"datePublished\":\"2019-09-26T06:47:12+00:00\",\"dateModified\":\"2019-09-26T06:47:26+00:00\",\"breadcrumb\":{\"@id\":\"https:\/\/2liceum.eu\/index.php\/2019\/09\/26\/4046\/#breadcrumb\"},\"inLanguage\":\"pl-PL\",\"potentialAction\":[{\"@type\":\"ReadAction\",\"target\":[\"https:\/\/2liceum.eu\/index.php\/2019\/09\/26\/4046\/\"]}]},{\"@type\":\"BreadcrumbList\",\"@id\":\"https:\/\/2liceum.eu\/index.php\/2019\/09\/26\/4046\/#breadcrumb\",\"itemListElement\":[{\"@type\":\"ListItem\",\"position\":1,\"name\":\"Strona g\u0142\u00f3wna\",\"item\":\"https:\/\/2liceum.eu\/\"},{\"@type\":\"ListItem\",\"position\":2,\"name\":\"Polska Niepodleg\u0142a!\"}]},{\"@type\":\"Article\",\"@id\":\"https:\/\/2liceum.eu\/index.php\/2019\/09\/26\/4046\/#article\",\"isPartOf\":{\"@id\":\"https:\/\/2liceum.eu\/index.php\/2019\/09\/26\/4046\/\"},\"author\":{\"name\":\"Adam Dragan\",\"@id\":\"https:\/\/2liceum.eu\/#\/schema\/person\/1a52557bfdaf047be954a8b190648da5\"},\"headline\":\"Polska Niepodleg\u0142a!\",\"datePublished\":\"2019-09-26T06:47:12+00:00\",\"dateModified\":\"2019-09-26T06:47:26+00:00\",\"mainEntityOfPage\":{\"@id\":\"https:\/\/2liceum.eu\/index.php\/2019\/09\/26\/4046\/\"},\"wordCount\":209,\"commentCount\":0,\"publisher\":{\"@id\":\"https:\/\/2liceum.eu\/#organization\"},\"articleSection\":[\"Aktualno\u015bci\",\"Konkursy\"],\"inLanguage\":\"pl-PL\",\"potentialAction\":[{\"@type\":\"CommentAction\",\"name\":\"Comment\",\"target\":[\"https:\/\/2liceum.eu\/index.php\/2019\/09\/26\/4046\/#respond\"]}]},{\"@type\":\"Person\",\"@id\":\"https:\/\/2liceum.eu\/#\/schema\/person\/1a52557bfdaf047be954a8b190648da5\",\"name\":\"Adam Dragan\",\"image\":{\"@type\":\"ImageObject\",\"inLanguage\":\"pl-PL\",\"@id\":\"https:\/\/2liceum.eu\/#\/schema\/person\/image\/\",\"url\":\"https:\/\/secure.gravatar.com\/avatar\/3a2bee53698f47ac117505a8a054d1e47e9ee9593c4c77dc18374aa80472d80c?s=96&d=mm&r=g\",\"contentUrl\":\"https:\/\/secure.gravatar.com\/avatar\/3a2bee53698f47ac117505a8a054d1e47e9ee9593c4c77dc18374aa80472d80c?s=96&d=mm&r=g\",\"caption\":\"Adam Dragan\"},\"sameAs\":[\"http:\/\/2liceum.eu\"]}]}<\/script>\n<!-- \/ Yoast SEO plugin. -->","yoast_head_json":{"title":"Polska Niepodleg\u0142a! - II Liceum Og\u00f3lnokszta\u0142c\u0105ce w Lubinie","robots":{"index":"index","follow":"follow","max-snippet":"max-snippet:-1","max-image-preview":"max-image-preview:large","max-video-preview":"max-video-preview:-1"},"canonical":"https:\/\/2liceum.eu\/index.php\/2019\/09\/26\/4046\/","og_locale":"pl_PL","og_type":"article","og_title":"Polska Niepodleg\u0142a! - II Liceum Og\u00f3lnokszta\u0142c\u0105ce w Lubinie","og_description":"Serdecznie zapraszamy uczni\u00f3w do udzia\u0142u w Og\u00f3lnopolskim Konkursie Historycznym POLSKA NIEPODLEG\u0141A. Organizatorem konkursu jest Polska Uniwersytecka Szko\u0142a Kszta\u0142cenia Indywidualnego. Do konkursu zapraszeni s\u0105 uczniowie z 3 kategorii wiekowych: klasy 4-6 szk\u00f3\u0142 podstawowych, klasy 7-8 szk\u00f3\u0142 podstawowych, uczniowie szk\u00f3\u0142 ponadpodstawowych. Etap szkolny, kt\u00f3ry odb\u0119dzie si\u0119 28 pa\u017adziernika 2019 roku, wy\u0142oni 10 finalist\u00f3w z ka\u017cdej kategorii wiekowej. [&hellip;]","og_url":"https:\/\/2liceum.eu\/index.php\/2019\/09\/26\/4046\/","og_site_name":"II Liceum Og\u00f3lnokszta\u0142c\u0105ce w Lubinie","article_publisher":"https:\/\/web.facebook.com\/IILOLubin\/","article_published_time":"2019-09-26T06:47:12+00:00","article_modified_time":"2019-09-26T06:47:26+00:00","og_image":[{"url":"https:\/\/scontent-waw1-1.xx.fbcdn.net\/v\/t1.0-9\/71012107_2557425814313996_8067153496308187136_n.jpg?_nc_cat=110&amp;_nc_eui2=AeHJCkJL0-fvhleSb1pkwRF8w8IX1PKYRydOFJmveyR9RE0_-ZFJcMCkJOYy_5Ja9Emeaqu3AXdkFOeL4r0b1_L5OEyfF8PQKV9JCpKM8N4S7g&amp;_nc_oc=AQklnlZuE4FgtBqKrEyoNl6DT9FUbBRg4s9ubJ7z_3zPMnT0R1RtxKG8YRKCUFkbHSA&amp;_nc_ht=scontent-waw1-1.xx&amp;oh=e6d838ad9154134829f3d19766d05ef4&amp;oe=5DF272B0"}],"author":"Adam Dragan","twitter_card":"summary_large_image","twitter_misc":{"Napisane przez":"Adam Dragan","Szacowany czas czytania":"1 minuta"},"schema":{"@context":"https:\/\/schema.org","@graph":[{"@type":"Organization","@id":"https:\/\/2liceum.eu\/#organization","name":"II Liceum Og\u00f3lnokszta\u0142c\u0105ce w Lubinie","url":"https:\/\/2liceum.eu\/","sameAs":["http:\/\/2lolubin","https:\/\/www.youtube.com\/channel\/UCWjEMxRJYdfvxPhVOn-8g_g","https:\/\/web.facebook.com\/IILOLubin\/"],"logo":{"@type":"ImageObject","inLanguage":"pl-PL","@id":"https:\/\/2liceum.eu\/#\/schema\/logo\/image\/","url":"https:\/\/2liceum.eu\/wp-content\/uploads\/2018\/01\/pobrane.jpg","contentUrl":"https:\/\/2liceum.eu\/wp-content\/uploads\/2018\/01\/pobrane.jpg","width":184,"height":183,"caption":"II Liceum Og\u00f3lnokszta\u0142c\u0105ce w Lubinie"},"image":{"@id":"https:\/\/2liceum.eu\/#\/schema\/logo\/image\/"}},{"@type":"WebSite","@id":"https:\/\/2liceum.eu\/#website","url":"https:\/\/2liceum.eu\/","name":"II Liceum Og\u00f3lnokszta\u0142c\u0105ce w Lubinie","description":"Oficjalny portal II LO w Lubinie. Informacje o szkole, kadrze, zaj\u0119ciach dydaktycznych, ko\u0142ach zainteresowa\u0144, wolontariacie. Aktualno\u015bci. Galeria zdj\u0119\u0107.","publisher":{"@id":"https:\/\/2liceum.eu\/#organization"},"potentialAction":[{"@type":"SearchAction","target":{"@type":"EntryPoint","urlTemplate":"https:\/\/2liceum.eu\/?s={search_term_string}"},"query-input":"required name=search_term_string"}],"inLanguage":"pl-PL"},{"@type":"WebPage","@id":"https:\/\/2liceum.eu\/index.php\/2019\/09\/26\/4046\/","url":"https:\/\/2liceum.eu\/index.php\/2019\/09\/26\/4046\/","name":"Polska Niepodleg\u0142a! - II Liceum Og\u00f3lnokszta\u0142c\u0105ce w Lubinie","isPartOf":{"@id":"https:\/\/2liceum.eu\/#website"},"datePublished":"2019-09-26T06:47:12+00:00","dateModified":"2019-09-26T06:47:26+00:00","breadcrumb":{"@id":"https:\/\/2liceum.eu\/index.php\/2019\/09\/26\/4046\/#breadcrumb"},"inLanguage":"pl-PL","potentialAction":[{"@type":"ReadAction","target":["https:\/\/2liceum.eu\/index.php\/2019\/09\/26\/4046\/"]}]},{"@type":"BreadcrumbList","@id":"https:\/\/2liceum.eu\/index.php\/2019\/09\/26\/4046\/#breadcrumb","itemListElement":[{"@type":"ListItem","position":1,"name":"Strona g\u0142\u00f3wna","item":"https:\/\/2liceum.eu\/"},{"@type":"ListItem","position":2,"name":"Polska Niepodleg\u0142a!"}]},{"@type":"Article","@id":"https:\/\/2liceum.eu\/index.php\/2019\/09\/26\/4046\/#article","isPartOf":{"@id":"https:\/\/2liceum.eu\/index.php\/2019\/09\/26\/4046\/"},"author":{"name":"Adam Dragan","@id":"https:\/\/2liceum.eu\/#\/schema\/person\/1a52557bfdaf047be954a8b190648da5"},"headline":"Polska Niepodleg\u0142a!","datePublished":"2019-09-26T06:47:12+00:00","dateModified":"2019-09-26T06:47:26+00:00","mainEntityOfPage":{"@id":"https:\/\/2liceum.eu\/index.php\/2019\/09\/26\/4046\/"},"wordCount":209,"commentCount":0,"publisher":{"@id":"https:\/\/2liceum.eu\/#organization"},"articleSection":["Aktualno\u015bci","Konkursy"],"inLanguage":"pl-PL","potentialAction":[{"@type":"CommentAction","name":"Comment","target":["https:\/\/2liceum.eu\/index.php\/2019\/09\/26\/4046\/#respond"]}]},{"@type":"Person","@id":"https:\/\/2liceum.eu\/#\/schema\/person\/1a52557bfdaf047be954a8b190648da5","name":"Adam Dragan","image":{"@type":"ImageObject","inLanguage":"pl-PL","@id":"https:\/\/2liceum.eu\/#\/schema\/person\/image\/","url":"https:\/\/secure.gravatar.com\/avatar\/3a2bee53698f47ac117505a8a054d1e47e9ee9593c4c77dc18374aa80472d80c?s=96&d=mm&r=g","contentUrl":"https:\/\/secure.gravatar.com\/avatar\/3a2bee53698f47ac117505a8a054d1e47e9ee9593c4c77dc18374aa80472d80c?s=96&d=mm&r=g","caption":"Adam Dragan"},"sameAs":["http:\/\/2liceum.eu"]}]}},"_links":{"self":[{"href":"https:\/\/2liceum.eu\/index.php\/wp-json\/wp\/v2\/posts\/4046","targetHints":{"allow":["GET"]}}],"collection":[{"href":"https:\/\/2liceum.eu\/index.php\/wp-json\/wp\/v2\/posts"}],"about":[{"href":"https:\/\/2liceum.eu\/index.php\/wp-json\/wp\/v2\/types\/post"}],"author":[{"embeddable":true,"href":"https:\/\/2liceum.eu\/index.php\/wp-json\/wp\/v2\/users\/2"}],"replies":[{"embeddable":true,"href":"https:\/\/2liceum.eu\/index.php\/wp-json\/wp\/v2\/comments?post=4046"}],"version-history":[{"count":3,"href":"https:\/\/2liceum.eu\/index.php\/wp-json\/wp\/v2\/posts\/4046\/revisions"}],"predecessor-version":[{"id":4049,"href":"https:\/\/2liceum.eu\/index.php\/wp-json\/wp\/v2\/posts\/4046\/revisions\/4049"}],"wp:attachment":[{"href":"https:\/\/2liceum.eu\/index.php\/wp-json\/wp\/v2\/media?parent=4046"}],"wp:term":[{"taxonomy":"category","embeddable":true,"href":"https:\/\/2liceum.eu\/index.php\/wp-json\/wp\/v2\/categories?post=4046"},{"taxonomy":"post_tag","embeddable":true,"href":"https:\/\/2liceum.eu\/index.php\/wp-json\/wp\/v2\/tags?post=4046"}],"curies":[{"name":"wp","href":"https:\/\/api.w.org\/{rel}","templated":true}]}}