{"id":4051,"date":"2019-09-26T14:08:58","date_gmt":"2019-09-26T12:08:58","guid":{"rendered":"https:\/\/2liceum.eu\/?p=4051"},"modified":"2019-09-26T14:08:59","modified_gmt":"2019-09-26T12:08:59","slug":"konkurs-na-najciekawsza-prezentacje-multimedialna-pt-wyprawa-ferdynanda-magellana-dookola-swiata","status":"publish","type":"post","link":"https:\/\/2liceum.eu\/index.php\/2019\/09\/26\/konkurs-na-najciekawsza-prezentacje-multimedialna-pt-wyprawa-ferdynanda-magellana-dookola-swiata\/","title":{"rendered":"Konkurs na najciekawsz\u0105 prezentacj\u0119 multimedialn\u0105 pt.: \u201eWyprawa Ferdynanda Magellana dooko\u0142a \u015bwiata\u201d!"},"content":{"rendered":"<p style=\"text-align: justify;\"><img loading=\"lazy\" decoding=\"async\" class=\"alignleft\" src=\"https:\/\/upload.wikimedia.org\/wikipedia\/commons\/9\/9c\/Ferdinand_Magellan.jpg\" width=\"210\" height=\"260\"><\/p>\n<p style=\"text-align: justify;\"><span class=\"text_exposed_show\">Centrum J\u0119zyka Portugalskiego\/Cam\u00f5es przy Uniwersytecie Marii Curie-Sk\u0142odowskiej w Lublinie zaprasza do wzi\u0119cia udzia\u0142u w <strong>konkursie <span style=\"color: #ff0000;\">na najciekawsz\u0105 prezentacj\u0119 multimedialn\u0105<\/span> pt.: \u201eWyprawa Ferdynanda Magellana dooko\u0142a \u015bwiata\u201d.<\/strong><\/span><\/p>\n<div class=\"text_exposed_show\">\n<p style=\"text-align: justify;\">G\u0142\u00f3wnym celem tegorocznej edycji konkursu jest upami\u0119tnienie 500-lecia morskiej wyprawy dooko\u0142a \u015bwiata \u017ceglarza Ferdynanda Magellana.<\/p>\n<p style=\"text-align: justify;\">Konkurs adresowany jest do uczni\u00f3w klas VI-VIII szk\u00f3\u0142 podstawowych oraz uczni\u00f3w szk\u00f3\u0142 ponadpodstawowych z ca\u0142ej Polski.<\/p>\n<p style=\"text-align: justify;\">Prace przyjmowane s\u0105 do 25.11.2019<\/p>\n<p>Szczeg\u00f3\u0142owe informacje i regulamin znajduj\u0105 si\u0119 na stronie&nbsp;<a href=\"https:\/\/www.umcs.pl\/pl\/aktualnosci,5426,x-edycja-konkursu-na-najciekawsza-prezentacje-multimedialna,69156.chtm?fbclid=IwAR3ru4LmGA_4CHdblbI_Xgq4BSauJZrJEOBvAYUuEtThJXneOwrwlzg-MJQ\" target=\"_blank\" rel=\"noopener nofollow noreferrer\" data-ft=\"{&quot;tn&quot;:&quot;-U&quot;}\" data-lynx-mode=\"async\" data-lynx-uri=\"https:\/\/l.facebook.com\/l.php?u=https%3A%2F%2Fwww.umcs.pl%2Fpl%2Faktualnosci%2C5426%2Cx-edycja-konkursu-na-najciekawsza-prezentacje-multimedialna%2C69156.chtm%3Ffbclid%3DIwAR3ru4LmGA_4CHdblbI_Xgq4BSauJZrJEOBvAYUuEtThJXneOwrwlzg-MJQ&amp;h=AT3n14fPOx5-6UC5Ldsop6iMkKw_ME3iLI__iQRGwZtbeHk9MdGUtHlG4nnDpfycJHPim4UJeUbDFo1V0njFJ0rypQdiUnu4VhTH3tF_sT02kCX9ZuMlGyagwbLAiPW_zizfymaLRAHS8J2ggplmqSbLqUmbWy5a7E_fsh7NqzYFbAjhRibxVbbZr2Zg9Aa2M2gafo-ZpjA59mlGKoNbyYdk6muctV0vTpGBLFEl1lPiPUQ9x_slKjw_H8kAz7pRFqJhj3JORa4IPGT-zE9p4tw-2eZetDqbAerXd2RFMJi9lypDHdtMVeF42ThGnSAaInyBGBi5DDcOJLgE2blgA2De_1kqfKTexp-2pLtGT5EqMX6K55eI_mGpLOECg6dFH0Y-IJDRJAKV7YG4d7pXUwMUBoBgiXqjwokK2a40hvLJFwAemb-ZkGmgjPyIj7qzbcMidLXKmQQBxQtiCmabVFb-oFlxyc5yK04gReUYyAKb_6Pq2vdLsZfJjxpliWxI9OFo-eVt6cLTP81oYsiKDQgIbskecr5HDC9Cl7NQaHIfmo8gYRRt_zS_3-EuAoKkEerO-hHRcWFVMYg11Rio8NG9I9xPB_BdYynySDALopw3uhukE_HRkzFEQcwbvpJ4i_ryow\">https:\/\/www.umcs.pl\/\u2026\/aktualnosci,5426,x-edycja-konkursu-na\u2026<\/a><\/p>\n<p><strong>OSOBY ZAINTERESOWANE PROSZONE S\u0104 O <span style=\"color: #ff0000;\">KONTAKT Z P. ADAMEM DRAGAN (s. 116).<\/span><\/strong><\/p>\n<\/div>\n","protected":false},"excerpt":{"rendered":"<p>Centrum J\u0119zyka Portugalskiego\/Cam\u00f5es przy Uniwersytecie Marii Curie-Sk\u0142odowskiej w Lublinie zaprasza do wzi\u0119cia udzia\u0142u w konkursie na najciekawsz\u0105 prezentacj\u0119 multimedialn\u0105 pt.: \u201eWyprawa Ferdynanda Magellana dooko\u0142a \u015bwiata\u201d. G\u0142\u00f3wnym celem tegorocznej edycji konkursu jest upami\u0119tnienie 500-lecia morskiej wyprawy dooko\u0142a \u015bwiata \u017ceglarza Ferdynanda Magellana. Konkurs adresowany jest do uczni\u00f3w klas VI-VIII szk\u00f3\u0142 podstawowych oraz uczni\u00f3w szk\u00f3\u0142 ponadpodstawowych z ca\u0142ej [&hellip;]<\/p>\n","protected":false},"author":2,"featured_media":0,"comment_status":"open","ping_status":"open","sticky":false,"template":"","format":"standard","meta":{"ngg_post_thumbnail":0,"footnotes":""},"categories":[1,9],"tags":[],"class_list":["post-4051","post","type-post","status-publish","format-standard","hentry","category-aktualnosci","category-konkursy"],"yoast_head":"<!-- This site is optimized with the Yoast SEO plugin v19.4 - https:\/\/yoast.com\/wordpress\/plugins\/seo\/ -->\n<title>Konkurs na najciekawsz\u0105 prezentacj\u0119 multimedialn\u0105 pt.: \u201eWyprawa Ferdynanda Magellana dooko\u0142a \u015bwiata\u201d! - II Liceum Og\u00f3lnokszta\u0142c\u0105ce w Lubinie<\/title>\n<meta name=\"robots\" content=\"index, follow, max-snippet:-1, max-image-preview:large, max-video-preview:-1\" \/>\n<link rel=\"canonical\" href=\"https:\/\/2liceum.eu\/index.php\/2019\/09\/26\/konkurs-na-najciekawsza-prezentacje-multimedialna-pt-wyprawa-ferdynanda-magellana-dookola-swiata\/\" \/>\n<meta property=\"og:locale\" content=\"pl_PL\" \/>\n<meta property=\"og:type\" content=\"article\" \/>\n<meta property=\"og:title\" content=\"Konkurs na najciekawsz\u0105 prezentacj\u0119 multimedialn\u0105 pt.: \u201eWyprawa Ferdynanda Magellana dooko\u0142a \u015bwiata\u201d! - II Liceum Og\u00f3lnokszta\u0142c\u0105ce w Lubinie\" \/>\n<meta property=\"og:description\" content=\"Centrum J\u0119zyka Portugalskiego\/Cam\u00f5es przy Uniwersytecie Marii Curie-Sk\u0142odowskiej w Lublinie zaprasza do wzi\u0119cia udzia\u0142u w konkursie na najciekawsz\u0105 prezentacj\u0119 multimedialn\u0105 pt.: \u201eWyprawa Ferdynanda Magellana dooko\u0142a \u015bwiata\u201d. G\u0142\u00f3wnym celem tegorocznej edycji konkursu jest upami\u0119tnienie 500-lecia morskiej wyprawy dooko\u0142a \u015bwiata \u017ceglarza Ferdynanda Magellana. Konkurs adresowany jest do uczni\u00f3w klas VI-VIII szk\u00f3\u0142 podstawowych oraz uczni\u00f3w szk\u00f3\u0142 ponadpodstawowych z ca\u0142ej [&hellip;]\" \/>\n<meta property=\"og:url\" content=\"https:\/\/2liceum.eu\/index.php\/2019\/09\/26\/konkurs-na-najciekawsza-prezentacje-multimedialna-pt-wyprawa-ferdynanda-magellana-dookola-swiata\/\" \/>\n<meta property=\"og:site_name\" content=\"II Liceum Og\u00f3lnokszta\u0142c\u0105ce w Lubinie\" \/>\n<meta property=\"article:publisher\" content=\"https:\/\/web.facebook.com\/IILOLubin\/\" \/>\n<meta property=\"article:published_time\" content=\"2019-09-26T12:08:58+00:00\" \/>\n<meta property=\"article:modified_time\" content=\"2019-09-26T12:08:59+00:00\" \/>\n<meta property=\"og:image\" content=\"https:\/\/upload.wikimedia.org\/wikipedia\/commons\/9\/9c\/Ferdinand_Magellan.jpg\" \/>\n<meta name=\"author\" content=\"Adam Dragan\" \/>\n<meta name=\"twitter:card\" content=\"summary_large_image\" \/>\n<meta name=\"twitter:label1\" content=\"Napisane przez\" \/>\n\t<meta name=\"twitter:data1\" content=\"Adam Dragan\" \/>\n\t<meta name=\"twitter:label2\" content=\"Szacowany czas czytania\" \/>\n\t<meta name=\"twitter:data2\" content=\"1 minuta\" \/>\n<script type=\"application\/ld+json\" class=\"yoast-schema-graph\">{\"@context\":\"https:\/\/schema.org\",\"@graph\":[{\"@type\":\"Organization\",\"@id\":\"https:\/\/2liceum.eu\/#organization\",\"name\":\"II Liceum Og\u00f3lnokszta\u0142c\u0105ce w Lubinie\",\"url\":\"https:\/\/2liceum.eu\/\",\"sameAs\":[\"http:\/\/2lolubin\",\"https:\/\/www.youtube.com\/channel\/UCWjEMxRJYdfvxPhVOn-8g_g\",\"https:\/\/web.facebook.com\/IILOLubin\/\"],\"logo\":{\"@type\":\"ImageObject\",\"inLanguage\":\"pl-PL\",\"@id\":\"https:\/\/2liceum.eu\/#\/schema\/logo\/image\/\",\"url\":\"https:\/\/2liceum.eu\/wp-content\/uploads\/2018\/01\/pobrane.jpg\",\"contentUrl\":\"https:\/\/2liceum.eu\/wp-content\/uploads\/2018\/01\/pobrane.jpg\",\"width\":184,\"height\":183,\"caption\":\"II Liceum Og\u00f3lnokszta\u0142c\u0105ce w Lubinie\"},\"image\":{\"@id\":\"https:\/\/2liceum.eu\/#\/schema\/logo\/image\/\"}},{\"@type\":\"WebSite\",\"@id\":\"https:\/\/2liceum.eu\/#website\",\"url\":\"https:\/\/2liceum.eu\/\",\"name\":\"II Liceum Og\u00f3lnokszta\u0142c\u0105ce w Lubinie\",\"description\":\"Oficjalny portal II LO w Lubinie. Informacje o szkole, kadrze, zaj\u0119ciach dydaktycznych, ko\u0142ach zainteresowa\u0144, wolontariacie. Aktualno\u015bci. Galeria zdj\u0119\u0107.\",\"publisher\":{\"@id\":\"https:\/\/2liceum.eu\/#organization\"},\"potentialAction\":[{\"@type\":\"SearchAction\",\"target\":{\"@type\":\"EntryPoint\",\"urlTemplate\":\"https:\/\/2liceum.eu\/?s={search_term_string}\"},\"query-input\":\"required name=search_term_string\"}],\"inLanguage\":\"pl-PL\"},{\"@type\":\"WebPage\",\"@id\":\"https:\/\/2liceum.eu\/index.php\/2019\/09\/26\/konkurs-na-najciekawsza-prezentacje-multimedialna-pt-wyprawa-ferdynanda-magellana-dookola-swiata\/\",\"url\":\"https:\/\/2liceum.eu\/index.php\/2019\/09\/26\/konkurs-na-najciekawsza-prezentacje-multimedialna-pt-wyprawa-ferdynanda-magellana-dookola-swiata\/\",\"name\":\"Konkurs na najciekawsz\u0105 prezentacj\u0119 multimedialn\u0105 pt.: \u201eWyprawa Ferdynanda Magellana dooko\u0142a \u015bwiata\u201d! - II Liceum Og\u00f3lnokszta\u0142c\u0105ce w Lubinie\",\"isPartOf\":{\"@id\":\"https:\/\/2liceum.eu\/#website\"},\"datePublished\":\"2019-09-26T12:08:58+00:00\",\"dateModified\":\"2019-09-26T12:08:59+00:00\",\"breadcrumb\":{\"@id\":\"https:\/\/2liceum.eu\/index.php\/2019\/09\/26\/konkurs-na-najciekawsza-prezentacje-multimedialna-pt-wyprawa-ferdynanda-magellana-dookola-swiata\/#breadcrumb\"},\"inLanguage\":\"pl-PL\",\"potentialAction\":[{\"@type\":\"ReadAction\",\"target\":[\"https:\/\/2liceum.eu\/index.php\/2019\/09\/26\/konkurs-na-najciekawsza-prezentacje-multimedialna-pt-wyprawa-ferdynanda-magellana-dookola-swiata\/\"]}]},{\"@type\":\"BreadcrumbList\",\"@id\":\"https:\/\/2liceum.eu\/index.php\/2019\/09\/26\/konkurs-na-najciekawsza-prezentacje-multimedialna-pt-wyprawa-ferdynanda-magellana-dookola-swiata\/#breadcrumb\",\"itemListElement\":[{\"@type\":\"ListItem\",\"position\":1,\"name\":\"Strona g\u0142\u00f3wna\",\"item\":\"https:\/\/2liceum.eu\/\"},{\"@type\":\"ListItem\",\"position\":2,\"name\":\"Konkurs na&nbsp;najciekawsz\u0105 prezentacj\u0119 multimedialn\u0105 pt.: \u201eWyprawa Ferdynanda Magellana dooko\u0142a \u015bwiata\u201d!\"}]},{\"@type\":\"Article\",\"@id\":\"https:\/\/2liceum.eu\/index.php\/2019\/09\/26\/konkurs-na-najciekawsza-prezentacje-multimedialna-pt-wyprawa-ferdynanda-magellana-dookola-swiata\/#article\",\"isPartOf\":{\"@id\":\"https:\/\/2liceum.eu\/index.php\/2019\/09\/26\/konkurs-na-najciekawsza-prezentacje-multimedialna-pt-wyprawa-ferdynanda-magellana-dookola-swiata\/\"},\"author\":{\"name\":\"Adam Dragan\",\"@id\":\"https:\/\/2liceum.eu\/#\/schema\/person\/1a52557bfdaf047be954a8b190648da5\"},\"headline\":\"Konkurs na najciekawsz\u0105 prezentacj\u0119 multimedialn\u0105 pt.: \u201eWyprawa Ferdynanda Magellana dooko\u0142a \u015bwiata\u201d!\",\"datePublished\":\"2019-09-26T12:08:58+00:00\",\"dateModified\":\"2019-09-26T12:08:59+00:00\",\"mainEntityOfPage\":{\"@id\":\"https:\/\/2liceum.eu\/index.php\/2019\/09\/26\/konkurs-na-najciekawsza-prezentacje-multimedialna-pt-wyprawa-ferdynanda-magellana-dookola-swiata\/\"},\"wordCount\":112,\"commentCount\":0,\"publisher\":{\"@id\":\"https:\/\/2liceum.eu\/#organization\"},\"articleSection\":[\"Aktualno\u015bci\",\"Konkursy\"],\"inLanguage\":\"pl-PL\",\"potentialAction\":[{\"@type\":\"CommentAction\",\"name\":\"Comment\",\"target\":[\"https:\/\/2liceum.eu\/index.php\/2019\/09\/26\/konkurs-na-najciekawsza-prezentacje-multimedialna-pt-wyprawa-ferdynanda-magellana-dookola-swiata\/#respond\"]}]},{\"@type\":\"Person\",\"@id\":\"https:\/\/2liceum.eu\/#\/schema\/person\/1a52557bfdaf047be954a8b190648da5\",\"name\":\"Adam Dragan\",\"image\":{\"@type\":\"ImageObject\",\"inLanguage\":\"pl-PL\",\"@id\":\"https:\/\/2liceum.eu\/#\/schema\/person\/image\/\",\"url\":\"https:\/\/secure.gravatar.com\/avatar\/3a2bee53698f47ac117505a8a054d1e47e9ee9593c4c77dc18374aa80472d80c?s=96&d=mm&r=g\",\"contentUrl\":\"https:\/\/secure.gravatar.com\/avatar\/3a2bee53698f47ac117505a8a054d1e47e9ee9593c4c77dc18374aa80472d80c?s=96&d=mm&r=g\",\"caption\":\"Adam Dragan\"},\"sameAs\":[\"http:\/\/2liceum.eu\"]}]}<\/script>\n<!-- \/ Yoast SEO plugin. -->","yoast_head_json":{"title":"Konkurs na najciekawsz\u0105 prezentacj\u0119 multimedialn\u0105 pt.: \u201eWyprawa Ferdynanda Magellana dooko\u0142a \u015bwiata\u201d! - II Liceum Og\u00f3lnokszta\u0142c\u0105ce w Lubinie","robots":{"index":"index","follow":"follow","max-snippet":"max-snippet:-1","max-image-preview":"max-image-preview:large","max-video-preview":"max-video-preview:-1"},"canonical":"https:\/\/2liceum.eu\/index.php\/2019\/09\/26\/konkurs-na-najciekawsza-prezentacje-multimedialna-pt-wyprawa-ferdynanda-magellana-dookola-swiata\/","og_locale":"pl_PL","og_type":"article","og_title":"Konkurs na najciekawsz\u0105 prezentacj\u0119 multimedialn\u0105 pt.: \u201eWyprawa Ferdynanda Magellana dooko\u0142a \u015bwiata\u201d! - II Liceum Og\u00f3lnokszta\u0142c\u0105ce w Lubinie","og_description":"Centrum J\u0119zyka Portugalskiego\/Cam\u00f5es przy Uniwersytecie Marii Curie-Sk\u0142odowskiej w Lublinie zaprasza do wzi\u0119cia udzia\u0142u w konkursie na najciekawsz\u0105 prezentacj\u0119 multimedialn\u0105 pt.: \u201eWyprawa Ferdynanda Magellana dooko\u0142a \u015bwiata\u201d. G\u0142\u00f3wnym celem tegorocznej edycji konkursu jest upami\u0119tnienie 500-lecia morskiej wyprawy dooko\u0142a \u015bwiata \u017ceglarza Ferdynanda Magellana. Konkurs adresowany jest do uczni\u00f3w klas VI-VIII szk\u00f3\u0142 podstawowych oraz uczni\u00f3w szk\u00f3\u0142 ponadpodstawowych z ca\u0142ej [&hellip;]","og_url":"https:\/\/2liceum.eu\/index.php\/2019\/09\/26\/konkurs-na-najciekawsza-prezentacje-multimedialna-pt-wyprawa-ferdynanda-magellana-dookola-swiata\/","og_site_name":"II Liceum Og\u00f3lnokszta\u0142c\u0105ce w Lubinie","article_publisher":"https:\/\/web.facebook.com\/IILOLubin\/","article_published_time":"2019-09-26T12:08:58+00:00","article_modified_time":"2019-09-26T12:08:59+00:00","og_image":[{"url":"https:\/\/upload.wikimedia.org\/wikipedia\/commons\/9\/9c\/Ferdinand_Magellan.jpg"}],"author":"Adam Dragan","twitter_card":"summary_large_image","twitter_misc":{"Napisane przez":"Adam Dragan","Szacowany czas czytania":"1 minuta"},"schema":{"@context":"https:\/\/schema.org","@graph":[{"@type":"Organization","@id":"https:\/\/2liceum.eu\/#organization","name":"II Liceum Og\u00f3lnokszta\u0142c\u0105ce w Lubinie","url":"https:\/\/2liceum.eu\/","sameAs":["http:\/\/2lolubin","https:\/\/www.youtube.com\/channel\/UCWjEMxRJYdfvxPhVOn-8g_g","https:\/\/web.facebook.com\/IILOLubin\/"],"logo":{"@type":"ImageObject","inLanguage":"pl-PL","@id":"https:\/\/2liceum.eu\/#\/schema\/logo\/image\/","url":"https:\/\/2liceum.eu\/wp-content\/uploads\/2018\/01\/pobrane.jpg","contentUrl":"https:\/\/2liceum.eu\/wp-content\/uploads\/2018\/01\/pobrane.jpg","width":184,"height":183,"caption":"II Liceum Og\u00f3lnokszta\u0142c\u0105ce w Lubinie"},"image":{"@id":"https:\/\/2liceum.eu\/#\/schema\/logo\/image\/"}},{"@type":"WebSite","@id":"https:\/\/2liceum.eu\/#website","url":"https:\/\/2liceum.eu\/","name":"II Liceum Og\u00f3lnokszta\u0142c\u0105ce w Lubinie","description":"Oficjalny portal II LO w Lubinie. Informacje o szkole, kadrze, zaj\u0119ciach dydaktycznych, ko\u0142ach zainteresowa\u0144, wolontariacie. Aktualno\u015bci. Galeria zdj\u0119\u0107.","publisher":{"@id":"https:\/\/2liceum.eu\/#organization"},"potentialAction":[{"@type":"SearchAction","target":{"@type":"EntryPoint","urlTemplate":"https:\/\/2liceum.eu\/?s={search_term_string}"},"query-input":"required name=search_term_string"}],"inLanguage":"pl-PL"},{"@type":"WebPage","@id":"https:\/\/2liceum.eu\/index.php\/2019\/09\/26\/konkurs-na-najciekawsza-prezentacje-multimedialna-pt-wyprawa-ferdynanda-magellana-dookola-swiata\/","url":"https:\/\/2liceum.eu\/index.php\/2019\/09\/26\/konkurs-na-najciekawsza-prezentacje-multimedialna-pt-wyprawa-ferdynanda-magellana-dookola-swiata\/","name":"Konkurs na najciekawsz\u0105 prezentacj\u0119 multimedialn\u0105 pt.: \u201eWyprawa Ferdynanda Magellana dooko\u0142a \u015bwiata\u201d! - II Liceum Og\u00f3lnokszta\u0142c\u0105ce w Lubinie","isPartOf":{"@id":"https:\/\/2liceum.eu\/#website"},"datePublished":"2019-09-26T12:08:58+00:00","dateModified":"2019-09-26T12:08:59+00:00","breadcrumb":{"@id":"https:\/\/2liceum.eu\/index.php\/2019\/09\/26\/konkurs-na-najciekawsza-prezentacje-multimedialna-pt-wyprawa-ferdynanda-magellana-dookola-swiata\/#breadcrumb"},"inLanguage":"pl-PL","potentialAction":[{"@type":"ReadAction","target":["https:\/\/2liceum.eu\/index.php\/2019\/09\/26\/konkurs-na-najciekawsza-prezentacje-multimedialna-pt-wyprawa-ferdynanda-magellana-dookola-swiata\/"]}]},{"@type":"BreadcrumbList","@id":"https:\/\/2liceum.eu\/index.php\/2019\/09\/26\/konkurs-na-najciekawsza-prezentacje-multimedialna-pt-wyprawa-ferdynanda-magellana-dookola-swiata\/#breadcrumb","itemListElement":[{"@type":"ListItem","position":1,"name":"Strona g\u0142\u00f3wna","item":"https:\/\/2liceum.eu\/"},{"@type":"ListItem","position":2,"name":"Konkurs na&nbsp;najciekawsz\u0105 prezentacj\u0119 multimedialn\u0105 pt.: \u201eWyprawa Ferdynanda Magellana dooko\u0142a \u015bwiata\u201d!"}]},{"@type":"Article","@id":"https:\/\/2liceum.eu\/index.php\/2019\/09\/26\/konkurs-na-najciekawsza-prezentacje-multimedialna-pt-wyprawa-ferdynanda-magellana-dookola-swiata\/#article","isPartOf":{"@id":"https:\/\/2liceum.eu\/index.php\/2019\/09\/26\/konkurs-na-najciekawsza-prezentacje-multimedialna-pt-wyprawa-ferdynanda-magellana-dookola-swiata\/"},"author":{"name":"Adam Dragan","@id":"https:\/\/2liceum.eu\/#\/schema\/person\/1a52557bfdaf047be954a8b190648da5"},"headline":"Konkurs na najciekawsz\u0105 prezentacj\u0119 multimedialn\u0105 pt.: \u201eWyprawa Ferdynanda Magellana dooko\u0142a \u015bwiata\u201d!","datePublished":"2019-09-26T12:08:58+00:00","dateModified":"2019-09-26T12:08:59+00:00","mainEntityOfPage":{"@id":"https:\/\/2liceum.eu\/index.php\/2019\/09\/26\/konkurs-na-najciekawsza-prezentacje-multimedialna-pt-wyprawa-ferdynanda-magellana-dookola-swiata\/"},"wordCount":112,"commentCount":0,"publisher":{"@id":"https:\/\/2liceum.eu\/#organization"},"articleSection":["Aktualno\u015bci","Konkursy"],"inLanguage":"pl-PL","potentialAction":[{"@type":"CommentAction","name":"Comment","target":["https:\/\/2liceum.eu\/index.php\/2019\/09\/26\/konkurs-na-najciekawsza-prezentacje-multimedialna-pt-wyprawa-ferdynanda-magellana-dookola-swiata\/#respond"]}]},{"@type":"Person","@id":"https:\/\/2liceum.eu\/#\/schema\/person\/1a52557bfdaf047be954a8b190648da5","name":"Adam Dragan","image":{"@type":"ImageObject","inLanguage":"pl-PL","@id":"https:\/\/2liceum.eu\/#\/schema\/person\/image\/","url":"https:\/\/secure.gravatar.com\/avatar\/3a2bee53698f47ac117505a8a054d1e47e9ee9593c4c77dc18374aa80472d80c?s=96&d=mm&r=g","contentUrl":"https:\/\/secure.gravatar.com\/avatar\/3a2bee53698f47ac117505a8a054d1e47e9ee9593c4c77dc18374aa80472d80c?s=96&d=mm&r=g","caption":"Adam Dragan"},"sameAs":["http:\/\/2liceum.eu"]}]}},"_links":{"self":[{"href":"https:\/\/2liceum.eu\/index.php\/wp-json\/wp\/v2\/posts\/4051","targetHints":{"allow":["GET"]}}],"collection":[{"href":"https:\/\/2liceum.eu\/index.php\/wp-json\/wp\/v2\/posts"}],"about":[{"href":"https:\/\/2liceum.eu\/index.php\/wp-json\/wp\/v2\/types\/post"}],"author":[{"embeddable":true,"href":"https:\/\/2liceum.eu\/index.php\/wp-json\/wp\/v2\/users\/2"}],"replies":[{"embeddable":true,"href":"https:\/\/2liceum.eu\/index.php\/wp-json\/wp\/v2\/comments?post=4051"}],"version-history":[{"count":1,"href":"https:\/\/2liceum.eu\/index.php\/wp-json\/wp\/v2\/posts\/4051\/revisions"}],"predecessor-version":[{"id":4052,"href":"https:\/\/2liceum.eu\/index.php\/wp-json\/wp\/v2\/posts\/4051\/revisions\/4052"}],"wp:attachment":[{"href":"https:\/\/2liceum.eu\/index.php\/wp-json\/wp\/v2\/media?parent=4051"}],"wp:term":[{"taxonomy":"category","embeddable":true,"href":"https:\/\/2liceum.eu\/index.php\/wp-json\/wp\/v2\/categories?post=4051"},{"taxonomy":"post_tag","embeddable":true,"href":"https:\/\/2liceum.eu\/index.php\/wp-json\/wp\/v2\/tags?post=4051"}],"curies":[{"name":"wp","href":"https:\/\/api.w.org\/{rel}","templated":true}]}}