{"id":4146,"date":"2019-10-16T14:12:34","date_gmt":"2019-10-16T12:12:34","guid":{"rendered":"https:\/\/2liceum.eu\/?p=4146"},"modified":"2019-10-16T14:26:58","modified_gmt":"2019-10-16T12:26:58","slug":"dzien-edukacji-narodowej-w-ii-lo","status":"publish","type":"post","link":"https:\/\/2liceum.eu\/index.php\/2019\/10\/16\/dzien-edukacji-narodowej-w-ii-lo\/","title":{"rendered":"Dzie\u0144 Edukacji Narodowej w II LO!"},"content":{"rendered":"<p style=\"text-align: justify;\"><strong><img loading=\"lazy\" decoding=\"async\" class=\"size-full alignleft\" src=\"https:\/\/2liceum.eu\/wp-content\/uploads\/sites\/1\/nggallery\/dzien-edukacji-narodowej-2019\/thumbs\/thumbs_72231932_2598008453589065_9133557905553883136_o_2598008443589066.jpg\" width=\"240\" height=\"160\">Dnia 14 pa\u017adziernika w naszej szkole odby\u0142a si\u0119 <span style=\"color: #008000;\">gala z okazji Dnia Edukacji Narodowej.<\/span><\/strong> Uroczysto\u015b\u0107 poprowadzi\u0142a klasa 3B, kt\u00f3ra na pocz\u0105tek powita\u0142a Szanownych Go\u015bci, m.in. Rektora Uczelni Jana Wy\u017cykowskiego, Pana Tadeusza Kierzyka, a tak\u017ce Dyrektora II LO Pana Tomasza Radzieja, Pani\u0105 Wicedyrektor Emanuel\u0119 Garnowsk\u0105, wszystkich pracownik\u00f3w szko\u0142y.<\/p>\n<p style=\"text-align: justify;\">Nawi\u0105zano do powo\u0142ania KEN (Komisji Edukacji Narodowej) przez Stanis\u0142awa Augusta Poniatowskiego w 1773 roku. By\u0142o to pierwsze ministerstwo o\u015bwiaty w Europie. Pan Dyrektor Tomasz Radziej wspomnia\u0142 o trudach zawodu nauczyciela. Wydawa\u0107 by si\u0119 mog\u0142o, \u017ce to, co robi\u0105 jest proste, ale to tylko pozory. Oni s\u0105 z nami &#8211; uczniami przez prawie p\u00f3\u0142 dnia, ucz\u0105 nas przydatnych umiej\u0119tno\u015bci, czasami musz\u0105 si\u0119 nawet troszk\u0119 zdenerwowa\u0107, ale to w\u0142a\u015bnie dzi\u0119ki Nim wiele osi\u0105gamy. G\u0142os zabra\u0142 r\u00f3wnie\u017c ju\u017c by\u0142y Redaktor tygodnika ,,Wprost&#8221;, absolwent naszego liceum, Pan Jacek Poch\u0142opie\u0144, wspominaj\u0105c swoje lata szkolne sp\u0119dzone w II LO. Niegdy\u015b dosta\u0142 si\u0119 do medi\u00f3w przez przypadek na trzy miesi\u0105ce, ale pozosta\u0142 w ich \u015brodowisku a\u017c do teraz. Naszemu Szanownemu Go\u015bciowi wr\u0119czono statuetk\u0119 z tytu\u0142em Honorowego Absolwenta II LO, kt\u00f3ry raz do roku przyznajemy naszym wyj\u0105tkowym Absolwentom, kt\u00f3rzy maj\u0105 na swoim koncie wybitne osi\u0105gni\u0119cia.<\/p>\n<p style=\"text-align: justify;\">W trakcie gali dowiedzieli\u015bmy si\u0119 r\u00f3wnie\u017c, kto w tym roku wygra\u0142 Plebiscyt &#8222;Stanis\u0142awy&#8221;.<\/p>\n<p style=\"text-align: justify;\">W kategorii:<\/p>\n<p style=\"text-align: justify;\">&#8211; &#8222;skarbnica wiedzy&#8221; &#8211; p. Ewelina Majerczak,<\/p>\n<p style=\"text-align: justify;\">&#8211; &#8222;ikona stylu&#8221; &#8211; p. Aldona Szykulska,<\/p>\n<p style=\"text-align: justify;\">&#8211; &#8222;demon szybko\u015bci&#8221; &#8211; p. Danuta Go\u0142\u0105b<\/p>\n<p style=\"text-align: justify;\">&#8211; &#8222;oaza spokoju&#8221; &#8211; p. Liliana Bartosiewicz<\/p>\n<p style=\"text-align: justify;\">&#8211; &#8222;mistrz ci\u0119tej riposty&#8221; i &#8222;dyscypliny&#8221; &#8211; p. Maciej Lech<\/p>\n<p style=\"text-align: justify;\">&#8211; &#8222;nauczyciel roku&#8221; &#8211; p. Tomasz B\u00f3b<\/p>\n<p style=\"text-align: justify;\">Na koniec Przewodnicz\u0105ca SU, Alicja Je\u017c, wyg\u0142osi\u0142a kr\u00f3tk\u0105 przemow\u0119, a uczniowie rozdali kwiaty nauczycielom.<\/p>\n<p style=\"text-align: justify;\">Jeszcze raz dzi\u0119kujemy 3b za ciekaw\u0105 gal\u0119 i przede wszystkim sk\u0142adamy wszystkim najserdeczniejsze \u017cyczenia z okazji DEN!<\/p>\n<p><a href=\"https:\/\/2liceum.eu\/index.php\/rok-szkolny-2019-2020\/nggallery\/rok-szkolny-2019-2020\/Dzie\u0144-Edukacji-Narodowej-2019!\" target=\"_blank\" rel=\"noopener noreferrer\"><strong>Zapraszamy do GALERII ZDJ\u0118\u0106!<\/strong><\/a><\/p>\n","protected":false},"excerpt":{"rendered":"<p>Dnia 14 pa\u017adziernika w naszej szkole odby\u0142a si\u0119 gala z okazji Dnia Edukacji Narodowej. Uroczysto\u015b\u0107 poprowadzi\u0142a klasa 3B, kt\u00f3ra na pocz\u0105tek powita\u0142a Szanownych Go\u015bci, m.in. Rektora Uczelni Jana Wy\u017cykowskiego, Pana Tadeusza Kierzyka, a tak\u017ce Dyrektora II LO Pana Tomasza Radzieja, Pani\u0105 Wicedyrektor Emanuel\u0119 Garnowsk\u0105, wszystkich pracownik\u00f3w szko\u0142y. Nawi\u0105zano do powo\u0142ania KEN (Komisji Edukacji Narodowej) przez [&hellip;]<\/p>\n","protected":false},"author":2,"featured_media":0,"comment_status":"open","ping_status":"open","sticky":false,"template":"","format":"standard","meta":{"ngg_post_thumbnail":0,"footnotes":""},"categories":[1],"tags":[],"class_list":["post-4146","post","type-post","status-publish","format-standard","hentry","category-aktualnosci"],"yoast_head":"<!-- This site is optimized with the Yoast SEO plugin v19.4 - https:\/\/yoast.com\/wordpress\/plugins\/seo\/ -->\n<title>Dzie\u0144 Edukacji Narodowej w II LO! - II Liceum Og\u00f3lnokszta\u0142c\u0105ce w Lubinie<\/title>\n<meta name=\"robots\" content=\"index, follow, max-snippet:-1, max-image-preview:large, max-video-preview:-1\" \/>\n<link rel=\"canonical\" href=\"https:\/\/2liceum.eu\/index.php\/2019\/10\/16\/dzien-edukacji-narodowej-w-ii-lo\/\" \/>\n<meta property=\"og:locale\" content=\"pl_PL\" \/>\n<meta property=\"og:type\" content=\"article\" \/>\n<meta property=\"og:title\" content=\"Dzie\u0144 Edukacji Narodowej w II LO! - II Liceum Og\u00f3lnokszta\u0142c\u0105ce w Lubinie\" \/>\n<meta property=\"og:description\" content=\"Dnia 14 pa\u017adziernika w naszej szkole odby\u0142a si\u0119 gala z okazji Dnia Edukacji Narodowej. Uroczysto\u015b\u0107 poprowadzi\u0142a klasa 3B, kt\u00f3ra na pocz\u0105tek powita\u0142a Szanownych Go\u015bci, m.in. Rektora Uczelni Jana Wy\u017cykowskiego, Pana Tadeusza Kierzyka, a tak\u017ce Dyrektora II LO Pana Tomasza Radzieja, Pani\u0105 Wicedyrektor Emanuel\u0119 Garnowsk\u0105, wszystkich pracownik\u00f3w szko\u0142y. Nawi\u0105zano do powo\u0142ania KEN (Komisji Edukacji Narodowej) przez [&hellip;]\" \/>\n<meta property=\"og:url\" content=\"https:\/\/2liceum.eu\/index.php\/2019\/10\/16\/dzien-edukacji-narodowej-w-ii-lo\/\" \/>\n<meta property=\"og:site_name\" content=\"II Liceum Og\u00f3lnokszta\u0142c\u0105ce w Lubinie\" \/>\n<meta property=\"article:publisher\" content=\"https:\/\/web.facebook.com\/IILOLubin\/\" \/>\n<meta property=\"article:published_time\" content=\"2019-10-16T12:12:34+00:00\" \/>\n<meta property=\"article:modified_time\" content=\"2019-10-16T12:26:58+00:00\" \/>\n<meta property=\"og:image\" content=\"https:\/\/2liceum.eu\/wp-content\/uploads\/sites\/1\/nggallery\/dzien-edukacji-narodowej-2019\/thumbs\/thumbs_72231932_2598008453589065_9133557905553883136_o_2598008443589066.jpg\" \/>\n<meta name=\"author\" content=\"Adam Dragan\" \/>\n<meta name=\"twitter:card\" content=\"summary_large_image\" \/>\n<meta name=\"twitter:label1\" content=\"Napisane przez\" \/>\n\t<meta name=\"twitter:data1\" content=\"Adam Dragan\" \/>\n\t<meta name=\"twitter:label2\" content=\"Szacowany czas czytania\" \/>\n\t<meta name=\"twitter:data2\" content=\"2 minuty\" \/>\n<script type=\"application\/ld+json\" class=\"yoast-schema-graph\">{\"@context\":\"https:\/\/schema.org\",\"@graph\":[{\"@type\":\"Organization\",\"@id\":\"https:\/\/2liceum.eu\/#organization\",\"name\":\"II Liceum Og\u00f3lnokszta\u0142c\u0105ce w Lubinie\",\"url\":\"https:\/\/2liceum.eu\/\",\"sameAs\":[\"http:\/\/2lolubin\",\"https:\/\/www.youtube.com\/channel\/UCWjEMxRJYdfvxPhVOn-8g_g\",\"https:\/\/web.facebook.com\/IILOLubin\/\"],\"logo\":{\"@type\":\"ImageObject\",\"inLanguage\":\"pl-PL\",\"@id\":\"https:\/\/2liceum.eu\/#\/schema\/logo\/image\/\",\"url\":\"https:\/\/2liceum.eu\/wp-content\/uploads\/2018\/01\/pobrane.jpg\",\"contentUrl\":\"https:\/\/2liceum.eu\/wp-content\/uploads\/2018\/01\/pobrane.jpg\",\"width\":184,\"height\":183,\"caption\":\"II Liceum Og\u00f3lnokszta\u0142c\u0105ce w Lubinie\"},\"image\":{\"@id\":\"https:\/\/2liceum.eu\/#\/schema\/logo\/image\/\"}},{\"@type\":\"WebSite\",\"@id\":\"https:\/\/2liceum.eu\/#website\",\"url\":\"https:\/\/2liceum.eu\/\",\"name\":\"II Liceum Og\u00f3lnokszta\u0142c\u0105ce w Lubinie\",\"description\":\"Oficjalny portal II LO w Lubinie. Informacje o szkole, kadrze, zaj\u0119ciach dydaktycznych, ko\u0142ach zainteresowa\u0144, wolontariacie. Aktualno\u015bci. Galeria zdj\u0119\u0107.\",\"publisher\":{\"@id\":\"https:\/\/2liceum.eu\/#organization\"},\"potentialAction\":[{\"@type\":\"SearchAction\",\"target\":{\"@type\":\"EntryPoint\",\"urlTemplate\":\"https:\/\/2liceum.eu\/?s={search_term_string}\"},\"query-input\":\"required name=search_term_string\"}],\"inLanguage\":\"pl-PL\"},{\"@type\":\"WebPage\",\"@id\":\"https:\/\/2liceum.eu\/index.php\/2019\/10\/16\/dzien-edukacji-narodowej-w-ii-lo\/\",\"url\":\"https:\/\/2liceum.eu\/index.php\/2019\/10\/16\/dzien-edukacji-narodowej-w-ii-lo\/\",\"name\":\"Dzie\u0144 Edukacji Narodowej w II LO! - II Liceum Og\u00f3lnokszta\u0142c\u0105ce w Lubinie\",\"isPartOf\":{\"@id\":\"https:\/\/2liceum.eu\/#website\"},\"datePublished\":\"2019-10-16T12:12:34+00:00\",\"dateModified\":\"2019-10-16T12:26:58+00:00\",\"breadcrumb\":{\"@id\":\"https:\/\/2liceum.eu\/index.php\/2019\/10\/16\/dzien-edukacji-narodowej-w-ii-lo\/#breadcrumb\"},\"inLanguage\":\"pl-PL\",\"potentialAction\":[{\"@type\":\"ReadAction\",\"target\":[\"https:\/\/2liceum.eu\/index.php\/2019\/10\/16\/dzien-edukacji-narodowej-w-ii-lo\/\"]}]},{\"@type\":\"BreadcrumbList\",\"@id\":\"https:\/\/2liceum.eu\/index.php\/2019\/10\/16\/dzien-edukacji-narodowej-w-ii-lo\/#breadcrumb\",\"itemListElement\":[{\"@type\":\"ListItem\",\"position\":1,\"name\":\"Strona g\u0142\u00f3wna\",\"item\":\"https:\/\/2liceum.eu\/\"},{\"@type\":\"ListItem\",\"position\":2,\"name\":\"Dzie\u0144 Edukacji Narodowej w&nbsp;II&nbsp;LO!\"}]},{\"@type\":\"Article\",\"@id\":\"https:\/\/2liceum.eu\/index.php\/2019\/10\/16\/dzien-edukacji-narodowej-w-ii-lo\/#article\",\"isPartOf\":{\"@id\":\"https:\/\/2liceum.eu\/index.php\/2019\/10\/16\/dzien-edukacji-narodowej-w-ii-lo\/\"},\"author\":{\"name\":\"Adam Dragan\",\"@id\":\"https:\/\/2liceum.eu\/#\/schema\/person\/1a52557bfdaf047be954a8b190648da5\"},\"headline\":\"Dzie\u0144 Edukacji Narodowej w II LO!\",\"datePublished\":\"2019-10-16T12:12:34+00:00\",\"dateModified\":\"2019-10-16T12:26:58+00:00\",\"mainEntityOfPage\":{\"@id\":\"https:\/\/2liceum.eu\/index.php\/2019\/10\/16\/dzien-edukacji-narodowej-w-ii-lo\/\"},\"wordCount\":336,\"commentCount\":0,\"publisher\":{\"@id\":\"https:\/\/2liceum.eu\/#organization\"},\"articleSection\":[\"Aktualno\u015bci\"],\"inLanguage\":\"pl-PL\",\"potentialAction\":[{\"@type\":\"CommentAction\",\"name\":\"Comment\",\"target\":[\"https:\/\/2liceum.eu\/index.php\/2019\/10\/16\/dzien-edukacji-narodowej-w-ii-lo\/#respond\"]}]},{\"@type\":\"Person\",\"@id\":\"https:\/\/2liceum.eu\/#\/schema\/person\/1a52557bfdaf047be954a8b190648da5\",\"name\":\"Adam Dragan\",\"image\":{\"@type\":\"ImageObject\",\"inLanguage\":\"pl-PL\",\"@id\":\"https:\/\/2liceum.eu\/#\/schema\/person\/image\/\",\"url\":\"https:\/\/secure.gravatar.com\/avatar\/3a2bee53698f47ac117505a8a054d1e47e9ee9593c4c77dc18374aa80472d80c?s=96&d=mm&r=g\",\"contentUrl\":\"https:\/\/secure.gravatar.com\/avatar\/3a2bee53698f47ac117505a8a054d1e47e9ee9593c4c77dc18374aa80472d80c?s=96&d=mm&r=g\",\"caption\":\"Adam Dragan\"},\"sameAs\":[\"http:\/\/2liceum.eu\"]}]}<\/script>\n<!-- \/ Yoast SEO plugin. -->","yoast_head_json":{"title":"Dzie\u0144 Edukacji Narodowej w II LO! - II Liceum Og\u00f3lnokszta\u0142c\u0105ce w Lubinie","robots":{"index":"index","follow":"follow","max-snippet":"max-snippet:-1","max-image-preview":"max-image-preview:large","max-video-preview":"max-video-preview:-1"},"canonical":"https:\/\/2liceum.eu\/index.php\/2019\/10\/16\/dzien-edukacji-narodowej-w-ii-lo\/","og_locale":"pl_PL","og_type":"article","og_title":"Dzie\u0144 Edukacji Narodowej w II LO! - II Liceum Og\u00f3lnokszta\u0142c\u0105ce w Lubinie","og_description":"Dnia 14 pa\u017adziernika w naszej szkole odby\u0142a si\u0119 gala z okazji Dnia Edukacji Narodowej. Uroczysto\u015b\u0107 poprowadzi\u0142a klasa 3B, kt\u00f3ra na pocz\u0105tek powita\u0142a Szanownych Go\u015bci, m.in. Rektora Uczelni Jana Wy\u017cykowskiego, Pana Tadeusza Kierzyka, a tak\u017ce Dyrektora II LO Pana Tomasza Radzieja, Pani\u0105 Wicedyrektor Emanuel\u0119 Garnowsk\u0105, wszystkich pracownik\u00f3w szko\u0142y. Nawi\u0105zano do powo\u0142ania KEN (Komisji Edukacji Narodowej) przez [&hellip;]","og_url":"https:\/\/2liceum.eu\/index.php\/2019\/10\/16\/dzien-edukacji-narodowej-w-ii-lo\/","og_site_name":"II Liceum Og\u00f3lnokszta\u0142c\u0105ce w Lubinie","article_publisher":"https:\/\/web.facebook.com\/IILOLubin\/","article_published_time":"2019-10-16T12:12:34+00:00","article_modified_time":"2019-10-16T12:26:58+00:00","og_image":[{"url":"https:\/\/2liceum.eu\/wp-content\/uploads\/sites\/1\/nggallery\/dzien-edukacji-narodowej-2019\/thumbs\/thumbs_72231932_2598008453589065_9133557905553883136_o_2598008443589066.jpg"}],"author":"Adam Dragan","twitter_card":"summary_large_image","twitter_misc":{"Napisane przez":"Adam Dragan","Szacowany czas czytania":"2 minuty"},"schema":{"@context":"https:\/\/schema.org","@graph":[{"@type":"Organization","@id":"https:\/\/2liceum.eu\/#organization","name":"II Liceum Og\u00f3lnokszta\u0142c\u0105ce w Lubinie","url":"https:\/\/2liceum.eu\/","sameAs":["http:\/\/2lolubin","https:\/\/www.youtube.com\/channel\/UCWjEMxRJYdfvxPhVOn-8g_g","https:\/\/web.facebook.com\/IILOLubin\/"],"logo":{"@type":"ImageObject","inLanguage":"pl-PL","@id":"https:\/\/2liceum.eu\/#\/schema\/logo\/image\/","url":"https:\/\/2liceum.eu\/wp-content\/uploads\/2018\/01\/pobrane.jpg","contentUrl":"https:\/\/2liceum.eu\/wp-content\/uploads\/2018\/01\/pobrane.jpg","width":184,"height":183,"caption":"II Liceum Og\u00f3lnokszta\u0142c\u0105ce w Lubinie"},"image":{"@id":"https:\/\/2liceum.eu\/#\/schema\/logo\/image\/"}},{"@type":"WebSite","@id":"https:\/\/2liceum.eu\/#website","url":"https:\/\/2liceum.eu\/","name":"II Liceum Og\u00f3lnokszta\u0142c\u0105ce w Lubinie","description":"Oficjalny portal II LO w Lubinie. Informacje o szkole, kadrze, zaj\u0119ciach dydaktycznych, ko\u0142ach zainteresowa\u0144, wolontariacie. Aktualno\u015bci. Galeria zdj\u0119\u0107.","publisher":{"@id":"https:\/\/2liceum.eu\/#organization"},"potentialAction":[{"@type":"SearchAction","target":{"@type":"EntryPoint","urlTemplate":"https:\/\/2liceum.eu\/?s={search_term_string}"},"query-input":"required name=search_term_string"}],"inLanguage":"pl-PL"},{"@type":"WebPage","@id":"https:\/\/2liceum.eu\/index.php\/2019\/10\/16\/dzien-edukacji-narodowej-w-ii-lo\/","url":"https:\/\/2liceum.eu\/index.php\/2019\/10\/16\/dzien-edukacji-narodowej-w-ii-lo\/","name":"Dzie\u0144 Edukacji Narodowej w II LO! - II Liceum Og\u00f3lnokszta\u0142c\u0105ce w Lubinie","isPartOf":{"@id":"https:\/\/2liceum.eu\/#website"},"datePublished":"2019-10-16T12:12:34+00:00","dateModified":"2019-10-16T12:26:58+00:00","breadcrumb":{"@id":"https:\/\/2liceum.eu\/index.php\/2019\/10\/16\/dzien-edukacji-narodowej-w-ii-lo\/#breadcrumb"},"inLanguage":"pl-PL","potentialAction":[{"@type":"ReadAction","target":["https:\/\/2liceum.eu\/index.php\/2019\/10\/16\/dzien-edukacji-narodowej-w-ii-lo\/"]}]},{"@type":"BreadcrumbList","@id":"https:\/\/2liceum.eu\/index.php\/2019\/10\/16\/dzien-edukacji-narodowej-w-ii-lo\/#breadcrumb","itemListElement":[{"@type":"ListItem","position":1,"name":"Strona g\u0142\u00f3wna","item":"https:\/\/2liceum.eu\/"},{"@type":"ListItem","position":2,"name":"Dzie\u0144 Edukacji Narodowej w&nbsp;II&nbsp;LO!"}]},{"@type":"Article","@id":"https:\/\/2liceum.eu\/index.php\/2019\/10\/16\/dzien-edukacji-narodowej-w-ii-lo\/#article","isPartOf":{"@id":"https:\/\/2liceum.eu\/index.php\/2019\/10\/16\/dzien-edukacji-narodowej-w-ii-lo\/"},"author":{"name":"Adam Dragan","@id":"https:\/\/2liceum.eu\/#\/schema\/person\/1a52557bfdaf047be954a8b190648da5"},"headline":"Dzie\u0144 Edukacji Narodowej w II LO!","datePublished":"2019-10-16T12:12:34+00:00","dateModified":"2019-10-16T12:26:58+00:00","mainEntityOfPage":{"@id":"https:\/\/2liceum.eu\/index.php\/2019\/10\/16\/dzien-edukacji-narodowej-w-ii-lo\/"},"wordCount":336,"commentCount":0,"publisher":{"@id":"https:\/\/2liceum.eu\/#organization"},"articleSection":["Aktualno\u015bci"],"inLanguage":"pl-PL","potentialAction":[{"@type":"CommentAction","name":"Comment","target":["https:\/\/2liceum.eu\/index.php\/2019\/10\/16\/dzien-edukacji-narodowej-w-ii-lo\/#respond"]}]},{"@type":"Person","@id":"https:\/\/2liceum.eu\/#\/schema\/person\/1a52557bfdaf047be954a8b190648da5","name":"Adam Dragan","image":{"@type":"ImageObject","inLanguage":"pl-PL","@id":"https:\/\/2liceum.eu\/#\/schema\/person\/image\/","url":"https:\/\/secure.gravatar.com\/avatar\/3a2bee53698f47ac117505a8a054d1e47e9ee9593c4c77dc18374aa80472d80c?s=96&d=mm&r=g","contentUrl":"https:\/\/secure.gravatar.com\/avatar\/3a2bee53698f47ac117505a8a054d1e47e9ee9593c4c77dc18374aa80472d80c?s=96&d=mm&r=g","caption":"Adam Dragan"},"sameAs":["http:\/\/2liceum.eu"]}]}},"_links":{"self":[{"href":"https:\/\/2liceum.eu\/index.php\/wp-json\/wp\/v2\/posts\/4146","targetHints":{"allow":["GET"]}}],"collection":[{"href":"https:\/\/2liceum.eu\/index.php\/wp-json\/wp\/v2\/posts"}],"about":[{"href":"https:\/\/2liceum.eu\/index.php\/wp-json\/wp\/v2\/types\/post"}],"author":[{"embeddable":true,"href":"https:\/\/2liceum.eu\/index.php\/wp-json\/wp\/v2\/users\/2"}],"replies":[{"embeddable":true,"href":"https:\/\/2liceum.eu\/index.php\/wp-json\/wp\/v2\/comments?post=4146"}],"version-history":[{"count":2,"href":"https:\/\/2liceum.eu\/index.php\/wp-json\/wp\/v2\/posts\/4146\/revisions"}],"predecessor-version":[{"id":4156,"href":"https:\/\/2liceum.eu\/index.php\/wp-json\/wp\/v2\/posts\/4146\/revisions\/4156"}],"wp:attachment":[{"href":"https:\/\/2liceum.eu\/index.php\/wp-json\/wp\/v2\/media?parent=4146"}],"wp:term":[{"taxonomy":"category","embeddable":true,"href":"https:\/\/2liceum.eu\/index.php\/wp-json\/wp\/v2\/categories?post=4146"},{"taxonomy":"post_tag","embeddable":true,"href":"https:\/\/2liceum.eu\/index.php\/wp-json\/wp\/v2\/tags?post=4146"}],"curies":[{"name":"wp","href":"https:\/\/api.w.org\/{rel}","templated":true}]}}