{"id":4298,"date":"2019-11-07T13:04:51","date_gmt":"2019-11-07T12:04:51","guid":{"rendered":"https:\/\/2liceum.eu\/?p=4298"},"modified":"2019-11-07T13:04:52","modified_gmt":"2019-11-07T12:04:52","slug":"veni-vidi-vici-przyszlismy-zobaczylismy-zwyciezylismy","status":"publish","type":"post","link":"https:\/\/2liceum.eu\/index.php\/2019\/11\/07\/veni-vidi-vici-przyszlismy-zobaczylismy-zwyciezylismy\/","title":{"rendered":"Veni, vidi, vici &#8211; przyszli\u015bmy, zobaczyli\u015bmy, zwyci\u0119\u017cyli\u015bmy!"},"content":{"rendered":"<p style=\"text-align: center;\"><img loading=\"lazy\" decoding=\"async\" class=\"alignnone size-full\" src=\"https:\/\/scontent-waw1-1.xx.fbcdn.net\/v\/t1.0-9\/75237427_2647877528602157_5592985612048138240_n.jpg?_nc_cat=106&amp;_nc_oc=AQkZlp11Y20MMOEl4Ad8pw_oSEbCq8gLdoc0-9QzVFTMoXTiO92IGX-ke_Yrz5sAWIQ&amp;_nc_ht=scontent-waw1-1.xx&amp;oh=716717a7118ad8426a77394ec4ccaaaf&amp;oe=5E652E07\" width=\"454\" height=\"346\"><\/p>\n<p style=\"text-align: justify;\">W rozegranych <strong>6 listopada 2019 roku, <span style=\"color: #008000;\">siatkarskich Mistrzostwach Powiatu w ramach licealiady<\/span>, <span style=\"color: #ff0000;\">reprezentacja II LO zdoby\u0142a z\u0142oty medal!<\/span><\/strong><\/p>\n<p style=\"text-align: justify;\">W rozgrywkach wzi\u0119\u0142o udzia\u0142 sze\u015b\u0107 zespo\u0142\u00f3w. Po wyj\u015bciu z grupy zmierzyli\u015bmy si\u0119 w p\u00f3\u0142finale z 3 LO a nast\u0119pnie mecz fina\u0142owy rozegrali\u015bmy z 1 LO. Dziewcz\u0119ta zaprezentowa\u0142y gr\u0119 na wysokim siatkarskim poziomie, pi\u0119knie wsp\u00f3\u0142pracowa\u0142y w zespole, walczy\u0142y o ka\u017cd\u0105 pi\u0142k\u0119, dos\u0142ownie le\u017c\u0105c<span class=\"text_exposed_show\">&nbsp;na parkiecie &#8211; (brawo Dominika!) a m\u0105dre rozegrania dw\u00f3ch naszych Katarzyn, bezb\u0142\u0119dna seria zagrywek oraz skuteczny atak Klaudii, Darii i Pauliny dope\u0142ni\u0142y reszty.<\/span><\/p>\n<div class=\"text_exposed_show\">\n<p style=\"text-align: justify;\">Sportowa rywalizacja, szczeg\u00f3lnie w meczu fina\u0142owym, dostarczy\u0142a ogl\u0105daj\u0105cym tak du\u017cych emocji, \u017ce po kilku wyczerpuj\u0105cych akcjach, opiekunowie i kibice byli bardziej zm\u0119czeni ni\u017c graj\u0105ce zawodniczki!<\/p>\n<p>Brawo dziewczyny!<\/p>\n<p><strong>Dru\u017cyna w sk\u0142adzie:<\/strong><\/p>\n<p>Daria Ko\u0142odziej &#8211; 3c,<\/p>\n<p>Klaudia Resiak &#8211; 2e,<br \/>\nKatarzyna Cebulska &#8211; 2e,<br \/>\nKatarzyna Koszowska &#8211; 2e,<br \/>\nDominika Bandura- 1h,<br \/>\nPaulina Binkiewicz &#8211; 1d,<br \/>\nOliwia Strza\u0142ka &#8211; 1h,<br \/>\nWeronika Karasi\u0144ska &#8211; 1d,<br \/>\nMa\u0142gorzata Janik &#8211; 1j.<\/p>\n<p><strong>O tym wszystkim opowiedzia\u0142 Wam wyczerpany opiekun dru\u017cyny &#8211; p. A. Stolarczyk&nbsp;<span class=\"_5mfr\"><span class=\"_6qdm\">\ud83d\ude0e<\/span><\/span><\/strong><\/p>\n<\/div>\n","protected":false},"excerpt":{"rendered":"<p>W rozegranych 6 listopada 2019 roku, siatkarskich Mistrzostwach Powiatu w ramach licealiady, reprezentacja II LO zdoby\u0142a z\u0142oty medal! W rozgrywkach wzi\u0119\u0142o udzia\u0142 sze\u015b\u0107 zespo\u0142\u00f3w. Po wyj\u015bciu z grupy zmierzyli\u015bmy si\u0119 w p\u00f3\u0142finale z 3 LO a nast\u0119pnie mecz fina\u0142owy rozegrali\u015bmy z 1 LO. Dziewcz\u0119ta zaprezentowa\u0142y gr\u0119 na wysokim siatkarskim poziomie, pi\u0119knie wsp\u00f3\u0142pracowa\u0142y w zespole, walczy\u0142y [&hellip;]<\/p>\n","protected":false},"author":2,"featured_media":0,"comment_status":"open","ping_status":"open","sticky":false,"template":"","format":"standard","meta":{"ngg_post_thumbnail":0,"footnotes":""},"categories":[1,29],"tags":[],"class_list":["post-4298","post","type-post","status-publish","format-standard","hentry","category-aktualnosci","category-osiagniecia-sportowe-2019-2020"],"yoast_head":"<!-- This site is optimized with the Yoast SEO plugin v19.4 - https:\/\/yoast.com\/wordpress\/plugins\/seo\/ -->\n<title>Veni, vidi, vici - przyszli\u015bmy, zobaczyli\u015bmy, zwyci\u0119\u017cyli\u015bmy! - II Liceum Og\u00f3lnokszta\u0142c\u0105ce w Lubinie<\/title>\n<meta name=\"robots\" content=\"index, follow, max-snippet:-1, max-image-preview:large, max-video-preview:-1\" \/>\n<link rel=\"canonical\" href=\"https:\/\/2liceum.eu\/index.php\/2019\/11\/07\/veni-vidi-vici-przyszlismy-zobaczylismy-zwyciezylismy\/\" \/>\n<meta property=\"og:locale\" content=\"pl_PL\" \/>\n<meta property=\"og:type\" content=\"article\" \/>\n<meta property=\"og:title\" content=\"Veni, vidi, vici - przyszli\u015bmy, zobaczyli\u015bmy, zwyci\u0119\u017cyli\u015bmy! - II Liceum Og\u00f3lnokszta\u0142c\u0105ce w Lubinie\" \/>\n<meta property=\"og:description\" content=\"W rozegranych 6 listopada 2019 roku, siatkarskich Mistrzostwach Powiatu w ramach licealiady, reprezentacja II LO zdoby\u0142a z\u0142oty medal! W rozgrywkach wzi\u0119\u0142o udzia\u0142 sze\u015b\u0107 zespo\u0142\u00f3w. Po wyj\u015bciu z grupy zmierzyli\u015bmy si\u0119 w p\u00f3\u0142finale z 3 LO a nast\u0119pnie mecz fina\u0142owy rozegrali\u015bmy z 1 LO. Dziewcz\u0119ta zaprezentowa\u0142y gr\u0119 na wysokim siatkarskim poziomie, pi\u0119knie wsp\u00f3\u0142pracowa\u0142y w zespole, walczy\u0142y [&hellip;]\" \/>\n<meta property=\"og:url\" content=\"https:\/\/2liceum.eu\/index.php\/2019\/11\/07\/veni-vidi-vici-przyszlismy-zobaczylismy-zwyciezylismy\/\" \/>\n<meta property=\"og:site_name\" content=\"II Liceum Og\u00f3lnokszta\u0142c\u0105ce w Lubinie\" \/>\n<meta property=\"article:publisher\" content=\"https:\/\/web.facebook.com\/IILOLubin\/\" \/>\n<meta property=\"article:published_time\" content=\"2019-11-07T12:04:51+00:00\" \/>\n<meta property=\"article:modified_time\" content=\"2019-11-07T12:04:52+00:00\" \/>\n<meta property=\"og:image\" content=\"https:\/\/scontent-waw1-1.xx.fbcdn.net\/v\/t1.0-9\/75237427_2647877528602157_5592985612048138240_n.jpg?_nc_cat=106&amp;_nc_oc=AQkZlp11Y20MMOEl4Ad8pw_oSEbCq8gLdoc0-9QzVFTMoXTiO92IGX-ke_Yrz5sAWIQ&amp;_nc_ht=scontent-waw1-1.xx&amp;oh=716717a7118ad8426a77394ec4ccaaaf&amp;oe=5E652E07\" \/>\n<meta name=\"author\" content=\"Adam Dragan\" \/>\n<meta name=\"twitter:card\" content=\"summary_large_image\" \/>\n<meta name=\"twitter:label1\" content=\"Napisane przez\" \/>\n\t<meta name=\"twitter:data1\" content=\"Adam Dragan\" \/>\n\t<meta name=\"twitter:label2\" content=\"Szacowany czas czytania\" \/>\n\t<meta name=\"twitter:data2\" content=\"1 minuta\" \/>\n<script type=\"application\/ld+json\" class=\"yoast-schema-graph\">{\"@context\":\"https:\/\/schema.org\",\"@graph\":[{\"@type\":\"Organization\",\"@id\":\"https:\/\/2liceum.eu\/#organization\",\"name\":\"II Liceum Og\u00f3lnokszta\u0142c\u0105ce w Lubinie\",\"url\":\"https:\/\/2liceum.eu\/\",\"sameAs\":[\"http:\/\/2lolubin\",\"https:\/\/www.youtube.com\/channel\/UCWjEMxRJYdfvxPhVOn-8g_g\",\"https:\/\/web.facebook.com\/IILOLubin\/\"],\"logo\":{\"@type\":\"ImageObject\",\"inLanguage\":\"pl-PL\",\"@id\":\"https:\/\/2liceum.eu\/#\/schema\/logo\/image\/\",\"url\":\"https:\/\/2liceum.eu\/wp-content\/uploads\/2018\/01\/pobrane.jpg\",\"contentUrl\":\"https:\/\/2liceum.eu\/wp-content\/uploads\/2018\/01\/pobrane.jpg\",\"width\":184,\"height\":183,\"caption\":\"II Liceum Og\u00f3lnokszta\u0142c\u0105ce w Lubinie\"},\"image\":{\"@id\":\"https:\/\/2liceum.eu\/#\/schema\/logo\/image\/\"}},{\"@type\":\"WebSite\",\"@id\":\"https:\/\/2liceum.eu\/#website\",\"url\":\"https:\/\/2liceum.eu\/\",\"name\":\"II Liceum Og\u00f3lnokszta\u0142c\u0105ce w Lubinie\",\"description\":\"Oficjalny portal II LO w Lubinie. Informacje o szkole, kadrze, zaj\u0119ciach dydaktycznych, ko\u0142ach zainteresowa\u0144, wolontariacie. Aktualno\u015bci. Galeria zdj\u0119\u0107.\",\"publisher\":{\"@id\":\"https:\/\/2liceum.eu\/#organization\"},\"potentialAction\":[{\"@type\":\"SearchAction\",\"target\":{\"@type\":\"EntryPoint\",\"urlTemplate\":\"https:\/\/2liceum.eu\/?s={search_term_string}\"},\"query-input\":\"required name=search_term_string\"}],\"inLanguage\":\"pl-PL\"},{\"@type\":\"WebPage\",\"@id\":\"https:\/\/2liceum.eu\/index.php\/2019\/11\/07\/veni-vidi-vici-przyszlismy-zobaczylismy-zwyciezylismy\/\",\"url\":\"https:\/\/2liceum.eu\/index.php\/2019\/11\/07\/veni-vidi-vici-przyszlismy-zobaczylismy-zwyciezylismy\/\",\"name\":\"Veni, vidi, vici - przyszli\u015bmy, zobaczyli\u015bmy, zwyci\u0119\u017cyli\u015bmy! - II Liceum Og\u00f3lnokszta\u0142c\u0105ce w Lubinie\",\"isPartOf\":{\"@id\":\"https:\/\/2liceum.eu\/#website\"},\"datePublished\":\"2019-11-07T12:04:51+00:00\",\"dateModified\":\"2019-11-07T12:04:52+00:00\",\"breadcrumb\":{\"@id\":\"https:\/\/2liceum.eu\/index.php\/2019\/11\/07\/veni-vidi-vici-przyszlismy-zobaczylismy-zwyciezylismy\/#breadcrumb\"},\"inLanguage\":\"pl-PL\",\"potentialAction\":[{\"@type\":\"ReadAction\",\"target\":[\"https:\/\/2liceum.eu\/index.php\/2019\/11\/07\/veni-vidi-vici-przyszlismy-zobaczylismy-zwyciezylismy\/\"]}]},{\"@type\":\"BreadcrumbList\",\"@id\":\"https:\/\/2liceum.eu\/index.php\/2019\/11\/07\/veni-vidi-vici-przyszlismy-zobaczylismy-zwyciezylismy\/#breadcrumb\",\"itemListElement\":[{\"@type\":\"ListItem\",\"position\":1,\"name\":\"Strona g\u0142\u00f3wna\",\"item\":\"https:\/\/2liceum.eu\/\"},{\"@type\":\"ListItem\",\"position\":2,\"name\":\"Veni, vidi, vici &#8211; przyszli\u015bmy, zobaczyli\u015bmy, zwyci\u0119\u017cyli\u015bmy!\"}]},{\"@type\":\"Article\",\"@id\":\"https:\/\/2liceum.eu\/index.php\/2019\/11\/07\/veni-vidi-vici-przyszlismy-zobaczylismy-zwyciezylismy\/#article\",\"isPartOf\":{\"@id\":\"https:\/\/2liceum.eu\/index.php\/2019\/11\/07\/veni-vidi-vici-przyszlismy-zobaczylismy-zwyciezylismy\/\"},\"author\":{\"name\":\"Adam Dragan\",\"@id\":\"https:\/\/2liceum.eu\/#\/schema\/person\/1a52557bfdaf047be954a8b190648da5\"},\"headline\":\"Veni, vidi, vici &#8211; przyszli\u015bmy, zobaczyli\u015bmy, zwyci\u0119\u017cyli\u015bmy!\",\"datePublished\":\"2019-11-07T12:04:51+00:00\",\"dateModified\":\"2019-11-07T12:04:52+00:00\",\"mainEntityOfPage\":{\"@id\":\"https:\/\/2liceum.eu\/index.php\/2019\/11\/07\/veni-vidi-vici-przyszlismy-zobaczylismy-zwyciezylismy\/\"},\"wordCount\":210,\"commentCount\":0,\"publisher\":{\"@id\":\"https:\/\/2liceum.eu\/#organization\"},\"articleSection\":[\"Aktualno\u015bci\",\"Osi\u0105gni\u0119cia sportowe 2019\/2020!\"],\"inLanguage\":\"pl-PL\",\"potentialAction\":[{\"@type\":\"CommentAction\",\"name\":\"Comment\",\"target\":[\"https:\/\/2liceum.eu\/index.php\/2019\/11\/07\/veni-vidi-vici-przyszlismy-zobaczylismy-zwyciezylismy\/#respond\"]}]},{\"@type\":\"Person\",\"@id\":\"https:\/\/2liceum.eu\/#\/schema\/person\/1a52557bfdaf047be954a8b190648da5\",\"name\":\"Adam Dragan\",\"image\":{\"@type\":\"ImageObject\",\"inLanguage\":\"pl-PL\",\"@id\":\"https:\/\/2liceum.eu\/#\/schema\/person\/image\/\",\"url\":\"https:\/\/secure.gravatar.com\/avatar\/3a2bee53698f47ac117505a8a054d1e47e9ee9593c4c77dc18374aa80472d80c?s=96&d=mm&r=g\",\"contentUrl\":\"https:\/\/secure.gravatar.com\/avatar\/3a2bee53698f47ac117505a8a054d1e47e9ee9593c4c77dc18374aa80472d80c?s=96&d=mm&r=g\",\"caption\":\"Adam Dragan\"},\"sameAs\":[\"http:\/\/2liceum.eu\"]}]}<\/script>\n<!-- \/ Yoast SEO plugin. -->","yoast_head_json":{"title":"Veni, vidi, vici - przyszli\u015bmy, zobaczyli\u015bmy, zwyci\u0119\u017cyli\u015bmy! - II Liceum Og\u00f3lnokszta\u0142c\u0105ce w Lubinie","robots":{"index":"index","follow":"follow","max-snippet":"max-snippet:-1","max-image-preview":"max-image-preview:large","max-video-preview":"max-video-preview:-1"},"canonical":"https:\/\/2liceum.eu\/index.php\/2019\/11\/07\/veni-vidi-vici-przyszlismy-zobaczylismy-zwyciezylismy\/","og_locale":"pl_PL","og_type":"article","og_title":"Veni, vidi, vici - przyszli\u015bmy, zobaczyli\u015bmy, zwyci\u0119\u017cyli\u015bmy! - II Liceum Og\u00f3lnokszta\u0142c\u0105ce w Lubinie","og_description":"W rozegranych 6 listopada 2019 roku, siatkarskich Mistrzostwach Powiatu w ramach licealiady, reprezentacja II LO zdoby\u0142a z\u0142oty medal! W rozgrywkach wzi\u0119\u0142o udzia\u0142 sze\u015b\u0107 zespo\u0142\u00f3w. Po wyj\u015bciu z grupy zmierzyli\u015bmy si\u0119 w p\u00f3\u0142finale z 3 LO a nast\u0119pnie mecz fina\u0142owy rozegrali\u015bmy z 1 LO. Dziewcz\u0119ta zaprezentowa\u0142y gr\u0119 na wysokim siatkarskim poziomie, pi\u0119knie wsp\u00f3\u0142pracowa\u0142y w zespole, walczy\u0142y [&hellip;]","og_url":"https:\/\/2liceum.eu\/index.php\/2019\/11\/07\/veni-vidi-vici-przyszlismy-zobaczylismy-zwyciezylismy\/","og_site_name":"II Liceum Og\u00f3lnokszta\u0142c\u0105ce w Lubinie","article_publisher":"https:\/\/web.facebook.com\/IILOLubin\/","article_published_time":"2019-11-07T12:04:51+00:00","article_modified_time":"2019-11-07T12:04:52+00:00","og_image":[{"url":"https:\/\/scontent-waw1-1.xx.fbcdn.net\/v\/t1.0-9\/75237427_2647877528602157_5592985612048138240_n.jpg?_nc_cat=106&amp;_nc_oc=AQkZlp11Y20MMOEl4Ad8pw_oSEbCq8gLdoc0-9QzVFTMoXTiO92IGX-ke_Yrz5sAWIQ&amp;_nc_ht=scontent-waw1-1.xx&amp;oh=716717a7118ad8426a77394ec4ccaaaf&amp;oe=5E652E07"}],"author":"Adam Dragan","twitter_card":"summary_large_image","twitter_misc":{"Napisane przez":"Adam Dragan","Szacowany czas czytania":"1 minuta"},"schema":{"@context":"https:\/\/schema.org","@graph":[{"@type":"Organization","@id":"https:\/\/2liceum.eu\/#organization","name":"II Liceum Og\u00f3lnokszta\u0142c\u0105ce w Lubinie","url":"https:\/\/2liceum.eu\/","sameAs":["http:\/\/2lolubin","https:\/\/www.youtube.com\/channel\/UCWjEMxRJYdfvxPhVOn-8g_g","https:\/\/web.facebook.com\/IILOLubin\/"],"logo":{"@type":"ImageObject","inLanguage":"pl-PL","@id":"https:\/\/2liceum.eu\/#\/schema\/logo\/image\/","url":"https:\/\/2liceum.eu\/wp-content\/uploads\/2018\/01\/pobrane.jpg","contentUrl":"https:\/\/2liceum.eu\/wp-content\/uploads\/2018\/01\/pobrane.jpg","width":184,"height":183,"caption":"II Liceum Og\u00f3lnokszta\u0142c\u0105ce w Lubinie"},"image":{"@id":"https:\/\/2liceum.eu\/#\/schema\/logo\/image\/"}},{"@type":"WebSite","@id":"https:\/\/2liceum.eu\/#website","url":"https:\/\/2liceum.eu\/","name":"II Liceum Og\u00f3lnokszta\u0142c\u0105ce w Lubinie","description":"Oficjalny portal II LO w Lubinie. Informacje o szkole, kadrze, zaj\u0119ciach dydaktycznych, ko\u0142ach zainteresowa\u0144, wolontariacie. Aktualno\u015bci. Galeria zdj\u0119\u0107.","publisher":{"@id":"https:\/\/2liceum.eu\/#organization"},"potentialAction":[{"@type":"SearchAction","target":{"@type":"EntryPoint","urlTemplate":"https:\/\/2liceum.eu\/?s={search_term_string}"},"query-input":"required name=search_term_string"}],"inLanguage":"pl-PL"},{"@type":"WebPage","@id":"https:\/\/2liceum.eu\/index.php\/2019\/11\/07\/veni-vidi-vici-przyszlismy-zobaczylismy-zwyciezylismy\/","url":"https:\/\/2liceum.eu\/index.php\/2019\/11\/07\/veni-vidi-vici-przyszlismy-zobaczylismy-zwyciezylismy\/","name":"Veni, vidi, vici - przyszli\u015bmy, zobaczyli\u015bmy, zwyci\u0119\u017cyli\u015bmy! - II Liceum Og\u00f3lnokszta\u0142c\u0105ce w Lubinie","isPartOf":{"@id":"https:\/\/2liceum.eu\/#website"},"datePublished":"2019-11-07T12:04:51+00:00","dateModified":"2019-11-07T12:04:52+00:00","breadcrumb":{"@id":"https:\/\/2liceum.eu\/index.php\/2019\/11\/07\/veni-vidi-vici-przyszlismy-zobaczylismy-zwyciezylismy\/#breadcrumb"},"inLanguage":"pl-PL","potentialAction":[{"@type":"ReadAction","target":["https:\/\/2liceum.eu\/index.php\/2019\/11\/07\/veni-vidi-vici-przyszlismy-zobaczylismy-zwyciezylismy\/"]}]},{"@type":"BreadcrumbList","@id":"https:\/\/2liceum.eu\/index.php\/2019\/11\/07\/veni-vidi-vici-przyszlismy-zobaczylismy-zwyciezylismy\/#breadcrumb","itemListElement":[{"@type":"ListItem","position":1,"name":"Strona g\u0142\u00f3wna","item":"https:\/\/2liceum.eu\/"},{"@type":"ListItem","position":2,"name":"Veni, vidi, vici &#8211; przyszli\u015bmy, zobaczyli\u015bmy, zwyci\u0119\u017cyli\u015bmy!"}]},{"@type":"Article","@id":"https:\/\/2liceum.eu\/index.php\/2019\/11\/07\/veni-vidi-vici-przyszlismy-zobaczylismy-zwyciezylismy\/#article","isPartOf":{"@id":"https:\/\/2liceum.eu\/index.php\/2019\/11\/07\/veni-vidi-vici-przyszlismy-zobaczylismy-zwyciezylismy\/"},"author":{"name":"Adam Dragan","@id":"https:\/\/2liceum.eu\/#\/schema\/person\/1a52557bfdaf047be954a8b190648da5"},"headline":"Veni, vidi, vici &#8211; przyszli\u015bmy, zobaczyli\u015bmy, zwyci\u0119\u017cyli\u015bmy!","datePublished":"2019-11-07T12:04:51+00:00","dateModified":"2019-11-07T12:04:52+00:00","mainEntityOfPage":{"@id":"https:\/\/2liceum.eu\/index.php\/2019\/11\/07\/veni-vidi-vici-przyszlismy-zobaczylismy-zwyciezylismy\/"},"wordCount":210,"commentCount":0,"publisher":{"@id":"https:\/\/2liceum.eu\/#organization"},"articleSection":["Aktualno\u015bci","Osi\u0105gni\u0119cia sportowe 2019\/2020!"],"inLanguage":"pl-PL","potentialAction":[{"@type":"CommentAction","name":"Comment","target":["https:\/\/2liceum.eu\/index.php\/2019\/11\/07\/veni-vidi-vici-przyszlismy-zobaczylismy-zwyciezylismy\/#respond"]}]},{"@type":"Person","@id":"https:\/\/2liceum.eu\/#\/schema\/person\/1a52557bfdaf047be954a8b190648da5","name":"Adam Dragan","image":{"@type":"ImageObject","inLanguage":"pl-PL","@id":"https:\/\/2liceum.eu\/#\/schema\/person\/image\/","url":"https:\/\/secure.gravatar.com\/avatar\/3a2bee53698f47ac117505a8a054d1e47e9ee9593c4c77dc18374aa80472d80c?s=96&d=mm&r=g","contentUrl":"https:\/\/secure.gravatar.com\/avatar\/3a2bee53698f47ac117505a8a054d1e47e9ee9593c4c77dc18374aa80472d80c?s=96&d=mm&r=g","caption":"Adam Dragan"},"sameAs":["http:\/\/2liceum.eu"]}]}},"_links":{"self":[{"href":"https:\/\/2liceum.eu\/index.php\/wp-json\/wp\/v2\/posts\/4298","targetHints":{"allow":["GET"]}}],"collection":[{"href":"https:\/\/2liceum.eu\/index.php\/wp-json\/wp\/v2\/posts"}],"about":[{"href":"https:\/\/2liceum.eu\/index.php\/wp-json\/wp\/v2\/types\/post"}],"author":[{"embeddable":true,"href":"https:\/\/2liceum.eu\/index.php\/wp-json\/wp\/v2\/users\/2"}],"replies":[{"embeddable":true,"href":"https:\/\/2liceum.eu\/index.php\/wp-json\/wp\/v2\/comments?post=4298"}],"version-history":[{"count":1,"href":"https:\/\/2liceum.eu\/index.php\/wp-json\/wp\/v2\/posts\/4298\/revisions"}],"predecessor-version":[{"id":4299,"href":"https:\/\/2liceum.eu\/index.php\/wp-json\/wp\/v2\/posts\/4298\/revisions\/4299"}],"wp:attachment":[{"href":"https:\/\/2liceum.eu\/index.php\/wp-json\/wp\/v2\/media?parent=4298"}],"wp:term":[{"taxonomy":"category","embeddable":true,"href":"https:\/\/2liceum.eu\/index.php\/wp-json\/wp\/v2\/categories?post=4298"},{"taxonomy":"post_tag","embeddable":true,"href":"https:\/\/2liceum.eu\/index.php\/wp-json\/wp\/v2\/tags?post=4298"}],"curies":[{"name":"wp","href":"https:\/\/api.w.org\/{rel}","templated":true}]}}