{"id":4300,"date":"2019-11-07T15:06:33","date_gmt":"2019-11-07T14:06:33","guid":{"rendered":"https:\/\/2liceum.eu\/?p=4300"},"modified":"2019-11-07T15:06:35","modified_gmt":"2019-11-07T14:06:35","slug":"wycieczka-do-anglii-i-kornwalii","status":"publish","type":"post","link":"https:\/\/2liceum.eu\/index.php\/2019\/11\/07\/wycieczka-do-anglii-i-kornwalii\/","title":{"rendered":"Wycieczka do Anglii i Kornwalii!"},"content":{"rendered":"<p style=\"text-align: center;\"><img loading=\"lazy\" decoding=\"async\" class=\"alignnone size-full\" src=\"https:\/\/scontent-waw1-1.xx.fbcdn.net\/v\/t1.0-9\/75501050_2648112818578628_8855504067862986752_o.jpg?_nc_cat=106&amp;_nc_oc=AQnXpZ0P-K1lCCZp9Al-pAFeAJBT0isgVW3ZXO6pnQ-mFXzcJUg76eM6TKs48f_MRI0&amp;_nc_ht=scontent-waw1-1.xx&amp;oh=55b8671c97c97d4ade92918d0827841a&amp;oe=5E48AE6C\" width=\"1589\" height=\"1192\"><\/p>\n<p style=\"text-align: justify;\"><strong>Zapraszamy na organizowan\u0105 co roku <span style=\"color: #800000;\">wycieczk\u0119 szkoln\u0105 do Anglii i Kornwalii.<\/span><\/strong> W programie przewidywane jest zwiedzanie wielu interesuj\u0105cych miejsc. Zobaczycie Angli\u0119, jakiej nie znali\u015bcie do tej pory! Noclegi u rodzin angielskich, wi\u0119c b\u0119dziecie mogli praktycznie wykorzysta\u0107 znajomo\u015b\u0107 j\u0119zyka angielskiego!<\/p>\n<p style=\"text-align: justify;\">Ch\u0119tnych prosimy o zg\u0142oszenie si\u0119 do p. prof. J. Grodek &#8211; Kabat (s. 08) lub p. prof. M. Szadkowskiej (s. 102).<\/p>\n<p>&nbsp;<\/p>\n<p style=\"text-align: center;\"><span style=\"color: #ff0000;\"><strong>Zapisy do 15.11.2019 r.<\/strong><\/span><\/p>\n<div class=\"text_exposed_show\">\n<p style=\"text-align: center;\">P O L E C A M Y!<\/p>\n<\/div>\n\n\n<p><\/p>\n","protected":false},"excerpt":{"rendered":"<p>Zapraszamy na organizowan\u0105 co roku wycieczk\u0119 szkoln\u0105 do Anglii i Kornwalii. W programie przewidywane jest zwiedzanie wielu interesuj\u0105cych miejsc. Zobaczycie Angli\u0119, jakiej nie znali\u015bcie do tej pory! Noclegi u rodzin angielskich, wi\u0119c b\u0119dziecie mogli praktycznie wykorzysta\u0107 znajomo\u015b\u0107 j\u0119zyka angielskiego! Ch\u0119tnych prosimy o zg\u0142oszenie si\u0119 do p. prof. J. Grodek &#8211; Kabat (s. 08) lub p. [&hellip;]<\/p>\n","protected":false},"author":2,"featured_media":0,"comment_status":"open","ping_status":"open","sticky":false,"template":"","format":"standard","meta":{"ngg_post_thumbnail":0,"footnotes":""},"categories":[1],"tags":[],"class_list":["post-4300","post","type-post","status-publish","format-standard","hentry","category-aktualnosci"],"yoast_head":"<!-- This site is optimized with the Yoast SEO plugin v19.4 - https:\/\/yoast.com\/wordpress\/plugins\/seo\/ -->\n<title>Wycieczka do Anglii i Kornwalii! - II Liceum Og\u00f3lnokszta\u0142c\u0105ce w Lubinie<\/title>\n<meta name=\"robots\" content=\"index, follow, max-snippet:-1, max-image-preview:large, max-video-preview:-1\" \/>\n<link rel=\"canonical\" href=\"https:\/\/2liceum.eu\/index.php\/2019\/11\/07\/wycieczka-do-anglii-i-kornwalii\/\" \/>\n<meta property=\"og:locale\" content=\"pl_PL\" \/>\n<meta property=\"og:type\" content=\"article\" \/>\n<meta property=\"og:title\" content=\"Wycieczka do Anglii i Kornwalii! - II Liceum Og\u00f3lnokszta\u0142c\u0105ce w Lubinie\" \/>\n<meta property=\"og:description\" content=\"Zapraszamy na organizowan\u0105 co roku wycieczk\u0119 szkoln\u0105 do Anglii i Kornwalii. W programie przewidywane jest zwiedzanie wielu interesuj\u0105cych miejsc. Zobaczycie Angli\u0119, jakiej nie znali\u015bcie do tej pory! Noclegi u rodzin angielskich, wi\u0119c b\u0119dziecie mogli praktycznie wykorzysta\u0107 znajomo\u015b\u0107 j\u0119zyka angielskiego! Ch\u0119tnych prosimy o zg\u0142oszenie si\u0119 do p. prof. J. Grodek &#8211; Kabat (s. 08) lub p. [&hellip;]\" \/>\n<meta property=\"og:url\" content=\"https:\/\/2liceum.eu\/index.php\/2019\/11\/07\/wycieczka-do-anglii-i-kornwalii\/\" \/>\n<meta property=\"og:site_name\" content=\"II Liceum Og\u00f3lnokszta\u0142c\u0105ce w Lubinie\" \/>\n<meta property=\"article:publisher\" content=\"https:\/\/web.facebook.com\/IILOLubin\/\" \/>\n<meta property=\"article:published_time\" content=\"2019-11-07T14:06:33+00:00\" \/>\n<meta property=\"article:modified_time\" content=\"2019-11-07T14:06:35+00:00\" \/>\n<meta property=\"og:image\" content=\"https:\/\/scontent-waw1-1.xx.fbcdn.net\/v\/t1.0-9\/75501050_2648112818578628_8855504067862986752_o.jpg?_nc_cat=106&amp;_nc_oc=AQnXpZ0P-K1lCCZp9Al-pAFeAJBT0isgVW3ZXO6pnQ-mFXzcJUg76eM6TKs48f_MRI0&amp;_nc_ht=scontent-waw1-1.xx&amp;oh=55b8671c97c97d4ade92918d0827841a&amp;oe=5E48AE6C\" \/>\n<meta name=\"author\" content=\"Adam Dragan\" \/>\n<meta name=\"twitter:card\" content=\"summary_large_image\" \/>\n<meta name=\"twitter:label1\" content=\"Napisane przez\" \/>\n\t<meta name=\"twitter:data1\" content=\"Adam Dragan\" \/>\n<script type=\"application\/ld+json\" class=\"yoast-schema-graph\">{\"@context\":\"https:\/\/schema.org\",\"@graph\":[{\"@type\":\"Organization\",\"@id\":\"https:\/\/2liceum.eu\/#organization\",\"name\":\"II Liceum Og\u00f3lnokszta\u0142c\u0105ce w Lubinie\",\"url\":\"https:\/\/2liceum.eu\/\",\"sameAs\":[\"http:\/\/2lolubin\",\"https:\/\/www.youtube.com\/channel\/UCWjEMxRJYdfvxPhVOn-8g_g\",\"https:\/\/web.facebook.com\/IILOLubin\/\"],\"logo\":{\"@type\":\"ImageObject\",\"inLanguage\":\"pl-PL\",\"@id\":\"https:\/\/2liceum.eu\/#\/schema\/logo\/image\/\",\"url\":\"https:\/\/2liceum.eu\/wp-content\/uploads\/2018\/01\/pobrane.jpg\",\"contentUrl\":\"https:\/\/2liceum.eu\/wp-content\/uploads\/2018\/01\/pobrane.jpg\",\"width\":184,\"height\":183,\"caption\":\"II Liceum Og\u00f3lnokszta\u0142c\u0105ce w Lubinie\"},\"image\":{\"@id\":\"https:\/\/2liceum.eu\/#\/schema\/logo\/image\/\"}},{\"@type\":\"WebSite\",\"@id\":\"https:\/\/2liceum.eu\/#website\",\"url\":\"https:\/\/2liceum.eu\/\",\"name\":\"II Liceum Og\u00f3lnokszta\u0142c\u0105ce w Lubinie\",\"description\":\"Oficjalny portal II LO w Lubinie. Informacje o szkole, kadrze, zaj\u0119ciach dydaktycznych, ko\u0142ach zainteresowa\u0144, wolontariacie. Aktualno\u015bci. Galeria zdj\u0119\u0107.\",\"publisher\":{\"@id\":\"https:\/\/2liceum.eu\/#organization\"},\"potentialAction\":[{\"@type\":\"SearchAction\",\"target\":{\"@type\":\"EntryPoint\",\"urlTemplate\":\"https:\/\/2liceum.eu\/?s={search_term_string}\"},\"query-input\":\"required name=search_term_string\"}],\"inLanguage\":\"pl-PL\"},{\"@type\":\"WebPage\",\"@id\":\"https:\/\/2liceum.eu\/index.php\/2019\/11\/07\/wycieczka-do-anglii-i-kornwalii\/\",\"url\":\"https:\/\/2liceum.eu\/index.php\/2019\/11\/07\/wycieczka-do-anglii-i-kornwalii\/\",\"name\":\"Wycieczka do Anglii i Kornwalii! - II Liceum Og\u00f3lnokszta\u0142c\u0105ce w Lubinie\",\"isPartOf\":{\"@id\":\"https:\/\/2liceum.eu\/#website\"},\"datePublished\":\"2019-11-07T14:06:33+00:00\",\"dateModified\":\"2019-11-07T14:06:35+00:00\",\"breadcrumb\":{\"@id\":\"https:\/\/2liceum.eu\/index.php\/2019\/11\/07\/wycieczka-do-anglii-i-kornwalii\/#breadcrumb\"},\"inLanguage\":\"pl-PL\",\"potentialAction\":[{\"@type\":\"ReadAction\",\"target\":[\"https:\/\/2liceum.eu\/index.php\/2019\/11\/07\/wycieczka-do-anglii-i-kornwalii\/\"]}]},{\"@type\":\"BreadcrumbList\",\"@id\":\"https:\/\/2liceum.eu\/index.php\/2019\/11\/07\/wycieczka-do-anglii-i-kornwalii\/#breadcrumb\",\"itemListElement\":[{\"@type\":\"ListItem\",\"position\":1,\"name\":\"Strona g\u0142\u00f3wna\",\"item\":\"https:\/\/2liceum.eu\/\"},{\"@type\":\"ListItem\",\"position\":2,\"name\":\"Wycieczka do&nbsp;Anglii i&nbsp;Kornwalii!\"}]},{\"@type\":\"Article\",\"@id\":\"https:\/\/2liceum.eu\/index.php\/2019\/11\/07\/wycieczka-do-anglii-i-kornwalii\/#article\",\"isPartOf\":{\"@id\":\"https:\/\/2liceum.eu\/index.php\/2019\/11\/07\/wycieczka-do-anglii-i-kornwalii\/\"},\"author\":{\"name\":\"Adam Dragan\",\"@id\":\"https:\/\/2liceum.eu\/#\/schema\/person\/1a52557bfdaf047be954a8b190648da5\"},\"headline\":\"Wycieczka do Anglii i Kornwalii!\",\"datePublished\":\"2019-11-07T14:06:33+00:00\",\"dateModified\":\"2019-11-07T14:06:35+00:00\",\"mainEntityOfPage\":{\"@id\":\"https:\/\/2liceum.eu\/index.php\/2019\/11\/07\/wycieczka-do-anglii-i-kornwalii\/\"},\"wordCount\":82,\"commentCount\":0,\"publisher\":{\"@id\":\"https:\/\/2liceum.eu\/#organization\"},\"articleSection\":[\"Aktualno\u015bci\"],\"inLanguage\":\"pl-PL\",\"potentialAction\":[{\"@type\":\"CommentAction\",\"name\":\"Comment\",\"target\":[\"https:\/\/2liceum.eu\/index.php\/2019\/11\/07\/wycieczka-do-anglii-i-kornwalii\/#respond\"]}]},{\"@type\":\"Person\",\"@id\":\"https:\/\/2liceum.eu\/#\/schema\/person\/1a52557bfdaf047be954a8b190648da5\",\"name\":\"Adam Dragan\",\"image\":{\"@type\":\"ImageObject\",\"inLanguage\":\"pl-PL\",\"@id\":\"https:\/\/2liceum.eu\/#\/schema\/person\/image\/\",\"url\":\"https:\/\/secure.gravatar.com\/avatar\/3a2bee53698f47ac117505a8a054d1e47e9ee9593c4c77dc18374aa80472d80c?s=96&d=mm&r=g\",\"contentUrl\":\"https:\/\/secure.gravatar.com\/avatar\/3a2bee53698f47ac117505a8a054d1e47e9ee9593c4c77dc18374aa80472d80c?s=96&d=mm&r=g\",\"caption\":\"Adam Dragan\"},\"sameAs\":[\"http:\/\/2liceum.eu\"]}]}<\/script>\n<!-- \/ Yoast SEO plugin. -->","yoast_head_json":{"title":"Wycieczka do Anglii i Kornwalii! - II Liceum Og\u00f3lnokszta\u0142c\u0105ce w Lubinie","robots":{"index":"index","follow":"follow","max-snippet":"max-snippet:-1","max-image-preview":"max-image-preview:large","max-video-preview":"max-video-preview:-1"},"canonical":"https:\/\/2liceum.eu\/index.php\/2019\/11\/07\/wycieczka-do-anglii-i-kornwalii\/","og_locale":"pl_PL","og_type":"article","og_title":"Wycieczka do Anglii i Kornwalii! - II Liceum Og\u00f3lnokszta\u0142c\u0105ce w Lubinie","og_description":"Zapraszamy na organizowan\u0105 co roku wycieczk\u0119 szkoln\u0105 do Anglii i Kornwalii. W programie przewidywane jest zwiedzanie wielu interesuj\u0105cych miejsc. Zobaczycie Angli\u0119, jakiej nie znali\u015bcie do tej pory! Noclegi u rodzin angielskich, wi\u0119c b\u0119dziecie mogli praktycznie wykorzysta\u0107 znajomo\u015b\u0107 j\u0119zyka angielskiego! Ch\u0119tnych prosimy o zg\u0142oszenie si\u0119 do p. prof. J. Grodek &#8211; Kabat (s. 08) lub p. [&hellip;]","og_url":"https:\/\/2liceum.eu\/index.php\/2019\/11\/07\/wycieczka-do-anglii-i-kornwalii\/","og_site_name":"II Liceum Og\u00f3lnokszta\u0142c\u0105ce w Lubinie","article_publisher":"https:\/\/web.facebook.com\/IILOLubin\/","article_published_time":"2019-11-07T14:06:33+00:00","article_modified_time":"2019-11-07T14:06:35+00:00","og_image":[{"url":"https:\/\/scontent-waw1-1.xx.fbcdn.net\/v\/t1.0-9\/75501050_2648112818578628_8855504067862986752_o.jpg?_nc_cat=106&amp;_nc_oc=AQnXpZ0P-K1lCCZp9Al-pAFeAJBT0isgVW3ZXO6pnQ-mFXzcJUg76eM6TKs48f_MRI0&amp;_nc_ht=scontent-waw1-1.xx&amp;oh=55b8671c97c97d4ade92918d0827841a&amp;oe=5E48AE6C"}],"author":"Adam Dragan","twitter_card":"summary_large_image","twitter_misc":{"Napisane przez":"Adam Dragan"},"schema":{"@context":"https:\/\/schema.org","@graph":[{"@type":"Organization","@id":"https:\/\/2liceum.eu\/#organization","name":"II Liceum Og\u00f3lnokszta\u0142c\u0105ce w Lubinie","url":"https:\/\/2liceum.eu\/","sameAs":["http:\/\/2lolubin","https:\/\/www.youtube.com\/channel\/UCWjEMxRJYdfvxPhVOn-8g_g","https:\/\/web.facebook.com\/IILOLubin\/"],"logo":{"@type":"ImageObject","inLanguage":"pl-PL","@id":"https:\/\/2liceum.eu\/#\/schema\/logo\/image\/","url":"https:\/\/2liceum.eu\/wp-content\/uploads\/2018\/01\/pobrane.jpg","contentUrl":"https:\/\/2liceum.eu\/wp-content\/uploads\/2018\/01\/pobrane.jpg","width":184,"height":183,"caption":"II Liceum Og\u00f3lnokszta\u0142c\u0105ce w Lubinie"},"image":{"@id":"https:\/\/2liceum.eu\/#\/schema\/logo\/image\/"}},{"@type":"WebSite","@id":"https:\/\/2liceum.eu\/#website","url":"https:\/\/2liceum.eu\/","name":"II Liceum Og\u00f3lnokszta\u0142c\u0105ce w Lubinie","description":"Oficjalny portal II LO w Lubinie. Informacje o szkole, kadrze, zaj\u0119ciach dydaktycznych, ko\u0142ach zainteresowa\u0144, wolontariacie. Aktualno\u015bci. Galeria zdj\u0119\u0107.","publisher":{"@id":"https:\/\/2liceum.eu\/#organization"},"potentialAction":[{"@type":"SearchAction","target":{"@type":"EntryPoint","urlTemplate":"https:\/\/2liceum.eu\/?s={search_term_string}"},"query-input":"required name=search_term_string"}],"inLanguage":"pl-PL"},{"@type":"WebPage","@id":"https:\/\/2liceum.eu\/index.php\/2019\/11\/07\/wycieczka-do-anglii-i-kornwalii\/","url":"https:\/\/2liceum.eu\/index.php\/2019\/11\/07\/wycieczka-do-anglii-i-kornwalii\/","name":"Wycieczka do Anglii i Kornwalii! - II Liceum Og\u00f3lnokszta\u0142c\u0105ce w Lubinie","isPartOf":{"@id":"https:\/\/2liceum.eu\/#website"},"datePublished":"2019-11-07T14:06:33+00:00","dateModified":"2019-11-07T14:06:35+00:00","breadcrumb":{"@id":"https:\/\/2liceum.eu\/index.php\/2019\/11\/07\/wycieczka-do-anglii-i-kornwalii\/#breadcrumb"},"inLanguage":"pl-PL","potentialAction":[{"@type":"ReadAction","target":["https:\/\/2liceum.eu\/index.php\/2019\/11\/07\/wycieczka-do-anglii-i-kornwalii\/"]}]},{"@type":"BreadcrumbList","@id":"https:\/\/2liceum.eu\/index.php\/2019\/11\/07\/wycieczka-do-anglii-i-kornwalii\/#breadcrumb","itemListElement":[{"@type":"ListItem","position":1,"name":"Strona g\u0142\u00f3wna","item":"https:\/\/2liceum.eu\/"},{"@type":"ListItem","position":2,"name":"Wycieczka do&nbsp;Anglii i&nbsp;Kornwalii!"}]},{"@type":"Article","@id":"https:\/\/2liceum.eu\/index.php\/2019\/11\/07\/wycieczka-do-anglii-i-kornwalii\/#article","isPartOf":{"@id":"https:\/\/2liceum.eu\/index.php\/2019\/11\/07\/wycieczka-do-anglii-i-kornwalii\/"},"author":{"name":"Adam Dragan","@id":"https:\/\/2liceum.eu\/#\/schema\/person\/1a52557bfdaf047be954a8b190648da5"},"headline":"Wycieczka do Anglii i Kornwalii!","datePublished":"2019-11-07T14:06:33+00:00","dateModified":"2019-11-07T14:06:35+00:00","mainEntityOfPage":{"@id":"https:\/\/2liceum.eu\/index.php\/2019\/11\/07\/wycieczka-do-anglii-i-kornwalii\/"},"wordCount":82,"commentCount":0,"publisher":{"@id":"https:\/\/2liceum.eu\/#organization"},"articleSection":["Aktualno\u015bci"],"inLanguage":"pl-PL","potentialAction":[{"@type":"CommentAction","name":"Comment","target":["https:\/\/2liceum.eu\/index.php\/2019\/11\/07\/wycieczka-do-anglii-i-kornwalii\/#respond"]}]},{"@type":"Person","@id":"https:\/\/2liceum.eu\/#\/schema\/person\/1a52557bfdaf047be954a8b190648da5","name":"Adam Dragan","image":{"@type":"ImageObject","inLanguage":"pl-PL","@id":"https:\/\/2liceum.eu\/#\/schema\/person\/image\/","url":"https:\/\/secure.gravatar.com\/avatar\/3a2bee53698f47ac117505a8a054d1e47e9ee9593c4c77dc18374aa80472d80c?s=96&d=mm&r=g","contentUrl":"https:\/\/secure.gravatar.com\/avatar\/3a2bee53698f47ac117505a8a054d1e47e9ee9593c4c77dc18374aa80472d80c?s=96&d=mm&r=g","caption":"Adam Dragan"},"sameAs":["http:\/\/2liceum.eu"]}]}},"_links":{"self":[{"href":"https:\/\/2liceum.eu\/index.php\/wp-json\/wp\/v2\/posts\/4300","targetHints":{"allow":["GET"]}}],"collection":[{"href":"https:\/\/2liceum.eu\/index.php\/wp-json\/wp\/v2\/posts"}],"about":[{"href":"https:\/\/2liceum.eu\/index.php\/wp-json\/wp\/v2\/types\/post"}],"author":[{"embeddable":true,"href":"https:\/\/2liceum.eu\/index.php\/wp-json\/wp\/v2\/users\/2"}],"replies":[{"embeddable":true,"href":"https:\/\/2liceum.eu\/index.php\/wp-json\/wp\/v2\/comments?post=4300"}],"version-history":[{"count":1,"href":"https:\/\/2liceum.eu\/index.php\/wp-json\/wp\/v2\/posts\/4300\/revisions"}],"predecessor-version":[{"id":4301,"href":"https:\/\/2liceum.eu\/index.php\/wp-json\/wp\/v2\/posts\/4300\/revisions\/4301"}],"wp:attachment":[{"href":"https:\/\/2liceum.eu\/index.php\/wp-json\/wp\/v2\/media?parent=4300"}],"wp:term":[{"taxonomy":"category","embeddable":true,"href":"https:\/\/2liceum.eu\/index.php\/wp-json\/wp\/v2\/categories?post=4300"},{"taxonomy":"post_tag","embeddable":true,"href":"https:\/\/2liceum.eu\/index.php\/wp-json\/wp\/v2\/tags?post=4300"}],"curies":[{"name":"wp","href":"https:\/\/api.w.org\/{rel}","templated":true}]}}