{"id":4303,"date":"2019-11-08T21:06:42","date_gmt":"2019-11-08T20:06:42","guid":{"rendered":"https:\/\/2liceum.eu\/?p=4303"},"modified":"2019-11-08T21:08:55","modified_gmt":"2019-11-08T20:08:55","slug":"koncert-dla-niepodleglej","status":"publish","type":"post","link":"https:\/\/2liceum.eu\/index.php\/2019\/11\/08\/koncert-dla-niepodleglej\/","title":{"rendered":"Koncert &#8222;Dla Niepodleg\u0142ej&#8221;!"},"content":{"rendered":"<p style=\"text-align: justify;\"><img loading=\"lazy\" decoding=\"async\" class=\"size-medium alignleft\" src=\"https:\/\/2liceum.eu\/wp-content\/uploads\/sites\/1\/nggallery\/koncert-dla-niepodleglej-2019\/thumbs\/thumbs_3.jpg\" width=\"240\" height=\"160\">W dniu dzisiejszym <strong>aula II LO w Lubinie zamieni\u0142a si\u0119 w wielki &#8222;Hades&#8221;<\/strong> &#8211; gabinet historyczny (s.01) w troch\u0119 powi\u0119kszonej wersji&nbsp;<span class=\"_47e3 _5mfr\" title=\"Emotikon wink\"><img loading=\"lazy\" decoding=\"async\" class=\"img\" role=\"presentation\" src=\"https:\/\/static.xx.fbcdn.net\/images\/emoji.php\/v9\/t57\/1\/16\/1f609.png\" alt=\"\" width=\"16\" height=\"16\"><\/span><\/p>\n<p style=\"text-align: justify;\">Klasa 2F wraz ze swoim wychowawc\u0105 &#8211; Panem Tomaszem B\u00f3b przygotowa\u0142a <strong>niezwyk\u0142y koncert z okazji nadchodz\u0105cego <span style=\"color: #ff0000;\">\u015awi\u0119ta Niepodleg\u0142o\u015bci.<\/span><\/strong> Zaprezentowane na bardzo wysokim poziomie utwory przez szereg wykonawc\u00f3w z naszej szko\u0142y, a tak\u017ce absolwenta i go\u015bci z zewn\u0105trz, wprowadzi\u0142y nas w atmosfer\u0119 mi\u0142o\u015bci do ojczyzny oraz walki o jej wolno\u015b\u0107 w r\u00f3\u017cnych okre<span class=\"text_exposed_show\">sach przesz\u0142o\u015bci. Ca\u0142o\u015b\u0107 przypomina\u0142a spontaniczn\u0105 lekcj\u0119 historii w charakterze koncertu, w kt\u00f3rym wyst\u0105pi\u0142y &#8222;wywo\u0142ane do tablicy&#8221; muzyczne talenty. Pomi\u0119dzy piosenkami pada\u0142y s\u0142owa komentarzy, w kt\u00f3rych Pan Tomasz B\u00f3b nawi\u0105zywa\u0142 do okoliczno\u015bci ich powstania oraz wskazywa\u0142 historyczny kontekst.<\/span><\/p>\n<div class=\"text_exposed_show\">\n<p style=\"text-align: justify;\"><strong>Bardzo dzi\u0119kujemy wszystkim osobom zaanga\u017cowanym w organizacj\u0119 spotkania, gdy\u017c dzisiejszy koncert dostarczy\u0142 nam wiele pozytywnych emocji.<\/strong><\/p>\n<p><a href=\"https:\/\/2liceum.eu\/index.php\/rok-szkolny-2019-2020\/nggallery\/rok-szkolny-2019-2020\/Koncert-Dla-Niepodleg%C5%82ej-2019!\" target=\"_blank\" rel=\"noopener noreferrer\"><strong>Zapraszamy do obejrzenia galerii zdj\u0119\u0107!<\/strong><\/a><\/p>\n<\/div>\n","protected":false},"excerpt":{"rendered":"<p>W dniu dzisiejszym aula II LO w Lubinie zamieni\u0142a si\u0119 w wielki &#8222;Hades&#8221; &#8211; gabinet historyczny (s.01) w troch\u0119 powi\u0119kszonej wersji&nbsp; Klasa 2F wraz ze swoim wychowawc\u0105 &#8211; Panem Tomaszem B\u00f3b przygotowa\u0142a niezwyk\u0142y koncert z okazji nadchodz\u0105cego \u015awi\u0119ta Niepodleg\u0142o\u015bci. Zaprezentowane na bardzo wysokim poziomie utwory przez szereg wykonawc\u00f3w z naszej szko\u0142y, a tak\u017ce absolwenta i [&hellip;]<\/p>\n","protected":false},"author":2,"featured_media":0,"comment_status":"open","ping_status":"open","sticky":false,"template":"","format":"standard","meta":{"ngg_post_thumbnail":0,"footnotes":""},"categories":[1],"tags":[],"class_list":["post-4303","post","type-post","status-publish","format-standard","hentry","category-aktualnosci"],"yoast_head":"<!-- This site is optimized with the Yoast SEO plugin v19.4 - https:\/\/yoast.com\/wordpress\/plugins\/seo\/ -->\n<title>Koncert &quot;Dla Niepodleg\u0142ej&quot;! - II Liceum Og\u00f3lnokszta\u0142c\u0105ce w Lubinie<\/title>\n<meta name=\"robots\" content=\"index, follow, max-snippet:-1, max-image-preview:large, max-video-preview:-1\" \/>\n<link rel=\"canonical\" href=\"https:\/\/2liceum.eu\/index.php\/2019\/11\/08\/koncert-dla-niepodleglej\/\" \/>\n<meta property=\"og:locale\" content=\"pl_PL\" \/>\n<meta property=\"og:type\" content=\"article\" \/>\n<meta property=\"og:title\" content=\"Koncert &quot;Dla Niepodleg\u0142ej&quot;! - II Liceum Og\u00f3lnokszta\u0142c\u0105ce w Lubinie\" \/>\n<meta property=\"og:description\" content=\"W dniu dzisiejszym aula II LO w Lubinie zamieni\u0142a si\u0119 w wielki &#8222;Hades&#8221; &#8211; gabinet historyczny (s.01) w troch\u0119 powi\u0119kszonej wersji&nbsp; Klasa 2F wraz ze swoim wychowawc\u0105 &#8211; Panem Tomaszem B\u00f3b przygotowa\u0142a niezwyk\u0142y koncert z okazji nadchodz\u0105cego \u015awi\u0119ta Niepodleg\u0142o\u015bci. Zaprezentowane na bardzo wysokim poziomie utwory przez szereg wykonawc\u00f3w z naszej szko\u0142y, a tak\u017ce absolwenta i [&hellip;]\" \/>\n<meta property=\"og:url\" content=\"https:\/\/2liceum.eu\/index.php\/2019\/11\/08\/koncert-dla-niepodleglej\/\" \/>\n<meta property=\"og:site_name\" content=\"II Liceum Og\u00f3lnokszta\u0142c\u0105ce w Lubinie\" \/>\n<meta property=\"article:publisher\" content=\"https:\/\/web.facebook.com\/IILOLubin\/\" \/>\n<meta property=\"article:published_time\" content=\"2019-11-08T20:06:42+00:00\" \/>\n<meta property=\"article:modified_time\" content=\"2019-11-08T20:08:55+00:00\" \/>\n<meta property=\"og:image\" content=\"https:\/\/2liceum.eu\/wp-content\/uploads\/sites\/1\/nggallery\/koncert-dla-niepodleglej-2019\/thumbs\/thumbs_3.jpg\" \/>\n<meta name=\"author\" content=\"Adam Dragan\" \/>\n<meta name=\"twitter:card\" content=\"summary_large_image\" \/>\n<meta name=\"twitter:label1\" content=\"Napisane przez\" \/>\n\t<meta name=\"twitter:data1\" content=\"Adam Dragan\" \/>\n\t<meta name=\"twitter:label2\" content=\"Szacowany czas czytania\" \/>\n\t<meta name=\"twitter:data2\" content=\"1 minuta\" \/>\n<script type=\"application\/ld+json\" class=\"yoast-schema-graph\">{\"@context\":\"https:\/\/schema.org\",\"@graph\":[{\"@type\":\"Organization\",\"@id\":\"https:\/\/2liceum.eu\/#organization\",\"name\":\"II Liceum Og\u00f3lnokszta\u0142c\u0105ce w Lubinie\",\"url\":\"https:\/\/2liceum.eu\/\",\"sameAs\":[\"http:\/\/2lolubin\",\"https:\/\/www.youtube.com\/channel\/UCWjEMxRJYdfvxPhVOn-8g_g\",\"https:\/\/web.facebook.com\/IILOLubin\/\"],\"logo\":{\"@type\":\"ImageObject\",\"inLanguage\":\"pl-PL\",\"@id\":\"https:\/\/2liceum.eu\/#\/schema\/logo\/image\/\",\"url\":\"https:\/\/2liceum.eu\/wp-content\/uploads\/2018\/01\/pobrane.jpg\",\"contentUrl\":\"https:\/\/2liceum.eu\/wp-content\/uploads\/2018\/01\/pobrane.jpg\",\"width\":184,\"height\":183,\"caption\":\"II Liceum Og\u00f3lnokszta\u0142c\u0105ce w Lubinie\"},\"image\":{\"@id\":\"https:\/\/2liceum.eu\/#\/schema\/logo\/image\/\"}},{\"@type\":\"WebSite\",\"@id\":\"https:\/\/2liceum.eu\/#website\",\"url\":\"https:\/\/2liceum.eu\/\",\"name\":\"II Liceum Og\u00f3lnokszta\u0142c\u0105ce w Lubinie\",\"description\":\"Oficjalny portal II LO w Lubinie. Informacje o szkole, kadrze, zaj\u0119ciach dydaktycznych, ko\u0142ach zainteresowa\u0144, wolontariacie. Aktualno\u015bci. Galeria zdj\u0119\u0107.\",\"publisher\":{\"@id\":\"https:\/\/2liceum.eu\/#organization\"},\"potentialAction\":[{\"@type\":\"SearchAction\",\"target\":{\"@type\":\"EntryPoint\",\"urlTemplate\":\"https:\/\/2liceum.eu\/?s={search_term_string}\"},\"query-input\":\"required name=search_term_string\"}],\"inLanguage\":\"pl-PL\"},{\"@type\":\"WebPage\",\"@id\":\"https:\/\/2liceum.eu\/index.php\/2019\/11\/08\/koncert-dla-niepodleglej\/\",\"url\":\"https:\/\/2liceum.eu\/index.php\/2019\/11\/08\/koncert-dla-niepodleglej\/\",\"name\":\"Koncert \\\"Dla Niepodleg\u0142ej\\\"! - II Liceum Og\u00f3lnokszta\u0142c\u0105ce w Lubinie\",\"isPartOf\":{\"@id\":\"https:\/\/2liceum.eu\/#website\"},\"datePublished\":\"2019-11-08T20:06:42+00:00\",\"dateModified\":\"2019-11-08T20:08:55+00:00\",\"breadcrumb\":{\"@id\":\"https:\/\/2liceum.eu\/index.php\/2019\/11\/08\/koncert-dla-niepodleglej\/#breadcrumb\"},\"inLanguage\":\"pl-PL\",\"potentialAction\":[{\"@type\":\"ReadAction\",\"target\":[\"https:\/\/2liceum.eu\/index.php\/2019\/11\/08\/koncert-dla-niepodleglej\/\"]}]},{\"@type\":\"BreadcrumbList\",\"@id\":\"https:\/\/2liceum.eu\/index.php\/2019\/11\/08\/koncert-dla-niepodleglej\/#breadcrumb\",\"itemListElement\":[{\"@type\":\"ListItem\",\"position\":1,\"name\":\"Strona g\u0142\u00f3wna\",\"item\":\"https:\/\/2liceum.eu\/\"},{\"@type\":\"ListItem\",\"position\":2,\"name\":\"Koncert &#8222;Dla Niepodleg\u0142ej&#8221;!\"}]},{\"@type\":\"Article\",\"@id\":\"https:\/\/2liceum.eu\/index.php\/2019\/11\/08\/koncert-dla-niepodleglej\/#article\",\"isPartOf\":{\"@id\":\"https:\/\/2liceum.eu\/index.php\/2019\/11\/08\/koncert-dla-niepodleglej\/\"},\"author\":{\"name\":\"Adam Dragan\",\"@id\":\"https:\/\/2liceum.eu\/#\/schema\/person\/1a52557bfdaf047be954a8b190648da5\"},\"headline\":\"Koncert &#8222;Dla Niepodleg\u0142ej&#8221;!\",\"datePublished\":\"2019-11-08T20:06:42+00:00\",\"dateModified\":\"2019-11-08T20:08:55+00:00\",\"mainEntityOfPage\":{\"@id\":\"https:\/\/2liceum.eu\/index.php\/2019\/11\/08\/koncert-dla-niepodleglej\/\"},\"wordCount\":170,\"commentCount\":0,\"publisher\":{\"@id\":\"https:\/\/2liceum.eu\/#organization\"},\"articleSection\":[\"Aktualno\u015bci\"],\"inLanguage\":\"pl-PL\",\"potentialAction\":[{\"@type\":\"CommentAction\",\"name\":\"Comment\",\"target\":[\"https:\/\/2liceum.eu\/index.php\/2019\/11\/08\/koncert-dla-niepodleglej\/#respond\"]}]},{\"@type\":\"Person\",\"@id\":\"https:\/\/2liceum.eu\/#\/schema\/person\/1a52557bfdaf047be954a8b190648da5\",\"name\":\"Adam Dragan\",\"image\":{\"@type\":\"ImageObject\",\"inLanguage\":\"pl-PL\",\"@id\":\"https:\/\/2liceum.eu\/#\/schema\/person\/image\/\",\"url\":\"https:\/\/secure.gravatar.com\/avatar\/3a2bee53698f47ac117505a8a054d1e47e9ee9593c4c77dc18374aa80472d80c?s=96&d=mm&r=g\",\"contentUrl\":\"https:\/\/secure.gravatar.com\/avatar\/3a2bee53698f47ac117505a8a054d1e47e9ee9593c4c77dc18374aa80472d80c?s=96&d=mm&r=g\",\"caption\":\"Adam Dragan\"},\"sameAs\":[\"http:\/\/2liceum.eu\"]}]}<\/script>\n<!-- \/ Yoast SEO plugin. -->","yoast_head_json":{"title":"Koncert \"Dla Niepodleg\u0142ej\"! - II Liceum Og\u00f3lnokszta\u0142c\u0105ce w Lubinie","robots":{"index":"index","follow":"follow","max-snippet":"max-snippet:-1","max-image-preview":"max-image-preview:large","max-video-preview":"max-video-preview:-1"},"canonical":"https:\/\/2liceum.eu\/index.php\/2019\/11\/08\/koncert-dla-niepodleglej\/","og_locale":"pl_PL","og_type":"article","og_title":"Koncert \"Dla Niepodleg\u0142ej\"! - II Liceum Og\u00f3lnokszta\u0142c\u0105ce w Lubinie","og_description":"W dniu dzisiejszym aula II LO w Lubinie zamieni\u0142a si\u0119 w wielki &#8222;Hades&#8221; &#8211; gabinet historyczny (s.01) w troch\u0119 powi\u0119kszonej wersji&nbsp; Klasa 2F wraz ze swoim wychowawc\u0105 &#8211; Panem Tomaszem B\u00f3b przygotowa\u0142a niezwyk\u0142y koncert z okazji nadchodz\u0105cego \u015awi\u0119ta Niepodleg\u0142o\u015bci. Zaprezentowane na bardzo wysokim poziomie utwory przez szereg wykonawc\u00f3w z naszej szko\u0142y, a tak\u017ce absolwenta i [&hellip;]","og_url":"https:\/\/2liceum.eu\/index.php\/2019\/11\/08\/koncert-dla-niepodleglej\/","og_site_name":"II Liceum Og\u00f3lnokszta\u0142c\u0105ce w Lubinie","article_publisher":"https:\/\/web.facebook.com\/IILOLubin\/","article_published_time":"2019-11-08T20:06:42+00:00","article_modified_time":"2019-11-08T20:08:55+00:00","og_image":[{"url":"https:\/\/2liceum.eu\/wp-content\/uploads\/sites\/1\/nggallery\/koncert-dla-niepodleglej-2019\/thumbs\/thumbs_3.jpg"}],"author":"Adam Dragan","twitter_card":"summary_large_image","twitter_misc":{"Napisane przez":"Adam Dragan","Szacowany czas czytania":"1 minuta"},"schema":{"@context":"https:\/\/schema.org","@graph":[{"@type":"Organization","@id":"https:\/\/2liceum.eu\/#organization","name":"II Liceum Og\u00f3lnokszta\u0142c\u0105ce w Lubinie","url":"https:\/\/2liceum.eu\/","sameAs":["http:\/\/2lolubin","https:\/\/www.youtube.com\/channel\/UCWjEMxRJYdfvxPhVOn-8g_g","https:\/\/web.facebook.com\/IILOLubin\/"],"logo":{"@type":"ImageObject","inLanguage":"pl-PL","@id":"https:\/\/2liceum.eu\/#\/schema\/logo\/image\/","url":"https:\/\/2liceum.eu\/wp-content\/uploads\/2018\/01\/pobrane.jpg","contentUrl":"https:\/\/2liceum.eu\/wp-content\/uploads\/2018\/01\/pobrane.jpg","width":184,"height":183,"caption":"II Liceum Og\u00f3lnokszta\u0142c\u0105ce w Lubinie"},"image":{"@id":"https:\/\/2liceum.eu\/#\/schema\/logo\/image\/"}},{"@type":"WebSite","@id":"https:\/\/2liceum.eu\/#website","url":"https:\/\/2liceum.eu\/","name":"II Liceum Og\u00f3lnokszta\u0142c\u0105ce w Lubinie","description":"Oficjalny portal II LO w Lubinie. Informacje o szkole, kadrze, zaj\u0119ciach dydaktycznych, ko\u0142ach zainteresowa\u0144, wolontariacie. Aktualno\u015bci. Galeria zdj\u0119\u0107.","publisher":{"@id":"https:\/\/2liceum.eu\/#organization"},"potentialAction":[{"@type":"SearchAction","target":{"@type":"EntryPoint","urlTemplate":"https:\/\/2liceum.eu\/?s={search_term_string}"},"query-input":"required name=search_term_string"}],"inLanguage":"pl-PL"},{"@type":"WebPage","@id":"https:\/\/2liceum.eu\/index.php\/2019\/11\/08\/koncert-dla-niepodleglej\/","url":"https:\/\/2liceum.eu\/index.php\/2019\/11\/08\/koncert-dla-niepodleglej\/","name":"Koncert \"Dla Niepodleg\u0142ej\"! - II Liceum Og\u00f3lnokszta\u0142c\u0105ce w Lubinie","isPartOf":{"@id":"https:\/\/2liceum.eu\/#website"},"datePublished":"2019-11-08T20:06:42+00:00","dateModified":"2019-11-08T20:08:55+00:00","breadcrumb":{"@id":"https:\/\/2liceum.eu\/index.php\/2019\/11\/08\/koncert-dla-niepodleglej\/#breadcrumb"},"inLanguage":"pl-PL","potentialAction":[{"@type":"ReadAction","target":["https:\/\/2liceum.eu\/index.php\/2019\/11\/08\/koncert-dla-niepodleglej\/"]}]},{"@type":"BreadcrumbList","@id":"https:\/\/2liceum.eu\/index.php\/2019\/11\/08\/koncert-dla-niepodleglej\/#breadcrumb","itemListElement":[{"@type":"ListItem","position":1,"name":"Strona g\u0142\u00f3wna","item":"https:\/\/2liceum.eu\/"},{"@type":"ListItem","position":2,"name":"Koncert &#8222;Dla Niepodleg\u0142ej&#8221;!"}]},{"@type":"Article","@id":"https:\/\/2liceum.eu\/index.php\/2019\/11\/08\/koncert-dla-niepodleglej\/#article","isPartOf":{"@id":"https:\/\/2liceum.eu\/index.php\/2019\/11\/08\/koncert-dla-niepodleglej\/"},"author":{"name":"Adam Dragan","@id":"https:\/\/2liceum.eu\/#\/schema\/person\/1a52557bfdaf047be954a8b190648da5"},"headline":"Koncert &#8222;Dla Niepodleg\u0142ej&#8221;!","datePublished":"2019-11-08T20:06:42+00:00","dateModified":"2019-11-08T20:08:55+00:00","mainEntityOfPage":{"@id":"https:\/\/2liceum.eu\/index.php\/2019\/11\/08\/koncert-dla-niepodleglej\/"},"wordCount":170,"commentCount":0,"publisher":{"@id":"https:\/\/2liceum.eu\/#organization"},"articleSection":["Aktualno\u015bci"],"inLanguage":"pl-PL","potentialAction":[{"@type":"CommentAction","name":"Comment","target":["https:\/\/2liceum.eu\/index.php\/2019\/11\/08\/koncert-dla-niepodleglej\/#respond"]}]},{"@type":"Person","@id":"https:\/\/2liceum.eu\/#\/schema\/person\/1a52557bfdaf047be954a8b190648da5","name":"Adam Dragan","image":{"@type":"ImageObject","inLanguage":"pl-PL","@id":"https:\/\/2liceum.eu\/#\/schema\/person\/image\/","url":"https:\/\/secure.gravatar.com\/avatar\/3a2bee53698f47ac117505a8a054d1e47e9ee9593c4c77dc18374aa80472d80c?s=96&d=mm&r=g","contentUrl":"https:\/\/secure.gravatar.com\/avatar\/3a2bee53698f47ac117505a8a054d1e47e9ee9593c4c77dc18374aa80472d80c?s=96&d=mm&r=g","caption":"Adam Dragan"},"sameAs":["http:\/\/2liceum.eu"]}]}},"_links":{"self":[{"href":"https:\/\/2liceum.eu\/index.php\/wp-json\/wp\/v2\/posts\/4303","targetHints":{"allow":["GET"]}}],"collection":[{"href":"https:\/\/2liceum.eu\/index.php\/wp-json\/wp\/v2\/posts"}],"about":[{"href":"https:\/\/2liceum.eu\/index.php\/wp-json\/wp\/v2\/types\/post"}],"author":[{"embeddable":true,"href":"https:\/\/2liceum.eu\/index.php\/wp-json\/wp\/v2\/users\/2"}],"replies":[{"embeddable":true,"href":"https:\/\/2liceum.eu\/index.php\/wp-json\/wp\/v2\/comments?post=4303"}],"version-history":[{"count":3,"href":"https:\/\/2liceum.eu\/index.php\/wp-json\/wp\/v2\/posts\/4303\/revisions"}],"predecessor-version":[{"id":4325,"href":"https:\/\/2liceum.eu\/index.php\/wp-json\/wp\/v2\/posts\/4303\/revisions\/4325"}],"wp:attachment":[{"href":"https:\/\/2liceum.eu\/index.php\/wp-json\/wp\/v2\/media?parent=4303"}],"wp:term":[{"taxonomy":"category","embeddable":true,"href":"https:\/\/2liceum.eu\/index.php\/wp-json\/wp\/v2\/categories?post=4303"},{"taxonomy":"post_tag","embeddable":true,"href":"https:\/\/2liceum.eu\/index.php\/wp-json\/wp\/v2\/tags?post=4303"}],"curies":[{"name":"wp","href":"https:\/\/api.w.org\/{rel}","templated":true}]}}