{"id":4341,"date":"2019-11-14T13:45:35","date_gmt":"2019-11-14T12:45:35","guid":{"rendered":"https:\/\/2liceum.eu\/?p=4341"},"modified":"2019-11-14T14:27:38","modified_gmt":"2019-11-14T13:27:38","slug":"przy-dzwiekach-muzyki-moniuszki","status":"publish","type":"post","link":"https:\/\/2liceum.eu\/index.php\/2019\/11\/14\/przy-dzwiekach-muzyki-moniuszki\/","title":{"rendered":"Przy d\u017awi\u0119kach muzyki Moniuszki&#8230;"},"content":{"rendered":"<p><img loading=\"lazy\" decoding=\"async\" class=\"size-full alignright\" src=\"https:\/\/2liceum.eu\/wp-content\/uploads\/sites\/1\/nggallery\/wyjazd-do-filharmonii\/thumbs\/thumbs_received_399875217561764.jpeg\" width=\"240\" height=\"160\"><\/p>\n<p style=\"text-align: justify;\"><strong>13 listopada 2019 r. klasy 2c i 2f uda\u0142y si\u0119 na wycieczk\u0119 do Zielonej&nbsp;G\u00f3ry.<\/strong> <strong><span style=\"color: #008000;\">Wyjazd na koncert utwor\u00f3w Stanis\u0142awa Moniuszki by\u0142 idealn\u0105 okazj\u0105 do \u015bwi\u0119towania 200. urodzin kompozytora<\/span> oraz pretekstem do bli\u017cszego poznania pi\u0119knego \u201emiasta wina\u201d.<\/strong><\/p>\n<p style=\"text-align: justify;\">Podczas podr\u00f3\u017cy przedstawiony zosta\u0142 kr\u00f3tki wyk\u0142ad o historii miasta przygotowany przez uczennice klasy 2c Paulin\u0119 K\u0119dziersk\u0105 oraz Viktori\u0119 Kopysty\u0144sk\u0105. Uczestnikom dane by\u0142o ujrze\u0107 pos\u0105g Bachusa \u2013 rzymskiego boga wina i urodzaju oraz kilka mniejszych jego figurek porozrzucanych po zielonog\u00f3rskim rynku.<\/p>\n<p style=\"text-align: justify;\">Utwory prezentowane na koncercie by\u0142y zar\u00f3wno wykonywane przez solist\u00f3w operowych jak i orkiestr\u0119 symfoniczn\u0105. Kompozycje pochodzi\u0142y m.in. z \u201eHalki\u201d czy \u201eStrasznego Dworu\u201d. Ws\u0142uchanie si\u0119 w gr\u0119 instrument\u00f3w orkiestry wprawia\u0142o w zachwyt, a g\u0142osy operowe niesamowicie oddawa\u0142y charakter \u015bpiewanych tekst\u00f3w.<\/p>\n<p style=\"text-align: justify;\">Wyjazd do Filharmonii z pewno\u015bci\u0105 by\u0142 warto\u015bciowym dla uczni\u00f3w do\u015bwiadczeniem, kt\u00f3re poszerzy\u0142o ich wiedz\u0119 na temat wielkiego polskiego kompozytora.<\/p>\n<p style=\"text-align: right;\">Julia Kwiatkowska, kl.2f<\/p>\n<p><a href=\"https:\/\/2liceum.eu\/index.php\/rok-szkolny-2019-2020\/nggallery\/rok-szkolny-2019-2020\/Wyjazd-do-filharmonii!\" target=\"_blank\" rel=\"noopener noreferrer\"><strong>Zapraszamy do galerii zdj\u0119\u0107!<\/strong><\/a><\/p>\n","protected":false},"excerpt":{"rendered":"<p>13 listopada 2019 r. klasy 2c i 2f uda\u0142y si\u0119 na wycieczk\u0119 do Zielonej&nbsp;G\u00f3ry. Wyjazd na koncert utwor\u00f3w Stanis\u0142awa Moniuszki by\u0142 idealn\u0105 okazj\u0105 do \u015bwi\u0119towania 200. urodzin kompozytora oraz pretekstem do bli\u017cszego poznania pi\u0119knego \u201emiasta wina\u201d. Podczas podr\u00f3\u017cy przedstawiony zosta\u0142 kr\u00f3tki wyk\u0142ad o historii miasta przygotowany przez uczennice klasy 2c Paulin\u0119 K\u0119dziersk\u0105 oraz Viktori\u0119 Kopysty\u0144sk\u0105. [&hellip;]<\/p>\n","protected":false},"author":2,"featured_media":0,"comment_status":"open","ping_status":"open","sticky":false,"template":"","format":"standard","meta":{"ngg_post_thumbnail":0,"footnotes":""},"categories":[1],"tags":[],"class_list":["post-4341","post","type-post","status-publish","format-standard","hentry","category-aktualnosci"],"yoast_head":"<!-- This site is optimized with the Yoast SEO plugin v19.4 - https:\/\/yoast.com\/wordpress\/plugins\/seo\/ -->\n<title>Przy d\u017awi\u0119kach muzyki Moniuszki... - II Liceum Og\u00f3lnokszta\u0142c\u0105ce w Lubinie<\/title>\n<meta name=\"robots\" content=\"index, follow, max-snippet:-1, max-image-preview:large, max-video-preview:-1\" \/>\n<link rel=\"canonical\" href=\"https:\/\/2liceum.eu\/index.php\/2019\/11\/14\/przy-dzwiekach-muzyki-moniuszki\/\" \/>\n<meta property=\"og:locale\" content=\"pl_PL\" \/>\n<meta property=\"og:type\" content=\"article\" \/>\n<meta property=\"og:title\" content=\"Przy d\u017awi\u0119kach muzyki Moniuszki... - II Liceum Og\u00f3lnokszta\u0142c\u0105ce w Lubinie\" \/>\n<meta property=\"og:description\" content=\"13 listopada 2019 r. klasy 2c i 2f uda\u0142y si\u0119 na wycieczk\u0119 do Zielonej&nbsp;G\u00f3ry. Wyjazd na koncert utwor\u00f3w Stanis\u0142awa Moniuszki by\u0142 idealn\u0105 okazj\u0105 do \u015bwi\u0119towania 200. urodzin kompozytora oraz pretekstem do bli\u017cszego poznania pi\u0119knego \u201emiasta wina\u201d. Podczas podr\u00f3\u017cy przedstawiony zosta\u0142 kr\u00f3tki wyk\u0142ad o historii miasta przygotowany przez uczennice klasy 2c Paulin\u0119 K\u0119dziersk\u0105 oraz Viktori\u0119 Kopysty\u0144sk\u0105. [&hellip;]\" \/>\n<meta property=\"og:url\" content=\"https:\/\/2liceum.eu\/index.php\/2019\/11\/14\/przy-dzwiekach-muzyki-moniuszki\/\" \/>\n<meta property=\"og:site_name\" content=\"II Liceum Og\u00f3lnokszta\u0142c\u0105ce w Lubinie\" \/>\n<meta property=\"article:publisher\" content=\"https:\/\/web.facebook.com\/IILOLubin\/\" \/>\n<meta property=\"article:published_time\" content=\"2019-11-14T12:45:35+00:00\" \/>\n<meta property=\"article:modified_time\" content=\"2019-11-14T13:27:38+00:00\" \/>\n<meta property=\"og:image\" content=\"https:\/\/2liceum.eu\/wp-content\/uploads\/sites\/1\/nggallery\/wyjazd-do-filharmonii\/thumbs\/thumbs_received_399875217561764.jpeg\" \/>\n<meta name=\"author\" content=\"Adam Dragan\" \/>\n<meta name=\"twitter:card\" content=\"summary_large_image\" \/>\n<meta name=\"twitter:label1\" content=\"Napisane przez\" \/>\n\t<meta name=\"twitter:data1\" content=\"Adam Dragan\" \/>\n\t<meta name=\"twitter:label2\" content=\"Szacowany czas czytania\" \/>\n\t<meta name=\"twitter:data2\" content=\"1 minuta\" \/>\n<script type=\"application\/ld+json\" class=\"yoast-schema-graph\">{\"@context\":\"https:\/\/schema.org\",\"@graph\":[{\"@type\":\"Organization\",\"@id\":\"https:\/\/2liceum.eu\/#organization\",\"name\":\"II Liceum Og\u00f3lnokszta\u0142c\u0105ce w Lubinie\",\"url\":\"https:\/\/2liceum.eu\/\",\"sameAs\":[\"http:\/\/2lolubin\",\"https:\/\/www.youtube.com\/channel\/UCWjEMxRJYdfvxPhVOn-8g_g\",\"https:\/\/web.facebook.com\/IILOLubin\/\"],\"logo\":{\"@type\":\"ImageObject\",\"inLanguage\":\"pl-PL\",\"@id\":\"https:\/\/2liceum.eu\/#\/schema\/logo\/image\/\",\"url\":\"https:\/\/2liceum.eu\/wp-content\/uploads\/2018\/01\/pobrane.jpg\",\"contentUrl\":\"https:\/\/2liceum.eu\/wp-content\/uploads\/2018\/01\/pobrane.jpg\",\"width\":184,\"height\":183,\"caption\":\"II Liceum Og\u00f3lnokszta\u0142c\u0105ce w Lubinie\"},\"image\":{\"@id\":\"https:\/\/2liceum.eu\/#\/schema\/logo\/image\/\"}},{\"@type\":\"WebSite\",\"@id\":\"https:\/\/2liceum.eu\/#website\",\"url\":\"https:\/\/2liceum.eu\/\",\"name\":\"II Liceum Og\u00f3lnokszta\u0142c\u0105ce w Lubinie\",\"description\":\"Oficjalny portal II LO w Lubinie. Informacje o szkole, kadrze, zaj\u0119ciach dydaktycznych, ko\u0142ach zainteresowa\u0144, wolontariacie. Aktualno\u015bci. Galeria zdj\u0119\u0107.\",\"publisher\":{\"@id\":\"https:\/\/2liceum.eu\/#organization\"},\"potentialAction\":[{\"@type\":\"SearchAction\",\"target\":{\"@type\":\"EntryPoint\",\"urlTemplate\":\"https:\/\/2liceum.eu\/?s={search_term_string}\"},\"query-input\":\"required name=search_term_string\"}],\"inLanguage\":\"pl-PL\"},{\"@type\":\"WebPage\",\"@id\":\"https:\/\/2liceum.eu\/index.php\/2019\/11\/14\/przy-dzwiekach-muzyki-moniuszki\/\",\"url\":\"https:\/\/2liceum.eu\/index.php\/2019\/11\/14\/przy-dzwiekach-muzyki-moniuszki\/\",\"name\":\"Przy d\u017awi\u0119kach muzyki Moniuszki... - II Liceum Og\u00f3lnokszta\u0142c\u0105ce w Lubinie\",\"isPartOf\":{\"@id\":\"https:\/\/2liceum.eu\/#website\"},\"datePublished\":\"2019-11-14T12:45:35+00:00\",\"dateModified\":\"2019-11-14T13:27:38+00:00\",\"breadcrumb\":{\"@id\":\"https:\/\/2liceum.eu\/index.php\/2019\/11\/14\/przy-dzwiekach-muzyki-moniuszki\/#breadcrumb\"},\"inLanguage\":\"pl-PL\",\"potentialAction\":[{\"@type\":\"ReadAction\",\"target\":[\"https:\/\/2liceum.eu\/index.php\/2019\/11\/14\/przy-dzwiekach-muzyki-moniuszki\/\"]}]},{\"@type\":\"BreadcrumbList\",\"@id\":\"https:\/\/2liceum.eu\/index.php\/2019\/11\/14\/przy-dzwiekach-muzyki-moniuszki\/#breadcrumb\",\"itemListElement\":[{\"@type\":\"ListItem\",\"position\":1,\"name\":\"Strona g\u0142\u00f3wna\",\"item\":\"https:\/\/2liceum.eu\/\"},{\"@type\":\"ListItem\",\"position\":2,\"name\":\"Przy d\u017awi\u0119kach muzyki Moniuszki&#8230;\"}]},{\"@type\":\"Article\",\"@id\":\"https:\/\/2liceum.eu\/index.php\/2019\/11\/14\/przy-dzwiekach-muzyki-moniuszki\/#article\",\"isPartOf\":{\"@id\":\"https:\/\/2liceum.eu\/index.php\/2019\/11\/14\/przy-dzwiekach-muzyki-moniuszki\/\"},\"author\":{\"name\":\"Adam Dragan\",\"@id\":\"https:\/\/2liceum.eu\/#\/schema\/person\/1a52557bfdaf047be954a8b190648da5\"},\"headline\":\"Przy d\u017awi\u0119kach muzyki Moniuszki&#8230;\",\"datePublished\":\"2019-11-14T12:45:35+00:00\",\"dateModified\":\"2019-11-14T13:27:38+00:00\",\"mainEntityOfPage\":{\"@id\":\"https:\/\/2liceum.eu\/index.php\/2019\/11\/14\/przy-dzwiekach-muzyki-moniuszki\/\"},\"wordCount\":178,\"commentCount\":0,\"publisher\":{\"@id\":\"https:\/\/2liceum.eu\/#organization\"},\"articleSection\":[\"Aktualno\u015bci\"],\"inLanguage\":\"pl-PL\",\"potentialAction\":[{\"@type\":\"CommentAction\",\"name\":\"Comment\",\"target\":[\"https:\/\/2liceum.eu\/index.php\/2019\/11\/14\/przy-dzwiekach-muzyki-moniuszki\/#respond\"]}]},{\"@type\":\"Person\",\"@id\":\"https:\/\/2liceum.eu\/#\/schema\/person\/1a52557bfdaf047be954a8b190648da5\",\"name\":\"Adam Dragan\",\"image\":{\"@type\":\"ImageObject\",\"inLanguage\":\"pl-PL\",\"@id\":\"https:\/\/2liceum.eu\/#\/schema\/person\/image\/\",\"url\":\"https:\/\/secure.gravatar.com\/avatar\/3a2bee53698f47ac117505a8a054d1e47e9ee9593c4c77dc18374aa80472d80c?s=96&d=mm&r=g\",\"contentUrl\":\"https:\/\/secure.gravatar.com\/avatar\/3a2bee53698f47ac117505a8a054d1e47e9ee9593c4c77dc18374aa80472d80c?s=96&d=mm&r=g\",\"caption\":\"Adam Dragan\"},\"sameAs\":[\"http:\/\/2liceum.eu\"]}]}<\/script>\n<!-- \/ Yoast SEO plugin. -->","yoast_head_json":{"title":"Przy d\u017awi\u0119kach muzyki Moniuszki... - II Liceum Og\u00f3lnokszta\u0142c\u0105ce w Lubinie","robots":{"index":"index","follow":"follow","max-snippet":"max-snippet:-1","max-image-preview":"max-image-preview:large","max-video-preview":"max-video-preview:-1"},"canonical":"https:\/\/2liceum.eu\/index.php\/2019\/11\/14\/przy-dzwiekach-muzyki-moniuszki\/","og_locale":"pl_PL","og_type":"article","og_title":"Przy d\u017awi\u0119kach muzyki Moniuszki... - II Liceum Og\u00f3lnokszta\u0142c\u0105ce w Lubinie","og_description":"13 listopada 2019 r. klasy 2c i 2f uda\u0142y si\u0119 na wycieczk\u0119 do Zielonej&nbsp;G\u00f3ry. Wyjazd na koncert utwor\u00f3w Stanis\u0142awa Moniuszki by\u0142 idealn\u0105 okazj\u0105 do \u015bwi\u0119towania 200. urodzin kompozytora oraz pretekstem do bli\u017cszego poznania pi\u0119knego \u201emiasta wina\u201d. Podczas podr\u00f3\u017cy przedstawiony zosta\u0142 kr\u00f3tki wyk\u0142ad o historii miasta przygotowany przez uczennice klasy 2c Paulin\u0119 K\u0119dziersk\u0105 oraz Viktori\u0119 Kopysty\u0144sk\u0105. [&hellip;]","og_url":"https:\/\/2liceum.eu\/index.php\/2019\/11\/14\/przy-dzwiekach-muzyki-moniuszki\/","og_site_name":"II Liceum Og\u00f3lnokszta\u0142c\u0105ce w Lubinie","article_publisher":"https:\/\/web.facebook.com\/IILOLubin\/","article_published_time":"2019-11-14T12:45:35+00:00","article_modified_time":"2019-11-14T13:27:38+00:00","og_image":[{"url":"https:\/\/2liceum.eu\/wp-content\/uploads\/sites\/1\/nggallery\/wyjazd-do-filharmonii\/thumbs\/thumbs_received_399875217561764.jpeg"}],"author":"Adam Dragan","twitter_card":"summary_large_image","twitter_misc":{"Napisane przez":"Adam Dragan","Szacowany czas czytania":"1 minuta"},"schema":{"@context":"https:\/\/schema.org","@graph":[{"@type":"Organization","@id":"https:\/\/2liceum.eu\/#organization","name":"II Liceum Og\u00f3lnokszta\u0142c\u0105ce w Lubinie","url":"https:\/\/2liceum.eu\/","sameAs":["http:\/\/2lolubin","https:\/\/www.youtube.com\/channel\/UCWjEMxRJYdfvxPhVOn-8g_g","https:\/\/web.facebook.com\/IILOLubin\/"],"logo":{"@type":"ImageObject","inLanguage":"pl-PL","@id":"https:\/\/2liceum.eu\/#\/schema\/logo\/image\/","url":"https:\/\/2liceum.eu\/wp-content\/uploads\/2018\/01\/pobrane.jpg","contentUrl":"https:\/\/2liceum.eu\/wp-content\/uploads\/2018\/01\/pobrane.jpg","width":184,"height":183,"caption":"II Liceum Og\u00f3lnokszta\u0142c\u0105ce w Lubinie"},"image":{"@id":"https:\/\/2liceum.eu\/#\/schema\/logo\/image\/"}},{"@type":"WebSite","@id":"https:\/\/2liceum.eu\/#website","url":"https:\/\/2liceum.eu\/","name":"II Liceum Og\u00f3lnokszta\u0142c\u0105ce w Lubinie","description":"Oficjalny portal II LO w Lubinie. Informacje o szkole, kadrze, zaj\u0119ciach dydaktycznych, ko\u0142ach zainteresowa\u0144, wolontariacie. Aktualno\u015bci. Galeria zdj\u0119\u0107.","publisher":{"@id":"https:\/\/2liceum.eu\/#organization"},"potentialAction":[{"@type":"SearchAction","target":{"@type":"EntryPoint","urlTemplate":"https:\/\/2liceum.eu\/?s={search_term_string}"},"query-input":"required name=search_term_string"}],"inLanguage":"pl-PL"},{"@type":"WebPage","@id":"https:\/\/2liceum.eu\/index.php\/2019\/11\/14\/przy-dzwiekach-muzyki-moniuszki\/","url":"https:\/\/2liceum.eu\/index.php\/2019\/11\/14\/przy-dzwiekach-muzyki-moniuszki\/","name":"Przy d\u017awi\u0119kach muzyki Moniuszki... - II Liceum Og\u00f3lnokszta\u0142c\u0105ce w Lubinie","isPartOf":{"@id":"https:\/\/2liceum.eu\/#website"},"datePublished":"2019-11-14T12:45:35+00:00","dateModified":"2019-11-14T13:27:38+00:00","breadcrumb":{"@id":"https:\/\/2liceum.eu\/index.php\/2019\/11\/14\/przy-dzwiekach-muzyki-moniuszki\/#breadcrumb"},"inLanguage":"pl-PL","potentialAction":[{"@type":"ReadAction","target":["https:\/\/2liceum.eu\/index.php\/2019\/11\/14\/przy-dzwiekach-muzyki-moniuszki\/"]}]},{"@type":"BreadcrumbList","@id":"https:\/\/2liceum.eu\/index.php\/2019\/11\/14\/przy-dzwiekach-muzyki-moniuszki\/#breadcrumb","itemListElement":[{"@type":"ListItem","position":1,"name":"Strona g\u0142\u00f3wna","item":"https:\/\/2liceum.eu\/"},{"@type":"ListItem","position":2,"name":"Przy d\u017awi\u0119kach muzyki Moniuszki&#8230;"}]},{"@type":"Article","@id":"https:\/\/2liceum.eu\/index.php\/2019\/11\/14\/przy-dzwiekach-muzyki-moniuszki\/#article","isPartOf":{"@id":"https:\/\/2liceum.eu\/index.php\/2019\/11\/14\/przy-dzwiekach-muzyki-moniuszki\/"},"author":{"name":"Adam Dragan","@id":"https:\/\/2liceum.eu\/#\/schema\/person\/1a52557bfdaf047be954a8b190648da5"},"headline":"Przy d\u017awi\u0119kach muzyki Moniuszki&#8230;","datePublished":"2019-11-14T12:45:35+00:00","dateModified":"2019-11-14T13:27:38+00:00","mainEntityOfPage":{"@id":"https:\/\/2liceum.eu\/index.php\/2019\/11\/14\/przy-dzwiekach-muzyki-moniuszki\/"},"wordCount":178,"commentCount":0,"publisher":{"@id":"https:\/\/2liceum.eu\/#organization"},"articleSection":["Aktualno\u015bci"],"inLanguage":"pl-PL","potentialAction":[{"@type":"CommentAction","name":"Comment","target":["https:\/\/2liceum.eu\/index.php\/2019\/11\/14\/przy-dzwiekach-muzyki-moniuszki\/#respond"]}]},{"@type":"Person","@id":"https:\/\/2liceum.eu\/#\/schema\/person\/1a52557bfdaf047be954a8b190648da5","name":"Adam Dragan","image":{"@type":"ImageObject","inLanguage":"pl-PL","@id":"https:\/\/2liceum.eu\/#\/schema\/person\/image\/","url":"https:\/\/secure.gravatar.com\/avatar\/3a2bee53698f47ac117505a8a054d1e47e9ee9593c4c77dc18374aa80472d80c?s=96&d=mm&r=g","contentUrl":"https:\/\/secure.gravatar.com\/avatar\/3a2bee53698f47ac117505a8a054d1e47e9ee9593c4c77dc18374aa80472d80c?s=96&d=mm&r=g","caption":"Adam Dragan"},"sameAs":["http:\/\/2liceum.eu"]}]}},"_links":{"self":[{"href":"https:\/\/2liceum.eu\/index.php\/wp-json\/wp\/v2\/posts\/4341","targetHints":{"allow":["GET"]}}],"collection":[{"href":"https:\/\/2liceum.eu\/index.php\/wp-json\/wp\/v2\/posts"}],"about":[{"href":"https:\/\/2liceum.eu\/index.php\/wp-json\/wp\/v2\/types\/post"}],"author":[{"embeddable":true,"href":"https:\/\/2liceum.eu\/index.php\/wp-json\/wp\/v2\/users\/2"}],"replies":[{"embeddable":true,"href":"https:\/\/2liceum.eu\/index.php\/wp-json\/wp\/v2\/comments?post=4341"}],"version-history":[{"count":2,"href":"https:\/\/2liceum.eu\/index.php\/wp-json\/wp\/v2\/posts\/4341\/revisions"}],"predecessor-version":[{"id":4354,"href":"https:\/\/2liceum.eu\/index.php\/wp-json\/wp\/v2\/posts\/4341\/revisions\/4354"}],"wp:attachment":[{"href":"https:\/\/2liceum.eu\/index.php\/wp-json\/wp\/v2\/media?parent=4341"}],"wp:term":[{"taxonomy":"category","embeddable":true,"href":"https:\/\/2liceum.eu\/index.php\/wp-json\/wp\/v2\/categories?post=4341"},{"taxonomy":"post_tag","embeddable":true,"href":"https:\/\/2liceum.eu\/index.php\/wp-json\/wp\/v2\/tags?post=4341"}],"curies":[{"name":"wp","href":"https:\/\/api.w.org\/{rel}","templated":true}]}}