{"id":4368,"date":"2019-11-25T10:51:39","date_gmt":"2019-11-25T09:51:39","guid":{"rendered":"https:\/\/2liceum.eu\/?p=4368"},"modified":"2019-11-25T10:58:48","modified_gmt":"2019-11-25T09:58:48","slug":"4368","status":"publish","type":"post","link":"https:\/\/2liceum.eu\/index.php\/2019\/11\/25\/4368\/","title":{"rendered":"\u201eLosy Polak\u00f3w na Wschodzie w latach 1939-1956\u201d!"},"content":{"rendered":"<p style=\"text-align: justify;\"><img loading=\"lazy\" decoding=\"async\" class=\" alignleft\" src=\"https:\/\/upload.wikimedia.org\/wikipedia\/commons\/thumb\/0\/06\/Polen_in_den_Grenzen_vor_1660.jpg\/260px-Polen_in_den_Grenzen_vor_1660.jpg\" width=\"152\" height=\"117\"><span style=\"color: #008000;\"><strong>Dolno\u015bl\u0105skie Kuratorium O\u015bwiaty<\/strong><\/span> zaprasza uczni\u00f3w szk\u00f3\u0142 i plac\u00f3wek o\u015bwiatowych z Dolnego \u015al\u0105ska do udzia\u0142u w XIII edycji wojew\u00f3dzkiego konkursu pn. <strong>\u201eLosy Polak\u00f3w na Wschodzie w latach 1939-1956\u201d.<\/strong><\/p>\n<p>Szczeg\u00f3\u0142y konkursu w za\u0142\u0105czeniu:<br \/>\n<a href=\"https:\/\/www.kuratorium.wroclaw.pl\/xiii-edycja-konkursu-losy-polakow-na-wschodzie-w-latach-1939-1956-w-roku-szkolnym-201920\/?fbclid=IwAR0gYXsbgvsIPdWk-SjRvXV_Wcl2-7SRoZ263hCI1a2uF-yDGJsrL2J9qX4\" target=\"_blank\" rel=\"noopener nofollow noreferrer\" data-ft=\"{&quot;tn&quot;:&quot;-U&quot;}\" data-lynx-mode=\"async\" data-lynx-uri=\"https:\/\/l.facebook.com\/l.php?u=https%3A%2F%2Fwww.kuratorium.wroclaw.pl%2Fxiii-edycja-konkursu-losy-polakow-na-wschodzie-w-latach-1939-1956-w-roku-szkolnym-201920%2F%3Ffbclid%3DIwAR0gYXsbgvsIPdWk-SjRvXV_Wcl2-7SRoZ263hCI1a2uF-yDGJsrL2J9qX4&amp;h=AT34kBz8hSBWr_EzeelhX7wqJZ8wk4e3ptSCoQASqvRC7_uyQZnPPi_JyRYfuoTKNzoGAvcKOte6Z1vPstk3iebqoCYx-DsB7Nl6Yoqq6wROT4kHCOLzpwUrBRwh9r5CTcFwbB72ySYBX7mvE8DP7ceJ_JtqpIUYHz_4IJ2EHDh55NmKnRdmLuaKNdyYVW289ldNGfLs4Wv2xYdqnDHgBn12h8_CQvexh6qKWcPC1lxuzUWXbYsF1glIO72QNC7J-U0hBZkDOSvsIh5VTtrdGX52xryH2R0IzVevsDYOA368ObBGEBpcWKC626Fwxg8dpwDdmtqAD0BnkhyMGnhr9NywuUtURm7u-dynNJtoW8VSs2SpeAeIAD758Wn2IZp5Yvx-Gl-v6xBAbJ97BmqGIAEMYcHhjehQjOC23neKPDVwqKv6LxKYjY-yyxPDf8ua4tRTmVzuOP0u8paCU353klfSyoLih7nT01ou0NeK_v4_s45Lbak_ZWtuKKuGFXUxk-WxY80jOajMOwFs2SY92S34ZAeFY5S2Pgq0ttesjPafHaeA6jnJ8p2Bb1VRjdYN_SCTYKL7YmXiK6LOnBnI6GtCl0NqoiBrSawPa7m7M8o5tcDC_sVyFxitkAeTvmvEuxq8rhyzIXT-6GwsMHM4Dpo\">https:\/\/www.kuratorium.wroclaw.pl\/xiii-edycja-konkursu-los\u2026\/<\/a><\/p>\n<div class=\"text_exposed_show\">\n<p>Link do rejestracji:<br \/>\n<a href=\"https:\/\/l.facebook.com\/l.php?u=https%3A%2F%2Fwww.kuratorium.wroclaw.pl%2Finne%2Flosypolakow%2F%3Ffbclid%3DIwAR204bef2rc6Kz3M8YwqRcf9DEpiwrOz21l3wE2bsMHyoXZxkezW0gDvBrI&amp;h=AT2IwP2yIsfYH-u4bsLaQDs_LPhJpUPUqqSzqIk6ES_-ptSJfp8va40al9Xg_kYS0sCpbOhNK3tGqFn2XC5LnUpd5JUEmC8Mt_X47RXcWJVFfDMuDOCz2pZBMRqxhd-2lvBvZcDA0zGjPG0HlFUBdhPzzyd0tAJCubgCjxsgvHyVNRhM3OZSVTdBG-MOoX-WhjBEApS8bHZ_zyfe05h41IjsL14pYgRNeC3FVbf08b3qiz-9TYtkfCgzT-Lq1o_TbcbEB5yTy2f7M7g_a1t2z1d37I6tkHfgJ-GiCRjno-nSIbw0JoVWYCMAv6g9pVyJlPIugaEt-6TYFroZ7DmgZVtfuyUYy44HoH1JQq-CVIigKqZTMGnvIG2UQwflj7ITdbsCuID2KtpFDdHkvISL7wUSA6InslSIcQ1vROfDBhM2YDd2vLgcm4xNRSqVypbZgivo91UZXcLm8aVyILmClfWIt80ZRBHTNULTmMu1cs7AmM1MiETDcqbXeAtZsuOXzciVY7y8rUsAObfMINrNIzl5Ps1yKAK-SG9Rkfhp3ADRgDPS5LzILt7q2_kw0dLQD2jcIICrTgRE28ULhJzH_WjK_Ia0qVlqixXOY57DflopgysL9GfHK_-TJCrUNFAHedUiQuwlA0peB_YM\" target=\"_blank\" rel=\"noopener nofollow noreferrer\" data-ft=\"{&quot;tn&quot;:&quot;-U&quot;}\" data-lynx-mode=\"async\">https:\/\/www.kuratorium.wroclaw.pl\/inne\/losypolakow\/<\/a><\/p>\n<\/div>\n","protected":false},"excerpt":{"rendered":"<p>Dolno\u015bl\u0105skie Kuratorium O\u015bwiaty zaprasza uczni\u00f3w szk\u00f3\u0142 i plac\u00f3wek o\u015bwiatowych z Dolnego \u015al\u0105ska do udzia\u0142u w XIII edycji wojew\u00f3dzkiego konkursu pn. \u201eLosy Polak\u00f3w na Wschodzie w latach 1939-1956\u201d. Szczeg\u00f3\u0142y konkursu w za\u0142\u0105czeniu: https:\/\/www.kuratorium.wroclaw.pl\/xiii-edycja-konkursu-los\u2026\/ Link do rejestracji: https:\/\/www.kuratorium.wroclaw.pl\/inne\/losypolakow\/<\/p>\n","protected":false},"author":2,"featured_media":0,"comment_status":"open","ping_status":"open","sticky":false,"template":"","format":"standard","meta":{"ngg_post_thumbnail":0,"footnotes":""},"categories":[1,9],"tags":[],"class_list":["post-4368","post","type-post","status-publish","format-standard","hentry","category-aktualnosci","category-konkursy"],"yoast_head":"<!-- This site is optimized with the Yoast SEO plugin v19.4 - https:\/\/yoast.com\/wordpress\/plugins\/seo\/ -->\n<title>\u201eLosy Polak\u00f3w na Wschodzie w latach 1939-1956\u201d! - II Liceum Og\u00f3lnokszta\u0142c\u0105ce w Lubinie<\/title>\n<meta name=\"robots\" content=\"index, follow, max-snippet:-1, max-image-preview:large, max-video-preview:-1\" \/>\n<link rel=\"canonical\" href=\"https:\/\/2liceum.eu\/index.php\/2019\/11\/25\/4368\/\" \/>\n<meta property=\"og:locale\" content=\"pl_PL\" \/>\n<meta property=\"og:type\" content=\"article\" \/>\n<meta property=\"og:title\" content=\"\u201eLosy Polak\u00f3w na Wschodzie w latach 1939-1956\u201d! - II Liceum Og\u00f3lnokszta\u0142c\u0105ce w Lubinie\" \/>\n<meta property=\"og:description\" content=\"Dolno\u015bl\u0105skie Kuratorium O\u015bwiaty zaprasza uczni\u00f3w szk\u00f3\u0142 i plac\u00f3wek o\u015bwiatowych z Dolnego \u015al\u0105ska do udzia\u0142u w XIII edycji wojew\u00f3dzkiego konkursu pn. \u201eLosy Polak\u00f3w na Wschodzie w latach 1939-1956\u201d. Szczeg\u00f3\u0142y konkursu w za\u0142\u0105czeniu: https:\/\/www.kuratorium.wroclaw.pl\/xiii-edycja-konkursu-los\u2026\/ Link do rejestracji: https:\/\/www.kuratorium.wroclaw.pl\/inne\/losypolakow\/\" \/>\n<meta property=\"og:url\" content=\"https:\/\/2liceum.eu\/index.php\/2019\/11\/25\/4368\/\" \/>\n<meta property=\"og:site_name\" content=\"II Liceum Og\u00f3lnokszta\u0142c\u0105ce w Lubinie\" \/>\n<meta property=\"article:publisher\" content=\"https:\/\/web.facebook.com\/IILOLubin\/\" \/>\n<meta property=\"article:published_time\" content=\"2019-11-25T09:51:39+00:00\" \/>\n<meta property=\"article:modified_time\" content=\"2019-11-25T09:58:48+00:00\" \/>\n<meta property=\"og:image\" content=\"https:\/\/upload.wikimedia.org\/wikipedia\/commons\/thumb\/0\/06\/Polen_in_den_Grenzen_vor_1660.jpg\/260px-Polen_in_den_Grenzen_vor_1660.jpg\" \/>\n<meta name=\"author\" content=\"Adam Dragan\" \/>\n<meta name=\"twitter:card\" content=\"summary_large_image\" \/>\n<meta name=\"twitter:label1\" content=\"Napisane przez\" \/>\n\t<meta name=\"twitter:data1\" content=\"Adam Dragan\" \/>\n<script type=\"application\/ld+json\" class=\"yoast-schema-graph\">{\"@context\":\"https:\/\/schema.org\",\"@graph\":[{\"@type\":\"Organization\",\"@id\":\"https:\/\/2liceum.eu\/#organization\",\"name\":\"II Liceum Og\u00f3lnokszta\u0142c\u0105ce w Lubinie\",\"url\":\"https:\/\/2liceum.eu\/\",\"sameAs\":[\"http:\/\/2lolubin\",\"https:\/\/www.youtube.com\/channel\/UCWjEMxRJYdfvxPhVOn-8g_g\",\"https:\/\/web.facebook.com\/IILOLubin\/\"],\"logo\":{\"@type\":\"ImageObject\",\"inLanguage\":\"pl-PL\",\"@id\":\"https:\/\/2liceum.eu\/#\/schema\/logo\/image\/\",\"url\":\"https:\/\/2liceum.eu\/wp-content\/uploads\/2018\/01\/pobrane.jpg\",\"contentUrl\":\"https:\/\/2liceum.eu\/wp-content\/uploads\/2018\/01\/pobrane.jpg\",\"width\":184,\"height\":183,\"caption\":\"II Liceum Og\u00f3lnokszta\u0142c\u0105ce w Lubinie\"},\"image\":{\"@id\":\"https:\/\/2liceum.eu\/#\/schema\/logo\/image\/\"}},{\"@type\":\"WebSite\",\"@id\":\"https:\/\/2liceum.eu\/#website\",\"url\":\"https:\/\/2liceum.eu\/\",\"name\":\"II Liceum Og\u00f3lnokszta\u0142c\u0105ce w Lubinie\",\"description\":\"Oficjalny portal II LO w Lubinie. Informacje o szkole, kadrze, zaj\u0119ciach dydaktycznych, ko\u0142ach zainteresowa\u0144, wolontariacie. Aktualno\u015bci. Galeria zdj\u0119\u0107.\",\"publisher\":{\"@id\":\"https:\/\/2liceum.eu\/#organization\"},\"potentialAction\":[{\"@type\":\"SearchAction\",\"target\":{\"@type\":\"EntryPoint\",\"urlTemplate\":\"https:\/\/2liceum.eu\/?s={search_term_string}\"},\"query-input\":\"required name=search_term_string\"}],\"inLanguage\":\"pl-PL\"},{\"@type\":\"WebPage\",\"@id\":\"https:\/\/2liceum.eu\/index.php\/2019\/11\/25\/4368\/\",\"url\":\"https:\/\/2liceum.eu\/index.php\/2019\/11\/25\/4368\/\",\"name\":\"\u201eLosy Polak\u00f3w na Wschodzie w latach 1939-1956\u201d! - II Liceum Og\u00f3lnokszta\u0142c\u0105ce w Lubinie\",\"isPartOf\":{\"@id\":\"https:\/\/2liceum.eu\/#website\"},\"datePublished\":\"2019-11-25T09:51:39+00:00\",\"dateModified\":\"2019-11-25T09:58:48+00:00\",\"breadcrumb\":{\"@id\":\"https:\/\/2liceum.eu\/index.php\/2019\/11\/25\/4368\/#breadcrumb\"},\"inLanguage\":\"pl-PL\",\"potentialAction\":[{\"@type\":\"ReadAction\",\"target\":[\"https:\/\/2liceum.eu\/index.php\/2019\/11\/25\/4368\/\"]}]},{\"@type\":\"BreadcrumbList\",\"@id\":\"https:\/\/2liceum.eu\/index.php\/2019\/11\/25\/4368\/#breadcrumb\",\"itemListElement\":[{\"@type\":\"ListItem\",\"position\":1,\"name\":\"Strona g\u0142\u00f3wna\",\"item\":\"https:\/\/2liceum.eu\/\"},{\"@type\":\"ListItem\",\"position\":2,\"name\":\"\u201eLosy Polak\u00f3w na&nbsp;Wschodzie w&nbsp;latach 1939-1956\u201d!\"}]},{\"@type\":\"Article\",\"@id\":\"https:\/\/2liceum.eu\/index.php\/2019\/11\/25\/4368\/#article\",\"isPartOf\":{\"@id\":\"https:\/\/2liceum.eu\/index.php\/2019\/11\/25\/4368\/\"},\"author\":{\"name\":\"Adam Dragan\",\"@id\":\"https:\/\/2liceum.eu\/#\/schema\/person\/1a52557bfdaf047be954a8b190648da5\"},\"headline\":\"\u201eLosy Polak\u00f3w na Wschodzie w latach 1939-1956\u201d!\",\"datePublished\":\"2019-11-25T09:51:39+00:00\",\"dateModified\":\"2019-11-25T09:58:48+00:00\",\"mainEntityOfPage\":{\"@id\":\"https:\/\/2liceum.eu\/index.php\/2019\/11\/25\/4368\/\"},\"wordCount\":67,\"commentCount\":0,\"publisher\":{\"@id\":\"https:\/\/2liceum.eu\/#organization\"},\"articleSection\":[\"Aktualno\u015bci\",\"Konkursy\"],\"inLanguage\":\"pl-PL\",\"potentialAction\":[{\"@type\":\"CommentAction\",\"name\":\"Comment\",\"target\":[\"https:\/\/2liceum.eu\/index.php\/2019\/11\/25\/4368\/#respond\"]}]},{\"@type\":\"Person\",\"@id\":\"https:\/\/2liceum.eu\/#\/schema\/person\/1a52557bfdaf047be954a8b190648da5\",\"name\":\"Adam Dragan\",\"image\":{\"@type\":\"ImageObject\",\"inLanguage\":\"pl-PL\",\"@id\":\"https:\/\/2liceum.eu\/#\/schema\/person\/image\/\",\"url\":\"https:\/\/secure.gravatar.com\/avatar\/3a2bee53698f47ac117505a8a054d1e47e9ee9593c4c77dc18374aa80472d80c?s=96&d=mm&r=g\",\"contentUrl\":\"https:\/\/secure.gravatar.com\/avatar\/3a2bee53698f47ac117505a8a054d1e47e9ee9593c4c77dc18374aa80472d80c?s=96&d=mm&r=g\",\"caption\":\"Adam Dragan\"},\"sameAs\":[\"http:\/\/2liceum.eu\"]}]}<\/script>\n<!-- \/ Yoast SEO plugin. -->","yoast_head_json":{"title":"\u201eLosy Polak\u00f3w na Wschodzie w latach 1939-1956\u201d! - II Liceum Og\u00f3lnokszta\u0142c\u0105ce w Lubinie","robots":{"index":"index","follow":"follow","max-snippet":"max-snippet:-1","max-image-preview":"max-image-preview:large","max-video-preview":"max-video-preview:-1"},"canonical":"https:\/\/2liceum.eu\/index.php\/2019\/11\/25\/4368\/","og_locale":"pl_PL","og_type":"article","og_title":"\u201eLosy Polak\u00f3w na Wschodzie w latach 1939-1956\u201d! - II Liceum Og\u00f3lnokszta\u0142c\u0105ce w Lubinie","og_description":"Dolno\u015bl\u0105skie Kuratorium O\u015bwiaty zaprasza uczni\u00f3w szk\u00f3\u0142 i plac\u00f3wek o\u015bwiatowych z Dolnego \u015al\u0105ska do udzia\u0142u w XIII edycji wojew\u00f3dzkiego konkursu pn. \u201eLosy Polak\u00f3w na Wschodzie w latach 1939-1956\u201d. Szczeg\u00f3\u0142y konkursu w za\u0142\u0105czeniu: https:\/\/www.kuratorium.wroclaw.pl\/xiii-edycja-konkursu-los\u2026\/ Link do rejestracji: https:\/\/www.kuratorium.wroclaw.pl\/inne\/losypolakow\/","og_url":"https:\/\/2liceum.eu\/index.php\/2019\/11\/25\/4368\/","og_site_name":"II Liceum Og\u00f3lnokszta\u0142c\u0105ce w Lubinie","article_publisher":"https:\/\/web.facebook.com\/IILOLubin\/","article_published_time":"2019-11-25T09:51:39+00:00","article_modified_time":"2019-11-25T09:58:48+00:00","og_image":[{"url":"https:\/\/upload.wikimedia.org\/wikipedia\/commons\/thumb\/0\/06\/Polen_in_den_Grenzen_vor_1660.jpg\/260px-Polen_in_den_Grenzen_vor_1660.jpg"}],"author":"Adam Dragan","twitter_card":"summary_large_image","twitter_misc":{"Napisane przez":"Adam Dragan"},"schema":{"@context":"https:\/\/schema.org","@graph":[{"@type":"Organization","@id":"https:\/\/2liceum.eu\/#organization","name":"II Liceum Og\u00f3lnokszta\u0142c\u0105ce w Lubinie","url":"https:\/\/2liceum.eu\/","sameAs":["http:\/\/2lolubin","https:\/\/www.youtube.com\/channel\/UCWjEMxRJYdfvxPhVOn-8g_g","https:\/\/web.facebook.com\/IILOLubin\/"],"logo":{"@type":"ImageObject","inLanguage":"pl-PL","@id":"https:\/\/2liceum.eu\/#\/schema\/logo\/image\/","url":"https:\/\/2liceum.eu\/wp-content\/uploads\/2018\/01\/pobrane.jpg","contentUrl":"https:\/\/2liceum.eu\/wp-content\/uploads\/2018\/01\/pobrane.jpg","width":184,"height":183,"caption":"II Liceum Og\u00f3lnokszta\u0142c\u0105ce w Lubinie"},"image":{"@id":"https:\/\/2liceum.eu\/#\/schema\/logo\/image\/"}},{"@type":"WebSite","@id":"https:\/\/2liceum.eu\/#website","url":"https:\/\/2liceum.eu\/","name":"II Liceum Og\u00f3lnokszta\u0142c\u0105ce w Lubinie","description":"Oficjalny portal II LO w Lubinie. Informacje o szkole, kadrze, zaj\u0119ciach dydaktycznych, ko\u0142ach zainteresowa\u0144, wolontariacie. Aktualno\u015bci. Galeria zdj\u0119\u0107.","publisher":{"@id":"https:\/\/2liceum.eu\/#organization"},"potentialAction":[{"@type":"SearchAction","target":{"@type":"EntryPoint","urlTemplate":"https:\/\/2liceum.eu\/?s={search_term_string}"},"query-input":"required name=search_term_string"}],"inLanguage":"pl-PL"},{"@type":"WebPage","@id":"https:\/\/2liceum.eu\/index.php\/2019\/11\/25\/4368\/","url":"https:\/\/2liceum.eu\/index.php\/2019\/11\/25\/4368\/","name":"\u201eLosy Polak\u00f3w na Wschodzie w latach 1939-1956\u201d! - II Liceum Og\u00f3lnokszta\u0142c\u0105ce w Lubinie","isPartOf":{"@id":"https:\/\/2liceum.eu\/#website"},"datePublished":"2019-11-25T09:51:39+00:00","dateModified":"2019-11-25T09:58:48+00:00","breadcrumb":{"@id":"https:\/\/2liceum.eu\/index.php\/2019\/11\/25\/4368\/#breadcrumb"},"inLanguage":"pl-PL","potentialAction":[{"@type":"ReadAction","target":["https:\/\/2liceum.eu\/index.php\/2019\/11\/25\/4368\/"]}]},{"@type":"BreadcrumbList","@id":"https:\/\/2liceum.eu\/index.php\/2019\/11\/25\/4368\/#breadcrumb","itemListElement":[{"@type":"ListItem","position":1,"name":"Strona g\u0142\u00f3wna","item":"https:\/\/2liceum.eu\/"},{"@type":"ListItem","position":2,"name":"\u201eLosy Polak\u00f3w na&nbsp;Wschodzie w&nbsp;latach 1939-1956\u201d!"}]},{"@type":"Article","@id":"https:\/\/2liceum.eu\/index.php\/2019\/11\/25\/4368\/#article","isPartOf":{"@id":"https:\/\/2liceum.eu\/index.php\/2019\/11\/25\/4368\/"},"author":{"name":"Adam Dragan","@id":"https:\/\/2liceum.eu\/#\/schema\/person\/1a52557bfdaf047be954a8b190648da5"},"headline":"\u201eLosy Polak\u00f3w na Wschodzie w latach 1939-1956\u201d!","datePublished":"2019-11-25T09:51:39+00:00","dateModified":"2019-11-25T09:58:48+00:00","mainEntityOfPage":{"@id":"https:\/\/2liceum.eu\/index.php\/2019\/11\/25\/4368\/"},"wordCount":67,"commentCount":0,"publisher":{"@id":"https:\/\/2liceum.eu\/#organization"},"articleSection":["Aktualno\u015bci","Konkursy"],"inLanguage":"pl-PL","potentialAction":[{"@type":"CommentAction","name":"Comment","target":["https:\/\/2liceum.eu\/index.php\/2019\/11\/25\/4368\/#respond"]}]},{"@type":"Person","@id":"https:\/\/2liceum.eu\/#\/schema\/person\/1a52557bfdaf047be954a8b190648da5","name":"Adam Dragan","image":{"@type":"ImageObject","inLanguage":"pl-PL","@id":"https:\/\/2liceum.eu\/#\/schema\/person\/image\/","url":"https:\/\/secure.gravatar.com\/avatar\/3a2bee53698f47ac117505a8a054d1e47e9ee9593c4c77dc18374aa80472d80c?s=96&d=mm&r=g","contentUrl":"https:\/\/secure.gravatar.com\/avatar\/3a2bee53698f47ac117505a8a054d1e47e9ee9593c4c77dc18374aa80472d80c?s=96&d=mm&r=g","caption":"Adam Dragan"},"sameAs":["http:\/\/2liceum.eu"]}]}},"_links":{"self":[{"href":"https:\/\/2liceum.eu\/index.php\/wp-json\/wp\/v2\/posts\/4368","targetHints":{"allow":["GET"]}}],"collection":[{"href":"https:\/\/2liceum.eu\/index.php\/wp-json\/wp\/v2\/posts"}],"about":[{"href":"https:\/\/2liceum.eu\/index.php\/wp-json\/wp\/v2\/types\/post"}],"author":[{"embeddable":true,"href":"https:\/\/2liceum.eu\/index.php\/wp-json\/wp\/v2\/users\/2"}],"replies":[{"embeddable":true,"href":"https:\/\/2liceum.eu\/index.php\/wp-json\/wp\/v2\/comments?post=4368"}],"version-history":[{"count":2,"href":"https:\/\/2liceum.eu\/index.php\/wp-json\/wp\/v2\/posts\/4368\/revisions"}],"predecessor-version":[{"id":4371,"href":"https:\/\/2liceum.eu\/index.php\/wp-json\/wp\/v2\/posts\/4368\/revisions\/4371"}],"wp:attachment":[{"href":"https:\/\/2liceum.eu\/index.php\/wp-json\/wp\/v2\/media?parent=4368"}],"wp:term":[{"taxonomy":"category","embeddable":true,"href":"https:\/\/2liceum.eu\/index.php\/wp-json\/wp\/v2\/categories?post=4368"},{"taxonomy":"post_tag","embeddable":true,"href":"https:\/\/2liceum.eu\/index.php\/wp-json\/wp\/v2\/tags?post=4368"}],"curies":[{"name":"wp","href":"https:\/\/api.w.org\/{rel}","templated":true}]}}