{"id":4372,"date":"2019-11-25T11:03:38","date_gmt":"2019-11-25T10:03:38","guid":{"rendered":"https:\/\/2liceum.eu\/?p=4372"},"modified":"2019-11-25T11:03:40","modified_gmt":"2019-11-25T10:03:40","slug":"ogolnopolski-konkurs-retoryczny","status":"publish","type":"post","link":"https:\/\/2liceum.eu\/index.php\/2019\/11\/25\/ogolnopolski-konkurs-retoryczny\/","title":{"rendered":"Og\u00f3lnopolski Konkurs Retoryczny!"},"content":{"rendered":"<p style=\"text-align: center;\"><img loading=\"lazy\" decoding=\"async\" class=\"alignnone size-full\" src=\"https:\/\/external-waw1-1.xx.fbcdn.net\/safe_image.php?d=AQBEJCem4FJJ4RdY&amp;w=476&amp;h=249&amp;url=https%3A%2F%2Fakademiaretoryki.pl%2Fwp-content%2Fuploads%2F2017%2F09%2Fbg-konkurs.png&amp;cfs=1&amp;upscale=1&amp;fallback=news_d_placeholder_publisher&amp;_nc_hash=AQCuKT6RYMxbjCli\" width=\"476\" height=\"249\"><\/p>\n<p style=\"text-align: justify;\"><strong>Fundacja Akademia Retoryki Igora Zalewskiego ma wielk\u0105 przyjemno\u015b\u0107 og\u0142osi\u0107 start trzeciej edycji <span style=\"color: #008000;\">Og\u00f3lnopolskiego Konkursu Retorycznego<\/span> dla m\u0142odzie\u017cy &#8211; uczni\u00f3w szk\u00f3\u0142 \u015brednich.<\/strong><\/p>\n<p style=\"text-align: justify;\">Aby wzi\u0105\u0107 udzia\u0142 w Konkursie wystarczy przes\u0142a\u0107 dwuminutowy film ze swoim wyst\u0105pieniem na dowolny temat na adres konkurs@akademiaretoryki.pl.<\/p>\n<p style=\"text-align: justify;\">Spo\u015br\u00f3d nades\u0142anych materia\u0142\u00f3w, jury wybierze dziesi\u0119\u0107 najlepszych film\u00f3w, kt\u00f3rych autorzy zostan\u0105 zaproszeni do wzi\u0119cia udzia\u0142u w wielkim finale i walki o cen<span class=\"text_exposed_show\">ne nagrody.<\/span><\/p>\n<p style=\"text-align: justify;\"><span class=\"text_exposed_show\">Zwyci\u0119zca otrzyma nagrod\u0119 w wysoko\u015bci 10 000z\u0142, zdobywca drugiego miejsca &#8211; 5 000z\u0142, a zdobywca trzeciego miejsca &#8211; 3 000z\u0142.<\/span><\/p>\n<div class=\"text_exposed_show\">\n<p style=\"text-align: justify;\"><strong>Patronat honorowy nad wydarzeniem obj\u0105\u0142 Minister Edukacji Narodowej.<\/strong><\/p>\n<p style=\"text-align: justify;\">Na filmy konkursowe Organizatorzy czekaj\u0105<strong> do 15 stycznia 2020 r.<\/strong><\/p>\n<p style=\"text-align: justify;\">Szczeg\u00f3\u0142owe informacje znajduj\u0105 si\u0119 na stronie internetowej:<\/p>\n<p style=\"text-align: justify;\"><a href=\"https:\/\/akademiaretoryki.pl\/ogolnopolski-konkurs-retoryczny\/?fbclid=IwAR0CiEJbkTby7LRKpj_qsO_F56r8vXnTawiZTk6HdGRQD1E5tf_nh9fkr7c\" target=\"_blank\" rel=\"noopener nofollow noreferrer\" data-ft=\"{&quot;tn&quot;:&quot;-U&quot;}\" data-lynx-mode=\"async\" data-lynx-uri=\"https:\/\/l.facebook.com\/l.php?u=https%3A%2F%2Fakademiaretoryki.pl%2Fogolnopolski-konkurs-retoryczny%2F%3Ffbclid%3DIwAR0CiEJbkTby7LRKpj_qsO_F56r8vXnTawiZTk6HdGRQD1E5tf_nh9fkr7c&amp;h=AT0qKZw1GHgaq-SaYnTogWXTLXOoLDfPbKC80puZqnQSZn9pNEdvwUkDj_4PUUkCU7lQPUKqFgulgQLvNBu2J3st7DMHCFam1m_7Rrz4Z3YSomNZHv9ICdXID2XAkm_mBZJsB5K0j3Ypxizktl5ScROxqMKPdfvfej4G-3a9VYxorp7hP5Jiw3aV5uzzbKWcW2j4gxyyoJ37MDaGCpeC0xwfB63VwrvN_FIIDl0trF6cl0xpfPxB-ytTB07PwVO5BC4zefJvWKM6TQT2AIzyLMkVyBAjd8T-hNr4vXvQ4kgWuOY7rD6xAY6lUhaa50xP3pKeabuK53ybKXgytUTcpN36cV6i7bMXMfdB-y7Yx4UY_MXm2KDP7XLTx2TXPSPUxOGa4hYnhDN9c1zrWCRHtcvGvtC7OI78dreetWSQdMxZ8ISPkIoGHVKKLgPxTSQ3TP9EuAAEsmRar7Zg9k0pfzDixAut0LJgQrpKwCjcb6tMvY1gjT7YjnK3BGuvtv6gjAbd6tnK0qDcTpPZ_NWbrisTjlDA4Ywsxf3e132lG05A3r2LjG4FLJTuzO-pRyG-6mP6Y60aEDmN9W5GM09YkM5JTq0NgzpM6D-3fR_Ydv9fdXR_qvlFi2aBwLznxnRZllIUjg\">https:\/\/akademiaretoryki.pl\/ogolnopolski-konkurs-retoryczny\/<\/a><\/p>\n<\/div>\n","protected":false},"excerpt":{"rendered":"<p>Fundacja Akademia Retoryki Igora Zalewskiego ma wielk\u0105 przyjemno\u015b\u0107 og\u0142osi\u0107 start trzeciej edycji Og\u00f3lnopolskiego Konkursu Retorycznego dla m\u0142odzie\u017cy &#8211; uczni\u00f3w szk\u00f3\u0142 \u015brednich. Aby wzi\u0105\u0107 udzia\u0142 w Konkursie wystarczy przes\u0142a\u0107 dwuminutowy film ze swoim wyst\u0105pieniem na dowolny temat na adres konkurs@akademiaretoryki.pl. Spo\u015br\u00f3d nades\u0142anych materia\u0142\u00f3w, jury wybierze dziesi\u0119\u0107 najlepszych film\u00f3w, kt\u00f3rych autorzy zostan\u0105 zaproszeni do wzi\u0119cia udzia\u0142u w [&hellip;]<\/p>\n","protected":false},"author":2,"featured_media":0,"comment_status":"open","ping_status":"open","sticky":false,"template":"","format":"standard","meta":{"ngg_post_thumbnail":0,"footnotes":""},"categories":[1,9],"tags":[],"class_list":["post-4372","post","type-post","status-publish","format-standard","hentry","category-aktualnosci","category-konkursy"],"yoast_head":"<!-- This site is optimized with the Yoast SEO plugin v19.4 - https:\/\/yoast.com\/wordpress\/plugins\/seo\/ -->\n<title>Og\u00f3lnopolski Konkurs Retoryczny! - II Liceum Og\u00f3lnokszta\u0142c\u0105ce w Lubinie<\/title>\n<meta name=\"robots\" content=\"index, follow, max-snippet:-1, max-image-preview:large, max-video-preview:-1\" \/>\n<link rel=\"canonical\" href=\"https:\/\/2liceum.eu\/index.php\/2019\/11\/25\/ogolnopolski-konkurs-retoryczny\/\" \/>\n<meta property=\"og:locale\" content=\"pl_PL\" \/>\n<meta property=\"og:type\" content=\"article\" \/>\n<meta property=\"og:title\" content=\"Og\u00f3lnopolski Konkurs Retoryczny! - II Liceum Og\u00f3lnokszta\u0142c\u0105ce w Lubinie\" \/>\n<meta property=\"og:description\" content=\"Fundacja Akademia Retoryki Igora Zalewskiego ma wielk\u0105 przyjemno\u015b\u0107 og\u0142osi\u0107 start trzeciej edycji Og\u00f3lnopolskiego Konkursu Retorycznego dla m\u0142odzie\u017cy &#8211; uczni\u00f3w szk\u00f3\u0142 \u015brednich. Aby wzi\u0105\u0107 udzia\u0142 w Konkursie wystarczy przes\u0142a\u0107 dwuminutowy film ze swoim wyst\u0105pieniem na dowolny temat na adres konkurs@akademiaretoryki.pl. Spo\u015br\u00f3d nades\u0142anych materia\u0142\u00f3w, jury wybierze dziesi\u0119\u0107 najlepszych film\u00f3w, kt\u00f3rych autorzy zostan\u0105 zaproszeni do wzi\u0119cia udzia\u0142u w [&hellip;]\" \/>\n<meta property=\"og:url\" content=\"https:\/\/2liceum.eu\/index.php\/2019\/11\/25\/ogolnopolski-konkurs-retoryczny\/\" \/>\n<meta property=\"og:site_name\" content=\"II Liceum Og\u00f3lnokszta\u0142c\u0105ce w Lubinie\" \/>\n<meta property=\"article:publisher\" content=\"https:\/\/web.facebook.com\/IILOLubin\/\" \/>\n<meta property=\"article:published_time\" content=\"2019-11-25T10:03:38+00:00\" \/>\n<meta property=\"article:modified_time\" content=\"2019-11-25T10:03:40+00:00\" \/>\n<meta property=\"og:image\" content=\"https:\/\/external-waw1-1.xx.fbcdn.net\/safe_image.php?d=AQBEJCem4FJJ4RdY&amp;w=476&amp;h=249&amp;url=https%3A%2F%2Fakademiaretoryki.pl%2Fwp-content%2Fuploads%2F2017%2F09%2Fbg-konkurs.png&amp;cfs=1&amp;upscale=1&amp;fallback=news_d_placeholder_publisher&amp;_nc_hash=AQCuKT6RYMxbjCli\" \/>\n<meta name=\"author\" content=\"Adam Dragan\" \/>\n<meta name=\"twitter:card\" content=\"summary_large_image\" \/>\n<meta name=\"twitter:label1\" content=\"Napisane przez\" \/>\n\t<meta name=\"twitter:data1\" content=\"Adam Dragan\" \/>\n\t<meta name=\"twitter:label2\" content=\"Szacowany czas czytania\" \/>\n\t<meta name=\"twitter:data2\" content=\"1 minuta\" \/>\n<script type=\"application\/ld+json\" class=\"yoast-schema-graph\">{\"@context\":\"https:\/\/schema.org\",\"@graph\":[{\"@type\":\"Organization\",\"@id\":\"https:\/\/2liceum.eu\/#organization\",\"name\":\"II Liceum Og\u00f3lnokszta\u0142c\u0105ce w Lubinie\",\"url\":\"https:\/\/2liceum.eu\/\",\"sameAs\":[\"http:\/\/2lolubin\",\"https:\/\/www.youtube.com\/channel\/UCWjEMxRJYdfvxPhVOn-8g_g\",\"https:\/\/web.facebook.com\/IILOLubin\/\"],\"logo\":{\"@type\":\"ImageObject\",\"inLanguage\":\"pl-PL\",\"@id\":\"https:\/\/2liceum.eu\/#\/schema\/logo\/image\/\",\"url\":\"https:\/\/2liceum.eu\/wp-content\/uploads\/2018\/01\/pobrane.jpg\",\"contentUrl\":\"https:\/\/2liceum.eu\/wp-content\/uploads\/2018\/01\/pobrane.jpg\",\"width\":184,\"height\":183,\"caption\":\"II Liceum Og\u00f3lnokszta\u0142c\u0105ce w Lubinie\"},\"image\":{\"@id\":\"https:\/\/2liceum.eu\/#\/schema\/logo\/image\/\"}},{\"@type\":\"WebSite\",\"@id\":\"https:\/\/2liceum.eu\/#website\",\"url\":\"https:\/\/2liceum.eu\/\",\"name\":\"II Liceum Og\u00f3lnokszta\u0142c\u0105ce w Lubinie\",\"description\":\"Oficjalny portal II LO w Lubinie. Informacje o szkole, kadrze, zaj\u0119ciach dydaktycznych, ko\u0142ach zainteresowa\u0144, wolontariacie. Aktualno\u015bci. Galeria zdj\u0119\u0107.\",\"publisher\":{\"@id\":\"https:\/\/2liceum.eu\/#organization\"},\"potentialAction\":[{\"@type\":\"SearchAction\",\"target\":{\"@type\":\"EntryPoint\",\"urlTemplate\":\"https:\/\/2liceum.eu\/?s={search_term_string}\"},\"query-input\":\"required name=search_term_string\"}],\"inLanguage\":\"pl-PL\"},{\"@type\":\"WebPage\",\"@id\":\"https:\/\/2liceum.eu\/index.php\/2019\/11\/25\/ogolnopolski-konkurs-retoryczny\/\",\"url\":\"https:\/\/2liceum.eu\/index.php\/2019\/11\/25\/ogolnopolski-konkurs-retoryczny\/\",\"name\":\"Og\u00f3lnopolski Konkurs Retoryczny! - II Liceum Og\u00f3lnokszta\u0142c\u0105ce w Lubinie\",\"isPartOf\":{\"@id\":\"https:\/\/2liceum.eu\/#website\"},\"datePublished\":\"2019-11-25T10:03:38+00:00\",\"dateModified\":\"2019-11-25T10:03:40+00:00\",\"breadcrumb\":{\"@id\":\"https:\/\/2liceum.eu\/index.php\/2019\/11\/25\/ogolnopolski-konkurs-retoryczny\/#breadcrumb\"},\"inLanguage\":\"pl-PL\",\"potentialAction\":[{\"@type\":\"ReadAction\",\"target\":[\"https:\/\/2liceum.eu\/index.php\/2019\/11\/25\/ogolnopolski-konkurs-retoryczny\/\"]}]},{\"@type\":\"BreadcrumbList\",\"@id\":\"https:\/\/2liceum.eu\/index.php\/2019\/11\/25\/ogolnopolski-konkurs-retoryczny\/#breadcrumb\",\"itemListElement\":[{\"@type\":\"ListItem\",\"position\":1,\"name\":\"Strona g\u0142\u00f3wna\",\"item\":\"https:\/\/2liceum.eu\/\"},{\"@type\":\"ListItem\",\"position\":2,\"name\":\"Og\u00f3lnopolski Konkurs Retoryczny!\"}]},{\"@type\":\"Article\",\"@id\":\"https:\/\/2liceum.eu\/index.php\/2019\/11\/25\/ogolnopolski-konkurs-retoryczny\/#article\",\"isPartOf\":{\"@id\":\"https:\/\/2liceum.eu\/index.php\/2019\/11\/25\/ogolnopolski-konkurs-retoryczny\/\"},\"author\":{\"name\":\"Adam Dragan\",\"@id\":\"https:\/\/2liceum.eu\/#\/schema\/person\/1a52557bfdaf047be954a8b190648da5\"},\"headline\":\"Og\u00f3lnopolski Konkurs Retoryczny!\",\"datePublished\":\"2019-11-25T10:03:38+00:00\",\"dateModified\":\"2019-11-25T10:03:40+00:00\",\"mainEntityOfPage\":{\"@id\":\"https:\/\/2liceum.eu\/index.php\/2019\/11\/25\/ogolnopolski-konkurs-retoryczny\/\"},\"wordCount\":130,\"commentCount\":0,\"publisher\":{\"@id\":\"https:\/\/2liceum.eu\/#organization\"},\"articleSection\":[\"Aktualno\u015bci\",\"Konkursy\"],\"inLanguage\":\"pl-PL\",\"potentialAction\":[{\"@type\":\"CommentAction\",\"name\":\"Comment\",\"target\":[\"https:\/\/2liceum.eu\/index.php\/2019\/11\/25\/ogolnopolski-konkurs-retoryczny\/#respond\"]}]},{\"@type\":\"Person\",\"@id\":\"https:\/\/2liceum.eu\/#\/schema\/person\/1a52557bfdaf047be954a8b190648da5\",\"name\":\"Adam Dragan\",\"image\":{\"@type\":\"ImageObject\",\"inLanguage\":\"pl-PL\",\"@id\":\"https:\/\/2liceum.eu\/#\/schema\/person\/image\/\",\"url\":\"https:\/\/secure.gravatar.com\/avatar\/3a2bee53698f47ac117505a8a054d1e47e9ee9593c4c77dc18374aa80472d80c?s=96&d=mm&r=g\",\"contentUrl\":\"https:\/\/secure.gravatar.com\/avatar\/3a2bee53698f47ac117505a8a054d1e47e9ee9593c4c77dc18374aa80472d80c?s=96&d=mm&r=g\",\"caption\":\"Adam Dragan\"},\"sameAs\":[\"http:\/\/2liceum.eu\"]}]}<\/script>\n<!-- \/ Yoast SEO plugin. -->","yoast_head_json":{"title":"Og\u00f3lnopolski Konkurs Retoryczny! - II Liceum Og\u00f3lnokszta\u0142c\u0105ce w Lubinie","robots":{"index":"index","follow":"follow","max-snippet":"max-snippet:-1","max-image-preview":"max-image-preview:large","max-video-preview":"max-video-preview:-1"},"canonical":"https:\/\/2liceum.eu\/index.php\/2019\/11\/25\/ogolnopolski-konkurs-retoryczny\/","og_locale":"pl_PL","og_type":"article","og_title":"Og\u00f3lnopolski Konkurs Retoryczny! - II Liceum Og\u00f3lnokszta\u0142c\u0105ce w Lubinie","og_description":"Fundacja Akademia Retoryki Igora Zalewskiego ma wielk\u0105 przyjemno\u015b\u0107 og\u0142osi\u0107 start trzeciej edycji Og\u00f3lnopolskiego Konkursu Retorycznego dla m\u0142odzie\u017cy &#8211; uczni\u00f3w szk\u00f3\u0142 \u015brednich. Aby wzi\u0105\u0107 udzia\u0142 w Konkursie wystarczy przes\u0142a\u0107 dwuminutowy film ze swoim wyst\u0105pieniem na dowolny temat na adres konkurs@akademiaretoryki.pl. Spo\u015br\u00f3d nades\u0142anych materia\u0142\u00f3w, jury wybierze dziesi\u0119\u0107 najlepszych film\u00f3w, kt\u00f3rych autorzy zostan\u0105 zaproszeni do wzi\u0119cia udzia\u0142u w [&hellip;]","og_url":"https:\/\/2liceum.eu\/index.php\/2019\/11\/25\/ogolnopolski-konkurs-retoryczny\/","og_site_name":"II Liceum Og\u00f3lnokszta\u0142c\u0105ce w Lubinie","article_publisher":"https:\/\/web.facebook.com\/IILOLubin\/","article_published_time":"2019-11-25T10:03:38+00:00","article_modified_time":"2019-11-25T10:03:40+00:00","og_image":[{"url":"https:\/\/external-waw1-1.xx.fbcdn.net\/safe_image.php?d=AQBEJCem4FJJ4RdY&amp;w=476&amp;h=249&amp;url=https%3A%2F%2Fakademiaretoryki.pl%2Fwp-content%2Fuploads%2F2017%2F09%2Fbg-konkurs.png&amp;cfs=1&amp;upscale=1&amp;fallback=news_d_placeholder_publisher&amp;_nc_hash=AQCuKT6RYMxbjCli"}],"author":"Adam Dragan","twitter_card":"summary_large_image","twitter_misc":{"Napisane przez":"Adam Dragan","Szacowany czas czytania":"1 minuta"},"schema":{"@context":"https:\/\/schema.org","@graph":[{"@type":"Organization","@id":"https:\/\/2liceum.eu\/#organization","name":"II Liceum Og\u00f3lnokszta\u0142c\u0105ce w Lubinie","url":"https:\/\/2liceum.eu\/","sameAs":["http:\/\/2lolubin","https:\/\/www.youtube.com\/channel\/UCWjEMxRJYdfvxPhVOn-8g_g","https:\/\/web.facebook.com\/IILOLubin\/"],"logo":{"@type":"ImageObject","inLanguage":"pl-PL","@id":"https:\/\/2liceum.eu\/#\/schema\/logo\/image\/","url":"https:\/\/2liceum.eu\/wp-content\/uploads\/2018\/01\/pobrane.jpg","contentUrl":"https:\/\/2liceum.eu\/wp-content\/uploads\/2018\/01\/pobrane.jpg","width":184,"height":183,"caption":"II Liceum Og\u00f3lnokszta\u0142c\u0105ce w Lubinie"},"image":{"@id":"https:\/\/2liceum.eu\/#\/schema\/logo\/image\/"}},{"@type":"WebSite","@id":"https:\/\/2liceum.eu\/#website","url":"https:\/\/2liceum.eu\/","name":"II Liceum Og\u00f3lnokszta\u0142c\u0105ce w Lubinie","description":"Oficjalny portal II LO w Lubinie. Informacje o szkole, kadrze, zaj\u0119ciach dydaktycznych, ko\u0142ach zainteresowa\u0144, wolontariacie. Aktualno\u015bci. Galeria zdj\u0119\u0107.","publisher":{"@id":"https:\/\/2liceum.eu\/#organization"},"potentialAction":[{"@type":"SearchAction","target":{"@type":"EntryPoint","urlTemplate":"https:\/\/2liceum.eu\/?s={search_term_string}"},"query-input":"required name=search_term_string"}],"inLanguage":"pl-PL"},{"@type":"WebPage","@id":"https:\/\/2liceum.eu\/index.php\/2019\/11\/25\/ogolnopolski-konkurs-retoryczny\/","url":"https:\/\/2liceum.eu\/index.php\/2019\/11\/25\/ogolnopolski-konkurs-retoryczny\/","name":"Og\u00f3lnopolski Konkurs Retoryczny! - II Liceum Og\u00f3lnokszta\u0142c\u0105ce w Lubinie","isPartOf":{"@id":"https:\/\/2liceum.eu\/#website"},"datePublished":"2019-11-25T10:03:38+00:00","dateModified":"2019-11-25T10:03:40+00:00","breadcrumb":{"@id":"https:\/\/2liceum.eu\/index.php\/2019\/11\/25\/ogolnopolski-konkurs-retoryczny\/#breadcrumb"},"inLanguage":"pl-PL","potentialAction":[{"@type":"ReadAction","target":["https:\/\/2liceum.eu\/index.php\/2019\/11\/25\/ogolnopolski-konkurs-retoryczny\/"]}]},{"@type":"BreadcrumbList","@id":"https:\/\/2liceum.eu\/index.php\/2019\/11\/25\/ogolnopolski-konkurs-retoryczny\/#breadcrumb","itemListElement":[{"@type":"ListItem","position":1,"name":"Strona g\u0142\u00f3wna","item":"https:\/\/2liceum.eu\/"},{"@type":"ListItem","position":2,"name":"Og\u00f3lnopolski Konkurs Retoryczny!"}]},{"@type":"Article","@id":"https:\/\/2liceum.eu\/index.php\/2019\/11\/25\/ogolnopolski-konkurs-retoryczny\/#article","isPartOf":{"@id":"https:\/\/2liceum.eu\/index.php\/2019\/11\/25\/ogolnopolski-konkurs-retoryczny\/"},"author":{"name":"Adam Dragan","@id":"https:\/\/2liceum.eu\/#\/schema\/person\/1a52557bfdaf047be954a8b190648da5"},"headline":"Og\u00f3lnopolski Konkurs Retoryczny!","datePublished":"2019-11-25T10:03:38+00:00","dateModified":"2019-11-25T10:03:40+00:00","mainEntityOfPage":{"@id":"https:\/\/2liceum.eu\/index.php\/2019\/11\/25\/ogolnopolski-konkurs-retoryczny\/"},"wordCount":130,"commentCount":0,"publisher":{"@id":"https:\/\/2liceum.eu\/#organization"},"articleSection":["Aktualno\u015bci","Konkursy"],"inLanguage":"pl-PL","potentialAction":[{"@type":"CommentAction","name":"Comment","target":["https:\/\/2liceum.eu\/index.php\/2019\/11\/25\/ogolnopolski-konkurs-retoryczny\/#respond"]}]},{"@type":"Person","@id":"https:\/\/2liceum.eu\/#\/schema\/person\/1a52557bfdaf047be954a8b190648da5","name":"Adam Dragan","image":{"@type":"ImageObject","inLanguage":"pl-PL","@id":"https:\/\/2liceum.eu\/#\/schema\/person\/image\/","url":"https:\/\/secure.gravatar.com\/avatar\/3a2bee53698f47ac117505a8a054d1e47e9ee9593c4c77dc18374aa80472d80c?s=96&d=mm&r=g","contentUrl":"https:\/\/secure.gravatar.com\/avatar\/3a2bee53698f47ac117505a8a054d1e47e9ee9593c4c77dc18374aa80472d80c?s=96&d=mm&r=g","caption":"Adam Dragan"},"sameAs":["http:\/\/2liceum.eu"]}]}},"_links":{"self":[{"href":"https:\/\/2liceum.eu\/index.php\/wp-json\/wp\/v2\/posts\/4372","targetHints":{"allow":["GET"]}}],"collection":[{"href":"https:\/\/2liceum.eu\/index.php\/wp-json\/wp\/v2\/posts"}],"about":[{"href":"https:\/\/2liceum.eu\/index.php\/wp-json\/wp\/v2\/types\/post"}],"author":[{"embeddable":true,"href":"https:\/\/2liceum.eu\/index.php\/wp-json\/wp\/v2\/users\/2"}],"replies":[{"embeddable":true,"href":"https:\/\/2liceum.eu\/index.php\/wp-json\/wp\/v2\/comments?post=4372"}],"version-history":[{"count":1,"href":"https:\/\/2liceum.eu\/index.php\/wp-json\/wp\/v2\/posts\/4372\/revisions"}],"predecessor-version":[{"id":4373,"href":"https:\/\/2liceum.eu\/index.php\/wp-json\/wp\/v2\/posts\/4372\/revisions\/4373"}],"wp:attachment":[{"href":"https:\/\/2liceum.eu\/index.php\/wp-json\/wp\/v2\/media?parent=4372"}],"wp:term":[{"taxonomy":"category","embeddable":true,"href":"https:\/\/2liceum.eu\/index.php\/wp-json\/wp\/v2\/categories?post=4372"},{"taxonomy":"post_tag","embeddable":true,"href":"https:\/\/2liceum.eu\/index.php\/wp-json\/wp\/v2\/tags?post=4372"}],"curies":[{"name":"wp","href":"https:\/\/api.w.org\/{rel}","templated":true}]}}