{"id":456,"date":"2018-01-26T11:36:00","date_gmt":"2018-01-26T10:36:00","guid":{"rendered":"http:\/\/2liceum.eu\/?p=456"},"modified":"2018-01-26T11:48:09","modified_gmt":"2018-01-26T10:48:09","slug":"mistrzostwa-powiatu-lubinskiego-halowej-pilce-noznej","status":"publish","type":"post","link":"https:\/\/2liceum.eu\/index.php\/2018\/01\/26\/mistrzostwa-powiatu-lubinskiego-halowej-pilce-noznej\/","title":{"rendered":"Mistrzostwa Powiatu Lubi\u0144skiego w halowej pi\u0142ce no\u017cnej!"},"content":{"rendered":"<p style=\"text-align: center;\"><img decoding=\"async\" style=\"margin-right: 10px;\" src=\"https:\/\/scontent-waw1-1.xx.fbcdn.net\/v\/t1.0-0\/q81\/c68.0.200.200\/p200x200\/25152406_1626514344071819_6707836295948437831_n.jpg?oh=3e6e7870f07945bf9e357ad319bfd32a&amp;oe=5A8DE302\" alt=\"\"><img decoding=\"async\" src=\"https:\/\/scontent-waw1-1.xx.fbcdn.net\/v\/t1.0-0\/c55.0.200.200\/p200x200\/25289475_1626514204071833_6513577372291191341_n.jpg?oh=edf0b4017d83323b83d8fa949e6caede&amp;oe=5AC9CBF1\" alt=\"\"><\/p>\n<p>&nbsp;<\/p>\n<p><strong>W dniu 4 grudnia 2017 r. w naszej szkole odby\u0142y si\u0119 Mistrzostwa Powiatu Lubi\u0144skiego w halowej pi\u0142ce no\u017cnej ch\u0142opc\u00f3w.<\/strong> W zawodach udzia\u0142 wzi\u0119\u0142o 7 dru\u017cyn. <strong>Reprezentacja II LO zaj\u0119\u0142a <span style=\"color: #008000;\">3 miejsce.<\/span><\/strong><\/p>\n<p>Sk\u0142ad reprezentacji:<\/p>\n<ol>\n<li>Czyrnia\u0144ski Grzegorz<\/li>\n<li>Ilnicki Kacper<\/li>\n<li>Iwa\u0144czak Adrian<\/li>\n<li>Junak Maciej<\/li>\n<li>Kisiel Krsystian<\/li>\n<li>Kope\u0107 Kacper<\/li>\n<li>Kupczy\u0144ski Oliwier<\/li>\n<li>Matuszewski Adrian<\/li>\n<li>Smolira Marcin<\/li>\n<li>Stadnicki Kacper<\/li>\n<\/ol>\n<p>&nbsp;<\/p>\n<p><strong>W dniu 5 grudnia 2017 r.<\/strong> r\u00f3wnie\u017c w naszej szkole odby\u0142y si\u0119 Mistrzostwa Powiatu Lubi\u0144skiego w halowej pi\u0142ce no\u017cnej dziewcz\u0105t.<strong> Reprezentacja II LO zaj\u0119\u0142a <span style=\"color: #008000;\">3 miejsce.<\/span><\/strong><\/p>\n<p>Sk\u0142ad reprezentacji:<\/p>\n<ol>\n<li>Ferens Anna<\/li>\n<li>Hipner Weronika<\/li>\n<li>Januchta Aleksandra<\/li>\n<li>Goszka Adrianna<\/li>\n<li>Gralla Paulina<\/li>\n<li>Konieczna Katarzyna<\/li>\n<li>Wysocza\u0144ska Monika<\/li>\n<\/ol>\n","protected":false},"excerpt":{"rendered":"<p>&nbsp; W dniu 4 grudnia 2017 r. w naszej szkole odby\u0142y si\u0119 Mistrzostwa Powiatu Lubi\u0144skiego w halowej pi\u0142ce no\u017cnej ch\u0142opc\u00f3w. W zawodach udzia\u0142 wzi\u0119\u0142o 7 dru\u017cyn. Reprezentacja II LO zaj\u0119\u0142a 3 miejsce. Sk\u0142ad reprezentacji: Czyrnia\u0144ski Grzegorz Ilnicki Kacper Iwa\u0144czak Adrian Junak Maciej Kisiel Krsystian Kope\u0107 Kacper Kupczy\u0144ski Oliwier Matuszewski Adrian Smolira Marcin Stadnicki Kacper &nbsp; [&hellip;]<\/p>\n","protected":false},"author":2,"featured_media":0,"comment_status":"open","ping_status":"open","sticky":false,"template":"","format":"standard","meta":{"ngg_post_thumbnail":0,"footnotes":""},"categories":[12],"tags":[],"class_list":["post-456","post","type-post","status-publish","format-standard","hentry","category-osiagniecia-sportowe-2017-2018"],"yoast_head":"<!-- This site is optimized with the Yoast SEO plugin v19.4 - https:\/\/yoast.com\/wordpress\/plugins\/seo\/ -->\n<title>Mistrzostwa Powiatu Lubi\u0144skiego w halowej pi\u0142ce no\u017cnej! - II Liceum Og\u00f3lnokszta\u0142c\u0105ce w Lubinie<\/title>\n<meta name=\"robots\" content=\"index, follow, max-snippet:-1, max-image-preview:large, max-video-preview:-1\" \/>\n<link rel=\"canonical\" href=\"https:\/\/2liceum.eu\/index.php\/2018\/01\/26\/mistrzostwa-powiatu-lubinskiego-halowej-pilce-noznej\/\" \/>\n<meta property=\"og:locale\" content=\"pl_PL\" \/>\n<meta property=\"og:type\" content=\"article\" \/>\n<meta property=\"og:title\" content=\"Mistrzostwa Powiatu Lubi\u0144skiego w halowej pi\u0142ce no\u017cnej! - II Liceum Og\u00f3lnokszta\u0142c\u0105ce w Lubinie\" \/>\n<meta property=\"og:description\" content=\"&nbsp; W dniu 4 grudnia 2017 r. w naszej szkole odby\u0142y si\u0119 Mistrzostwa Powiatu Lubi\u0144skiego w halowej pi\u0142ce no\u017cnej ch\u0142opc\u00f3w. W zawodach udzia\u0142 wzi\u0119\u0142o 7 dru\u017cyn. Reprezentacja II LO zaj\u0119\u0142a 3 miejsce. Sk\u0142ad reprezentacji: Czyrnia\u0144ski Grzegorz Ilnicki Kacper Iwa\u0144czak Adrian Junak Maciej Kisiel Krsystian Kope\u0107 Kacper Kupczy\u0144ski Oliwier Matuszewski Adrian Smolira Marcin Stadnicki Kacper &nbsp; [&hellip;]\" \/>\n<meta property=\"og:url\" content=\"https:\/\/2liceum.eu\/index.php\/2018\/01\/26\/mistrzostwa-powiatu-lubinskiego-halowej-pilce-noznej\/\" \/>\n<meta property=\"og:site_name\" content=\"II Liceum Og\u00f3lnokszta\u0142c\u0105ce w Lubinie\" \/>\n<meta property=\"article:publisher\" content=\"https:\/\/web.facebook.com\/IILOLubin\/\" \/>\n<meta property=\"article:published_time\" content=\"2018-01-26T10:36:00+00:00\" \/>\n<meta property=\"article:modified_time\" content=\"2018-01-26T10:48:09+00:00\" \/>\n<meta property=\"og:image\" content=\"https:\/\/scontent-waw1-1.xx.fbcdn.net\/v\/t1.0-0\/q81\/c68.0.200.200\/p200x200\/25152406_1626514344071819_6707836295948437831_n.jpg?oh=3e6e7870f07945bf9e357ad319bfd32a&amp;oe=5A8DE302\" \/>\n<meta name=\"author\" content=\"Adam Dragan\" \/>\n<meta name=\"twitter:card\" content=\"summary_large_image\" \/>\n<meta name=\"twitter:label1\" content=\"Napisane przez\" \/>\n\t<meta name=\"twitter:data1\" content=\"Adam Dragan\" \/>\n\t<meta name=\"twitter:label2\" content=\"Szacowany czas czytania\" \/>\n\t<meta name=\"twitter:data2\" content=\"1 minuta\" \/>\n<script type=\"application\/ld+json\" class=\"yoast-schema-graph\">{\"@context\":\"https:\/\/schema.org\",\"@graph\":[{\"@type\":\"Organization\",\"@id\":\"https:\/\/2liceum.eu\/#organization\",\"name\":\"II Liceum Og\u00f3lnokszta\u0142c\u0105ce w Lubinie\",\"url\":\"https:\/\/2liceum.eu\/\",\"sameAs\":[\"http:\/\/2lolubin\",\"https:\/\/www.youtube.com\/channel\/UCWjEMxRJYdfvxPhVOn-8g_g\",\"https:\/\/web.facebook.com\/IILOLubin\/\"],\"logo\":{\"@type\":\"ImageObject\",\"inLanguage\":\"pl-PL\",\"@id\":\"https:\/\/2liceum.eu\/#\/schema\/logo\/image\/\",\"url\":\"https:\/\/2liceum.eu\/wp-content\/uploads\/2018\/01\/pobrane.jpg\",\"contentUrl\":\"https:\/\/2liceum.eu\/wp-content\/uploads\/2018\/01\/pobrane.jpg\",\"width\":184,\"height\":183,\"caption\":\"II Liceum Og\u00f3lnokszta\u0142c\u0105ce w Lubinie\"},\"image\":{\"@id\":\"https:\/\/2liceum.eu\/#\/schema\/logo\/image\/\"}},{\"@type\":\"WebSite\",\"@id\":\"https:\/\/2liceum.eu\/#website\",\"url\":\"https:\/\/2liceum.eu\/\",\"name\":\"II Liceum Og\u00f3lnokszta\u0142c\u0105ce w Lubinie\",\"description\":\"Oficjalny portal II LO w Lubinie. Informacje o szkole, kadrze, zaj\u0119ciach dydaktycznych, ko\u0142ach zainteresowa\u0144, wolontariacie. Aktualno\u015bci. Galeria zdj\u0119\u0107.\",\"publisher\":{\"@id\":\"https:\/\/2liceum.eu\/#organization\"},\"potentialAction\":[{\"@type\":\"SearchAction\",\"target\":{\"@type\":\"EntryPoint\",\"urlTemplate\":\"https:\/\/2liceum.eu\/?s={search_term_string}\"},\"query-input\":\"required name=search_term_string\"}],\"inLanguage\":\"pl-PL\"},{\"@type\":\"WebPage\",\"@id\":\"https:\/\/2liceum.eu\/index.php\/2018\/01\/26\/mistrzostwa-powiatu-lubinskiego-halowej-pilce-noznej\/\",\"url\":\"https:\/\/2liceum.eu\/index.php\/2018\/01\/26\/mistrzostwa-powiatu-lubinskiego-halowej-pilce-noznej\/\",\"name\":\"Mistrzostwa Powiatu Lubi\u0144skiego w halowej pi\u0142ce no\u017cnej! - II Liceum Og\u00f3lnokszta\u0142c\u0105ce w Lubinie\",\"isPartOf\":{\"@id\":\"https:\/\/2liceum.eu\/#website\"},\"datePublished\":\"2018-01-26T10:36:00+00:00\",\"dateModified\":\"2018-01-26T10:48:09+00:00\",\"breadcrumb\":{\"@id\":\"https:\/\/2liceum.eu\/index.php\/2018\/01\/26\/mistrzostwa-powiatu-lubinskiego-halowej-pilce-noznej\/#breadcrumb\"},\"inLanguage\":\"pl-PL\",\"potentialAction\":[{\"@type\":\"ReadAction\",\"target\":[\"https:\/\/2liceum.eu\/index.php\/2018\/01\/26\/mistrzostwa-powiatu-lubinskiego-halowej-pilce-noznej\/\"]}]},{\"@type\":\"BreadcrumbList\",\"@id\":\"https:\/\/2liceum.eu\/index.php\/2018\/01\/26\/mistrzostwa-powiatu-lubinskiego-halowej-pilce-noznej\/#breadcrumb\",\"itemListElement\":[{\"@type\":\"ListItem\",\"position\":1,\"name\":\"Strona g\u0142\u00f3wna\",\"item\":\"https:\/\/2liceum.eu\/\"},{\"@type\":\"ListItem\",\"position\":2,\"name\":\"Mistrzostwa Powiatu Lubi\u0144skiego w&nbsp;halowej pi\u0142ce no\u017cnej!\"}]},{\"@type\":\"Article\",\"@id\":\"https:\/\/2liceum.eu\/index.php\/2018\/01\/26\/mistrzostwa-powiatu-lubinskiego-halowej-pilce-noznej\/#article\",\"isPartOf\":{\"@id\":\"https:\/\/2liceum.eu\/index.php\/2018\/01\/26\/mistrzostwa-powiatu-lubinskiego-halowej-pilce-noznej\/\"},\"author\":{\"name\":\"Adam Dragan\",\"@id\":\"https:\/\/2liceum.eu\/#\/schema\/person\/1a52557bfdaf047be954a8b190648da5\"},\"headline\":\"Mistrzostwa Powiatu Lubi\u0144skiego w halowej pi\u0142ce no\u017cnej!\",\"datePublished\":\"2018-01-26T10:36:00+00:00\",\"dateModified\":\"2018-01-26T10:48:09+00:00\",\"mainEntityOfPage\":{\"@id\":\"https:\/\/2liceum.eu\/index.php\/2018\/01\/26\/mistrzostwa-powiatu-lubinskiego-halowej-pilce-noznej\/\"},\"wordCount\":122,\"commentCount\":0,\"publisher\":{\"@id\":\"https:\/\/2liceum.eu\/#organization\"},\"articleSection\":[\"Osi\u0105gni\u0119cia sportowe 2017\/2018\"],\"inLanguage\":\"pl-PL\",\"potentialAction\":[{\"@type\":\"CommentAction\",\"name\":\"Comment\",\"target\":[\"https:\/\/2liceum.eu\/index.php\/2018\/01\/26\/mistrzostwa-powiatu-lubinskiego-halowej-pilce-noznej\/#respond\"]}]},{\"@type\":\"Person\",\"@id\":\"https:\/\/2liceum.eu\/#\/schema\/person\/1a52557bfdaf047be954a8b190648da5\",\"name\":\"Adam Dragan\",\"image\":{\"@type\":\"ImageObject\",\"inLanguage\":\"pl-PL\",\"@id\":\"https:\/\/2liceum.eu\/#\/schema\/person\/image\/\",\"url\":\"https:\/\/secure.gravatar.com\/avatar\/3a2bee53698f47ac117505a8a054d1e47e9ee9593c4c77dc18374aa80472d80c?s=96&d=mm&r=g\",\"contentUrl\":\"https:\/\/secure.gravatar.com\/avatar\/3a2bee53698f47ac117505a8a054d1e47e9ee9593c4c77dc18374aa80472d80c?s=96&d=mm&r=g\",\"caption\":\"Adam Dragan\"},\"sameAs\":[\"http:\/\/2liceum.eu\"]}]}<\/script>\n<!-- \/ Yoast SEO plugin. -->","yoast_head_json":{"title":"Mistrzostwa Powiatu Lubi\u0144skiego w halowej pi\u0142ce no\u017cnej! - II Liceum Og\u00f3lnokszta\u0142c\u0105ce w Lubinie","robots":{"index":"index","follow":"follow","max-snippet":"max-snippet:-1","max-image-preview":"max-image-preview:large","max-video-preview":"max-video-preview:-1"},"canonical":"https:\/\/2liceum.eu\/index.php\/2018\/01\/26\/mistrzostwa-powiatu-lubinskiego-halowej-pilce-noznej\/","og_locale":"pl_PL","og_type":"article","og_title":"Mistrzostwa Powiatu Lubi\u0144skiego w halowej pi\u0142ce no\u017cnej! - II Liceum Og\u00f3lnokszta\u0142c\u0105ce w Lubinie","og_description":"&nbsp; W dniu 4 grudnia 2017 r. w naszej szkole odby\u0142y si\u0119 Mistrzostwa Powiatu Lubi\u0144skiego w halowej pi\u0142ce no\u017cnej ch\u0142opc\u00f3w. W zawodach udzia\u0142 wzi\u0119\u0142o 7 dru\u017cyn. Reprezentacja II LO zaj\u0119\u0142a 3 miejsce. Sk\u0142ad reprezentacji: Czyrnia\u0144ski Grzegorz Ilnicki Kacper Iwa\u0144czak Adrian Junak Maciej Kisiel Krsystian Kope\u0107 Kacper Kupczy\u0144ski Oliwier Matuszewski Adrian Smolira Marcin Stadnicki Kacper &nbsp; [&hellip;]","og_url":"https:\/\/2liceum.eu\/index.php\/2018\/01\/26\/mistrzostwa-powiatu-lubinskiego-halowej-pilce-noznej\/","og_site_name":"II Liceum Og\u00f3lnokszta\u0142c\u0105ce w Lubinie","article_publisher":"https:\/\/web.facebook.com\/IILOLubin\/","article_published_time":"2018-01-26T10:36:00+00:00","article_modified_time":"2018-01-26T10:48:09+00:00","og_image":[{"url":"https:\/\/scontent-waw1-1.xx.fbcdn.net\/v\/t1.0-0\/q81\/c68.0.200.200\/p200x200\/25152406_1626514344071819_6707836295948437831_n.jpg?oh=3e6e7870f07945bf9e357ad319bfd32a&amp;oe=5A8DE302"}],"author":"Adam Dragan","twitter_card":"summary_large_image","twitter_misc":{"Napisane przez":"Adam Dragan","Szacowany czas czytania":"1 minuta"},"schema":{"@context":"https:\/\/schema.org","@graph":[{"@type":"Organization","@id":"https:\/\/2liceum.eu\/#organization","name":"II Liceum Og\u00f3lnokszta\u0142c\u0105ce w Lubinie","url":"https:\/\/2liceum.eu\/","sameAs":["http:\/\/2lolubin","https:\/\/www.youtube.com\/channel\/UCWjEMxRJYdfvxPhVOn-8g_g","https:\/\/web.facebook.com\/IILOLubin\/"],"logo":{"@type":"ImageObject","inLanguage":"pl-PL","@id":"https:\/\/2liceum.eu\/#\/schema\/logo\/image\/","url":"https:\/\/2liceum.eu\/wp-content\/uploads\/2018\/01\/pobrane.jpg","contentUrl":"https:\/\/2liceum.eu\/wp-content\/uploads\/2018\/01\/pobrane.jpg","width":184,"height":183,"caption":"II Liceum Og\u00f3lnokszta\u0142c\u0105ce w Lubinie"},"image":{"@id":"https:\/\/2liceum.eu\/#\/schema\/logo\/image\/"}},{"@type":"WebSite","@id":"https:\/\/2liceum.eu\/#website","url":"https:\/\/2liceum.eu\/","name":"II Liceum Og\u00f3lnokszta\u0142c\u0105ce w Lubinie","description":"Oficjalny portal II LO w Lubinie. Informacje o szkole, kadrze, zaj\u0119ciach dydaktycznych, ko\u0142ach zainteresowa\u0144, wolontariacie. Aktualno\u015bci. Galeria zdj\u0119\u0107.","publisher":{"@id":"https:\/\/2liceum.eu\/#organization"},"potentialAction":[{"@type":"SearchAction","target":{"@type":"EntryPoint","urlTemplate":"https:\/\/2liceum.eu\/?s={search_term_string}"},"query-input":"required name=search_term_string"}],"inLanguage":"pl-PL"},{"@type":"WebPage","@id":"https:\/\/2liceum.eu\/index.php\/2018\/01\/26\/mistrzostwa-powiatu-lubinskiego-halowej-pilce-noznej\/","url":"https:\/\/2liceum.eu\/index.php\/2018\/01\/26\/mistrzostwa-powiatu-lubinskiego-halowej-pilce-noznej\/","name":"Mistrzostwa Powiatu Lubi\u0144skiego w halowej pi\u0142ce no\u017cnej! - II Liceum Og\u00f3lnokszta\u0142c\u0105ce w Lubinie","isPartOf":{"@id":"https:\/\/2liceum.eu\/#website"},"datePublished":"2018-01-26T10:36:00+00:00","dateModified":"2018-01-26T10:48:09+00:00","breadcrumb":{"@id":"https:\/\/2liceum.eu\/index.php\/2018\/01\/26\/mistrzostwa-powiatu-lubinskiego-halowej-pilce-noznej\/#breadcrumb"},"inLanguage":"pl-PL","potentialAction":[{"@type":"ReadAction","target":["https:\/\/2liceum.eu\/index.php\/2018\/01\/26\/mistrzostwa-powiatu-lubinskiego-halowej-pilce-noznej\/"]}]},{"@type":"BreadcrumbList","@id":"https:\/\/2liceum.eu\/index.php\/2018\/01\/26\/mistrzostwa-powiatu-lubinskiego-halowej-pilce-noznej\/#breadcrumb","itemListElement":[{"@type":"ListItem","position":1,"name":"Strona g\u0142\u00f3wna","item":"https:\/\/2liceum.eu\/"},{"@type":"ListItem","position":2,"name":"Mistrzostwa Powiatu Lubi\u0144skiego w&nbsp;halowej pi\u0142ce no\u017cnej!"}]},{"@type":"Article","@id":"https:\/\/2liceum.eu\/index.php\/2018\/01\/26\/mistrzostwa-powiatu-lubinskiego-halowej-pilce-noznej\/#article","isPartOf":{"@id":"https:\/\/2liceum.eu\/index.php\/2018\/01\/26\/mistrzostwa-powiatu-lubinskiego-halowej-pilce-noznej\/"},"author":{"name":"Adam Dragan","@id":"https:\/\/2liceum.eu\/#\/schema\/person\/1a52557bfdaf047be954a8b190648da5"},"headline":"Mistrzostwa Powiatu Lubi\u0144skiego w halowej pi\u0142ce no\u017cnej!","datePublished":"2018-01-26T10:36:00+00:00","dateModified":"2018-01-26T10:48:09+00:00","mainEntityOfPage":{"@id":"https:\/\/2liceum.eu\/index.php\/2018\/01\/26\/mistrzostwa-powiatu-lubinskiego-halowej-pilce-noznej\/"},"wordCount":122,"commentCount":0,"publisher":{"@id":"https:\/\/2liceum.eu\/#organization"},"articleSection":["Osi\u0105gni\u0119cia sportowe 2017\/2018"],"inLanguage":"pl-PL","potentialAction":[{"@type":"CommentAction","name":"Comment","target":["https:\/\/2liceum.eu\/index.php\/2018\/01\/26\/mistrzostwa-powiatu-lubinskiego-halowej-pilce-noznej\/#respond"]}]},{"@type":"Person","@id":"https:\/\/2liceum.eu\/#\/schema\/person\/1a52557bfdaf047be954a8b190648da5","name":"Adam Dragan","image":{"@type":"ImageObject","inLanguage":"pl-PL","@id":"https:\/\/2liceum.eu\/#\/schema\/person\/image\/","url":"https:\/\/secure.gravatar.com\/avatar\/3a2bee53698f47ac117505a8a054d1e47e9ee9593c4c77dc18374aa80472d80c?s=96&d=mm&r=g","contentUrl":"https:\/\/secure.gravatar.com\/avatar\/3a2bee53698f47ac117505a8a054d1e47e9ee9593c4c77dc18374aa80472d80c?s=96&d=mm&r=g","caption":"Adam Dragan"},"sameAs":["http:\/\/2liceum.eu"]}]}},"_links":{"self":[{"href":"https:\/\/2liceum.eu\/index.php\/wp-json\/wp\/v2\/posts\/456","targetHints":{"allow":["GET"]}}],"collection":[{"href":"https:\/\/2liceum.eu\/index.php\/wp-json\/wp\/v2\/posts"}],"about":[{"href":"https:\/\/2liceum.eu\/index.php\/wp-json\/wp\/v2\/types\/post"}],"author":[{"embeddable":true,"href":"https:\/\/2liceum.eu\/index.php\/wp-json\/wp\/v2\/users\/2"}],"replies":[{"embeddable":true,"href":"https:\/\/2liceum.eu\/index.php\/wp-json\/wp\/v2\/comments?post=456"}],"version-history":[{"count":3,"href":"https:\/\/2liceum.eu\/index.php\/wp-json\/wp\/v2\/posts\/456\/revisions"}],"predecessor-version":[{"id":467,"href":"https:\/\/2liceum.eu\/index.php\/wp-json\/wp\/v2\/posts\/456\/revisions\/467"}],"wp:attachment":[{"href":"https:\/\/2liceum.eu\/index.php\/wp-json\/wp\/v2\/media?parent=456"}],"wp:term":[{"taxonomy":"category","embeddable":true,"href":"https:\/\/2liceum.eu\/index.php\/wp-json\/wp\/v2\/categories?post=456"},{"taxonomy":"post_tag","embeddable":true,"href":"https:\/\/2liceum.eu\/index.php\/wp-json\/wp\/v2\/tags?post=456"}],"curies":[{"name":"wp","href":"https:\/\/api.w.org\/{rel}","templated":true}]}}