{"id":484,"date":"2018-02-01T14:28:07","date_gmt":"2018-02-01T13:28:07","guid":{"rendered":"http:\/\/2liceum.eu\/?p=484"},"modified":"2018-02-01T14:29:21","modified_gmt":"2018-02-01T13:29:21","slug":"piatek-02-02-2018-r","status":"publish","type":"post","link":"https:\/\/2liceum.eu\/index.php\/2018\/02\/01\/piatek-02-02-2018-r\/","title":{"rendered":"Pi\u0105tek, 02.02.2018 r."},"content":{"rendered":"<h1 style=\"text-align: center;\"><strong>&nbsp;&nbsp;&nbsp;&nbsp; &nbsp;&nbsp;&nbsp;&nbsp;&nbsp;&nbsp;&nbsp;&nbsp;&nbsp;&nbsp;&nbsp;&nbsp;&nbsp;&nbsp;&nbsp;&nbsp;&nbsp;&nbsp;&nbsp;&nbsp;&nbsp;&nbsp;&nbsp;&nbsp;&nbsp;&nbsp;&nbsp;&nbsp;2 &nbsp;luty&nbsp; 2018 ( pi\u0105tek )<\/strong><\/h1>\n<p style=\"text-align: center;\"><strong>Wychowawcy \u2013 prosz\u0119 przekaza\u0107 informacj\u0119 uczniom. <\/strong><\/p>\n<p style=\"text-align: center;\">Prosz\u0119 zg\u0142asza\u0107 wszelkie niezgodno\u015bci oraz lepsze rozwi\u0105zania<\/p>\n<table width=\"0\">\n<tbody>\n<tr>\n<td width=\"57\">\n<h3>Za:<\/h3>\n<\/td>\n<td colspan=\"2\" width=\"184\"><strong>R.Bartosiewicz <\/strong><\/td>\n<td colspan=\"2\" width=\"185\"><strong>D.Witold <\/strong><\/td>\n<td colspan=\"2\" width=\"189\">M.Szadkowska<\/td>\n<\/tr>\n<tr>\n<td width=\"57\">\n<h3>Lekcja<\/h3>\n<\/td>\n<td width=\"51\">klasa<\/td>\n<td width=\"134\">nauczyciel zast\u0119puj\u0105cy<\/td>\n<td width=\"44\">klasa<\/td>\n<td width=\"141\">nauczyciel zast\u0119puj\u0105cy<\/td>\n<td width=\"46\">klasa<\/td>\n<td width=\"144\">nauczyciel zast\u0119puj\u0105cy<\/td>\n<\/tr>\n<tr>\n<td width=\"57\">\n<h3>1<\/h3>\n<\/td>\n<td width=\"51\">&nbsp;<\/td>\n<td width=\"134\">&nbsp;<\/td>\n<td width=\"44\">&nbsp;<\/td>\n<td width=\"141\">&nbsp;<\/td>\n<td width=\"46\">&nbsp;<\/td>\n<td width=\"144\">&nbsp;<\/td>\n<\/tr>\n<tr>\n<td width=\"57\">\n<h3>2<\/h3>\n<\/td>\n<td width=\"51\">&nbsp;<\/td>\n<td width=\"134\">&nbsp;<\/td>\n<td width=\"44\">&nbsp;<\/td>\n<td width=\"141\">&nbsp;<\/td>\n<td width=\"46\">2a<\/td>\n<td width=\"144\">D.P\u0119ka\u0142a \u2013 \u0142\u0105czenie grup s.213<\/td>\n<\/tr>\n<tr>\n<td width=\"57\">\n<h3>3<\/h3>\n<\/td>\n<td width=\"51\">&nbsp;<\/td>\n<td width=\"134\">&nbsp;<\/td>\n<td width=\"44\">&nbsp;<\/td>\n<td width=\"141\">&nbsp;<\/td>\n<td width=\"46\">3e<\/td>\n<td width=\"144\">T.B\u00f3b- historia i spo\u0142ecze\u0144stwo (p) s.01<\/td>\n<\/tr>\n<tr>\n<td width=\"57\">\n<h3>4<\/h3>\n<\/td>\n<td width=\"51\">1d\/1e<\/td>\n<td width=\"134\">I.Koliszak (p)<\/td>\n<td width=\"44\">2d<\/td>\n<td width=\"141\">J.Golubi\u0144ska- Bartosik s.010<\/td>\n<td width=\"46\">3e<\/td>\n<td width=\"144\">D.Go\u0142\u0105b- matematyka za 7 lekcj\u0119 08.02 s.10<\/td>\n<\/tr>\n<tr>\n<td width=\"57\">\n<h3>5<\/h3>\n<\/td>\n<td width=\"51\">1b<\/td>\n<td width=\"134\">E.Garnowska (p)<\/td>\n<td width=\"44\">2e<\/td>\n<td width=\"141\">A.Dragan \u2013 historia za 8 lekcj\u0119 06.02<\/td>\n<td width=\"46\">3c<\/td>\n<td width=\"144\">Grupa zwolniona do domu<\/td>\n<\/tr>\n<tr>\n<td width=\"57\">\n<h3>6<\/h3>\n<\/td>\n<td width=\"51\">1b<\/td>\n<td width=\"134\">Grupa zwolniona do domu<\/td>\n<td width=\"44\">&nbsp;<\/td>\n<td width=\"141\">&nbsp;<\/td>\n<td width=\"46\">2c<\/td>\n<td width=\"144\">M.Zaj\u0105czkowska \u2013 \u0142\u0105czenie grup s.214<\/td>\n<\/tr>\n<tr>\n<td width=\"57\">\n<h3>7<\/h3>\n<\/td>\n<td width=\"51\">&nbsp;<\/td>\n<td width=\"134\">&nbsp;<\/td>\n<td width=\"44\">&nbsp;<\/td>\n<td width=\"141\">&nbsp;<\/td>\n<td width=\"46\">&nbsp;<\/td>\n<td width=\"144\">&nbsp;<\/td>\n<\/tr>\n<tr>\n<td width=\"57\">\n<h3>8<\/h3>\n<\/td>\n<td width=\"51\">&nbsp;<\/td>\n<td width=\"134\">&nbsp;<\/td>\n<td width=\"44\">&nbsp;<\/td>\n<td width=\"141\">&nbsp;<\/td>\n<td width=\"46\">&nbsp;<\/td>\n<td width=\"144\">&nbsp;<\/td>\n<\/tr>\n<tr>\n<td width=\"57\"><strong>Za:<\/strong><\/td>\n<td colspan=\"2\" width=\"184\"><strong>A.P\u0119ka\u0142a <\/strong><\/td>\n<td colspan=\"2\" width=\"185\"><strong>M.Lech <\/strong><\/td>\n<td colspan=\"2\" width=\"189\"><strong>M.Lipowska <\/strong><\/td>\n<\/tr>\n<tr>\n<td width=\"57\"><strong>Lekcja<\/strong><\/td>\n<td width=\"51\">klasa<\/td>\n<td width=\"134\">nauczyciel zast\u0119puj\u0105cy<\/td>\n<td width=\"44\">klasa<\/td>\n<td width=\"141\">nauczyciel zast\u0119puj\u0105cy<\/td>\n<td width=\"46\">klasa<\/td>\n<td width=\"144\">nauczyciel zast\u0119puj\u0105cy<\/td>\n<\/tr>\n<tr>\n<td width=\"57\"><strong>1<\/strong><\/td>\n<td width=\"51\">&nbsp;<\/p>\n<p>&nbsp;<\/td>\n<td width=\"134\">&nbsp;<\/td>\n<td width=\"44\">3a<\/td>\n<td width=\"141\">Grupa przychodzi na 8:55<\/td>\n<td width=\"46\">3a<\/td>\n<td width=\"144\">Grupa przychodzi na 8:55<\/td>\n<\/tr>\n<tr>\n<td width=\"57\"><strong>2<\/strong><\/td>\n<td width=\"51\"><strong>1b<\/strong><\/td>\n<td width=\"134\">A.Dragan za 1 lekcj\u0119 07.02<\/td>\n<td width=\"44\">1b<\/td>\n<td width=\"141\">A.Dragan za 1 lekcj\u0119 07.02<\/td>\n<td width=\"46\">2e<\/td>\n<td width=\"144\">J.Golubi\u0144ska- Bartosik s.12<\/td>\n<\/tr>\n<tr>\n<td width=\"57\"><strong>3<\/strong><\/td>\n<td width=\"51\"><strong>3f<\/strong><\/td>\n<td width=\"134\">A.Winiarska za7 lekcj\u0119 06.02 s.207<\/td>\n<td width=\"44\">2d<\/td>\n<td width=\"141\">J.Frankiewicz- \u0142\u0105czenie grup s.202<\/td>\n<td width=\"46\">1e<\/td>\n<td width=\"144\">J.Rodak j. polski za 1 lekcj\u0119 02.02s.205<\/td>\n<\/tr>\n<tr>\n<td width=\"57\"><strong>4<\/strong><\/td>\n<td width=\"51\"><strong>2d<\/strong><\/td>\n<td width=\"134\">J.Frankiewicz- \u0142\u0105czenie grup s.202<\/td>\n<td width=\"44\">&nbsp;<\/td>\n<td width=\"141\">&nbsp;<\/td>\n<td width=\"46\">2e<\/td>\n<td width=\"144\">A.Dragan za 7 lekcj\u0119 01.02<\/td>\n<\/tr>\n<tr>\n<td width=\"57\"><strong>5<\/strong><\/td>\n<td width=\"51\">3b<\/td>\n<td width=\"134\">D.Go\u0142\u0105b \u2013matematyka za 1 lekcj\u0119 05.02 s.10<\/td>\n<td width=\"44\">3c<\/td>\n<td width=\"141\">Grupa zwolniona do domu<\/td>\n<td width=\"46\">&nbsp;<\/td>\n<td width=\"144\">&nbsp;<\/td>\n<\/tr>\n<tr>\n<td width=\"57\"><strong>6<\/strong><\/td>\n<td width=\"51\">&nbsp;<\/td>\n<td width=\"134\">&nbsp;<\/td>\n<td width=\"44\">1c<\/td>\n<td width=\"141\">Grupa zwolniona do domu<\/td>\n<td width=\"46\">&nbsp;<\/td>\n<td width=\"144\">&nbsp;<\/td>\n<\/tr>\n<tr>\n<td width=\"57\"><strong>7<\/strong><\/td>\n<td width=\"51\">&nbsp;<\/td>\n<td width=\"134\">&nbsp;<\/td>\n<td width=\"44\">&nbsp;<\/td>\n<td width=\"141\">&nbsp;<\/td>\n<td width=\"46\">&nbsp;<\/td>\n<td width=\"144\">&nbsp;<\/td>\n<\/tr>\n<tr>\n<td width=\"57\"><strong>8<\/strong><\/td>\n<td width=\"51\">&nbsp;<\/td>\n<td width=\"134\">&nbsp;<\/td>\n<td width=\"44\">&nbsp;<\/td>\n<td width=\"141\">&nbsp;<\/td>\n<td width=\"46\">&nbsp;<\/td>\n<td width=\"144\">&nbsp;<\/td>\n<\/tr>\n<tr>\n<td width=\"57\">\n<h3>Za:<\/h3>\n<\/td>\n<td colspan=\"2\" width=\"184\">J.Jaworska<\/td>\n<td colspan=\"2\" width=\"185\">J.Grodek- Kabat<\/td>\n<td colspan=\"2\" width=\"189\">E.Gr\u0119da<\/td>\n<\/tr>\n<tr>\n<td width=\"57\">\n<h3>Lekcja<\/h3>\n<\/td>\n<td width=\"51\">klasa<\/td>\n<td width=\"134\">nauczyciel zast\u0119puj\u0105cy<\/td>\n<td width=\"44\">klasa<\/td>\n<td width=\"141\">nauczyciel zast\u0119puj\u0105cy<\/td>\n<td width=\"46\">klasa<\/td>\n<td width=\"144\">nauczyciel zast\u0119puj\u0105cy<\/td>\n<\/tr>\n<tr>\n<td width=\"57\">\n<h3>1<\/h3>\n<\/td>\n<td width=\"51\">2b<\/td>\n<td width=\"134\">A.Krzysztofik za 7 lekcj\u0119 08.02 s.204<\/td>\n<td width=\"44\">2b<\/td>\n<td width=\"141\">A.Krzysztofik za 7 lekcj\u0119 08.02 s.204<\/td>\n<td width=\"46\">&nbsp;<\/td>\n<td width=\"144\">&nbsp;<\/td>\n<\/tr>\n<tr>\n<td width=\"57\">\n<h3>2<\/h3>\n<\/td>\n<td width=\"51\">2b<\/td>\n<td width=\"134\">&nbsp;<\/p>\n<p>A.Winiarska\u2013wos &nbsp;s.207<\/td>\n<td width=\"44\">2b<\/td>\n<td width=\"141\">&nbsp;<\/p>\n<p>A.Winiarska\u2013wos&nbsp; \u0142\u0105czenie grup&nbsp; s.207<\/td>\n<td width=\"46\">2e<\/td>\n<td width=\"144\">J.Golubi\u0144ska- Bartosik s.12<\/td>\n<\/tr>\n<tr>\n<td width=\"57\">\n<h3>3<\/h3>\n<\/td>\n<td width=\"51\">1e<\/td>\n<td width=\"134\">J.Rodak j. polski za 1 lekcj\u0119 02.02 s.205<\/td>\n<td width=\"44\">33e<\/td>\n<td width=\"141\">T.B\u00f3b- historia i spo\u0142ecze\u0144stwo (p) s.01<\/td>\n<td width=\"46\">3f<\/td>\n<td width=\"144\">A.Winiarska za7 lekcj\u0119 06.02<\/td>\n<\/tr>\n<tr>\n<td width=\"57\">\n<h3>4<\/h3>\n<\/td>\n<td width=\"51\">&nbsp;<\/td>\n<td width=\"134\">&nbsp;<\/td>\n<td width=\"44\">3e<\/td>\n<td width=\"141\">D.Go\u0142\u0105b- matematyka za 7 lekcj\u0119 08.02 s.10<\/td>\n<td width=\"46\">2e<\/td>\n<td width=\"144\">A.Dragan za 7 lekcj\u0119 01.02<\/td>\n<\/tr>\n<tr>\n<td width=\"57\">\n<h3>5<\/h3>\n<\/td>\n<td width=\"51\">2a<\/td>\n<td width=\"134\">D.P\u0119ka\u0142a- \u0142\u0105czenie grup s.213<\/td>\n<td width=\"44\">3b<\/td>\n<td width=\"141\">D.Go\u0142\u0105b \u2013matematyka za 1 lekcj\u0119 05.02 s.10<\/td>\n<td width=\"46\">2c<\/td>\n<td width=\"144\">M.Zaj\u0105czkowska \u2013 \u0142\u0105czenie grup s.214<\/td>\n<\/tr>\n<tr>\n<td width=\"57\">\n<h3>6<\/h3>\n<\/td>\n<td width=\"51\">&nbsp;<\/td>\n<td width=\"134\">&nbsp;<\/td>\n<td width=\"44\">&nbsp;<\/td>\n<td width=\"141\">&nbsp;<\/td>\n<td width=\"46\">1c<\/td>\n<td width=\"144\">Grupa zwolniona do domu<\/td>\n<\/tr>\n<tr>\n<td width=\"57\">\n<h3>7<\/h3>\n<\/td>\n<td width=\"51\">&nbsp;<\/td>\n<td width=\"134\">&nbsp;<\/td>\n<td width=\"44\">&nbsp;<\/td>\n<td width=\"141\">&nbsp;<\/td>\n<td width=\"46\">&nbsp;<\/td>\n<td width=\"144\">&nbsp;<\/td>\n<\/tr>\n<tr>\n<td width=\"57\">\n<h3>8<\/h3>\n<\/td>\n<td width=\"51\">&nbsp;<\/td>\n<td width=\"134\">&nbsp;<\/td>\n<td width=\"44\">&nbsp;<\/td>\n<td width=\"141\">&nbsp;<\/td>\n<td width=\"46\">&nbsp;<\/td>\n<td width=\"144\">&nbsp;<\/td>\n<\/tr>\n<tr>\n<td width=\"57\">\n<h3>Za:<\/h3>\n<\/td>\n<td colspan=\"2\" width=\"184\"><strong>L.Bartosiewicz <\/strong><\/td>\n<td colspan=\"2\" width=\"185\">&nbsp;<\/td>\n<td colspan=\"2\" width=\"189\">&nbsp;<\/td>\n<\/tr>\n<tr>\n<td width=\"57\">\n<h3>Lekcja<\/h3>\n<\/td>\n<td width=\"51\">klasa<\/td>\n<td width=\"134\">nauczyciel zast\u0119puj\u0105cy<\/td>\n<td width=\"44\">klasa<\/td>\n<td width=\"141\">nauczyciel zast\u0119puj\u0105cy<\/td>\n<td width=\"46\">klasa<\/td>\n<td width=\"144\">nauczyciel zast\u0119puj\u0105cy<\/td>\n<\/tr>\n<tr>\n<td width=\"57\">\n<h3>1<\/h3>\n<\/td>\n<td width=\"51\">&nbsp;<\/td>\n<td width=\"134\">&nbsp;<\/td>\n<td width=\"44\">&nbsp;<\/td>\n<td width=\"141\">&nbsp;<\/td>\n<td width=\"46\">&nbsp;<\/td>\n<td width=\"144\">&nbsp;<\/td>\n<\/tr>\n<tr>\n<td width=\"57\">\n<h3>2<\/h3>\n<\/td>\n<td width=\"51\">&nbsp;<\/td>\n<td width=\"134\">&nbsp;<\/td>\n<td width=\"44\">&nbsp;<\/td>\n<td width=\"141\">&nbsp;<\/td>\n<td width=\"46\">&nbsp;<\/td>\n<td width=\"144\">&nbsp;<\/td>\n<\/tr>\n<tr>\n<td width=\"57\">\n<h3>3<\/h3>\n<\/td>\n<td width=\"51\">1a<\/td>\n<td width=\"134\">E.Garnowska EDB s.12 (p)<\/td>\n<td width=\"44\">&nbsp;<\/td>\n<td width=\"141\">&nbsp;<\/td>\n<td width=\"46\">&nbsp;<\/td>\n<td width=\"144\">&nbsp;<\/td>\n<\/tr>\n<tr>\n<td width=\"57\">\n<h3>4<\/h3>\n<\/td>\n<td width=\"51\">3a<\/td>\n<td width=\"134\">J.Rodak \u2013j.polski (p) s.205<\/td>\n<td width=\"44\">&nbsp;<\/td>\n<td width=\"141\">&nbsp;<\/td>\n<td width=\"46\">&nbsp;<\/td>\n<td width=\"144\">&nbsp;<\/td>\n<\/tr>\n<tr>\n<td width=\"57\">\n<h3>5<\/h3>\n<\/td>\n<td width=\"51\">1d<\/td>\n<td width=\"134\">I.Karwat- czytelnia<\/td>\n<td width=\"44\">&nbsp;<\/td>\n<td width=\"141\">&nbsp;<\/td>\n<td width=\"46\">&nbsp;<\/td>\n<td width=\"144\">&nbsp;<\/td>\n<\/tr>\n<tr>\n<td width=\"57\">\n<h3>6<\/h3>\n<\/td>\n<td width=\"51\">&nbsp;<\/td>\n<td width=\"134\">&nbsp;<\/td>\n<td width=\"44\">&nbsp;<\/td>\n<td width=\"141\">&nbsp;<\/td>\n<td width=\"46\">&nbsp;<\/td>\n<td width=\"144\">&nbsp;<\/td>\n<\/tr>\n<tr>\n<td width=\"57\">\n<h3>7<\/h3>\n<\/td>\n<td width=\"51\">&nbsp;<\/td>\n<td width=\"134\">&nbsp;<\/td>\n<td width=\"44\">&nbsp;<\/td>\n<td width=\"141\">&nbsp;<\/td>\n<td width=\"46\">&nbsp;<\/td>\n<td width=\"144\">&nbsp;<\/td>\n<\/tr>\n<tr>\n<td width=\"57\">\n<h3>8<\/h3>\n<\/td>\n<td width=\"51\">&nbsp;<\/td>\n<td width=\"134\">&nbsp;<\/td>\n<td width=\"44\">&nbsp;<\/td>\n<td width=\"141\">&nbsp;<\/td>\n<td width=\"46\">&nbsp;<\/td>\n<td width=\"144\">&nbsp;<\/td>\n<\/tr>\n<\/tbody>\n<\/table>\n<p><strong>&nbsp;<\/strong><\/p>\n<p><strong>Klasy III odbywaj\u0105 lekcje zgodnie z planem. Na matur\u0119 ustn\u0105 zg\u0142aszaj\u0105 si\u0119 o wyznaczonych godzinach. <\/strong><\/p>\n<p><strong>&nbsp;<\/strong><\/p>\n","protected":false},"excerpt":{"rendered":"<p>&nbsp;&nbsp;&nbsp;&nbsp; &nbsp;&nbsp;&nbsp;&nbsp;&nbsp;&nbsp;&nbsp;&nbsp;&nbsp;&nbsp;&nbsp;&nbsp;&nbsp;&nbsp;&nbsp;&nbsp;&nbsp;&nbsp;&nbsp;&nbsp;&nbsp;&nbsp;&nbsp;&nbsp;&nbsp;&nbsp;&nbsp;&nbsp;2 &nbsp;luty&nbsp; 2018 ( pi\u0105tek ) Wychowawcy \u2013 prosz\u0119 przekaza\u0107 informacj\u0119 uczniom. Prosz\u0119 zg\u0142asza\u0107 wszelkie niezgodno\u015bci oraz lepsze rozwi\u0105zania Za: R.Bartosiewicz D.Witold M.Szadkowska Lekcja klasa nauczyciel zast\u0119puj\u0105cy klasa nauczyciel zast\u0119puj\u0105cy klasa nauczyciel zast\u0119puj\u0105cy 1 &nbsp; &nbsp; &nbsp; &nbsp; &nbsp; &nbsp; 2 &nbsp; &nbsp; &nbsp; &nbsp; 2a D.P\u0119ka\u0142a \u2013 \u0142\u0105czenie grup s.213 3 &nbsp; &nbsp; [&hellip;]<\/p>\n","protected":false},"author":2,"featured_media":0,"comment_status":"open","ping_status":"open","sticky":false,"template":"","format":"standard","meta":{"ngg_post_thumbnail":0,"footnotes":""},"categories":[6],"tags":[],"class_list":["post-484","post","type-post","status-publish","format-standard","hentry","category-zastepstwa"],"yoast_head":"<!-- This site is optimized with the Yoast SEO plugin v19.4 - https:\/\/yoast.com\/wordpress\/plugins\/seo\/ -->\n<title>Pi\u0105tek, 02.02.2018 r. - II Liceum Og\u00f3lnokszta\u0142c\u0105ce w Lubinie<\/title>\n<meta name=\"robots\" content=\"index, follow, max-snippet:-1, max-image-preview:large, max-video-preview:-1\" \/>\n<link rel=\"canonical\" href=\"https:\/\/2liceum.eu\/index.php\/2018\/02\/01\/piatek-02-02-2018-r\/\" \/>\n<meta property=\"og:locale\" content=\"pl_PL\" \/>\n<meta property=\"og:type\" content=\"article\" \/>\n<meta property=\"og:title\" content=\"Pi\u0105tek, 02.02.2018 r. - II Liceum Og\u00f3lnokszta\u0142c\u0105ce w Lubinie\" \/>\n<meta property=\"og:description\" content=\"&nbsp;&nbsp;&nbsp;&nbsp; &nbsp;&nbsp;&nbsp;&nbsp;&nbsp;&nbsp;&nbsp;&nbsp;&nbsp;&nbsp;&nbsp;&nbsp;&nbsp;&nbsp;&nbsp;&nbsp;&nbsp;&nbsp;&nbsp;&nbsp;&nbsp;&nbsp;&nbsp;&nbsp;&nbsp;&nbsp;&nbsp;&nbsp;2 &nbsp;luty&nbsp; 2018 ( pi\u0105tek ) Wychowawcy \u2013 prosz\u0119 przekaza\u0107 informacj\u0119 uczniom. Prosz\u0119 zg\u0142asza\u0107 wszelkie niezgodno\u015bci oraz lepsze rozwi\u0105zania Za: R.Bartosiewicz D.Witold M.Szadkowska Lekcja klasa nauczyciel zast\u0119puj\u0105cy klasa nauczyciel zast\u0119puj\u0105cy klasa nauczyciel zast\u0119puj\u0105cy 1 &nbsp; &nbsp; &nbsp; &nbsp; &nbsp; &nbsp; 2 &nbsp; &nbsp; &nbsp; &nbsp; 2a D.P\u0119ka\u0142a \u2013 \u0142\u0105czenie grup s.213 3 &nbsp; &nbsp; [&hellip;]\" \/>\n<meta property=\"og:url\" content=\"https:\/\/2liceum.eu\/index.php\/2018\/02\/01\/piatek-02-02-2018-r\/\" \/>\n<meta property=\"og:site_name\" content=\"II Liceum Og\u00f3lnokszta\u0142c\u0105ce w Lubinie\" \/>\n<meta property=\"article:publisher\" content=\"https:\/\/web.facebook.com\/IILOLubin\/\" \/>\n<meta property=\"article:published_time\" content=\"2018-02-01T13:28:07+00:00\" \/>\n<meta property=\"article:modified_time\" content=\"2018-02-01T13:29:21+00:00\" \/>\n<meta name=\"author\" content=\"Adam Dragan\" \/>\n<meta name=\"twitter:card\" content=\"summary_large_image\" \/>\n<meta name=\"twitter:label1\" content=\"Napisane przez\" \/>\n\t<meta name=\"twitter:data1\" content=\"Adam Dragan\" \/>\n\t<meta name=\"twitter:label2\" content=\"Szacowany czas czytania\" \/>\n\t<meta name=\"twitter:data2\" content=\"3 minuty\" \/>\n<script type=\"application\/ld+json\" class=\"yoast-schema-graph\">{\"@context\":\"https:\/\/schema.org\",\"@graph\":[{\"@type\":\"Organization\",\"@id\":\"https:\/\/2liceum.eu\/#organization\",\"name\":\"II Liceum Og\u00f3lnokszta\u0142c\u0105ce w Lubinie\",\"url\":\"https:\/\/2liceum.eu\/\",\"sameAs\":[\"http:\/\/2lolubin\",\"https:\/\/www.youtube.com\/channel\/UCWjEMxRJYdfvxPhVOn-8g_g\",\"https:\/\/web.facebook.com\/IILOLubin\/\"],\"logo\":{\"@type\":\"ImageObject\",\"inLanguage\":\"pl-PL\",\"@id\":\"https:\/\/2liceum.eu\/#\/schema\/logo\/image\/\",\"url\":\"https:\/\/2liceum.eu\/wp-content\/uploads\/2018\/01\/pobrane.jpg\",\"contentUrl\":\"https:\/\/2liceum.eu\/wp-content\/uploads\/2018\/01\/pobrane.jpg\",\"width\":184,\"height\":183,\"caption\":\"II Liceum Og\u00f3lnokszta\u0142c\u0105ce w Lubinie\"},\"image\":{\"@id\":\"https:\/\/2liceum.eu\/#\/schema\/logo\/image\/\"}},{\"@type\":\"WebSite\",\"@id\":\"https:\/\/2liceum.eu\/#website\",\"url\":\"https:\/\/2liceum.eu\/\",\"name\":\"II Liceum Og\u00f3lnokszta\u0142c\u0105ce w Lubinie\",\"description\":\"Oficjalny portal II LO w Lubinie. Informacje o szkole, kadrze, zaj\u0119ciach dydaktycznych, ko\u0142ach zainteresowa\u0144, wolontariacie. Aktualno\u015bci. Galeria zdj\u0119\u0107.\",\"publisher\":{\"@id\":\"https:\/\/2liceum.eu\/#organization\"},\"potentialAction\":[{\"@type\":\"SearchAction\",\"target\":{\"@type\":\"EntryPoint\",\"urlTemplate\":\"https:\/\/2liceum.eu\/?s={search_term_string}\"},\"query-input\":\"required name=search_term_string\"}],\"inLanguage\":\"pl-PL\"},{\"@type\":\"WebPage\",\"@id\":\"https:\/\/2liceum.eu\/index.php\/2018\/02\/01\/piatek-02-02-2018-r\/\",\"url\":\"https:\/\/2liceum.eu\/index.php\/2018\/02\/01\/piatek-02-02-2018-r\/\",\"name\":\"Pi\u0105tek, 02.02.2018 r. - II Liceum Og\u00f3lnokszta\u0142c\u0105ce w Lubinie\",\"isPartOf\":{\"@id\":\"https:\/\/2liceum.eu\/#website\"},\"datePublished\":\"2018-02-01T13:28:07+00:00\",\"dateModified\":\"2018-02-01T13:29:21+00:00\",\"breadcrumb\":{\"@id\":\"https:\/\/2liceum.eu\/index.php\/2018\/02\/01\/piatek-02-02-2018-r\/#breadcrumb\"},\"inLanguage\":\"pl-PL\",\"potentialAction\":[{\"@type\":\"ReadAction\",\"target\":[\"https:\/\/2liceum.eu\/index.php\/2018\/02\/01\/piatek-02-02-2018-r\/\"]}]},{\"@type\":\"BreadcrumbList\",\"@id\":\"https:\/\/2liceum.eu\/index.php\/2018\/02\/01\/piatek-02-02-2018-r\/#breadcrumb\",\"itemListElement\":[{\"@type\":\"ListItem\",\"position\":1,\"name\":\"Strona g\u0142\u00f3wna\",\"item\":\"https:\/\/2liceum.eu\/\"},{\"@type\":\"ListItem\",\"position\":2,\"name\":\"Pi\u0105tek, 02.02.2018 r.\"}]},{\"@type\":\"Article\",\"@id\":\"https:\/\/2liceum.eu\/index.php\/2018\/02\/01\/piatek-02-02-2018-r\/#article\",\"isPartOf\":{\"@id\":\"https:\/\/2liceum.eu\/index.php\/2018\/02\/01\/piatek-02-02-2018-r\/\"},\"author\":{\"name\":\"Adam Dragan\",\"@id\":\"https:\/\/2liceum.eu\/#\/schema\/person\/1a52557bfdaf047be954a8b190648da5\"},\"headline\":\"Pi\u0105tek, 02.02.2018 r.\",\"datePublished\":\"2018-02-01T13:28:07+00:00\",\"dateModified\":\"2018-02-01T13:29:21+00:00\",\"mainEntityOfPage\":{\"@id\":\"https:\/\/2liceum.eu\/index.php\/2018\/02\/01\/piatek-02-02-2018-r\/\"},\"wordCount\":535,\"commentCount\":0,\"publisher\":{\"@id\":\"https:\/\/2liceum.eu\/#organization\"},\"articleSection\":[\"Zast\u0119pstwa\"],\"inLanguage\":\"pl-PL\",\"potentialAction\":[{\"@type\":\"CommentAction\",\"name\":\"Comment\",\"target\":[\"https:\/\/2liceum.eu\/index.php\/2018\/02\/01\/piatek-02-02-2018-r\/#respond\"]}]},{\"@type\":\"Person\",\"@id\":\"https:\/\/2liceum.eu\/#\/schema\/person\/1a52557bfdaf047be954a8b190648da5\",\"name\":\"Adam Dragan\",\"image\":{\"@type\":\"ImageObject\",\"inLanguage\":\"pl-PL\",\"@id\":\"https:\/\/2liceum.eu\/#\/schema\/person\/image\/\",\"url\":\"https:\/\/secure.gravatar.com\/avatar\/3a2bee53698f47ac117505a8a054d1e47e9ee9593c4c77dc18374aa80472d80c?s=96&d=mm&r=g\",\"contentUrl\":\"https:\/\/secure.gravatar.com\/avatar\/3a2bee53698f47ac117505a8a054d1e47e9ee9593c4c77dc18374aa80472d80c?s=96&d=mm&r=g\",\"caption\":\"Adam Dragan\"},\"sameAs\":[\"http:\/\/2liceum.eu\"]}]}<\/script>\n<!-- \/ Yoast SEO plugin. -->","yoast_head_json":{"title":"Pi\u0105tek, 02.02.2018 r. - II Liceum Og\u00f3lnokszta\u0142c\u0105ce w Lubinie","robots":{"index":"index","follow":"follow","max-snippet":"max-snippet:-1","max-image-preview":"max-image-preview:large","max-video-preview":"max-video-preview:-1"},"canonical":"https:\/\/2liceum.eu\/index.php\/2018\/02\/01\/piatek-02-02-2018-r\/","og_locale":"pl_PL","og_type":"article","og_title":"Pi\u0105tek, 02.02.2018 r. - II Liceum Og\u00f3lnokszta\u0142c\u0105ce w Lubinie","og_description":"&nbsp;&nbsp;&nbsp;&nbsp; &nbsp;&nbsp;&nbsp;&nbsp;&nbsp;&nbsp;&nbsp;&nbsp;&nbsp;&nbsp;&nbsp;&nbsp;&nbsp;&nbsp;&nbsp;&nbsp;&nbsp;&nbsp;&nbsp;&nbsp;&nbsp;&nbsp;&nbsp;&nbsp;&nbsp;&nbsp;&nbsp;&nbsp;2 &nbsp;luty&nbsp; 2018 ( pi\u0105tek ) Wychowawcy \u2013 prosz\u0119 przekaza\u0107 informacj\u0119 uczniom. Prosz\u0119 zg\u0142asza\u0107 wszelkie niezgodno\u015bci oraz lepsze rozwi\u0105zania Za: R.Bartosiewicz D.Witold M.Szadkowska Lekcja klasa nauczyciel zast\u0119puj\u0105cy klasa nauczyciel zast\u0119puj\u0105cy klasa nauczyciel zast\u0119puj\u0105cy 1 &nbsp; &nbsp; &nbsp; &nbsp; &nbsp; &nbsp; 2 &nbsp; &nbsp; &nbsp; &nbsp; 2a D.P\u0119ka\u0142a \u2013 \u0142\u0105czenie grup s.213 3 &nbsp; &nbsp; [&hellip;]","og_url":"https:\/\/2liceum.eu\/index.php\/2018\/02\/01\/piatek-02-02-2018-r\/","og_site_name":"II Liceum Og\u00f3lnokszta\u0142c\u0105ce w Lubinie","article_publisher":"https:\/\/web.facebook.com\/IILOLubin\/","article_published_time":"2018-02-01T13:28:07+00:00","article_modified_time":"2018-02-01T13:29:21+00:00","author":"Adam Dragan","twitter_card":"summary_large_image","twitter_misc":{"Napisane przez":"Adam Dragan","Szacowany czas czytania":"3 minuty"},"schema":{"@context":"https:\/\/schema.org","@graph":[{"@type":"Organization","@id":"https:\/\/2liceum.eu\/#organization","name":"II Liceum Og\u00f3lnokszta\u0142c\u0105ce w Lubinie","url":"https:\/\/2liceum.eu\/","sameAs":["http:\/\/2lolubin","https:\/\/www.youtube.com\/channel\/UCWjEMxRJYdfvxPhVOn-8g_g","https:\/\/web.facebook.com\/IILOLubin\/"],"logo":{"@type":"ImageObject","inLanguage":"pl-PL","@id":"https:\/\/2liceum.eu\/#\/schema\/logo\/image\/","url":"https:\/\/2liceum.eu\/wp-content\/uploads\/2018\/01\/pobrane.jpg","contentUrl":"https:\/\/2liceum.eu\/wp-content\/uploads\/2018\/01\/pobrane.jpg","width":184,"height":183,"caption":"II Liceum Og\u00f3lnokszta\u0142c\u0105ce w Lubinie"},"image":{"@id":"https:\/\/2liceum.eu\/#\/schema\/logo\/image\/"}},{"@type":"WebSite","@id":"https:\/\/2liceum.eu\/#website","url":"https:\/\/2liceum.eu\/","name":"II Liceum Og\u00f3lnokszta\u0142c\u0105ce w Lubinie","description":"Oficjalny portal II LO w Lubinie. Informacje o szkole, kadrze, zaj\u0119ciach dydaktycznych, ko\u0142ach zainteresowa\u0144, wolontariacie. Aktualno\u015bci. Galeria zdj\u0119\u0107.","publisher":{"@id":"https:\/\/2liceum.eu\/#organization"},"potentialAction":[{"@type":"SearchAction","target":{"@type":"EntryPoint","urlTemplate":"https:\/\/2liceum.eu\/?s={search_term_string}"},"query-input":"required name=search_term_string"}],"inLanguage":"pl-PL"},{"@type":"WebPage","@id":"https:\/\/2liceum.eu\/index.php\/2018\/02\/01\/piatek-02-02-2018-r\/","url":"https:\/\/2liceum.eu\/index.php\/2018\/02\/01\/piatek-02-02-2018-r\/","name":"Pi\u0105tek, 02.02.2018 r. - II Liceum Og\u00f3lnokszta\u0142c\u0105ce w Lubinie","isPartOf":{"@id":"https:\/\/2liceum.eu\/#website"},"datePublished":"2018-02-01T13:28:07+00:00","dateModified":"2018-02-01T13:29:21+00:00","breadcrumb":{"@id":"https:\/\/2liceum.eu\/index.php\/2018\/02\/01\/piatek-02-02-2018-r\/#breadcrumb"},"inLanguage":"pl-PL","potentialAction":[{"@type":"ReadAction","target":["https:\/\/2liceum.eu\/index.php\/2018\/02\/01\/piatek-02-02-2018-r\/"]}]},{"@type":"BreadcrumbList","@id":"https:\/\/2liceum.eu\/index.php\/2018\/02\/01\/piatek-02-02-2018-r\/#breadcrumb","itemListElement":[{"@type":"ListItem","position":1,"name":"Strona g\u0142\u00f3wna","item":"https:\/\/2liceum.eu\/"},{"@type":"ListItem","position":2,"name":"Pi\u0105tek, 02.02.2018 r."}]},{"@type":"Article","@id":"https:\/\/2liceum.eu\/index.php\/2018\/02\/01\/piatek-02-02-2018-r\/#article","isPartOf":{"@id":"https:\/\/2liceum.eu\/index.php\/2018\/02\/01\/piatek-02-02-2018-r\/"},"author":{"name":"Adam Dragan","@id":"https:\/\/2liceum.eu\/#\/schema\/person\/1a52557bfdaf047be954a8b190648da5"},"headline":"Pi\u0105tek, 02.02.2018 r.","datePublished":"2018-02-01T13:28:07+00:00","dateModified":"2018-02-01T13:29:21+00:00","mainEntityOfPage":{"@id":"https:\/\/2liceum.eu\/index.php\/2018\/02\/01\/piatek-02-02-2018-r\/"},"wordCount":535,"commentCount":0,"publisher":{"@id":"https:\/\/2liceum.eu\/#organization"},"articleSection":["Zast\u0119pstwa"],"inLanguage":"pl-PL","potentialAction":[{"@type":"CommentAction","name":"Comment","target":["https:\/\/2liceum.eu\/index.php\/2018\/02\/01\/piatek-02-02-2018-r\/#respond"]}]},{"@type":"Person","@id":"https:\/\/2liceum.eu\/#\/schema\/person\/1a52557bfdaf047be954a8b190648da5","name":"Adam Dragan","image":{"@type":"ImageObject","inLanguage":"pl-PL","@id":"https:\/\/2liceum.eu\/#\/schema\/person\/image\/","url":"https:\/\/secure.gravatar.com\/avatar\/3a2bee53698f47ac117505a8a054d1e47e9ee9593c4c77dc18374aa80472d80c?s=96&d=mm&r=g","contentUrl":"https:\/\/secure.gravatar.com\/avatar\/3a2bee53698f47ac117505a8a054d1e47e9ee9593c4c77dc18374aa80472d80c?s=96&d=mm&r=g","caption":"Adam Dragan"},"sameAs":["http:\/\/2liceum.eu"]}]}},"_links":{"self":[{"href":"https:\/\/2liceum.eu\/index.php\/wp-json\/wp\/v2\/posts\/484","targetHints":{"allow":["GET"]}}],"collection":[{"href":"https:\/\/2liceum.eu\/index.php\/wp-json\/wp\/v2\/posts"}],"about":[{"href":"https:\/\/2liceum.eu\/index.php\/wp-json\/wp\/v2\/types\/post"}],"author":[{"embeddable":true,"href":"https:\/\/2liceum.eu\/index.php\/wp-json\/wp\/v2\/users\/2"}],"replies":[{"embeddable":true,"href":"https:\/\/2liceum.eu\/index.php\/wp-json\/wp\/v2\/comments?post=484"}],"version-history":[{"count":1,"href":"https:\/\/2liceum.eu\/index.php\/wp-json\/wp\/v2\/posts\/484\/revisions"}],"predecessor-version":[{"id":485,"href":"https:\/\/2liceum.eu\/index.php\/wp-json\/wp\/v2\/posts\/484\/revisions\/485"}],"wp:attachment":[{"href":"https:\/\/2liceum.eu\/index.php\/wp-json\/wp\/v2\/media?parent=484"}],"wp:term":[{"taxonomy":"category","embeddable":true,"href":"https:\/\/2liceum.eu\/index.php\/wp-json\/wp\/v2\/categories?post=484"},{"taxonomy":"post_tag","embeddable":true,"href":"https:\/\/2liceum.eu\/index.php\/wp-json\/wp\/v2\/tags?post=484"}],"curies":[{"name":"wp","href":"https:\/\/api.w.org\/{rel}","templated":true}]}}