{"id":498,"date":"2018-02-06T10:00:37","date_gmt":"2018-02-06T09:00:37","guid":{"rendered":"http:\/\/2liceum.eu\/?p=498"},"modified":"2018-02-06T10:02:36","modified_gmt":"2018-02-06T09:02:36","slug":"498","status":"publish","type":"post","link":"https:\/\/2liceum.eu\/index.php\/2018\/02\/06\/498\/","title":{"rendered":"&#8222;Komunikatywny Europejczyk&#8221;!"},"content":{"rendered":"<p style=\"text-align: justify;\"><img loading=\"lazy\" decoding=\"async\" class=\"alignnone  wp-image-500 alignleft\" src=\"http:\/\/2liceum.eu\/wp-content\/uploads\/2018\/02\/ke-1.jpg\" alt=\"\" width=\"95\" height=\"95\">Mamy zaszczyt zaprosi\u0107 uczni\u00f3w szk\u00f3\u0142 ponadgimnazjalnych, gimnazjalnych oraz si\u00f3dmych klas szk\u00f3\u0142 podstawowych na dziesi\u0105t\u0105 edycj\u0119 konkursu j\u0119zykowego: <span style=\"color: #008000;\">\u201e<strong>KOMUNIKATYWNY&nbsp; EUROPEJCZYK<\/strong>\u201d,<\/span> kt\u00f3ry odb\u0119dzie si\u0119 w czwartek <span style=\"color: #ff0000;\"><strong>1 marca 2018 r. o godz. 10.00<\/strong><\/span> w auli <span style=\"color: #008000;\">II Liceum Og\u00f3lnokszta\u0142c\u0105cego w Lubinie.<\/span><\/p>\n<p><!--more--><\/p>\n<p style=\"text-align: justify;\">Celem konkursu jest wy\u0142onienie najlepszych uczni\u00f3w, kt\u00f3rzy w spos\u00f3b komunikatywny&nbsp; i poprawny pos\u0142uguj\u0105 si\u0119 r\u00f3wnolegle dwoma j\u0119zykami na poziomie danego typu szko\u0142y:<\/p>\n<p style=\"text-align: justify;\">&nbsp;<strong>wersja A<\/strong>&#8211; gimnazjum, 7 klasa szko\u0142y podstawowej,<\/p>\n<p style=\"text-align: justify;\"><strong>&nbsp;wersja B<\/strong>&#8211; liceum, technikum.<\/p>\n<p style=\"text-align: justify;\">Test w formie pisemnej zawiera\u0107 b\u0119dzie zadania wymagaj\u0105ce prawid\u0142owej reakcji j\u0119zykowej w typowych sytuacjach codziennego \u017cycia. Uczestnicy udzielaj\u0105 odpowiedzi w dw\u00f3ch j\u0119zykach:<\/p>\n<p style=\"text-align: justify;\"><strong>wariant 1<\/strong> &#8211; j\u0119zyk angielski i niemiecki,<\/p>\n<p style=\"text-align: justify;\"><strong>wariant 2<\/strong> &#8211; j\u0119zyk&nbsp; angielski i francuski.<\/p>\n<p style=\"text-align: justify;\"><strong>wariant 3<\/strong> &#8211; j\u0119zyk angielski i rosyjski<\/p>\n<p style=\"text-align: justify;\">&nbsp;&nbsp;&nbsp;&nbsp;&nbsp;&nbsp;&nbsp;&nbsp;&nbsp;&nbsp;&nbsp;<\/p>\n<p style=\"text-align: justify;\">Ocenie poddana b\u0119dzie umiej\u0119tno\u015b\u0107 trafnego przekazu informacji oraz poprawno\u015b\u0107<br \/>\ni bogactwo j\u0119zykowe. Ka\u017cda plac\u00f3wka mo\u017ce zg\u0142osi\u0107 maksymalnie 5 uczestnik\u00f3w, kt\u00f3rzy reprezentuj\u0105 swoj\u0105 szko\u0142\u0119 indywidualnie.<\/p>\n<p style=\"text-align: justify;\">&nbsp;<\/p>\n<p style=\"text-align: justify;\">Zg\u0142oszenia przyjmuje sekretariat II LO w terminie do &nbsp;pi\u0105tku &#8211; <strong>23. 02. 2018.<\/strong><\/p>\n<p style=\"text-align: justify;\"><strong>76 849-72-65 <\/strong>&nbsp;&nbsp;&nbsp;&nbsp;<strong>76 849-72-66&nbsp;&nbsp;&nbsp;&nbsp;&nbsp; <\/strong><strong><a href=\"mailto:2.liceum.lubin@wp.pl\">2.liceum.lubin@wp.pl<\/a><\/strong><\/p>\n<p style=\"text-align: justify;\">Uprzejmie prosimy o podanie wariantu testu, dla zg\u0142aszanych uczestnik\u00f3w.<\/p>\n<p>&nbsp;<\/p>\n<p style=\"text-align: right;\">Serdecznie zapraszamy wszystkich zainteresowanych.<\/p>\n<p style=\"text-align: right;\">Organizatorki konkursu:<\/p>\n<p style=\"text-align: right;\">&nbsp;<\/p>\n<p style=\"text-align: right;\">Ewa Gr\u0119da<\/p>\n<p style=\"text-align: right;\">Jowita Jaworska<\/p>\n<p style=\"text-align: right;\">Natalia Ossowska<\/p>\n<p style=\"text-align: right;\">Joanna Zimna<\/p>\n<p>&nbsp;<\/p>\n","protected":false},"excerpt":{"rendered":"<p>Mamy zaszczyt zaprosi\u0107 uczni\u00f3w szk\u00f3\u0142 ponadgimnazjalnych, gimnazjalnych oraz si\u00f3dmych klas szk\u00f3\u0142 podstawowych na dziesi\u0105t\u0105 edycj\u0119 konkursu j\u0119zykowego: \u201eKOMUNIKATYWNY&nbsp; EUROPEJCZYK\u201d, kt\u00f3ry odb\u0119dzie si\u0119 w czwartek 1 marca 2018 r. o godz. 10.00 w auli II Liceum Og\u00f3lnokszta\u0142c\u0105cego w Lubinie.<\/p>\n","protected":false},"author":2,"featured_media":0,"comment_status":"open","ping_status":"open","sticky":false,"template":"","format":"standard","meta":{"ngg_post_thumbnail":0,"footnotes":""},"categories":[1,9],"tags":[],"class_list":["post-498","post","type-post","status-publish","format-standard","hentry","category-aktualnosci","category-konkursy"],"yoast_head":"<!-- This site is optimized with the Yoast SEO plugin v19.4 - https:\/\/yoast.com\/wordpress\/plugins\/seo\/ -->\n<title>&quot;Komunikatywny Europejczyk&quot;! - II Liceum Og\u00f3lnokszta\u0142c\u0105ce w Lubinie<\/title>\n<meta name=\"robots\" content=\"index, follow, max-snippet:-1, max-image-preview:large, max-video-preview:-1\" \/>\n<link rel=\"canonical\" href=\"https:\/\/2liceum.eu\/index.php\/2018\/02\/06\/498\/\" \/>\n<meta property=\"og:locale\" content=\"pl_PL\" \/>\n<meta property=\"og:type\" content=\"article\" \/>\n<meta property=\"og:title\" content=\"&quot;Komunikatywny Europejczyk&quot;! - II Liceum Og\u00f3lnokszta\u0142c\u0105ce w Lubinie\" \/>\n<meta property=\"og:description\" content=\"Mamy zaszczyt zaprosi\u0107 uczni\u00f3w szk\u00f3\u0142 ponadgimnazjalnych, gimnazjalnych oraz si\u00f3dmych klas szk\u00f3\u0142 podstawowych na dziesi\u0105t\u0105 edycj\u0119 konkursu j\u0119zykowego: \u201eKOMUNIKATYWNY&nbsp; EUROPEJCZYK\u201d, kt\u00f3ry odb\u0119dzie si\u0119 w czwartek 1 marca 2018 r. o godz. 10.00 w auli II Liceum Og\u00f3lnokszta\u0142c\u0105cego w Lubinie.\" \/>\n<meta property=\"og:url\" content=\"https:\/\/2liceum.eu\/index.php\/2018\/02\/06\/498\/\" \/>\n<meta property=\"og:site_name\" content=\"II Liceum Og\u00f3lnokszta\u0142c\u0105ce w Lubinie\" \/>\n<meta property=\"article:publisher\" content=\"https:\/\/web.facebook.com\/IILOLubin\/\" \/>\n<meta property=\"article:published_time\" content=\"2018-02-06T09:00:37+00:00\" \/>\n<meta property=\"article:modified_time\" content=\"2018-02-06T09:02:36+00:00\" \/>\n<meta property=\"og:image\" content=\"http:\/\/2liceum.eu\/wp-content\/uploads\/2018\/02\/ke-1.jpg\" \/>\n<meta name=\"author\" content=\"Adam Dragan\" \/>\n<meta name=\"twitter:card\" content=\"summary_large_image\" \/>\n<meta name=\"twitter:label1\" content=\"Napisane przez\" \/>\n\t<meta name=\"twitter:data1\" content=\"Adam Dragan\" \/>\n\t<meta name=\"twitter:label2\" content=\"Szacowany czas czytania\" \/>\n\t<meta name=\"twitter:data2\" content=\"1 minuta\" \/>\n<script type=\"application\/ld+json\" class=\"yoast-schema-graph\">{\"@context\":\"https:\/\/schema.org\",\"@graph\":[{\"@type\":\"Organization\",\"@id\":\"https:\/\/2liceum.eu\/#organization\",\"name\":\"II Liceum Og\u00f3lnokszta\u0142c\u0105ce w Lubinie\",\"url\":\"https:\/\/2liceum.eu\/\",\"sameAs\":[\"http:\/\/2lolubin\",\"https:\/\/www.youtube.com\/channel\/UCWjEMxRJYdfvxPhVOn-8g_g\",\"https:\/\/web.facebook.com\/IILOLubin\/\"],\"logo\":{\"@type\":\"ImageObject\",\"inLanguage\":\"pl-PL\",\"@id\":\"https:\/\/2liceum.eu\/#\/schema\/logo\/image\/\",\"url\":\"https:\/\/2liceum.eu\/wp-content\/uploads\/2018\/01\/pobrane.jpg\",\"contentUrl\":\"https:\/\/2liceum.eu\/wp-content\/uploads\/2018\/01\/pobrane.jpg\",\"width\":184,\"height\":183,\"caption\":\"II Liceum Og\u00f3lnokszta\u0142c\u0105ce w Lubinie\"},\"image\":{\"@id\":\"https:\/\/2liceum.eu\/#\/schema\/logo\/image\/\"}},{\"@type\":\"WebSite\",\"@id\":\"https:\/\/2liceum.eu\/#website\",\"url\":\"https:\/\/2liceum.eu\/\",\"name\":\"II Liceum Og\u00f3lnokszta\u0142c\u0105ce w Lubinie\",\"description\":\"Oficjalny portal II LO w Lubinie. Informacje o szkole, kadrze, zaj\u0119ciach dydaktycznych, ko\u0142ach zainteresowa\u0144, wolontariacie. Aktualno\u015bci. Galeria zdj\u0119\u0107.\",\"publisher\":{\"@id\":\"https:\/\/2liceum.eu\/#organization\"},\"potentialAction\":[{\"@type\":\"SearchAction\",\"target\":{\"@type\":\"EntryPoint\",\"urlTemplate\":\"https:\/\/2liceum.eu\/?s={search_term_string}\"},\"query-input\":\"required name=search_term_string\"}],\"inLanguage\":\"pl-PL\"},{\"@type\":\"WebPage\",\"@id\":\"https:\/\/2liceum.eu\/index.php\/2018\/02\/06\/498\/\",\"url\":\"https:\/\/2liceum.eu\/index.php\/2018\/02\/06\/498\/\",\"name\":\"\\\"Komunikatywny Europejczyk\\\"! - II Liceum Og\u00f3lnokszta\u0142c\u0105ce w Lubinie\",\"isPartOf\":{\"@id\":\"https:\/\/2liceum.eu\/#website\"},\"datePublished\":\"2018-02-06T09:00:37+00:00\",\"dateModified\":\"2018-02-06T09:02:36+00:00\",\"breadcrumb\":{\"@id\":\"https:\/\/2liceum.eu\/index.php\/2018\/02\/06\/498\/#breadcrumb\"},\"inLanguage\":\"pl-PL\",\"potentialAction\":[{\"@type\":\"ReadAction\",\"target\":[\"https:\/\/2liceum.eu\/index.php\/2018\/02\/06\/498\/\"]}]},{\"@type\":\"BreadcrumbList\",\"@id\":\"https:\/\/2liceum.eu\/index.php\/2018\/02\/06\/498\/#breadcrumb\",\"itemListElement\":[{\"@type\":\"ListItem\",\"position\":1,\"name\":\"Strona g\u0142\u00f3wna\",\"item\":\"https:\/\/2liceum.eu\/\"},{\"@type\":\"ListItem\",\"position\":2,\"name\":\"&#8222;Komunikatywny Europejczyk&#8221;!\"}]},{\"@type\":\"Article\",\"@id\":\"https:\/\/2liceum.eu\/index.php\/2018\/02\/06\/498\/#article\",\"isPartOf\":{\"@id\":\"https:\/\/2liceum.eu\/index.php\/2018\/02\/06\/498\/\"},\"author\":{\"name\":\"Adam Dragan\",\"@id\":\"https:\/\/2liceum.eu\/#\/schema\/person\/1a52557bfdaf047be954a8b190648da5\"},\"headline\":\"&#8222;Komunikatywny Europejczyk&#8221;!\",\"datePublished\":\"2018-02-06T09:00:37+00:00\",\"dateModified\":\"2018-02-06T09:02:36+00:00\",\"mainEntityOfPage\":{\"@id\":\"https:\/\/2liceum.eu\/index.php\/2018\/02\/06\/498\/\"},\"wordCount\":244,\"commentCount\":0,\"publisher\":{\"@id\":\"https:\/\/2liceum.eu\/#organization\"},\"articleSection\":[\"Aktualno\u015bci\",\"Konkursy\"],\"inLanguage\":\"pl-PL\",\"potentialAction\":[{\"@type\":\"CommentAction\",\"name\":\"Comment\",\"target\":[\"https:\/\/2liceum.eu\/index.php\/2018\/02\/06\/498\/#respond\"]}]},{\"@type\":\"Person\",\"@id\":\"https:\/\/2liceum.eu\/#\/schema\/person\/1a52557bfdaf047be954a8b190648da5\",\"name\":\"Adam Dragan\",\"image\":{\"@type\":\"ImageObject\",\"inLanguage\":\"pl-PL\",\"@id\":\"https:\/\/2liceum.eu\/#\/schema\/person\/image\/\",\"url\":\"https:\/\/secure.gravatar.com\/avatar\/3a2bee53698f47ac117505a8a054d1e47e9ee9593c4c77dc18374aa80472d80c?s=96&d=mm&r=g\",\"contentUrl\":\"https:\/\/secure.gravatar.com\/avatar\/3a2bee53698f47ac117505a8a054d1e47e9ee9593c4c77dc18374aa80472d80c?s=96&d=mm&r=g\",\"caption\":\"Adam Dragan\"},\"sameAs\":[\"http:\/\/2liceum.eu\"]}]}<\/script>\n<!-- \/ Yoast SEO plugin. -->","yoast_head_json":{"title":"\"Komunikatywny Europejczyk\"! - II Liceum Og\u00f3lnokszta\u0142c\u0105ce w Lubinie","robots":{"index":"index","follow":"follow","max-snippet":"max-snippet:-1","max-image-preview":"max-image-preview:large","max-video-preview":"max-video-preview:-1"},"canonical":"https:\/\/2liceum.eu\/index.php\/2018\/02\/06\/498\/","og_locale":"pl_PL","og_type":"article","og_title":"\"Komunikatywny Europejczyk\"! - II Liceum Og\u00f3lnokszta\u0142c\u0105ce w Lubinie","og_description":"Mamy zaszczyt zaprosi\u0107 uczni\u00f3w szk\u00f3\u0142 ponadgimnazjalnych, gimnazjalnych oraz si\u00f3dmych klas szk\u00f3\u0142 podstawowych na dziesi\u0105t\u0105 edycj\u0119 konkursu j\u0119zykowego: \u201eKOMUNIKATYWNY&nbsp; EUROPEJCZYK\u201d, kt\u00f3ry odb\u0119dzie si\u0119 w czwartek 1 marca 2018 r. o godz. 10.00 w auli II Liceum Og\u00f3lnokszta\u0142c\u0105cego w Lubinie.","og_url":"https:\/\/2liceum.eu\/index.php\/2018\/02\/06\/498\/","og_site_name":"II Liceum Og\u00f3lnokszta\u0142c\u0105ce w Lubinie","article_publisher":"https:\/\/web.facebook.com\/IILOLubin\/","article_published_time":"2018-02-06T09:00:37+00:00","article_modified_time":"2018-02-06T09:02:36+00:00","og_image":[{"url":"http:\/\/2liceum.eu\/wp-content\/uploads\/2018\/02\/ke-1.jpg"}],"author":"Adam Dragan","twitter_card":"summary_large_image","twitter_misc":{"Napisane przez":"Adam Dragan","Szacowany czas czytania":"1 minuta"},"schema":{"@context":"https:\/\/schema.org","@graph":[{"@type":"Organization","@id":"https:\/\/2liceum.eu\/#organization","name":"II Liceum Og\u00f3lnokszta\u0142c\u0105ce w Lubinie","url":"https:\/\/2liceum.eu\/","sameAs":["http:\/\/2lolubin","https:\/\/www.youtube.com\/channel\/UCWjEMxRJYdfvxPhVOn-8g_g","https:\/\/web.facebook.com\/IILOLubin\/"],"logo":{"@type":"ImageObject","inLanguage":"pl-PL","@id":"https:\/\/2liceum.eu\/#\/schema\/logo\/image\/","url":"https:\/\/2liceum.eu\/wp-content\/uploads\/2018\/01\/pobrane.jpg","contentUrl":"https:\/\/2liceum.eu\/wp-content\/uploads\/2018\/01\/pobrane.jpg","width":184,"height":183,"caption":"II Liceum Og\u00f3lnokszta\u0142c\u0105ce w Lubinie"},"image":{"@id":"https:\/\/2liceum.eu\/#\/schema\/logo\/image\/"}},{"@type":"WebSite","@id":"https:\/\/2liceum.eu\/#website","url":"https:\/\/2liceum.eu\/","name":"II Liceum Og\u00f3lnokszta\u0142c\u0105ce w Lubinie","description":"Oficjalny portal II LO w Lubinie. Informacje o szkole, kadrze, zaj\u0119ciach dydaktycznych, ko\u0142ach zainteresowa\u0144, wolontariacie. Aktualno\u015bci. Galeria zdj\u0119\u0107.","publisher":{"@id":"https:\/\/2liceum.eu\/#organization"},"potentialAction":[{"@type":"SearchAction","target":{"@type":"EntryPoint","urlTemplate":"https:\/\/2liceum.eu\/?s={search_term_string}"},"query-input":"required name=search_term_string"}],"inLanguage":"pl-PL"},{"@type":"WebPage","@id":"https:\/\/2liceum.eu\/index.php\/2018\/02\/06\/498\/","url":"https:\/\/2liceum.eu\/index.php\/2018\/02\/06\/498\/","name":"\"Komunikatywny Europejczyk\"! - II Liceum Og\u00f3lnokszta\u0142c\u0105ce w Lubinie","isPartOf":{"@id":"https:\/\/2liceum.eu\/#website"},"datePublished":"2018-02-06T09:00:37+00:00","dateModified":"2018-02-06T09:02:36+00:00","breadcrumb":{"@id":"https:\/\/2liceum.eu\/index.php\/2018\/02\/06\/498\/#breadcrumb"},"inLanguage":"pl-PL","potentialAction":[{"@type":"ReadAction","target":["https:\/\/2liceum.eu\/index.php\/2018\/02\/06\/498\/"]}]},{"@type":"BreadcrumbList","@id":"https:\/\/2liceum.eu\/index.php\/2018\/02\/06\/498\/#breadcrumb","itemListElement":[{"@type":"ListItem","position":1,"name":"Strona g\u0142\u00f3wna","item":"https:\/\/2liceum.eu\/"},{"@type":"ListItem","position":2,"name":"&#8222;Komunikatywny Europejczyk&#8221;!"}]},{"@type":"Article","@id":"https:\/\/2liceum.eu\/index.php\/2018\/02\/06\/498\/#article","isPartOf":{"@id":"https:\/\/2liceum.eu\/index.php\/2018\/02\/06\/498\/"},"author":{"name":"Adam Dragan","@id":"https:\/\/2liceum.eu\/#\/schema\/person\/1a52557bfdaf047be954a8b190648da5"},"headline":"&#8222;Komunikatywny Europejczyk&#8221;!","datePublished":"2018-02-06T09:00:37+00:00","dateModified":"2018-02-06T09:02:36+00:00","mainEntityOfPage":{"@id":"https:\/\/2liceum.eu\/index.php\/2018\/02\/06\/498\/"},"wordCount":244,"commentCount":0,"publisher":{"@id":"https:\/\/2liceum.eu\/#organization"},"articleSection":["Aktualno\u015bci","Konkursy"],"inLanguage":"pl-PL","potentialAction":[{"@type":"CommentAction","name":"Comment","target":["https:\/\/2liceum.eu\/index.php\/2018\/02\/06\/498\/#respond"]}]},{"@type":"Person","@id":"https:\/\/2liceum.eu\/#\/schema\/person\/1a52557bfdaf047be954a8b190648da5","name":"Adam Dragan","image":{"@type":"ImageObject","inLanguage":"pl-PL","@id":"https:\/\/2liceum.eu\/#\/schema\/person\/image\/","url":"https:\/\/secure.gravatar.com\/avatar\/3a2bee53698f47ac117505a8a054d1e47e9ee9593c4c77dc18374aa80472d80c?s=96&d=mm&r=g","contentUrl":"https:\/\/secure.gravatar.com\/avatar\/3a2bee53698f47ac117505a8a054d1e47e9ee9593c4c77dc18374aa80472d80c?s=96&d=mm&r=g","caption":"Adam Dragan"},"sameAs":["http:\/\/2liceum.eu"]}]}},"_links":{"self":[{"href":"https:\/\/2liceum.eu\/index.php\/wp-json\/wp\/v2\/posts\/498","targetHints":{"allow":["GET"]}}],"collection":[{"href":"https:\/\/2liceum.eu\/index.php\/wp-json\/wp\/v2\/posts"}],"about":[{"href":"https:\/\/2liceum.eu\/index.php\/wp-json\/wp\/v2\/types\/post"}],"author":[{"embeddable":true,"href":"https:\/\/2liceum.eu\/index.php\/wp-json\/wp\/v2\/users\/2"}],"replies":[{"embeddable":true,"href":"https:\/\/2liceum.eu\/index.php\/wp-json\/wp\/v2\/comments?post=498"}],"version-history":[{"count":4,"href":"https:\/\/2liceum.eu\/index.php\/wp-json\/wp\/v2\/posts\/498\/revisions"}],"predecessor-version":[{"id":504,"href":"https:\/\/2liceum.eu\/index.php\/wp-json\/wp\/v2\/posts\/498\/revisions\/504"}],"wp:attachment":[{"href":"https:\/\/2liceum.eu\/index.php\/wp-json\/wp\/v2\/media?parent=498"}],"wp:term":[{"taxonomy":"category","embeddable":true,"href":"https:\/\/2liceum.eu\/index.php\/wp-json\/wp\/v2\/categories?post=498"},{"taxonomy":"post_tag","embeddable":true,"href":"https:\/\/2liceum.eu\/index.php\/wp-json\/wp\/v2\/tags?post=498"}],"curies":[{"name":"wp","href":"https:\/\/api.w.org\/{rel}","templated":true}]}}