{"id":6329,"date":"2021-10-12T12:10:16","date_gmt":"2021-10-12T10:10:16","guid":{"rendered":"https:\/\/2liceum.eu\/?p=6329"},"modified":"2021-10-12T12:10:37","modified_gmt":"2021-10-12T10:10:37","slug":"mistrzostwach-powiatu-w-sztafetowych-biegach-przelajowych-ii-miejsce-dla-ii-lo","status":"publish","type":"post","link":"https:\/\/2liceum.eu\/index.php\/2021\/10\/12\/mistrzostwach-powiatu-w-sztafetowych-biegach-przelajowych-ii-miejsce-dla-ii-lo\/","title":{"rendered":"Mistrzostwach Powiatu w sztafetowych biegach prze\u0142ajowych! II miejsce dla II LO!"},"content":{"rendered":"\n<div dir=\"auto\" style=\"text-align: center;\">&nbsp;<\/div>\n<div dir=\"auto\" style=\"text-align: center;\"><img loading=\"lazy\" decoding=\"async\" class=\"alignnone size-full\" src=\"https:\/\/scontent-waw1-1.xx.fbcdn.net\/v\/t1.6435-9\/245192236_4554524724604085_2078148098716647682_n.jpg?_nc_cat=100&amp;ccb=1-5&amp;_nc_sid=730e14&amp;_nc_ohc=T_rOz0FW1HgAX8qZsWF&amp;tn=1wLGW0RoQHOBGdgZ&amp;_nc_ht=scontent-waw1-1.xx&amp;oh=eead4cce7ecb682c1d21d4f3c7f72e70&amp;oe=618CB583\" width=\"744\" height=\"420\"><\/div>\n<div class=\"kvgmc6g5 cxmmr5t8 oygrvhab hcukyx3x c1et5uql ii04i59q\">\n<div dir=\"auto\">&nbsp;<\/div>\n<div dir=\"auto\" style=\"text-align: justify;\">W pi\u0119kne czwartkowe przedpo\u0142udnie <strong>7 pa\u017adziernika, nasza szko\u0142a wystartowa\u0142a w <span style=\"color: #008000;\">Mistrzostwach Powiatu w sztafetowych biegach prze\u0142ajowych.<\/span><\/strong><\/div>\n<div dir=\"auto\">&nbsp;<\/div>\n<\/div>\n<div class=\"o9v6fnle cxmmr5t8 oygrvhab hcukyx3x c1et5uql ii04i59q\">\n<div dir=\"auto\" style=\"text-align: justify;\">Dru\u017cyny stanowi\u0142o <strong>6 dziewcz\u0105t i 6 ch\u0142opc\u00f3w<\/strong>. Wystartowali oni z wielkim po\u015bwi\u0119ceniem i ogromn\u0105 wol\u0105 walki. Niekt\u00f3rzy po dobiegni\u0119ciu do mety padali ze zm\u0119czenia!<\/div>\n<div dir=\"auto\">&nbsp;<\/div>\n<\/div>\n<div class=\"o9v6fnle cxmmr5t8 oygrvhab hcukyx3x c1et5uql ii04i59q\">\n<div dir=\"auto\" style=\"text-align: justify;\">Wysi\u0142ek si\u0119 op\u0142aci\u0142 <span class=\"pq6dq46d tbxw36s4 knj5qynh kvgmc6g5 ditlmg2l oygrvhab nvdbi5me sf5mxxl7 gl3lb2sf hhz5lgdu\"><img loading=\"lazy\" decoding=\"async\" src=\"https:\/\/static.xx.fbcdn.net\/images\/emoji.php\/v9\/ta5\/1.5\/16\/1f642.png\" alt=\"\ud83d\ude42\" width=\"16\" height=\"16\"><\/span> Szko\u0142a zaj\u0119\u0142a dwa razy drugie miejsce, a na szyjach naszych sportowc\u00f3w zawis\u0142y srebrne medale.<\/div>\n<\/div>\n<div class=\"o9v6fnle cxmmr5t8 oygrvhab hcukyx3x c1et5uql ii04i59q\">\n<div dir=\"auto\">&nbsp;<\/div>\n<div dir=\"auto\">Bardzo dzi\u0119kujemy i gratulujemy !!!<\/div>\n<div dir=\"auto\">&nbsp;<\/div>\n<\/div>\n<div class=\"o9v6fnle cxmmr5t8 oygrvhab hcukyx3x c1et5uql ii04i59q\">\n<div dir=\"auto\"><strong>Oto sk\u0142ady sztafet:<\/strong><\/div>\n<ul>\n<li dir=\"auto\">Paulina Pleci\u0144ska 3c<\/li>\n<li dir=\"auto\">Wiktoria Knull 3f<\/li>\n<li dir=\"auto\">Maja Kurowska 3e<\/li>\n<li dir=\"auto\">Natalia Go\u0142dyn 3a<\/li>\n<li dir=\"auto\">Magda Ry\u015b 2f<\/li>\n<li dir=\"auto\">Ola P\u0105zik 1f<\/li>\n<\/ul>\n<div dir=\"auto\">&nbsp;<\/div>\n<\/div>\n<div class=\"o9v6fnle cxmmr5t8 oygrvhab hcukyx3x c1et5uql ii04i59q\">\n<ul>\n<li dir=\"auto\">Maciej Posto\u0142 3f<\/li>\n<li dir=\"auto\">Oskar Cierlik 2a<\/li>\n<li dir=\"auto\">Hubert B\u0119bas 2a<\/li>\n<li dir=\"auto\">Borys Brzyski 1a<\/li>\n<li dir=\"auto\">Oliwier \u0141ab\u0119cki 1c<\/li>\n<li dir=\"auto\">Piotr Ziemkiewicz 1c<br><br><\/li>\n<\/ul>\n<\/div>\n\n\n\n<div class=\"wp-block-image\"><figure class=\"aligncenter size-full\"><a href=\"https:\/\/2liceum.eu\/index.php\/rok-szkolny-2021-2022\/nggallery\/rok-szkolny-2021-2022\/sztafetowe-biegi-przelajowe\"><img loading=\"lazy\" decoding=\"async\" width=\"119\" height=\"26\" src=\"https:\/\/2liceum.eu\/wp-content\/uploads\/2019\/12\/galeria.jpg\" alt=\"\" class=\"wp-image-4616\"\/><\/a><\/figure><\/div>\n","protected":false},"excerpt":{"rendered":"<p>&nbsp; &nbsp; W pi\u0119kne czwartkowe przedpo\u0142udnie 7 pa\u017adziernika, nasza szko\u0142a wystartowa\u0142a w Mistrzostwach Powiatu w sztafetowych biegach prze\u0142ajowych. &nbsp; Dru\u017cyny stanowi\u0142o 6 dziewcz\u0105t i 6 ch\u0142opc\u00f3w. Wystartowali oni z wielkim po\u015bwi\u0119ceniem i ogromn\u0105 wol\u0105 walki. Niekt\u00f3rzy po dobiegni\u0119ciu do mety padali ze zm\u0119czenia! &nbsp; Wysi\u0142ek si\u0119 op\u0142aci\u0142 Szko\u0142a zaj\u0119\u0142a dwa razy drugie miejsce, a na [&hellip;]<\/p>\n","protected":false},"author":2,"featured_media":0,"comment_status":"open","ping_status":"open","sticky":false,"template":"","format":"standard","meta":{"ngg_post_thumbnail":0,"footnotes":""},"categories":[1,34],"tags":[],"class_list":["post-6329","post","type-post","status-publish","format-standard","hentry","category-aktualnosci","category-osiagniecia-sportowe-2021-2022"],"yoast_head":"<!-- This site is optimized with the Yoast SEO plugin v19.4 - https:\/\/yoast.com\/wordpress\/plugins\/seo\/ -->\n<title>Mistrzostwach Powiatu w sztafetowych biegach prze\u0142ajowych! II miejsce dla II LO! - II Liceum Og\u00f3lnokszta\u0142c\u0105ce w Lubinie<\/title>\n<meta name=\"robots\" content=\"index, follow, max-snippet:-1, max-image-preview:large, max-video-preview:-1\" \/>\n<link rel=\"canonical\" href=\"https:\/\/2liceum.eu\/index.php\/2021\/10\/12\/mistrzostwach-powiatu-w-sztafetowych-biegach-przelajowych-ii-miejsce-dla-ii-lo\/\" \/>\n<meta property=\"og:locale\" content=\"pl_PL\" \/>\n<meta property=\"og:type\" content=\"article\" \/>\n<meta property=\"og:title\" content=\"Mistrzostwach Powiatu w sztafetowych biegach prze\u0142ajowych! II miejsce dla II LO! - II Liceum Og\u00f3lnokszta\u0142c\u0105ce w Lubinie\" \/>\n<meta property=\"og:description\" content=\"&nbsp; &nbsp; W pi\u0119kne czwartkowe przedpo\u0142udnie 7 pa\u017adziernika, nasza szko\u0142a wystartowa\u0142a w Mistrzostwach Powiatu w sztafetowych biegach prze\u0142ajowych. &nbsp; Dru\u017cyny stanowi\u0142o 6 dziewcz\u0105t i 6 ch\u0142opc\u00f3w. Wystartowali oni z wielkim po\u015bwi\u0119ceniem i ogromn\u0105 wol\u0105 walki. Niekt\u00f3rzy po dobiegni\u0119ciu do mety padali ze zm\u0119czenia! &nbsp; Wysi\u0142ek si\u0119 op\u0142aci\u0142 Szko\u0142a zaj\u0119\u0142a dwa razy drugie miejsce, a na [&hellip;]\" \/>\n<meta property=\"og:url\" content=\"https:\/\/2liceum.eu\/index.php\/2021\/10\/12\/mistrzostwach-powiatu-w-sztafetowych-biegach-przelajowych-ii-miejsce-dla-ii-lo\/\" \/>\n<meta property=\"og:site_name\" content=\"II Liceum Og\u00f3lnokszta\u0142c\u0105ce w Lubinie\" \/>\n<meta property=\"article:publisher\" content=\"https:\/\/web.facebook.com\/IILOLubin\/\" \/>\n<meta property=\"article:published_time\" content=\"2021-10-12T10:10:16+00:00\" \/>\n<meta property=\"article:modified_time\" content=\"2021-10-12T10:10:37+00:00\" \/>\n<meta property=\"og:image\" content=\"https:\/\/scontent-waw1-1.xx.fbcdn.net\/v\/t1.6435-9\/245192236_4554524724604085_2078148098716647682_n.jpg?_nc_cat=100&amp;ccb=1-5&amp;_nc_sid=730e14&amp;_nc_ohc=T_rOz0FW1HgAX8qZsWF&amp;tn=1wLGW0RoQHOBGdgZ&amp;_nc_ht=scontent-waw1-1.xx&amp;oh=eead4cce7ecb682c1d21d4f3c7f72e70&amp;oe=618CB583\" \/>\n<meta name=\"author\" content=\"Adam Dragan\" \/>\n<meta name=\"twitter:card\" content=\"summary_large_image\" \/>\n<meta name=\"twitter:label1\" content=\"Napisane przez\" \/>\n\t<meta name=\"twitter:data1\" content=\"Adam Dragan\" \/>\n\t<meta name=\"twitter:label2\" content=\"Szacowany czas czytania\" \/>\n\t<meta name=\"twitter:data2\" content=\"2 minuty\" \/>\n<script type=\"application\/ld+json\" class=\"yoast-schema-graph\">{\"@context\":\"https:\/\/schema.org\",\"@graph\":[{\"@type\":\"Organization\",\"@id\":\"https:\/\/2liceum.eu\/#organization\",\"name\":\"II Liceum Og\u00f3lnokszta\u0142c\u0105ce w Lubinie\",\"url\":\"https:\/\/2liceum.eu\/\",\"sameAs\":[\"http:\/\/2lolubin\",\"https:\/\/www.youtube.com\/channel\/UCWjEMxRJYdfvxPhVOn-8g_g\",\"https:\/\/web.facebook.com\/IILOLubin\/\"],\"logo\":{\"@type\":\"ImageObject\",\"inLanguage\":\"pl-PL\",\"@id\":\"https:\/\/2liceum.eu\/#\/schema\/logo\/image\/\",\"url\":\"https:\/\/2liceum.eu\/wp-content\/uploads\/2018\/01\/pobrane.jpg\",\"contentUrl\":\"https:\/\/2liceum.eu\/wp-content\/uploads\/2018\/01\/pobrane.jpg\",\"width\":184,\"height\":183,\"caption\":\"II Liceum Og\u00f3lnokszta\u0142c\u0105ce w Lubinie\"},\"image\":{\"@id\":\"https:\/\/2liceum.eu\/#\/schema\/logo\/image\/\"}},{\"@type\":\"WebSite\",\"@id\":\"https:\/\/2liceum.eu\/#website\",\"url\":\"https:\/\/2liceum.eu\/\",\"name\":\"II Liceum Og\u00f3lnokszta\u0142c\u0105ce w Lubinie\",\"description\":\"Oficjalny portal II LO w Lubinie. Informacje o szkole, kadrze, zaj\u0119ciach dydaktycznych, ko\u0142ach zainteresowa\u0144, wolontariacie. Aktualno\u015bci. Galeria zdj\u0119\u0107.\",\"publisher\":{\"@id\":\"https:\/\/2liceum.eu\/#organization\"},\"potentialAction\":[{\"@type\":\"SearchAction\",\"target\":{\"@type\":\"EntryPoint\",\"urlTemplate\":\"https:\/\/2liceum.eu\/?s={search_term_string}\"},\"query-input\":\"required name=search_term_string\"}],\"inLanguage\":\"pl-PL\"},{\"@type\":\"WebPage\",\"@id\":\"https:\/\/2liceum.eu\/index.php\/2021\/10\/12\/mistrzostwach-powiatu-w-sztafetowych-biegach-przelajowych-ii-miejsce-dla-ii-lo\/\",\"url\":\"https:\/\/2liceum.eu\/index.php\/2021\/10\/12\/mistrzostwach-powiatu-w-sztafetowych-biegach-przelajowych-ii-miejsce-dla-ii-lo\/\",\"name\":\"Mistrzostwach Powiatu w sztafetowych biegach prze\u0142ajowych! II miejsce dla II LO! - II Liceum Og\u00f3lnokszta\u0142c\u0105ce w Lubinie\",\"isPartOf\":{\"@id\":\"https:\/\/2liceum.eu\/#website\"},\"datePublished\":\"2021-10-12T10:10:16+00:00\",\"dateModified\":\"2021-10-12T10:10:37+00:00\",\"breadcrumb\":{\"@id\":\"https:\/\/2liceum.eu\/index.php\/2021\/10\/12\/mistrzostwach-powiatu-w-sztafetowych-biegach-przelajowych-ii-miejsce-dla-ii-lo\/#breadcrumb\"},\"inLanguage\":\"pl-PL\",\"potentialAction\":[{\"@type\":\"ReadAction\",\"target\":[\"https:\/\/2liceum.eu\/index.php\/2021\/10\/12\/mistrzostwach-powiatu-w-sztafetowych-biegach-przelajowych-ii-miejsce-dla-ii-lo\/\"]}]},{\"@type\":\"BreadcrumbList\",\"@id\":\"https:\/\/2liceum.eu\/index.php\/2021\/10\/12\/mistrzostwach-powiatu-w-sztafetowych-biegach-przelajowych-ii-miejsce-dla-ii-lo\/#breadcrumb\",\"itemListElement\":[{\"@type\":\"ListItem\",\"position\":1,\"name\":\"Strona g\u0142\u00f3wna\",\"item\":\"https:\/\/2liceum.eu\/\"},{\"@type\":\"ListItem\",\"position\":2,\"name\":\"Mistrzostwach Powiatu w&nbsp;sztafetowych biegach prze\u0142ajowych! II&nbsp;miejsce dla II&nbsp;LO!\"}]},{\"@type\":\"Article\",\"@id\":\"https:\/\/2liceum.eu\/index.php\/2021\/10\/12\/mistrzostwach-powiatu-w-sztafetowych-biegach-przelajowych-ii-miejsce-dla-ii-lo\/#article\",\"isPartOf\":{\"@id\":\"https:\/\/2liceum.eu\/index.php\/2021\/10\/12\/mistrzostwach-powiatu-w-sztafetowych-biegach-przelajowych-ii-miejsce-dla-ii-lo\/\"},\"author\":{\"name\":\"Adam Dragan\",\"@id\":\"https:\/\/2liceum.eu\/#\/schema\/person\/1a52557bfdaf047be954a8b190648da5\"},\"headline\":\"Mistrzostwach Powiatu w sztafetowych biegach prze\u0142ajowych! II miejsce dla II LO!\",\"datePublished\":\"2021-10-12T10:10:16+00:00\",\"dateModified\":\"2021-10-12T10:10:37+00:00\",\"mainEntityOfPage\":{\"@id\":\"https:\/\/2liceum.eu\/index.php\/2021\/10\/12\/mistrzostwach-powiatu-w-sztafetowych-biegach-przelajowych-ii-miejsce-dla-ii-lo\/\"},\"wordCount\":145,\"commentCount\":0,\"publisher\":{\"@id\":\"https:\/\/2liceum.eu\/#organization\"},\"articleSection\":[\"Aktualno\u015bci\",\"Osi\u0105gni\u0119cia sportowe 2021\/2022!\"],\"inLanguage\":\"pl-PL\",\"potentialAction\":[{\"@type\":\"CommentAction\",\"name\":\"Comment\",\"target\":[\"https:\/\/2liceum.eu\/index.php\/2021\/10\/12\/mistrzostwach-powiatu-w-sztafetowych-biegach-przelajowych-ii-miejsce-dla-ii-lo\/#respond\"]}]},{\"@type\":\"Person\",\"@id\":\"https:\/\/2liceum.eu\/#\/schema\/person\/1a52557bfdaf047be954a8b190648da5\",\"name\":\"Adam Dragan\",\"image\":{\"@type\":\"ImageObject\",\"inLanguage\":\"pl-PL\",\"@id\":\"https:\/\/2liceum.eu\/#\/schema\/person\/image\/\",\"url\":\"https:\/\/secure.gravatar.com\/avatar\/3a2bee53698f47ac117505a8a054d1e47e9ee9593c4c77dc18374aa80472d80c?s=96&d=mm&r=g\",\"contentUrl\":\"https:\/\/secure.gravatar.com\/avatar\/3a2bee53698f47ac117505a8a054d1e47e9ee9593c4c77dc18374aa80472d80c?s=96&d=mm&r=g\",\"caption\":\"Adam Dragan\"},\"sameAs\":[\"http:\/\/2liceum.eu\"]}]}<\/script>\n<!-- \/ Yoast SEO plugin. -->","yoast_head_json":{"title":"Mistrzostwach Powiatu w sztafetowych biegach prze\u0142ajowych! II miejsce dla II LO! - II Liceum Og\u00f3lnokszta\u0142c\u0105ce w Lubinie","robots":{"index":"index","follow":"follow","max-snippet":"max-snippet:-1","max-image-preview":"max-image-preview:large","max-video-preview":"max-video-preview:-1"},"canonical":"https:\/\/2liceum.eu\/index.php\/2021\/10\/12\/mistrzostwach-powiatu-w-sztafetowych-biegach-przelajowych-ii-miejsce-dla-ii-lo\/","og_locale":"pl_PL","og_type":"article","og_title":"Mistrzostwach Powiatu w sztafetowych biegach prze\u0142ajowych! II miejsce dla II LO! - II Liceum Og\u00f3lnokszta\u0142c\u0105ce w Lubinie","og_description":"&nbsp; &nbsp; W pi\u0119kne czwartkowe przedpo\u0142udnie 7 pa\u017adziernika, nasza szko\u0142a wystartowa\u0142a w Mistrzostwach Powiatu w sztafetowych biegach prze\u0142ajowych. &nbsp; Dru\u017cyny stanowi\u0142o 6 dziewcz\u0105t i 6 ch\u0142opc\u00f3w. Wystartowali oni z wielkim po\u015bwi\u0119ceniem i ogromn\u0105 wol\u0105 walki. Niekt\u00f3rzy po dobiegni\u0119ciu do mety padali ze zm\u0119czenia! &nbsp; Wysi\u0142ek si\u0119 op\u0142aci\u0142 Szko\u0142a zaj\u0119\u0142a dwa razy drugie miejsce, a na [&hellip;]","og_url":"https:\/\/2liceum.eu\/index.php\/2021\/10\/12\/mistrzostwach-powiatu-w-sztafetowych-biegach-przelajowych-ii-miejsce-dla-ii-lo\/","og_site_name":"II Liceum Og\u00f3lnokszta\u0142c\u0105ce w Lubinie","article_publisher":"https:\/\/web.facebook.com\/IILOLubin\/","article_published_time":"2021-10-12T10:10:16+00:00","article_modified_time":"2021-10-12T10:10:37+00:00","og_image":[{"url":"https:\/\/scontent-waw1-1.xx.fbcdn.net\/v\/t1.6435-9\/245192236_4554524724604085_2078148098716647682_n.jpg?_nc_cat=100&amp;ccb=1-5&amp;_nc_sid=730e14&amp;_nc_ohc=T_rOz0FW1HgAX8qZsWF&amp;tn=1wLGW0RoQHOBGdgZ&amp;_nc_ht=scontent-waw1-1.xx&amp;oh=eead4cce7ecb682c1d21d4f3c7f72e70&amp;oe=618CB583"}],"author":"Adam Dragan","twitter_card":"summary_large_image","twitter_misc":{"Napisane przez":"Adam Dragan","Szacowany czas czytania":"2 minuty"},"schema":{"@context":"https:\/\/schema.org","@graph":[{"@type":"Organization","@id":"https:\/\/2liceum.eu\/#organization","name":"II Liceum Og\u00f3lnokszta\u0142c\u0105ce w Lubinie","url":"https:\/\/2liceum.eu\/","sameAs":["http:\/\/2lolubin","https:\/\/www.youtube.com\/channel\/UCWjEMxRJYdfvxPhVOn-8g_g","https:\/\/web.facebook.com\/IILOLubin\/"],"logo":{"@type":"ImageObject","inLanguage":"pl-PL","@id":"https:\/\/2liceum.eu\/#\/schema\/logo\/image\/","url":"https:\/\/2liceum.eu\/wp-content\/uploads\/2018\/01\/pobrane.jpg","contentUrl":"https:\/\/2liceum.eu\/wp-content\/uploads\/2018\/01\/pobrane.jpg","width":184,"height":183,"caption":"II Liceum Og\u00f3lnokszta\u0142c\u0105ce w Lubinie"},"image":{"@id":"https:\/\/2liceum.eu\/#\/schema\/logo\/image\/"}},{"@type":"WebSite","@id":"https:\/\/2liceum.eu\/#website","url":"https:\/\/2liceum.eu\/","name":"II Liceum Og\u00f3lnokszta\u0142c\u0105ce w Lubinie","description":"Oficjalny portal II LO w Lubinie. Informacje o szkole, kadrze, zaj\u0119ciach dydaktycznych, ko\u0142ach zainteresowa\u0144, wolontariacie. Aktualno\u015bci. Galeria zdj\u0119\u0107.","publisher":{"@id":"https:\/\/2liceum.eu\/#organization"},"potentialAction":[{"@type":"SearchAction","target":{"@type":"EntryPoint","urlTemplate":"https:\/\/2liceum.eu\/?s={search_term_string}"},"query-input":"required name=search_term_string"}],"inLanguage":"pl-PL"},{"@type":"WebPage","@id":"https:\/\/2liceum.eu\/index.php\/2021\/10\/12\/mistrzostwach-powiatu-w-sztafetowych-biegach-przelajowych-ii-miejsce-dla-ii-lo\/","url":"https:\/\/2liceum.eu\/index.php\/2021\/10\/12\/mistrzostwach-powiatu-w-sztafetowych-biegach-przelajowych-ii-miejsce-dla-ii-lo\/","name":"Mistrzostwach Powiatu w sztafetowych biegach prze\u0142ajowych! II miejsce dla II LO! - II Liceum Og\u00f3lnokszta\u0142c\u0105ce w Lubinie","isPartOf":{"@id":"https:\/\/2liceum.eu\/#website"},"datePublished":"2021-10-12T10:10:16+00:00","dateModified":"2021-10-12T10:10:37+00:00","breadcrumb":{"@id":"https:\/\/2liceum.eu\/index.php\/2021\/10\/12\/mistrzostwach-powiatu-w-sztafetowych-biegach-przelajowych-ii-miejsce-dla-ii-lo\/#breadcrumb"},"inLanguage":"pl-PL","potentialAction":[{"@type":"ReadAction","target":["https:\/\/2liceum.eu\/index.php\/2021\/10\/12\/mistrzostwach-powiatu-w-sztafetowych-biegach-przelajowych-ii-miejsce-dla-ii-lo\/"]}]},{"@type":"BreadcrumbList","@id":"https:\/\/2liceum.eu\/index.php\/2021\/10\/12\/mistrzostwach-powiatu-w-sztafetowych-biegach-przelajowych-ii-miejsce-dla-ii-lo\/#breadcrumb","itemListElement":[{"@type":"ListItem","position":1,"name":"Strona g\u0142\u00f3wna","item":"https:\/\/2liceum.eu\/"},{"@type":"ListItem","position":2,"name":"Mistrzostwach Powiatu w&nbsp;sztafetowych biegach prze\u0142ajowych! II&nbsp;miejsce dla II&nbsp;LO!"}]},{"@type":"Article","@id":"https:\/\/2liceum.eu\/index.php\/2021\/10\/12\/mistrzostwach-powiatu-w-sztafetowych-biegach-przelajowych-ii-miejsce-dla-ii-lo\/#article","isPartOf":{"@id":"https:\/\/2liceum.eu\/index.php\/2021\/10\/12\/mistrzostwach-powiatu-w-sztafetowych-biegach-przelajowych-ii-miejsce-dla-ii-lo\/"},"author":{"name":"Adam Dragan","@id":"https:\/\/2liceum.eu\/#\/schema\/person\/1a52557bfdaf047be954a8b190648da5"},"headline":"Mistrzostwach Powiatu w sztafetowych biegach prze\u0142ajowych! II miejsce dla II LO!","datePublished":"2021-10-12T10:10:16+00:00","dateModified":"2021-10-12T10:10:37+00:00","mainEntityOfPage":{"@id":"https:\/\/2liceum.eu\/index.php\/2021\/10\/12\/mistrzostwach-powiatu-w-sztafetowych-biegach-przelajowych-ii-miejsce-dla-ii-lo\/"},"wordCount":145,"commentCount":0,"publisher":{"@id":"https:\/\/2liceum.eu\/#organization"},"articleSection":["Aktualno\u015bci","Osi\u0105gni\u0119cia sportowe 2021\/2022!"],"inLanguage":"pl-PL","potentialAction":[{"@type":"CommentAction","name":"Comment","target":["https:\/\/2liceum.eu\/index.php\/2021\/10\/12\/mistrzostwach-powiatu-w-sztafetowych-biegach-przelajowych-ii-miejsce-dla-ii-lo\/#respond"]}]},{"@type":"Person","@id":"https:\/\/2liceum.eu\/#\/schema\/person\/1a52557bfdaf047be954a8b190648da5","name":"Adam Dragan","image":{"@type":"ImageObject","inLanguage":"pl-PL","@id":"https:\/\/2liceum.eu\/#\/schema\/person\/image\/","url":"https:\/\/secure.gravatar.com\/avatar\/3a2bee53698f47ac117505a8a054d1e47e9ee9593c4c77dc18374aa80472d80c?s=96&d=mm&r=g","contentUrl":"https:\/\/secure.gravatar.com\/avatar\/3a2bee53698f47ac117505a8a054d1e47e9ee9593c4c77dc18374aa80472d80c?s=96&d=mm&r=g","caption":"Adam Dragan"},"sameAs":["http:\/\/2liceum.eu"]}]}},"_links":{"self":[{"href":"https:\/\/2liceum.eu\/index.php\/wp-json\/wp\/v2\/posts\/6329","targetHints":{"allow":["GET"]}}],"collection":[{"href":"https:\/\/2liceum.eu\/index.php\/wp-json\/wp\/v2\/posts"}],"about":[{"href":"https:\/\/2liceum.eu\/index.php\/wp-json\/wp\/v2\/types\/post"}],"author":[{"embeddable":true,"href":"https:\/\/2liceum.eu\/index.php\/wp-json\/wp\/v2\/users\/2"}],"replies":[{"embeddable":true,"href":"https:\/\/2liceum.eu\/index.php\/wp-json\/wp\/v2\/comments?post=6329"}],"version-history":[{"count":1,"href":"https:\/\/2liceum.eu\/index.php\/wp-json\/wp\/v2\/posts\/6329\/revisions"}],"predecessor-version":[{"id":6335,"href":"https:\/\/2liceum.eu\/index.php\/wp-json\/wp\/v2\/posts\/6329\/revisions\/6335"}],"wp:attachment":[{"href":"https:\/\/2liceum.eu\/index.php\/wp-json\/wp\/v2\/media?parent=6329"}],"wp:term":[{"taxonomy":"category","embeddable":true,"href":"https:\/\/2liceum.eu\/index.php\/wp-json\/wp\/v2\/categories?post=6329"},{"taxonomy":"post_tag","embeddable":true,"href":"https:\/\/2liceum.eu\/index.php\/wp-json\/wp\/v2\/tags?post=6329"}],"curies":[{"name":"wp","href":"https:\/\/api.w.org\/{rel}","templated":true}]}}