{"id":6336,"date":"2021-10-12T13:31:54","date_gmt":"2021-10-12T11:31:54","guid":{"rendered":"https:\/\/2liceum.eu\/?p=6336"},"modified":"2021-10-12T13:31:55","modified_gmt":"2021-10-12T11:31:55","slug":"kiermasz-charytatywny-w-ii-lo","status":"publish","type":"post","link":"https:\/\/2liceum.eu\/index.php\/2021\/10\/12\/kiermasz-charytatywny-w-ii-lo\/","title":{"rendered":"Kiermasz charytatywny w II LO!"},"content":{"rendered":"\n<div style=\"text-align: center;\">&nbsp;<\/div>\n<div style=\"text-align: center;\"><img loading=\"lazy\" decoding=\"async\" class=\"alignnone  wp-image-6337\" src=\"https:\/\/2liceum.eu\/wp-content\/uploads\/2021\/10\/Wolontariat-infografiki.png\" alt=\"\" width=\"581\" height=\"488\" srcset=\"https:\/\/2liceum.eu\/wp-content\/uploads\/2021\/10\/Wolontariat-infografiki.png 940w, https:\/\/2liceum.eu\/wp-content\/uploads\/2021\/10\/Wolontariat-infografiki-300x251.png 300w, https:\/\/2liceum.eu\/wp-content\/uploads\/2021\/10\/Wolontariat-infografiki-768x644.png 768w\" sizes=\"auto, (max-width: 581px) 100vw, 581px\" \/><\/div>\n<div>&nbsp;<\/div>\n<div>&nbsp;<\/div>\n<div class=\"gwp9f455b8b_gmail_default\" style=\"text-align: justify;\">W czwartek <strong>7 pa\u017adziernika zosta\u0142 w naszej szkole zorganizowany kiermasz charytatywny na rzecz <span style=\"color: #008000;\">Kuby Skoczylasa<\/span>,<\/strong> sze\u015bciolatka, u kt\u00f3rego 2 lata temu zdiagnozowano Ceroidolipofuscynoz\u0119 typu 2.<\/div>\n<div class=\"gwp9f455b8b_gmail_default\" style=\"text-align: justify;\"><br>W ramach akcji pomocowej na przerwach w czwartek, 7 pa\u017adziernika, mia\u0142 miejsce <strong>kiermasz ciast po\u0142\u0105czony z kwest\u0105 na rzecz Kuby<\/strong>. Uda\u0142o si\u0119 pozyska\u0107 <strong>blisko 700 z\u0142<\/strong>, kt\u00f3re zosta\u0142y przekazane Mamie Kuby. Serdeczne podzi\u0119kowania, dla wszystkich, kt\u00f3rzy ofiarowali przepyszne ciasta oraz wsparli t\u0119 spraw\u0119 finansowo.<\/div>\n<div class=\"gwp9f455b8b_gmail_default\" style=\"text-align: justify;\">&nbsp;<\/div>\n<div class=\"gwp9f455b8b_gmail_default\" style=\"text-align: justify;\">Ca\u0142y czas trwa tak\u017ce <strong>zbi\u00f3rka rzeczy na aukcje charytatywne<\/strong> \u2013 nowe oraz zadbane przedmioty, a tak\u017ce niepsuj\u0105ce si\u0119 wyroby w\u0142asne i r\u0119kodzie\u0142a mo\u017cna przynosi\u0107 do Pa\u0144 porz\u0105dkowych, do magazynku przy szatni przez ca\u0142y pa\u017adziernik i listopad.<\/div>\n<div class=\"gwp9f455b8b_gmail_default\" style=\"text-align: justify;\">&nbsp;<br><strong>Mo\u017cna te\u017c wp\u0142aci\u0107 darowizn\u0119 na konto Fundacji Wsparcia Policjant\u00f3w<\/strong> (00-150 Warszawa, ul. Nowolipie 2) nr 87 1440 1299 0000 0000 0794 6977 z dopiskiem \u201eJakub Skoczylas\u201d lub przekazuj\u0105c 1% podatku wpisuj\u0105c w zeznaniu podatkowym \u201eJAKUB SKOCZYLAS\u201d KRS 0000296182.<br>&nbsp;<br><strong>Serdecznie dzi\u0119kujemy wszystkim, kt\u00f3rzy w\u0142\u0105czyli si\u0119 ju\u017c w pomoc!<\/strong><\/div>\n<div>&nbsp;<\/div>\n<div style=\"text-align: center;\">&nbsp;<\/div>\n<div class=\"gwp9f455b8b_gmail_default\" style=\"text-align: justify;\">&nbsp;<\/div>\n\n\n\n<div class=\"wp-block-image\"><figure class=\"aligncenter size-full\"><a href=\"https:\/\/2liceum.eu\/index.php\/rok-szkolny-2021-2022\/nggallery\/rok-szkolny-2021-2022\/kiermasz-charytatywny\"><img loading=\"lazy\" decoding=\"async\" width=\"119\" height=\"26\" src=\"https:\/\/2liceum.eu\/wp-content\/uploads\/2019\/12\/galeria.jpg\" alt=\"\" class=\"wp-image-4616\"\/><\/a><\/figure><\/div>\n","protected":false},"excerpt":{"rendered":"<p>&nbsp; &nbsp; &nbsp; W czwartek 7 pa\u017adziernika zosta\u0142 w naszej szkole zorganizowany kiermasz charytatywny na rzecz Kuby Skoczylasa, sze\u015bciolatka, u kt\u00f3rego 2 lata temu zdiagnozowano Ceroidolipofuscynoz\u0119 typu 2. W ramach akcji pomocowej na przerwach w czwartek, 7 pa\u017adziernika, mia\u0142 miejsce kiermasz ciast po\u0142\u0105czony z kwest\u0105 na rzecz Kuby. Uda\u0142o si\u0119 pozyska\u0107 blisko 700 z\u0142, kt\u00f3re [&hellip;]<\/p>\n","protected":false},"author":2,"featured_media":0,"comment_status":"open","ping_status":"open","sticky":false,"template":"","format":"standard","meta":{"ngg_post_thumbnail":0,"footnotes":""},"categories":[1],"tags":[],"class_list":["post-6336","post","type-post","status-publish","format-standard","hentry","category-aktualnosci"],"yoast_head":"<!-- This site is optimized with the Yoast SEO plugin v19.4 - https:\/\/yoast.com\/wordpress\/plugins\/seo\/ -->\n<title>Kiermasz charytatywny w II LO! - II Liceum Og\u00f3lnokszta\u0142c\u0105ce w Lubinie<\/title>\n<meta name=\"robots\" content=\"index, follow, max-snippet:-1, max-image-preview:large, max-video-preview:-1\" \/>\n<link rel=\"canonical\" href=\"https:\/\/2liceum.eu\/index.php\/2021\/10\/12\/kiermasz-charytatywny-w-ii-lo\/\" \/>\n<meta property=\"og:locale\" content=\"pl_PL\" \/>\n<meta property=\"og:type\" content=\"article\" \/>\n<meta property=\"og:title\" content=\"Kiermasz charytatywny w II LO! - II Liceum Og\u00f3lnokszta\u0142c\u0105ce w Lubinie\" \/>\n<meta property=\"og:description\" content=\"&nbsp; &nbsp; &nbsp; W czwartek 7 pa\u017adziernika zosta\u0142 w naszej szkole zorganizowany kiermasz charytatywny na rzecz Kuby Skoczylasa, sze\u015bciolatka, u kt\u00f3rego 2 lata temu zdiagnozowano Ceroidolipofuscynoz\u0119 typu 2. W ramach akcji pomocowej na przerwach w czwartek, 7 pa\u017adziernika, mia\u0142 miejsce kiermasz ciast po\u0142\u0105czony z kwest\u0105 na rzecz Kuby. Uda\u0142o si\u0119 pozyska\u0107 blisko 700 z\u0142, kt\u00f3re [&hellip;]\" \/>\n<meta property=\"og:url\" content=\"https:\/\/2liceum.eu\/index.php\/2021\/10\/12\/kiermasz-charytatywny-w-ii-lo\/\" \/>\n<meta property=\"og:site_name\" content=\"II Liceum Og\u00f3lnokszta\u0142c\u0105ce w Lubinie\" \/>\n<meta property=\"article:publisher\" content=\"https:\/\/web.facebook.com\/IILOLubin\/\" \/>\n<meta property=\"article:published_time\" content=\"2021-10-12T11:31:54+00:00\" \/>\n<meta property=\"article:modified_time\" content=\"2021-10-12T11:31:55+00:00\" \/>\n<meta property=\"og:image\" content=\"https:\/\/2liceum.eu\/wp-content\/uploads\/2021\/10\/Wolontariat-infografiki.png\" \/>\n<meta name=\"author\" content=\"Adam Dragan\" \/>\n<meta name=\"twitter:card\" content=\"summary_large_image\" \/>\n<meta name=\"twitter:label1\" content=\"Napisane przez\" \/>\n\t<meta name=\"twitter:data1\" content=\"Adam Dragan\" \/>\n\t<meta name=\"twitter:label2\" content=\"Szacowany czas czytania\" \/>\n\t<meta name=\"twitter:data2\" content=\"2 minuty\" \/>\n<script type=\"application\/ld+json\" class=\"yoast-schema-graph\">{\"@context\":\"https:\/\/schema.org\",\"@graph\":[{\"@type\":\"Organization\",\"@id\":\"https:\/\/2liceum.eu\/#organization\",\"name\":\"II Liceum Og\u00f3lnokszta\u0142c\u0105ce w Lubinie\",\"url\":\"https:\/\/2liceum.eu\/\",\"sameAs\":[\"http:\/\/2lolubin\",\"https:\/\/www.youtube.com\/channel\/UCWjEMxRJYdfvxPhVOn-8g_g\",\"https:\/\/web.facebook.com\/IILOLubin\/\"],\"logo\":{\"@type\":\"ImageObject\",\"inLanguage\":\"pl-PL\",\"@id\":\"https:\/\/2liceum.eu\/#\/schema\/logo\/image\/\",\"url\":\"https:\/\/2liceum.eu\/wp-content\/uploads\/2018\/01\/pobrane.jpg\",\"contentUrl\":\"https:\/\/2liceum.eu\/wp-content\/uploads\/2018\/01\/pobrane.jpg\",\"width\":184,\"height\":183,\"caption\":\"II Liceum Og\u00f3lnokszta\u0142c\u0105ce w Lubinie\"},\"image\":{\"@id\":\"https:\/\/2liceum.eu\/#\/schema\/logo\/image\/\"}},{\"@type\":\"WebSite\",\"@id\":\"https:\/\/2liceum.eu\/#website\",\"url\":\"https:\/\/2liceum.eu\/\",\"name\":\"II Liceum Og\u00f3lnokszta\u0142c\u0105ce w Lubinie\",\"description\":\"Oficjalny portal II LO w Lubinie. Informacje o szkole, kadrze, zaj\u0119ciach dydaktycznych, ko\u0142ach zainteresowa\u0144, wolontariacie. Aktualno\u015bci. Galeria zdj\u0119\u0107.\",\"publisher\":{\"@id\":\"https:\/\/2liceum.eu\/#organization\"},\"potentialAction\":[{\"@type\":\"SearchAction\",\"target\":{\"@type\":\"EntryPoint\",\"urlTemplate\":\"https:\/\/2liceum.eu\/?s={search_term_string}\"},\"query-input\":\"required name=search_term_string\"}],\"inLanguage\":\"pl-PL\"},{\"@type\":\"WebPage\",\"@id\":\"https:\/\/2liceum.eu\/index.php\/2021\/10\/12\/kiermasz-charytatywny-w-ii-lo\/\",\"url\":\"https:\/\/2liceum.eu\/index.php\/2021\/10\/12\/kiermasz-charytatywny-w-ii-lo\/\",\"name\":\"Kiermasz charytatywny w II LO! - II Liceum Og\u00f3lnokszta\u0142c\u0105ce w Lubinie\",\"isPartOf\":{\"@id\":\"https:\/\/2liceum.eu\/#website\"},\"datePublished\":\"2021-10-12T11:31:54+00:00\",\"dateModified\":\"2021-10-12T11:31:55+00:00\",\"breadcrumb\":{\"@id\":\"https:\/\/2liceum.eu\/index.php\/2021\/10\/12\/kiermasz-charytatywny-w-ii-lo\/#breadcrumb\"},\"inLanguage\":\"pl-PL\",\"potentialAction\":[{\"@type\":\"ReadAction\",\"target\":[\"https:\/\/2liceum.eu\/index.php\/2021\/10\/12\/kiermasz-charytatywny-w-ii-lo\/\"]}]},{\"@type\":\"BreadcrumbList\",\"@id\":\"https:\/\/2liceum.eu\/index.php\/2021\/10\/12\/kiermasz-charytatywny-w-ii-lo\/#breadcrumb\",\"itemListElement\":[{\"@type\":\"ListItem\",\"position\":1,\"name\":\"Strona g\u0142\u00f3wna\",\"item\":\"https:\/\/2liceum.eu\/\"},{\"@type\":\"ListItem\",\"position\":2,\"name\":\"Kiermasz charytatywny w&nbsp;II&nbsp;LO!\"}]},{\"@type\":\"Article\",\"@id\":\"https:\/\/2liceum.eu\/index.php\/2021\/10\/12\/kiermasz-charytatywny-w-ii-lo\/#article\",\"isPartOf\":{\"@id\":\"https:\/\/2liceum.eu\/index.php\/2021\/10\/12\/kiermasz-charytatywny-w-ii-lo\/\"},\"author\":{\"name\":\"Adam Dragan\",\"@id\":\"https:\/\/2liceum.eu\/#\/schema\/person\/1a52557bfdaf047be954a8b190648da5\"},\"headline\":\"Kiermasz charytatywny w II LO!\",\"datePublished\":\"2021-10-12T11:31:54+00:00\",\"dateModified\":\"2021-10-12T11:31:55+00:00\",\"mainEntityOfPage\":{\"@id\":\"https:\/\/2liceum.eu\/index.php\/2021\/10\/12\/kiermasz-charytatywny-w-ii-lo\/\"},\"wordCount\":180,\"commentCount\":0,\"publisher\":{\"@id\":\"https:\/\/2liceum.eu\/#organization\"},\"articleSection\":[\"Aktualno\u015bci\"],\"inLanguage\":\"pl-PL\",\"potentialAction\":[{\"@type\":\"CommentAction\",\"name\":\"Comment\",\"target\":[\"https:\/\/2liceum.eu\/index.php\/2021\/10\/12\/kiermasz-charytatywny-w-ii-lo\/#respond\"]}]},{\"@type\":\"Person\",\"@id\":\"https:\/\/2liceum.eu\/#\/schema\/person\/1a52557bfdaf047be954a8b190648da5\",\"name\":\"Adam Dragan\",\"image\":{\"@type\":\"ImageObject\",\"inLanguage\":\"pl-PL\",\"@id\":\"https:\/\/2liceum.eu\/#\/schema\/person\/image\/\",\"url\":\"https:\/\/secure.gravatar.com\/avatar\/3a2bee53698f47ac117505a8a054d1e47e9ee9593c4c77dc18374aa80472d80c?s=96&d=mm&r=g\",\"contentUrl\":\"https:\/\/secure.gravatar.com\/avatar\/3a2bee53698f47ac117505a8a054d1e47e9ee9593c4c77dc18374aa80472d80c?s=96&d=mm&r=g\",\"caption\":\"Adam Dragan\"},\"sameAs\":[\"http:\/\/2liceum.eu\"]}]}<\/script>\n<!-- \/ Yoast SEO plugin. -->","yoast_head_json":{"title":"Kiermasz charytatywny w II LO! - II Liceum Og\u00f3lnokszta\u0142c\u0105ce w Lubinie","robots":{"index":"index","follow":"follow","max-snippet":"max-snippet:-1","max-image-preview":"max-image-preview:large","max-video-preview":"max-video-preview:-1"},"canonical":"https:\/\/2liceum.eu\/index.php\/2021\/10\/12\/kiermasz-charytatywny-w-ii-lo\/","og_locale":"pl_PL","og_type":"article","og_title":"Kiermasz charytatywny w II LO! - II Liceum Og\u00f3lnokszta\u0142c\u0105ce w Lubinie","og_description":"&nbsp; &nbsp; &nbsp; W czwartek 7 pa\u017adziernika zosta\u0142 w naszej szkole zorganizowany kiermasz charytatywny na rzecz Kuby Skoczylasa, sze\u015bciolatka, u kt\u00f3rego 2 lata temu zdiagnozowano Ceroidolipofuscynoz\u0119 typu 2. W ramach akcji pomocowej na przerwach w czwartek, 7 pa\u017adziernika, mia\u0142 miejsce kiermasz ciast po\u0142\u0105czony z kwest\u0105 na rzecz Kuby. Uda\u0142o si\u0119 pozyska\u0107 blisko 700 z\u0142, kt\u00f3re [&hellip;]","og_url":"https:\/\/2liceum.eu\/index.php\/2021\/10\/12\/kiermasz-charytatywny-w-ii-lo\/","og_site_name":"II Liceum Og\u00f3lnokszta\u0142c\u0105ce w Lubinie","article_publisher":"https:\/\/web.facebook.com\/IILOLubin\/","article_published_time":"2021-10-12T11:31:54+00:00","article_modified_time":"2021-10-12T11:31:55+00:00","og_image":[{"url":"https:\/\/2liceum.eu\/wp-content\/uploads\/2021\/10\/Wolontariat-infografiki.png"}],"author":"Adam Dragan","twitter_card":"summary_large_image","twitter_misc":{"Napisane przez":"Adam Dragan","Szacowany czas czytania":"2 minuty"},"schema":{"@context":"https:\/\/schema.org","@graph":[{"@type":"Organization","@id":"https:\/\/2liceum.eu\/#organization","name":"II Liceum Og\u00f3lnokszta\u0142c\u0105ce w Lubinie","url":"https:\/\/2liceum.eu\/","sameAs":["http:\/\/2lolubin","https:\/\/www.youtube.com\/channel\/UCWjEMxRJYdfvxPhVOn-8g_g","https:\/\/web.facebook.com\/IILOLubin\/"],"logo":{"@type":"ImageObject","inLanguage":"pl-PL","@id":"https:\/\/2liceum.eu\/#\/schema\/logo\/image\/","url":"https:\/\/2liceum.eu\/wp-content\/uploads\/2018\/01\/pobrane.jpg","contentUrl":"https:\/\/2liceum.eu\/wp-content\/uploads\/2018\/01\/pobrane.jpg","width":184,"height":183,"caption":"II Liceum Og\u00f3lnokszta\u0142c\u0105ce w Lubinie"},"image":{"@id":"https:\/\/2liceum.eu\/#\/schema\/logo\/image\/"}},{"@type":"WebSite","@id":"https:\/\/2liceum.eu\/#website","url":"https:\/\/2liceum.eu\/","name":"II Liceum Og\u00f3lnokszta\u0142c\u0105ce w Lubinie","description":"Oficjalny portal II LO w Lubinie. Informacje o szkole, kadrze, zaj\u0119ciach dydaktycznych, ko\u0142ach zainteresowa\u0144, wolontariacie. Aktualno\u015bci. Galeria zdj\u0119\u0107.","publisher":{"@id":"https:\/\/2liceum.eu\/#organization"},"potentialAction":[{"@type":"SearchAction","target":{"@type":"EntryPoint","urlTemplate":"https:\/\/2liceum.eu\/?s={search_term_string}"},"query-input":"required name=search_term_string"}],"inLanguage":"pl-PL"},{"@type":"WebPage","@id":"https:\/\/2liceum.eu\/index.php\/2021\/10\/12\/kiermasz-charytatywny-w-ii-lo\/","url":"https:\/\/2liceum.eu\/index.php\/2021\/10\/12\/kiermasz-charytatywny-w-ii-lo\/","name":"Kiermasz charytatywny w II LO! - II Liceum Og\u00f3lnokszta\u0142c\u0105ce w Lubinie","isPartOf":{"@id":"https:\/\/2liceum.eu\/#website"},"datePublished":"2021-10-12T11:31:54+00:00","dateModified":"2021-10-12T11:31:55+00:00","breadcrumb":{"@id":"https:\/\/2liceum.eu\/index.php\/2021\/10\/12\/kiermasz-charytatywny-w-ii-lo\/#breadcrumb"},"inLanguage":"pl-PL","potentialAction":[{"@type":"ReadAction","target":["https:\/\/2liceum.eu\/index.php\/2021\/10\/12\/kiermasz-charytatywny-w-ii-lo\/"]}]},{"@type":"BreadcrumbList","@id":"https:\/\/2liceum.eu\/index.php\/2021\/10\/12\/kiermasz-charytatywny-w-ii-lo\/#breadcrumb","itemListElement":[{"@type":"ListItem","position":1,"name":"Strona g\u0142\u00f3wna","item":"https:\/\/2liceum.eu\/"},{"@type":"ListItem","position":2,"name":"Kiermasz charytatywny w&nbsp;II&nbsp;LO!"}]},{"@type":"Article","@id":"https:\/\/2liceum.eu\/index.php\/2021\/10\/12\/kiermasz-charytatywny-w-ii-lo\/#article","isPartOf":{"@id":"https:\/\/2liceum.eu\/index.php\/2021\/10\/12\/kiermasz-charytatywny-w-ii-lo\/"},"author":{"name":"Adam Dragan","@id":"https:\/\/2liceum.eu\/#\/schema\/person\/1a52557bfdaf047be954a8b190648da5"},"headline":"Kiermasz charytatywny w II LO!","datePublished":"2021-10-12T11:31:54+00:00","dateModified":"2021-10-12T11:31:55+00:00","mainEntityOfPage":{"@id":"https:\/\/2liceum.eu\/index.php\/2021\/10\/12\/kiermasz-charytatywny-w-ii-lo\/"},"wordCount":180,"commentCount":0,"publisher":{"@id":"https:\/\/2liceum.eu\/#organization"},"articleSection":["Aktualno\u015bci"],"inLanguage":"pl-PL","potentialAction":[{"@type":"CommentAction","name":"Comment","target":["https:\/\/2liceum.eu\/index.php\/2021\/10\/12\/kiermasz-charytatywny-w-ii-lo\/#respond"]}]},{"@type":"Person","@id":"https:\/\/2liceum.eu\/#\/schema\/person\/1a52557bfdaf047be954a8b190648da5","name":"Adam Dragan","image":{"@type":"ImageObject","inLanguage":"pl-PL","@id":"https:\/\/2liceum.eu\/#\/schema\/person\/image\/","url":"https:\/\/secure.gravatar.com\/avatar\/3a2bee53698f47ac117505a8a054d1e47e9ee9593c4c77dc18374aa80472d80c?s=96&d=mm&r=g","contentUrl":"https:\/\/secure.gravatar.com\/avatar\/3a2bee53698f47ac117505a8a054d1e47e9ee9593c4c77dc18374aa80472d80c?s=96&d=mm&r=g","caption":"Adam Dragan"},"sameAs":["http:\/\/2liceum.eu"]}]}},"_links":{"self":[{"href":"https:\/\/2liceum.eu\/index.php\/wp-json\/wp\/v2\/posts\/6336","targetHints":{"allow":["GET"]}}],"collection":[{"href":"https:\/\/2liceum.eu\/index.php\/wp-json\/wp\/v2\/posts"}],"about":[{"href":"https:\/\/2liceum.eu\/index.php\/wp-json\/wp\/v2\/types\/post"}],"author":[{"embeddable":true,"href":"https:\/\/2liceum.eu\/index.php\/wp-json\/wp\/v2\/users\/2"}],"replies":[{"embeddable":true,"href":"https:\/\/2liceum.eu\/index.php\/wp-json\/wp\/v2\/comments?post=6336"}],"version-history":[{"count":1,"href":"https:\/\/2liceum.eu\/index.php\/wp-json\/wp\/v2\/posts\/6336\/revisions"}],"predecessor-version":[{"id":6344,"href":"https:\/\/2liceum.eu\/index.php\/wp-json\/wp\/v2\/posts\/6336\/revisions\/6344"}],"wp:attachment":[{"href":"https:\/\/2liceum.eu\/index.php\/wp-json\/wp\/v2\/media?parent=6336"}],"wp:term":[{"taxonomy":"category","embeddable":true,"href":"https:\/\/2liceum.eu\/index.php\/wp-json\/wp\/v2\/categories?post=6336"},{"taxonomy":"post_tag","embeddable":true,"href":"https:\/\/2liceum.eu\/index.php\/wp-json\/wp\/v2\/tags?post=6336"}],"curies":[{"name":"wp","href":"https:\/\/api.w.org\/{rel}","templated":true}]}}