{"id":6347,"date":"2021-10-14T11:46:34","date_gmt":"2021-10-14T09:46:34","guid":{"rendered":"https:\/\/2liceum.eu\/?p=6347"},"modified":"2021-10-14T11:46:37","modified_gmt":"2021-10-14T09:46:37","slug":"sukces-oli-chrobak","status":"publish","type":"post","link":"https:\/\/2liceum.eu\/index.php\/2021\/10\/14\/sukces-oli-chrobak\/","title":{"rendered":"Sukces Oli Chrobak!"},"content":{"rendered":"\n<p style=\"text-align: center;\"><img loading=\"lazy\" decoding=\"async\" class=\"alignnone \" src=\"https:\/\/scontent-waw1-1.xx.fbcdn.net\/v\/t1.6435-9\/245141036_4561141493942408_5136598779119482559_n.jpg?_nc_cat=104&amp;ccb=1-5&amp;_nc_sid=730e14&amp;_nc_ohc=eOhP9p6sk1sAX-CgPgm&amp;_nc_ht=scontent-waw1-1.xx&amp;oh=a4b7d7be7a483552fc4673eb246a78f7&amp;oe=618C027F\" width=\"368\" height=\"663\"><\/p>\n<div class=\"kvgmc6g5 cxmmr5t8 oygrvhab hcukyx3x c1et5uql ii04i59q\">\n<div dir=\"auto\">&nbsp;<\/div>\n<div dir=\"auto\" style=\"text-align: justify;\">Dnia <strong>26 wrze\u015bnia w Zielonej G\u00f3rze odby\u0142 si\u0119 <span style=\"color: #008000;\">Og\u00f3lnopolski Turniej Ta\u0144ca Sportowego Starlight Cup 2021<\/span><\/strong>. <span style=\"color: initial;\">Uczennica klasy 1 e Aleksandra Chrobak wraz z partnerem wyta\u0144czyli III miejsce w ta\u0144cach standardowych oraz III miejsce w ta\u0144cach latynoameryka\u0144skich w kat. Junior.<\/span><\/div>\n<\/div>\n<div class=\"o9v6fnle cxmmr5t8 oygrvhab hcukyx3x c1et5uql ii04i59q\">\n<div dir=\"auto\" style=\"text-align: justify;\">&nbsp;<\/div>\n<\/div>\n<div class=\"o9v6fnle cxmmr5t8 oygrvhab hcukyx3x c1et5uql ii04i59q\">\n<div dir=\"auto\">Para trenuje w Szkole Ta\u0144ca PM LUBIN.<\/div>\n<div dir=\"auto\">&nbsp;<\/div>\n<\/div>\n<div class=\"o9v6fnle cxmmr5t8 oygrvhab hcukyx3x c1et5uql ii04i59q\">\n<div dir=\"auto\" style=\"text-align: center;\"><strong>GRATULUJEMY!<\/strong><\/div>\n<\/div>\n","protected":false},"excerpt":{"rendered":"<p>&nbsp; Dnia 26 wrze\u015bnia w Zielonej G\u00f3rze odby\u0142 si\u0119 Og\u00f3lnopolski Turniej Ta\u0144ca Sportowego Starlight Cup 2021. Uczennica klasy 1 e Aleksandra Chrobak wraz z partnerem wyta\u0144czyli III miejsce w ta\u0144cach standardowych oraz III miejsce w ta\u0144cach latynoameryka\u0144skich w kat. Junior. &nbsp; Para trenuje w Szkole Ta\u0144ca PM LUBIN. &nbsp; GRATULUJEMY!<\/p>\n","protected":false},"author":2,"featured_media":0,"comment_status":"open","ping_status":"open","sticky":false,"template":"","format":"standard","meta":{"ngg_post_thumbnail":0,"footnotes":""},"categories":[1,33],"tags":[],"class_list":["post-6347","post","type-post","status-publish","format-standard","hentry","category-aktualnosci","category-talenty-w-ii-lo"],"yoast_head":"<!-- This site is optimized with the Yoast SEO plugin v19.4 - https:\/\/yoast.com\/wordpress\/plugins\/seo\/ -->\n<title>Sukces Oli Chrobak! - II Liceum Og\u00f3lnokszta\u0142c\u0105ce w Lubinie<\/title>\n<meta name=\"robots\" content=\"index, follow, max-snippet:-1, max-image-preview:large, max-video-preview:-1\" \/>\n<link rel=\"canonical\" href=\"https:\/\/2liceum.eu\/index.php\/2021\/10\/14\/sukces-oli-chrobak\/\" \/>\n<meta property=\"og:locale\" content=\"pl_PL\" \/>\n<meta property=\"og:type\" content=\"article\" \/>\n<meta property=\"og:title\" content=\"Sukces Oli Chrobak! - II Liceum Og\u00f3lnokszta\u0142c\u0105ce w Lubinie\" \/>\n<meta property=\"og:description\" content=\"&nbsp; Dnia 26 wrze\u015bnia w Zielonej G\u00f3rze odby\u0142 si\u0119 Og\u00f3lnopolski Turniej Ta\u0144ca Sportowego Starlight Cup 2021. Uczennica klasy 1 e Aleksandra Chrobak wraz z partnerem wyta\u0144czyli III miejsce w ta\u0144cach standardowych oraz III miejsce w ta\u0144cach latynoameryka\u0144skich w kat. Junior. &nbsp; Para trenuje w Szkole Ta\u0144ca PM LUBIN. &nbsp; GRATULUJEMY!\" \/>\n<meta property=\"og:url\" content=\"https:\/\/2liceum.eu\/index.php\/2021\/10\/14\/sukces-oli-chrobak\/\" \/>\n<meta property=\"og:site_name\" content=\"II Liceum Og\u00f3lnokszta\u0142c\u0105ce w Lubinie\" \/>\n<meta property=\"article:publisher\" content=\"https:\/\/web.facebook.com\/IILOLubin\/\" \/>\n<meta property=\"article:published_time\" content=\"2021-10-14T09:46:34+00:00\" \/>\n<meta property=\"article:modified_time\" content=\"2021-10-14T09:46:37+00:00\" \/>\n<meta property=\"og:image\" content=\"https:\/\/scontent-waw1-1.xx.fbcdn.net\/v\/t1.6435-9\/245141036_4561141493942408_5136598779119482559_n.jpg?_nc_cat=104&amp;ccb=1-5&amp;_nc_sid=730e14&amp;_nc_ohc=eOhP9p6sk1sAX-CgPgm&amp;_nc_ht=scontent-waw1-1.xx&amp;oh=a4b7d7be7a483552fc4673eb246a78f7&amp;oe=618C027F\" \/>\n<meta name=\"author\" content=\"Adam Dragan\" \/>\n<meta name=\"twitter:card\" content=\"summary_large_image\" \/>\n<meta name=\"twitter:label1\" content=\"Napisane przez\" \/>\n\t<meta name=\"twitter:data1\" content=\"Adam Dragan\" \/>\n\t<meta name=\"twitter:label2\" content=\"Szacowany czas czytania\" \/>\n\t<meta name=\"twitter:data2\" content=\"1 minuta\" \/>\n<script type=\"application\/ld+json\" class=\"yoast-schema-graph\">{\"@context\":\"https:\/\/schema.org\",\"@graph\":[{\"@type\":\"Organization\",\"@id\":\"https:\/\/2liceum.eu\/#organization\",\"name\":\"II Liceum Og\u00f3lnokszta\u0142c\u0105ce w Lubinie\",\"url\":\"https:\/\/2liceum.eu\/\",\"sameAs\":[\"http:\/\/2lolubin\",\"https:\/\/www.youtube.com\/channel\/UCWjEMxRJYdfvxPhVOn-8g_g\",\"https:\/\/web.facebook.com\/IILOLubin\/\"],\"logo\":{\"@type\":\"ImageObject\",\"inLanguage\":\"pl-PL\",\"@id\":\"https:\/\/2liceum.eu\/#\/schema\/logo\/image\/\",\"url\":\"https:\/\/2liceum.eu\/wp-content\/uploads\/2018\/01\/pobrane.jpg\",\"contentUrl\":\"https:\/\/2liceum.eu\/wp-content\/uploads\/2018\/01\/pobrane.jpg\",\"width\":184,\"height\":183,\"caption\":\"II Liceum Og\u00f3lnokszta\u0142c\u0105ce w Lubinie\"},\"image\":{\"@id\":\"https:\/\/2liceum.eu\/#\/schema\/logo\/image\/\"}},{\"@type\":\"WebSite\",\"@id\":\"https:\/\/2liceum.eu\/#website\",\"url\":\"https:\/\/2liceum.eu\/\",\"name\":\"II Liceum Og\u00f3lnokszta\u0142c\u0105ce w Lubinie\",\"description\":\"Oficjalny portal II LO w Lubinie. Informacje o szkole, kadrze, zaj\u0119ciach dydaktycznych, ko\u0142ach zainteresowa\u0144, wolontariacie. Aktualno\u015bci. Galeria zdj\u0119\u0107.\",\"publisher\":{\"@id\":\"https:\/\/2liceum.eu\/#organization\"},\"potentialAction\":[{\"@type\":\"SearchAction\",\"target\":{\"@type\":\"EntryPoint\",\"urlTemplate\":\"https:\/\/2liceum.eu\/?s={search_term_string}\"},\"query-input\":\"required name=search_term_string\"}],\"inLanguage\":\"pl-PL\"},{\"@type\":\"WebPage\",\"@id\":\"https:\/\/2liceum.eu\/index.php\/2021\/10\/14\/sukces-oli-chrobak\/\",\"url\":\"https:\/\/2liceum.eu\/index.php\/2021\/10\/14\/sukces-oli-chrobak\/\",\"name\":\"Sukces Oli Chrobak! - II Liceum Og\u00f3lnokszta\u0142c\u0105ce w Lubinie\",\"isPartOf\":{\"@id\":\"https:\/\/2liceum.eu\/#website\"},\"datePublished\":\"2021-10-14T09:46:34+00:00\",\"dateModified\":\"2021-10-14T09:46:37+00:00\",\"breadcrumb\":{\"@id\":\"https:\/\/2liceum.eu\/index.php\/2021\/10\/14\/sukces-oli-chrobak\/#breadcrumb\"},\"inLanguage\":\"pl-PL\",\"potentialAction\":[{\"@type\":\"ReadAction\",\"target\":[\"https:\/\/2liceum.eu\/index.php\/2021\/10\/14\/sukces-oli-chrobak\/\"]}]},{\"@type\":\"BreadcrumbList\",\"@id\":\"https:\/\/2liceum.eu\/index.php\/2021\/10\/14\/sukces-oli-chrobak\/#breadcrumb\",\"itemListElement\":[{\"@type\":\"ListItem\",\"position\":1,\"name\":\"Strona g\u0142\u00f3wna\",\"item\":\"https:\/\/2liceum.eu\/\"},{\"@type\":\"ListItem\",\"position\":2,\"name\":\"Sukces Oli Chrobak!\"}]},{\"@type\":\"Article\",\"@id\":\"https:\/\/2liceum.eu\/index.php\/2021\/10\/14\/sukces-oli-chrobak\/#article\",\"isPartOf\":{\"@id\":\"https:\/\/2liceum.eu\/index.php\/2021\/10\/14\/sukces-oli-chrobak\/\"},\"author\":{\"name\":\"Adam Dragan\",\"@id\":\"https:\/\/2liceum.eu\/#\/schema\/person\/1a52557bfdaf047be954a8b190648da5\"},\"headline\":\"Sukces Oli Chrobak!\",\"datePublished\":\"2021-10-14T09:46:34+00:00\",\"dateModified\":\"2021-10-14T09:46:37+00:00\",\"mainEntityOfPage\":{\"@id\":\"https:\/\/2liceum.eu\/index.php\/2021\/10\/14\/sukces-oli-chrobak\/\"},\"wordCount\":59,\"commentCount\":0,\"publisher\":{\"@id\":\"https:\/\/2liceum.eu\/#organization\"},\"articleSection\":[\"Aktualno\u015bci\",\"Talenty w II LO!\"],\"inLanguage\":\"pl-PL\",\"potentialAction\":[{\"@type\":\"CommentAction\",\"name\":\"Comment\",\"target\":[\"https:\/\/2liceum.eu\/index.php\/2021\/10\/14\/sukces-oli-chrobak\/#respond\"]}]},{\"@type\":\"Person\",\"@id\":\"https:\/\/2liceum.eu\/#\/schema\/person\/1a52557bfdaf047be954a8b190648da5\",\"name\":\"Adam Dragan\",\"image\":{\"@type\":\"ImageObject\",\"inLanguage\":\"pl-PL\",\"@id\":\"https:\/\/2liceum.eu\/#\/schema\/person\/image\/\",\"url\":\"https:\/\/secure.gravatar.com\/avatar\/3a2bee53698f47ac117505a8a054d1e47e9ee9593c4c77dc18374aa80472d80c?s=96&d=mm&r=g\",\"contentUrl\":\"https:\/\/secure.gravatar.com\/avatar\/3a2bee53698f47ac117505a8a054d1e47e9ee9593c4c77dc18374aa80472d80c?s=96&d=mm&r=g\",\"caption\":\"Adam Dragan\"},\"sameAs\":[\"http:\/\/2liceum.eu\"]}]}<\/script>\n<!-- \/ Yoast SEO plugin. -->","yoast_head_json":{"title":"Sukces Oli Chrobak! - II Liceum Og\u00f3lnokszta\u0142c\u0105ce w Lubinie","robots":{"index":"index","follow":"follow","max-snippet":"max-snippet:-1","max-image-preview":"max-image-preview:large","max-video-preview":"max-video-preview:-1"},"canonical":"https:\/\/2liceum.eu\/index.php\/2021\/10\/14\/sukces-oli-chrobak\/","og_locale":"pl_PL","og_type":"article","og_title":"Sukces Oli Chrobak! - II Liceum Og\u00f3lnokszta\u0142c\u0105ce w Lubinie","og_description":"&nbsp; Dnia 26 wrze\u015bnia w Zielonej G\u00f3rze odby\u0142 si\u0119 Og\u00f3lnopolski Turniej Ta\u0144ca Sportowego Starlight Cup 2021. Uczennica klasy 1 e Aleksandra Chrobak wraz z partnerem wyta\u0144czyli III miejsce w ta\u0144cach standardowych oraz III miejsce w ta\u0144cach latynoameryka\u0144skich w kat. Junior. &nbsp; Para trenuje w Szkole Ta\u0144ca PM LUBIN. &nbsp; GRATULUJEMY!","og_url":"https:\/\/2liceum.eu\/index.php\/2021\/10\/14\/sukces-oli-chrobak\/","og_site_name":"II Liceum Og\u00f3lnokszta\u0142c\u0105ce w Lubinie","article_publisher":"https:\/\/web.facebook.com\/IILOLubin\/","article_published_time":"2021-10-14T09:46:34+00:00","article_modified_time":"2021-10-14T09:46:37+00:00","og_image":[{"url":"https:\/\/scontent-waw1-1.xx.fbcdn.net\/v\/t1.6435-9\/245141036_4561141493942408_5136598779119482559_n.jpg?_nc_cat=104&amp;ccb=1-5&amp;_nc_sid=730e14&amp;_nc_ohc=eOhP9p6sk1sAX-CgPgm&amp;_nc_ht=scontent-waw1-1.xx&amp;oh=a4b7d7be7a483552fc4673eb246a78f7&amp;oe=618C027F"}],"author":"Adam Dragan","twitter_card":"summary_large_image","twitter_misc":{"Napisane przez":"Adam Dragan","Szacowany czas czytania":"1 minuta"},"schema":{"@context":"https:\/\/schema.org","@graph":[{"@type":"Organization","@id":"https:\/\/2liceum.eu\/#organization","name":"II Liceum Og\u00f3lnokszta\u0142c\u0105ce w Lubinie","url":"https:\/\/2liceum.eu\/","sameAs":["http:\/\/2lolubin","https:\/\/www.youtube.com\/channel\/UCWjEMxRJYdfvxPhVOn-8g_g","https:\/\/web.facebook.com\/IILOLubin\/"],"logo":{"@type":"ImageObject","inLanguage":"pl-PL","@id":"https:\/\/2liceum.eu\/#\/schema\/logo\/image\/","url":"https:\/\/2liceum.eu\/wp-content\/uploads\/2018\/01\/pobrane.jpg","contentUrl":"https:\/\/2liceum.eu\/wp-content\/uploads\/2018\/01\/pobrane.jpg","width":184,"height":183,"caption":"II Liceum Og\u00f3lnokszta\u0142c\u0105ce w Lubinie"},"image":{"@id":"https:\/\/2liceum.eu\/#\/schema\/logo\/image\/"}},{"@type":"WebSite","@id":"https:\/\/2liceum.eu\/#website","url":"https:\/\/2liceum.eu\/","name":"II Liceum Og\u00f3lnokszta\u0142c\u0105ce w Lubinie","description":"Oficjalny portal II LO w Lubinie. Informacje o szkole, kadrze, zaj\u0119ciach dydaktycznych, ko\u0142ach zainteresowa\u0144, wolontariacie. Aktualno\u015bci. Galeria zdj\u0119\u0107.","publisher":{"@id":"https:\/\/2liceum.eu\/#organization"},"potentialAction":[{"@type":"SearchAction","target":{"@type":"EntryPoint","urlTemplate":"https:\/\/2liceum.eu\/?s={search_term_string}"},"query-input":"required name=search_term_string"}],"inLanguage":"pl-PL"},{"@type":"WebPage","@id":"https:\/\/2liceum.eu\/index.php\/2021\/10\/14\/sukces-oli-chrobak\/","url":"https:\/\/2liceum.eu\/index.php\/2021\/10\/14\/sukces-oli-chrobak\/","name":"Sukces Oli Chrobak! - II Liceum Og\u00f3lnokszta\u0142c\u0105ce w Lubinie","isPartOf":{"@id":"https:\/\/2liceum.eu\/#website"},"datePublished":"2021-10-14T09:46:34+00:00","dateModified":"2021-10-14T09:46:37+00:00","breadcrumb":{"@id":"https:\/\/2liceum.eu\/index.php\/2021\/10\/14\/sukces-oli-chrobak\/#breadcrumb"},"inLanguage":"pl-PL","potentialAction":[{"@type":"ReadAction","target":["https:\/\/2liceum.eu\/index.php\/2021\/10\/14\/sukces-oli-chrobak\/"]}]},{"@type":"BreadcrumbList","@id":"https:\/\/2liceum.eu\/index.php\/2021\/10\/14\/sukces-oli-chrobak\/#breadcrumb","itemListElement":[{"@type":"ListItem","position":1,"name":"Strona g\u0142\u00f3wna","item":"https:\/\/2liceum.eu\/"},{"@type":"ListItem","position":2,"name":"Sukces Oli Chrobak!"}]},{"@type":"Article","@id":"https:\/\/2liceum.eu\/index.php\/2021\/10\/14\/sukces-oli-chrobak\/#article","isPartOf":{"@id":"https:\/\/2liceum.eu\/index.php\/2021\/10\/14\/sukces-oli-chrobak\/"},"author":{"name":"Adam Dragan","@id":"https:\/\/2liceum.eu\/#\/schema\/person\/1a52557bfdaf047be954a8b190648da5"},"headline":"Sukces Oli Chrobak!","datePublished":"2021-10-14T09:46:34+00:00","dateModified":"2021-10-14T09:46:37+00:00","mainEntityOfPage":{"@id":"https:\/\/2liceum.eu\/index.php\/2021\/10\/14\/sukces-oli-chrobak\/"},"wordCount":59,"commentCount":0,"publisher":{"@id":"https:\/\/2liceum.eu\/#organization"},"articleSection":["Aktualno\u015bci","Talenty w II LO!"],"inLanguage":"pl-PL","potentialAction":[{"@type":"CommentAction","name":"Comment","target":["https:\/\/2liceum.eu\/index.php\/2021\/10\/14\/sukces-oli-chrobak\/#respond"]}]},{"@type":"Person","@id":"https:\/\/2liceum.eu\/#\/schema\/person\/1a52557bfdaf047be954a8b190648da5","name":"Adam Dragan","image":{"@type":"ImageObject","inLanguage":"pl-PL","@id":"https:\/\/2liceum.eu\/#\/schema\/person\/image\/","url":"https:\/\/secure.gravatar.com\/avatar\/3a2bee53698f47ac117505a8a054d1e47e9ee9593c4c77dc18374aa80472d80c?s=96&d=mm&r=g","contentUrl":"https:\/\/secure.gravatar.com\/avatar\/3a2bee53698f47ac117505a8a054d1e47e9ee9593c4c77dc18374aa80472d80c?s=96&d=mm&r=g","caption":"Adam Dragan"},"sameAs":["http:\/\/2liceum.eu"]}]}},"_links":{"self":[{"href":"https:\/\/2liceum.eu\/index.php\/wp-json\/wp\/v2\/posts\/6347","targetHints":{"allow":["GET"]}}],"collection":[{"href":"https:\/\/2liceum.eu\/index.php\/wp-json\/wp\/v2\/posts"}],"about":[{"href":"https:\/\/2liceum.eu\/index.php\/wp-json\/wp\/v2\/types\/post"}],"author":[{"embeddable":true,"href":"https:\/\/2liceum.eu\/index.php\/wp-json\/wp\/v2\/users\/2"}],"replies":[{"embeddable":true,"href":"https:\/\/2liceum.eu\/index.php\/wp-json\/wp\/v2\/comments?post=6347"}],"version-history":[{"count":1,"href":"https:\/\/2liceum.eu\/index.php\/wp-json\/wp\/v2\/posts\/6347\/revisions"}],"predecessor-version":[{"id":6348,"href":"https:\/\/2liceum.eu\/index.php\/wp-json\/wp\/v2\/posts\/6347\/revisions\/6348"}],"wp:attachment":[{"href":"https:\/\/2liceum.eu\/index.php\/wp-json\/wp\/v2\/media?parent=6347"}],"wp:term":[{"taxonomy":"category","embeddable":true,"href":"https:\/\/2liceum.eu\/index.php\/wp-json\/wp\/v2\/categories?post=6347"},{"taxonomy":"post_tag","embeddable":true,"href":"https:\/\/2liceum.eu\/index.php\/wp-json\/wp\/v2\/tags?post=6347"}],"curies":[{"name":"wp","href":"https:\/\/api.w.org\/{rel}","templated":true}]}}