{"id":6350,"date":"2021-10-18T15:13:48","date_gmt":"2021-10-18T13:13:48","guid":{"rendered":"https:\/\/2liceum.eu\/?p=6350"},"modified":"2021-10-18T15:13:50","modified_gmt":"2021-10-18T13:13:50","slug":"3h-na-uniwersytecie-medycznym","status":"publish","type":"post","link":"https:\/\/2liceum.eu\/index.php\/2021\/10\/18\/3h-na-uniwersytecie-medycznym\/","title":{"rendered":"3H na Uniwersytecie Medycznym!"},"content":{"rendered":"\n<div dir=\"auto\">&nbsp;<\/div>\n<div dir=\"auto\" style=\"text-align: center;\"><img loading=\"lazy\" decoding=\"async\" class=\"alignnone size-full\" src=\"https:\/\/2liceum.eu\/wp-content\/uploads\/sites\/1\/nggallery\/3h-wizyta-na-uniwersytecie-medycznym\/20211015_121016.jpg\" width=\"3656\" height=\"2190\"><\/div>\n<div dir=\"auto\">&nbsp;<\/div>\n<div dir=\"auto\">&nbsp;<\/div>\n<div dir=\"auto\" style=\"text-align: justify;\"><strong>Kim zosta\u0107? Jaki zaw\u00f3d wybra\u0107?<\/strong> To pytania,&nbsp; na kt\u00f3re nie \u0142atwo jest znale\u017a\u0107 odpowied\u017a. Uczniowie klas maturalnych nieustannie&nbsp;&nbsp; poszukuj\u0105 inspiracji i podpowiedzi.<\/div>\n<div dir=\"auto\">&nbsp;<\/div>\n<div dir=\"auto\" style=\"text-align: justify;\"><strong>W pi\u0105tek, 15 pa\u017adziernika <span style=\"color: #008000;\">klasa 3h<\/span> wraz z wychowawczyni\u0105 p. J. Zimn\u0105&nbsp; oraz pani\u0105 M. Zaj\u0105czkowsk\u0105<\/strong> wyruszy\u0142a w tym celu do Wroc\u0142awia, gdzie <strong>na Wydziale Farmacji<\/strong> uczestniczyli\u015bmy w wyk\u0142adzie na temat antybiotykoterapii oraz poznali\u015bmy szczeg\u00f3\u0142y rekrutacji <strong>Uniwersytetu Medycznego.<\/strong><\/div>\n<div dir=\"auto\">&nbsp;<\/div>\n<div dir=\"auto\" style=\"text-align: justify;\">W&nbsp; imponuj\u0105cej, prawdziwej sali wyk\u0142adowej mogli\u015bmy poczu\u0107 atmosfer\u0119 studiowania.<br>By\u0107 mo\u017ce za rok, niekt\u00f3rzy z nas b\u0119d\u0105 tam ju\u017c na sta\u0142e<img decoding=\"async\" class=\"an1\" src=\"https:\/\/fonts.gstatic.com\/s\/e\/notoemoji\/13.1.1\/1f60a\/32.png\" alt=\"\ud83d\ude0a\" data-emoji=\"\ud83d\ude0a\" aria-label=\"\ud83d\ude0a\">?<\/div>\n<div dir=\"auto\">&nbsp;<\/div>\n<div dir=\"auto\">&nbsp;<\/div>\n\n\n\n<div class=\"wp-block-image\"><figure class=\"aligncenter size-full\"><a href=\"https:\/\/2liceum.eu\/index.php\/rok-szkolny-2021-2022\/nggallery\/rok-szkolny-2021-2022\/3h-wizyta-na-uniwersytecie-medycznym\"><img loading=\"lazy\" decoding=\"async\" width=\"119\" height=\"26\" src=\"https:\/\/2liceum.eu\/wp-content\/uploads\/2019\/12\/galeria.jpg\" alt=\"\" class=\"wp-image-4616\"\/><\/a><\/figure><\/div>\n\n\n","protected":false},"excerpt":{"rendered":"<p>&nbsp; &nbsp; &nbsp; Kim zosta\u0107? Jaki zaw\u00f3d wybra\u0107? To pytania,&nbsp; na kt\u00f3re nie \u0142atwo jest znale\u017a\u0107 odpowied\u017a. Uczniowie klas maturalnych nieustannie&nbsp;&nbsp; poszukuj\u0105 inspiracji i podpowiedzi. &nbsp; W pi\u0105tek, 15 pa\u017adziernika klasa 3h wraz z wychowawczyni\u0105 p. J. Zimn\u0105&nbsp; oraz pani\u0105 M. Zaj\u0105czkowsk\u0105 wyruszy\u0142a w tym celu do Wroc\u0142awia, gdzie na Wydziale Farmacji uczestniczyli\u015bmy w wyk\u0142adzie [&hellip;]<\/p>\n","protected":false},"author":2,"featured_media":0,"comment_status":"open","ping_status":"open","sticky":false,"template":"","format":"standard","meta":{"ngg_post_thumbnail":0,"footnotes":""},"categories":[1],"tags":[],"class_list":["post-6350","post","type-post","status-publish","format-standard","hentry","category-aktualnosci"],"yoast_head":"<!-- This site is optimized with the Yoast SEO plugin v19.4 - https:\/\/yoast.com\/wordpress\/plugins\/seo\/ -->\n<title>3H na Uniwersytecie Medycznym! - II Liceum Og\u00f3lnokszta\u0142c\u0105ce w Lubinie<\/title>\n<meta name=\"robots\" content=\"index, follow, max-snippet:-1, max-image-preview:large, max-video-preview:-1\" \/>\n<link rel=\"canonical\" href=\"https:\/\/2liceum.eu\/index.php\/2021\/10\/18\/3h-na-uniwersytecie-medycznym\/\" \/>\n<meta property=\"og:locale\" content=\"pl_PL\" \/>\n<meta property=\"og:type\" content=\"article\" \/>\n<meta property=\"og:title\" content=\"3H na Uniwersytecie Medycznym! - II Liceum Og\u00f3lnokszta\u0142c\u0105ce w Lubinie\" \/>\n<meta property=\"og:description\" content=\"&nbsp; &nbsp; &nbsp; Kim zosta\u0107? Jaki zaw\u00f3d wybra\u0107? To pytania,&nbsp; na kt\u00f3re nie \u0142atwo jest znale\u017a\u0107 odpowied\u017a. Uczniowie klas maturalnych nieustannie&nbsp;&nbsp; poszukuj\u0105 inspiracji i podpowiedzi. &nbsp; W pi\u0105tek, 15 pa\u017adziernika klasa 3h wraz z wychowawczyni\u0105 p. J. Zimn\u0105&nbsp; oraz pani\u0105 M. Zaj\u0105czkowsk\u0105 wyruszy\u0142a w tym celu do Wroc\u0142awia, gdzie na Wydziale Farmacji uczestniczyli\u015bmy w wyk\u0142adzie [&hellip;]\" \/>\n<meta property=\"og:url\" content=\"https:\/\/2liceum.eu\/index.php\/2021\/10\/18\/3h-na-uniwersytecie-medycznym\/\" \/>\n<meta property=\"og:site_name\" content=\"II Liceum Og\u00f3lnokszta\u0142c\u0105ce w Lubinie\" \/>\n<meta property=\"article:publisher\" content=\"https:\/\/web.facebook.com\/IILOLubin\/\" \/>\n<meta property=\"article:published_time\" content=\"2021-10-18T13:13:48+00:00\" \/>\n<meta property=\"article:modified_time\" content=\"2021-10-18T13:13:50+00:00\" \/>\n<meta property=\"og:image\" content=\"https:\/\/2liceum.eu\/wp-content\/uploads\/sites\/1\/nggallery\/3h-wizyta-na-uniwersytecie-medycznym\/20211015_121016.jpg\" \/>\n<meta name=\"author\" content=\"Adam Dragan\" \/>\n<meta name=\"twitter:card\" content=\"summary_large_image\" \/>\n<meta name=\"twitter:label1\" content=\"Napisane przez\" \/>\n\t<meta name=\"twitter:data1\" content=\"Adam Dragan\" \/>\n\t<meta name=\"twitter:label2\" content=\"Szacowany czas czytania\" \/>\n\t<meta name=\"twitter:data2\" content=\"1 minuta\" \/>\n<script type=\"application\/ld+json\" class=\"yoast-schema-graph\">{\"@context\":\"https:\/\/schema.org\",\"@graph\":[{\"@type\":\"Organization\",\"@id\":\"https:\/\/2liceum.eu\/#organization\",\"name\":\"II Liceum Og\u00f3lnokszta\u0142c\u0105ce w Lubinie\",\"url\":\"https:\/\/2liceum.eu\/\",\"sameAs\":[\"http:\/\/2lolubin\",\"https:\/\/www.youtube.com\/channel\/UCWjEMxRJYdfvxPhVOn-8g_g\",\"https:\/\/web.facebook.com\/IILOLubin\/\"],\"logo\":{\"@type\":\"ImageObject\",\"inLanguage\":\"pl-PL\",\"@id\":\"https:\/\/2liceum.eu\/#\/schema\/logo\/image\/\",\"url\":\"https:\/\/2liceum.eu\/wp-content\/uploads\/2018\/01\/pobrane.jpg\",\"contentUrl\":\"https:\/\/2liceum.eu\/wp-content\/uploads\/2018\/01\/pobrane.jpg\",\"width\":184,\"height\":183,\"caption\":\"II Liceum Og\u00f3lnokszta\u0142c\u0105ce w Lubinie\"},\"image\":{\"@id\":\"https:\/\/2liceum.eu\/#\/schema\/logo\/image\/\"}},{\"@type\":\"WebSite\",\"@id\":\"https:\/\/2liceum.eu\/#website\",\"url\":\"https:\/\/2liceum.eu\/\",\"name\":\"II Liceum Og\u00f3lnokszta\u0142c\u0105ce w Lubinie\",\"description\":\"Oficjalny portal II LO w Lubinie. Informacje o szkole, kadrze, zaj\u0119ciach dydaktycznych, ko\u0142ach zainteresowa\u0144, wolontariacie. Aktualno\u015bci. Galeria zdj\u0119\u0107.\",\"publisher\":{\"@id\":\"https:\/\/2liceum.eu\/#organization\"},\"potentialAction\":[{\"@type\":\"SearchAction\",\"target\":{\"@type\":\"EntryPoint\",\"urlTemplate\":\"https:\/\/2liceum.eu\/?s={search_term_string}\"},\"query-input\":\"required name=search_term_string\"}],\"inLanguage\":\"pl-PL\"},{\"@type\":\"WebPage\",\"@id\":\"https:\/\/2liceum.eu\/index.php\/2021\/10\/18\/3h-na-uniwersytecie-medycznym\/\",\"url\":\"https:\/\/2liceum.eu\/index.php\/2021\/10\/18\/3h-na-uniwersytecie-medycznym\/\",\"name\":\"3H na Uniwersytecie Medycznym! - II Liceum Og\u00f3lnokszta\u0142c\u0105ce w Lubinie\",\"isPartOf\":{\"@id\":\"https:\/\/2liceum.eu\/#website\"},\"datePublished\":\"2021-10-18T13:13:48+00:00\",\"dateModified\":\"2021-10-18T13:13:50+00:00\",\"breadcrumb\":{\"@id\":\"https:\/\/2liceum.eu\/index.php\/2021\/10\/18\/3h-na-uniwersytecie-medycznym\/#breadcrumb\"},\"inLanguage\":\"pl-PL\",\"potentialAction\":[{\"@type\":\"ReadAction\",\"target\":[\"https:\/\/2liceum.eu\/index.php\/2021\/10\/18\/3h-na-uniwersytecie-medycznym\/\"]}]},{\"@type\":\"BreadcrumbList\",\"@id\":\"https:\/\/2liceum.eu\/index.php\/2021\/10\/18\/3h-na-uniwersytecie-medycznym\/#breadcrumb\",\"itemListElement\":[{\"@type\":\"ListItem\",\"position\":1,\"name\":\"Strona g\u0142\u00f3wna\",\"item\":\"https:\/\/2liceum.eu\/\"},{\"@type\":\"ListItem\",\"position\":2,\"name\":\"3H na&nbsp;Uniwersytecie Medycznym!\"}]},{\"@type\":\"Article\",\"@id\":\"https:\/\/2liceum.eu\/index.php\/2021\/10\/18\/3h-na-uniwersytecie-medycznym\/#article\",\"isPartOf\":{\"@id\":\"https:\/\/2liceum.eu\/index.php\/2021\/10\/18\/3h-na-uniwersytecie-medycznym\/\"},\"author\":{\"name\":\"Adam Dragan\",\"@id\":\"https:\/\/2liceum.eu\/#\/schema\/person\/1a52557bfdaf047be954a8b190648da5\"},\"headline\":\"3H na Uniwersytecie Medycznym!\",\"datePublished\":\"2021-10-18T13:13:48+00:00\",\"dateModified\":\"2021-10-18T13:13:50+00:00\",\"mainEntityOfPage\":{\"@id\":\"https:\/\/2liceum.eu\/index.php\/2021\/10\/18\/3h-na-uniwersytecie-medycznym\/\"},\"wordCount\":114,\"commentCount\":0,\"publisher\":{\"@id\":\"https:\/\/2liceum.eu\/#organization\"},\"articleSection\":[\"Aktualno\u015bci\"],\"inLanguage\":\"pl-PL\",\"potentialAction\":[{\"@type\":\"CommentAction\",\"name\":\"Comment\",\"target\":[\"https:\/\/2liceum.eu\/index.php\/2021\/10\/18\/3h-na-uniwersytecie-medycznym\/#respond\"]}]},{\"@type\":\"Person\",\"@id\":\"https:\/\/2liceum.eu\/#\/schema\/person\/1a52557bfdaf047be954a8b190648da5\",\"name\":\"Adam Dragan\",\"image\":{\"@type\":\"ImageObject\",\"inLanguage\":\"pl-PL\",\"@id\":\"https:\/\/2liceum.eu\/#\/schema\/person\/image\/\",\"url\":\"https:\/\/secure.gravatar.com\/avatar\/3a2bee53698f47ac117505a8a054d1e47e9ee9593c4c77dc18374aa80472d80c?s=96&d=mm&r=g\",\"contentUrl\":\"https:\/\/secure.gravatar.com\/avatar\/3a2bee53698f47ac117505a8a054d1e47e9ee9593c4c77dc18374aa80472d80c?s=96&d=mm&r=g\",\"caption\":\"Adam Dragan\"},\"sameAs\":[\"http:\/\/2liceum.eu\"]}]}<\/script>\n<!-- \/ Yoast SEO plugin. -->","yoast_head_json":{"title":"3H na Uniwersytecie Medycznym! - II Liceum Og\u00f3lnokszta\u0142c\u0105ce w Lubinie","robots":{"index":"index","follow":"follow","max-snippet":"max-snippet:-1","max-image-preview":"max-image-preview:large","max-video-preview":"max-video-preview:-1"},"canonical":"https:\/\/2liceum.eu\/index.php\/2021\/10\/18\/3h-na-uniwersytecie-medycznym\/","og_locale":"pl_PL","og_type":"article","og_title":"3H na Uniwersytecie Medycznym! - II Liceum Og\u00f3lnokszta\u0142c\u0105ce w Lubinie","og_description":"&nbsp; &nbsp; &nbsp; Kim zosta\u0107? Jaki zaw\u00f3d wybra\u0107? To pytania,&nbsp; na kt\u00f3re nie \u0142atwo jest znale\u017a\u0107 odpowied\u017a. Uczniowie klas maturalnych nieustannie&nbsp;&nbsp; poszukuj\u0105 inspiracji i podpowiedzi. &nbsp; W pi\u0105tek, 15 pa\u017adziernika klasa 3h wraz z wychowawczyni\u0105 p. J. Zimn\u0105&nbsp; oraz pani\u0105 M. Zaj\u0105czkowsk\u0105 wyruszy\u0142a w tym celu do Wroc\u0142awia, gdzie na Wydziale Farmacji uczestniczyli\u015bmy w wyk\u0142adzie [&hellip;]","og_url":"https:\/\/2liceum.eu\/index.php\/2021\/10\/18\/3h-na-uniwersytecie-medycznym\/","og_site_name":"II Liceum Og\u00f3lnokszta\u0142c\u0105ce w Lubinie","article_publisher":"https:\/\/web.facebook.com\/IILOLubin\/","article_published_time":"2021-10-18T13:13:48+00:00","article_modified_time":"2021-10-18T13:13:50+00:00","og_image":[{"url":"https:\/\/2liceum.eu\/wp-content\/uploads\/sites\/1\/nggallery\/3h-wizyta-na-uniwersytecie-medycznym\/20211015_121016.jpg"}],"author":"Adam Dragan","twitter_card":"summary_large_image","twitter_misc":{"Napisane przez":"Adam Dragan","Szacowany czas czytania":"1 minuta"},"schema":{"@context":"https:\/\/schema.org","@graph":[{"@type":"Organization","@id":"https:\/\/2liceum.eu\/#organization","name":"II Liceum Og\u00f3lnokszta\u0142c\u0105ce w Lubinie","url":"https:\/\/2liceum.eu\/","sameAs":["http:\/\/2lolubin","https:\/\/www.youtube.com\/channel\/UCWjEMxRJYdfvxPhVOn-8g_g","https:\/\/web.facebook.com\/IILOLubin\/"],"logo":{"@type":"ImageObject","inLanguage":"pl-PL","@id":"https:\/\/2liceum.eu\/#\/schema\/logo\/image\/","url":"https:\/\/2liceum.eu\/wp-content\/uploads\/2018\/01\/pobrane.jpg","contentUrl":"https:\/\/2liceum.eu\/wp-content\/uploads\/2018\/01\/pobrane.jpg","width":184,"height":183,"caption":"II Liceum Og\u00f3lnokszta\u0142c\u0105ce w Lubinie"},"image":{"@id":"https:\/\/2liceum.eu\/#\/schema\/logo\/image\/"}},{"@type":"WebSite","@id":"https:\/\/2liceum.eu\/#website","url":"https:\/\/2liceum.eu\/","name":"II Liceum Og\u00f3lnokszta\u0142c\u0105ce w Lubinie","description":"Oficjalny portal II LO w Lubinie. Informacje o szkole, kadrze, zaj\u0119ciach dydaktycznych, ko\u0142ach zainteresowa\u0144, wolontariacie. Aktualno\u015bci. Galeria zdj\u0119\u0107.","publisher":{"@id":"https:\/\/2liceum.eu\/#organization"},"potentialAction":[{"@type":"SearchAction","target":{"@type":"EntryPoint","urlTemplate":"https:\/\/2liceum.eu\/?s={search_term_string}"},"query-input":"required name=search_term_string"}],"inLanguage":"pl-PL"},{"@type":"WebPage","@id":"https:\/\/2liceum.eu\/index.php\/2021\/10\/18\/3h-na-uniwersytecie-medycznym\/","url":"https:\/\/2liceum.eu\/index.php\/2021\/10\/18\/3h-na-uniwersytecie-medycznym\/","name":"3H na Uniwersytecie Medycznym! - II Liceum Og\u00f3lnokszta\u0142c\u0105ce w Lubinie","isPartOf":{"@id":"https:\/\/2liceum.eu\/#website"},"datePublished":"2021-10-18T13:13:48+00:00","dateModified":"2021-10-18T13:13:50+00:00","breadcrumb":{"@id":"https:\/\/2liceum.eu\/index.php\/2021\/10\/18\/3h-na-uniwersytecie-medycznym\/#breadcrumb"},"inLanguage":"pl-PL","potentialAction":[{"@type":"ReadAction","target":["https:\/\/2liceum.eu\/index.php\/2021\/10\/18\/3h-na-uniwersytecie-medycznym\/"]}]},{"@type":"BreadcrumbList","@id":"https:\/\/2liceum.eu\/index.php\/2021\/10\/18\/3h-na-uniwersytecie-medycznym\/#breadcrumb","itemListElement":[{"@type":"ListItem","position":1,"name":"Strona g\u0142\u00f3wna","item":"https:\/\/2liceum.eu\/"},{"@type":"ListItem","position":2,"name":"3H na&nbsp;Uniwersytecie Medycznym!"}]},{"@type":"Article","@id":"https:\/\/2liceum.eu\/index.php\/2021\/10\/18\/3h-na-uniwersytecie-medycznym\/#article","isPartOf":{"@id":"https:\/\/2liceum.eu\/index.php\/2021\/10\/18\/3h-na-uniwersytecie-medycznym\/"},"author":{"name":"Adam Dragan","@id":"https:\/\/2liceum.eu\/#\/schema\/person\/1a52557bfdaf047be954a8b190648da5"},"headline":"3H na Uniwersytecie Medycznym!","datePublished":"2021-10-18T13:13:48+00:00","dateModified":"2021-10-18T13:13:50+00:00","mainEntityOfPage":{"@id":"https:\/\/2liceum.eu\/index.php\/2021\/10\/18\/3h-na-uniwersytecie-medycznym\/"},"wordCount":114,"commentCount":0,"publisher":{"@id":"https:\/\/2liceum.eu\/#organization"},"articleSection":["Aktualno\u015bci"],"inLanguage":"pl-PL","potentialAction":[{"@type":"CommentAction","name":"Comment","target":["https:\/\/2liceum.eu\/index.php\/2021\/10\/18\/3h-na-uniwersytecie-medycznym\/#respond"]}]},{"@type":"Person","@id":"https:\/\/2liceum.eu\/#\/schema\/person\/1a52557bfdaf047be954a8b190648da5","name":"Adam Dragan","image":{"@type":"ImageObject","inLanguage":"pl-PL","@id":"https:\/\/2liceum.eu\/#\/schema\/person\/image\/","url":"https:\/\/secure.gravatar.com\/avatar\/3a2bee53698f47ac117505a8a054d1e47e9ee9593c4c77dc18374aa80472d80c?s=96&d=mm&r=g","contentUrl":"https:\/\/secure.gravatar.com\/avatar\/3a2bee53698f47ac117505a8a054d1e47e9ee9593c4c77dc18374aa80472d80c?s=96&d=mm&r=g","caption":"Adam Dragan"},"sameAs":["http:\/\/2liceum.eu"]}]}},"_links":{"self":[{"href":"https:\/\/2liceum.eu\/index.php\/wp-json\/wp\/v2\/posts\/6350","targetHints":{"allow":["GET"]}}],"collection":[{"href":"https:\/\/2liceum.eu\/index.php\/wp-json\/wp\/v2\/posts"}],"about":[{"href":"https:\/\/2liceum.eu\/index.php\/wp-json\/wp\/v2\/types\/post"}],"author":[{"embeddable":true,"href":"https:\/\/2liceum.eu\/index.php\/wp-json\/wp\/v2\/users\/2"}],"replies":[{"embeddable":true,"href":"https:\/\/2liceum.eu\/index.php\/wp-json\/wp\/v2\/comments?post=6350"}],"version-history":[{"count":1,"href":"https:\/\/2liceum.eu\/index.php\/wp-json\/wp\/v2\/posts\/6350\/revisions"}],"predecessor-version":[{"id":6356,"href":"https:\/\/2liceum.eu\/index.php\/wp-json\/wp\/v2\/posts\/6350\/revisions\/6356"}],"wp:attachment":[{"href":"https:\/\/2liceum.eu\/index.php\/wp-json\/wp\/v2\/media?parent=6350"}],"wp:term":[{"taxonomy":"category","embeddable":true,"href":"https:\/\/2liceum.eu\/index.php\/wp-json\/wp\/v2\/categories?post=6350"},{"taxonomy":"post_tag","embeddable":true,"href":"https:\/\/2liceum.eu\/index.php\/wp-json\/wp\/v2\/tags?post=6350"}],"curies":[{"name":"wp","href":"https:\/\/api.w.org\/{rel}","templated":true}]}}