{"id":6523,"date":"2021-11-03T13:00:57","date_gmt":"2021-11-03T12:00:57","guid":{"rendered":"https:\/\/2liceum.eu\/?p=6523"},"modified":"2021-11-03T13:16:52","modified_gmt":"2021-11-03T12:16:52","slug":"niecodzienna-lekcja-jezyka-polskiego-w-klasie-i-e","status":"publish","type":"post","link":"https:\/\/2liceum.eu\/index.php\/2021\/11\/03\/niecodzienna-lekcja-jezyka-polskiego-w-klasie-i-e\/","title":{"rendered":"NIECODZIENNA LEKCJA J\u0118ZYKA POLSKIEGO W KLASIE I E !"},"content":{"rendered":"\n<p>&nbsp;<\/p>\n<p style=\"text-align: center;\"><img loading=\"lazy\" decoding=\"async\" class=\"alignnone  wp-image-6529\" src=\"https:\/\/2liceum.eu\/wp-content\/uploads\/2021\/11\/1.jpg\" alt=\"\" width=\"679\" height=\"509\" srcset=\"https:\/\/2liceum.eu\/wp-content\/uploads\/2021\/11\/1.jpg 1234w, https:\/\/2liceum.eu\/wp-content\/uploads\/2021\/11\/1-300x225.jpg 300w, https:\/\/2liceum.eu\/wp-content\/uploads\/2021\/11\/1-1024x768.jpg 1024w, https:\/\/2liceum.eu\/wp-content\/uploads\/2021\/11\/1-768x576.jpg 768w\" sizes=\"auto, (max-width: 679px) 100vw, 679px\" \/><\/p>\n<p>&nbsp;<\/p>\n<p style=\"text-align: justify;\">Czasem zdarzy\u0107 si\u0119 mo\u017ce zamiana r\u00f3l. Warto o niej pami\u0119ta\u0107, by zainspirowa\u0107, pobudzi\u0107 do kreatywno\u015bci i dzia\u0142ania jednych uczni\u00f3w, a drugim zaoferowa\u0107 niecodzienne do\u015bwiadczenie. Co zatem wynikn\u0105\u0107 mo\u017ce z faktu, gdy zamiast nauczycielki lekcj\u0119 j\u0119zyka polskiego prowadz\u0105 jej uczennice?<\/p>\n<p style=\"text-align: center;\"><!--more--><\/p>\n<p>&nbsp;<\/p>\n<div style=\"width: 606px;\" class=\"wp-video\"><video class=\"wp-video-shortcode\" id=\"video-6523-1\" width=\"606\" height=\"341\" preload=\"metadata\" controls=\"controls\"><source type=\"video\/mp4\" src=\"https:\/\/2liceum.eu\/images\/lekcja1e.mp4?_=1\" \/><a href=\"https:\/\/2liceum.eu\/images\/lekcja1e.mp4\">https:\/\/2liceum.eu\/images\/lekcja1e.mp4<\/a><\/video><\/div>\n<center>\n<p>&nbsp;<\/p>\n<p style=\"text-align: justify;\"><span style=\"font-size: revert; text-align: justify; color: initial;\">O wra\u017cenia trzeba by zapyta\u0107 klas\u0119 I e. W pi\u0105tek 20 pa\u017adziernika uczestniczy\u0142a ona w zaj\u0119ciach przygotowanych przez Maj\u0119 Fiebig i Milen\u0119 H\u00fcbscher \u2013 uczennice klasy III i. Dziewcz\u0119ta zaj\u0119\u0142y si\u0119 ciekawym i niezmiennie aktualnym zagadnieniem mitologicznym \u2013 mitem o Narcyzie. Pami\u0119ta\u0142y, aby nada\u0107 owej historii r\u00f3wnie\u017c wsp\u00f3\u0142czesny, psychologiczny rys. I s\u0142usznie. Uczestnicy zaj\u0119\u0107 \u017cywo reagowali na zadawane pytania, stymulowani szukali i odkrywali niejasno\u015bci, zawi\u0142o\u015bci narcyzmu.<\/span><\/p>\n<\/center>\n<p style=\"text-align: justify;\">A Maja i Milena \u2026pozyska\u0142y materia\u0142 do rozwa\u017cania i rozmy\u015blania o sobie. Mo\u017ce upewni\u0105 si\u0119, \u017ce droga, kt\u00f3r\u0105 ju\u017c instynktownie wybra\u0142y, b\u0119dzie wielk\u0105 dydaktyczn\u0105 przygod\u0105 spe\u0142niaj\u0105c\u0105 ich aspiracje.<\/p>\n<p>&nbsp;<\/p>\n<p style=\"text-align: center;\"><img loading=\"lazy\" decoding=\"async\" class=\"alignnone  wp-image-6530\" src=\"https:\/\/2liceum.eu\/wp-content\/uploads\/2021\/11\/2.jpg\" alt=\"\" width=\"743\" height=\"558\" srcset=\"https:\/\/2liceum.eu\/wp-content\/uploads\/2021\/11\/2.jpg 1386w, https:\/\/2liceum.eu\/wp-content\/uploads\/2021\/11\/2-300x225.jpg 300w, https:\/\/2liceum.eu\/wp-content\/uploads\/2021\/11\/2-1024x768.jpg 1024w, https:\/\/2liceum.eu\/wp-content\/uploads\/2021\/11\/2-768x576.jpg 768w\" sizes=\"auto, (max-width: 743px) 100vw, 743px\" \/><\/p>\n<p>&nbsp;<\/p>\n<p style=\"text-align: justify;\">Dziewcz\u0119ta, warto doda\u0107, nie tylko wyja\u015bniaj\u0105 \u015bwiat poprzez prowadzenie lekcji, pisz\u0105 r\u00f3wnie\u017c wiersze. Pozw\u00f3lcie zatem, \u017ce poka\u017cemy, co pr\u00f3buj\u0105 wyrazi\u0107 s\u0142owem.<\/p>\n<p>&nbsp;<\/p>\n<p><strong>Maja Fiebig<\/strong><\/p>\n<p><em>pok\u00f3j pusty<\/em><\/p>\n<p>&nbsp;<\/p>\n<p>po kawa\u0142ku wynosz\u0119 m\u0105 dusz\u0119<\/p>\n<p>pakuj\u0119 w kartony i worki<\/p>\n<p>spod \u0142\u00f3\u017cka wyci\u0105gam za nogi<\/p>\n<p>wszystkie schowane potworki<\/p>\n<p>\u015bci\u0105gam ze \u015bcian i odrywam<\/p>\n<p>a duszy powoli ubywa<\/p>\n<p>i tylko echem si\u0119 niesie<\/p>\n<p>i jej krzyk m\u00f3j umys\u0142 rozrywa<\/p>\n<p>i widz\u0119 jak w moj\u0105 stron\u0119<\/p>\n<p>wyci\u0105gaj\u0105 swe r\u0105czki pos\u0105\u017cki<\/p>\n<p>a ja je do piersi przytulam<\/p>\n<p>i chwytam p\u0142acz\u0105ce wci\u0105\u017c ksi\u0105\u017cki<\/p>\n<p>i nie ma ju\u017c tutaj mej duszy<\/p>\n<p>po k\u0105tach si\u0119 wala kurz t\u0142usty<\/p>\n<p>a w moich wspomnieniach pozosta\u0142<\/p>\n<p>pok\u00f3j pusty<\/p>\n<p>&nbsp;<\/p>\n<p>&nbsp;<\/p>\n<p>w g\u0142owie tyle my\u015bli<\/p>\n<p>nie otwieram wi\u0119c ust<\/p>\n<p>\u017ceby \u017cadna nie ujrza\u0142a \u015bwiat\u0142a dziennego<\/p>\n<p>&nbsp;<\/p>\n<p>milcz\u0119 bo nie potrafi\u0119 ich ubra\u0107<\/p>\n<p>w falbanki koronki i pi\u00f3ra<\/p>\n<p>ka\u017cda chce zaprezentowa\u0107 si\u0119 nago<\/p>\n<p>&nbsp;<\/p>\n<p>przewlekam nitk\u0119 przez ig\u0142\u0119<\/p>\n<p>nabijam i zaszywam ni\u0105 wargi<\/p>\n<p>czy to ju\u017c czas na radykalne \u015brodki?<\/p>\n<p>&nbsp;<\/p>\n<p>milcz\u0119 chocia\u017c mam tyle do wykrzyczenia<\/p>\n<p>bo ka\u017cde s\u0142owo zmienia mnie w kogo\u015b<\/p>\n<p>kim nie jestem<\/p>\n<p>&nbsp;<\/p>\n<p><strong>Milena H<\/strong><strong>\u00fcbscher<\/strong><\/p>\n<p><em>Ka\u017cdym razem jak za pierwszym razem<\/em><\/p>\n<p>&nbsp;<\/p>\n<p>Spotkajmy si\u0119 kolejnym razem<\/p>\n<p>jak za pierwszym razem<\/p>\n<p>cho\u0107 \u015bwiadomo\u015b\u0107 b\u0119dzie<\/p>\n<p>sprzeczna z rzeczywisto\u015bci\u0105<\/p>\n<p>my stworzymy nowe zasady<\/p>\n<p>by spotyka\u0107 si\u0119<\/p>\n<p>zawsze po raz pierwszy.<\/p>\n<p>Kilka razy<\/p>\n<p>spacerowa\u0107 wok\u00f3\u0142 stawu<\/p>\n<p>za ka\u017cdym razem dziewi\u0119\u0107 razy<\/p>\n<p>bo<\/p>\n<p>za drugim<\/p>\n<p>by\u0142o ju\u017c jedno mniej.<\/p>\n<p>Za ka\u017cdym razem chc\u0119 robi\u0107 na tobie<\/p>\n<p>dobre pierwsze wra\u017cenie<\/p>\n<p>cho\u0107 przy drugim spotkaniu<\/p>\n<p>zachwycisz si\u0119 jeszcze bardziej<\/p>\n<p>poniewa\u017c spotkamy si\u0119 po raz pierwszy<\/p>\n<p>obejdziemy staw dziewi\u0119\u0107 razy<\/p>\n<p>tylko wi\u0119cej o jeden<\/p>\n<p>ni\u017c za razem pierwszym.<\/p>\n<p>&nbsp;<\/p>\n<p><em>&nbsp;<\/em><\/p>\n<p>Jasn\u0105 noc\u0105<\/p>\n<p>w ciemny dzie\u0144<\/p>\n<p>nic nie b\u0119dzie widoczne<\/p>\n<p>nic ukryte.<\/p>\n<p>&nbsp;<\/p>\n<p>G\u0142o\u015bny szept<\/p>\n<p>cichy krzyk<\/p>\n<p>nic nie b\u0119dzie jednoznaczne<\/p>\n<p>nic niew\u0105tpliwe.<\/p>\n<p>&nbsp;<\/p>\n<p>Za mg\u0142\u0105<\/p>\n<p>i w chmurach<\/p>\n<p>nic nie b\u0119dzie niedostrzegalne<\/p>\n<p>nic uchwytne.<\/p>\n<p>&nbsp;<\/p>\n<p>W ogrodzie<\/p>\n<p>i zagrodzie<\/p>\n<p>nic nie b\u0119dzie prawdziwe<\/p>\n<p>nic opuszczone.<\/p>\n<p>&nbsp;<\/p>\n<p>Ze znakiem<\/p>\n<p>na wznak<\/p>\n<p>spotkamy si\u0119<\/p>\n<p>ot tak<\/p>\n<p>w jasny dzie\u0144<\/p>\n<p>ciemn\u0105 noc\u0105<\/p>\n<p>w cichym szepcie<\/p>\n<p>g\u0142o\u015bnym krzyku<\/p>\n<p>wszystko jednoznaczne<\/p>\n<p>prostolinijne<\/p>\n<p>widoczne<\/p>\n<p>bajeczne<\/p>\n<p>w kwitn\u0105cym ogrodzie<\/p>\n<p>i kochaj\u0105cej zagrodzie<\/p>\n<p>spotkamy si\u0119 ot tak<\/p>\n<p>ze znakiem<\/p>\n<p>na wznak.<\/p>\n<p>&nbsp;<\/p>\n<p>Przywyk\u0142am do \u015bwiadomo\u015bci<\/p>\n<p>\u015bwiadomo\u015b\u0107 nie przywyk\u0142a do mnie<\/p>\n<p>s\u0105 razem na wojnie<\/p>\n<p>na wojnie o mnie.<\/p>\n<p>&nbsp;<\/p>\n<p>Za du\u017co widzia\u0142am<\/p>\n<p>aby otworzy\u0107 oczy.<\/p>\n<p>Za du\u017co s\u0142ysza\u0142am,<\/p>\n<p>aby nie by\u0107 g\u0142uch\u0105.<\/p>\n<p>Za du\u017co odczu\u0142am,<\/p>\n<p>wi\u0119c nie czuj\u0119 ju\u017c nic.<\/p>\n<p>Nie umiem u\u017cy\u0107 klucza do wolno\u015bci,<\/p>\n<p>jestem zak\u0142adnikiem przesz\u0142o\u015bci.<\/p>\n<p style=\"text-align: right;\">&nbsp;&nbsp;&nbsp;&nbsp;&nbsp;&nbsp;&nbsp;&nbsp;&nbsp;&nbsp;&nbsp;&nbsp;&nbsp;&nbsp;&nbsp;&nbsp;&nbsp;&nbsp;&nbsp;&nbsp;&nbsp;&nbsp;&nbsp;&nbsp;&nbsp;&nbsp;&nbsp;&nbsp;&nbsp;&nbsp;&nbsp;&nbsp;&nbsp;&nbsp;&nbsp;&nbsp;&nbsp;&nbsp;&nbsp;&nbsp;&nbsp;&nbsp;&nbsp;&nbsp;&nbsp;&nbsp;&nbsp;&nbsp;&nbsp;&nbsp;&nbsp;&nbsp;&nbsp;&nbsp;&nbsp;&nbsp;&nbsp;&nbsp;&nbsp;&nbsp;&nbsp;&nbsp;&nbsp;&nbsp;&nbsp;&nbsp;&nbsp;&nbsp;&nbsp;&nbsp;&nbsp;&nbsp;&nbsp;&nbsp;&nbsp;&nbsp;&nbsp;&nbsp;&nbsp;&nbsp;&nbsp;&nbsp;&nbsp;&nbsp;&nbsp;&nbsp;&nbsp;&nbsp;&nbsp;&nbsp;&nbsp;&nbsp;&nbsp;&nbsp;&nbsp;&nbsp;&nbsp;&nbsp;&nbsp;&nbsp;&nbsp;&nbsp;&nbsp;&nbsp;&nbsp;&nbsp;&nbsp;&nbsp;&nbsp;&nbsp;&nbsp;&nbsp;&nbsp;&nbsp;&nbsp;&nbsp;&nbsp;&nbsp;&nbsp;&nbsp;&nbsp;&nbsp;&nbsp;&nbsp;&nbsp;&nbsp;&nbsp;&nbsp;&nbsp;&nbsp;&nbsp;&nbsp;&nbsp;&nbsp;&nbsp;&nbsp;&nbsp;&nbsp;&nbsp;&nbsp;&nbsp;&nbsp;&nbsp;&nbsp;&nbsp;&nbsp;&nbsp;&nbsp;&nbsp;&nbsp;&nbsp;&nbsp;&nbsp;&nbsp;&nbsp;&nbsp;&nbsp;&nbsp;&nbsp;&nbsp;&nbsp;&nbsp;&nbsp;&nbsp;&nbsp;&nbsp;&nbsp;&nbsp;&nbsp;&nbsp;&nbsp;&nbsp;<\/p>\n<p style=\"text-align: right;\">Dzi\u0119kujemy,<\/p>\n<p style=\"text-align: right;\">&nbsp;&nbsp;&nbsp;&nbsp;&nbsp;&nbsp;&nbsp;&nbsp;&nbsp;&nbsp;&nbsp;&nbsp;&nbsp;&nbsp;&nbsp;&nbsp;&nbsp;&nbsp;&nbsp;&nbsp;&nbsp;&nbsp;&nbsp;&nbsp;&nbsp;&nbsp;&nbsp;&nbsp;&nbsp;&nbsp;&nbsp;&nbsp;&nbsp;&nbsp;&nbsp;&nbsp;&nbsp;&nbsp;&nbsp;&nbsp;&nbsp;&nbsp;&nbsp;&nbsp;&nbsp;&nbsp;&nbsp;&nbsp;&nbsp;&nbsp;&nbsp;&nbsp;&nbsp;&nbsp;&nbsp;&nbsp;&nbsp;&nbsp;&nbsp;&nbsp;&nbsp;&nbsp;&nbsp;&nbsp;&nbsp;&nbsp;&nbsp;&nbsp;&nbsp;&nbsp;&nbsp;&nbsp;&nbsp;&nbsp;&nbsp;&nbsp;&nbsp;&nbsp;&nbsp;&nbsp;&nbsp;&nbsp;&nbsp;&nbsp;&nbsp;&nbsp;&nbsp;&nbsp;&nbsp;&nbsp;&nbsp;&nbsp;&nbsp;&nbsp;&nbsp;&nbsp;&nbsp;&nbsp;&nbsp;&nbsp;&nbsp;&nbsp;&nbsp;&nbsp;&nbsp;&nbsp;&nbsp;&nbsp;&nbsp;&nbsp;&nbsp;&nbsp;&nbsp;&nbsp;&nbsp;&nbsp;&nbsp;&nbsp;&nbsp;&nbsp;&nbsp;&nbsp;&nbsp;&nbsp;&nbsp;&nbsp;&nbsp;&nbsp;&nbsp;&nbsp;&nbsp;&nbsp;&nbsp;&nbsp;&nbsp;&nbsp;&nbsp;&nbsp;&nbsp;&nbsp;&nbsp;&nbsp;&nbsp;&nbsp;&nbsp;&nbsp;&nbsp;&nbsp;&nbsp;&nbsp;&nbsp;&nbsp;&nbsp;&nbsp;&nbsp;&nbsp; Ewelina Majerczak<\/p>\n<p>&nbsp;<\/p>\n","protected":false},"excerpt":{"rendered":"<p>&nbsp; &nbsp; Czasem zdarzy\u0107 si\u0119 mo\u017ce zamiana r\u00f3l. Warto o niej pami\u0119ta\u0107, by zainspirowa\u0107, pobudzi\u0107 do kreatywno\u015bci i dzia\u0142ania jednych uczni\u00f3w, a drugim zaoferowa\u0107 niecodzienne do\u015bwiadczenie. Co zatem wynikn\u0105\u0107 mo\u017ce z faktu, gdy zamiast nauczycielki lekcj\u0119 j\u0119zyka polskiego prowadz\u0105 jej uczennice?<\/p>\n","protected":false},"author":2,"featured_media":0,"comment_status":"open","ping_status":"open","sticky":false,"template":"","format":"standard","meta":{"ngg_post_thumbnail":0,"footnotes":""},"categories":[1],"tags":[],"class_list":["post-6523","post","type-post","status-publish","format-standard","hentry","category-aktualnosci"],"yoast_head":"<!-- This site is optimized with the Yoast SEO plugin v19.4 - https:\/\/yoast.com\/wordpress\/plugins\/seo\/ -->\n<title>NIECODZIENNA LEKCJA J\u0118ZYKA POLSKIEGO W KLASIE I E ! - II Liceum Og\u00f3lnokszta\u0142c\u0105ce w Lubinie<\/title>\n<meta name=\"robots\" content=\"index, follow, max-snippet:-1, max-image-preview:large, max-video-preview:-1\" \/>\n<link rel=\"canonical\" href=\"https:\/\/2liceum.eu\/index.php\/2021\/11\/03\/niecodzienna-lekcja-jezyka-polskiego-w-klasie-i-e\/\" \/>\n<meta property=\"og:locale\" content=\"pl_PL\" \/>\n<meta property=\"og:type\" content=\"article\" \/>\n<meta property=\"og:title\" content=\"NIECODZIENNA LEKCJA J\u0118ZYKA POLSKIEGO W KLASIE I E ! - II Liceum Og\u00f3lnokszta\u0142c\u0105ce w Lubinie\" \/>\n<meta property=\"og:description\" content=\"&nbsp; &nbsp; Czasem zdarzy\u0107 si\u0119 mo\u017ce zamiana r\u00f3l. Warto o niej pami\u0119ta\u0107, by zainspirowa\u0107, pobudzi\u0107 do kreatywno\u015bci i dzia\u0142ania jednych uczni\u00f3w, a drugim zaoferowa\u0107 niecodzienne do\u015bwiadczenie. Co zatem wynikn\u0105\u0107 mo\u017ce z faktu, gdy zamiast nauczycielki lekcj\u0119 j\u0119zyka polskiego prowadz\u0105 jej uczennice?\" \/>\n<meta property=\"og:url\" content=\"https:\/\/2liceum.eu\/index.php\/2021\/11\/03\/niecodzienna-lekcja-jezyka-polskiego-w-klasie-i-e\/\" \/>\n<meta property=\"og:site_name\" content=\"II Liceum Og\u00f3lnokszta\u0142c\u0105ce w Lubinie\" \/>\n<meta property=\"article:publisher\" content=\"https:\/\/web.facebook.com\/IILOLubin\/\" \/>\n<meta property=\"article:published_time\" content=\"2021-11-03T12:00:57+00:00\" \/>\n<meta property=\"article:modified_time\" content=\"2021-11-03T12:16:52+00:00\" \/>\n<meta property=\"og:image\" content=\"https:\/\/2liceum.eu\/wp-content\/uploads\/2021\/11\/1.jpg\" \/>\n<meta name=\"author\" content=\"Adam Dragan\" \/>\n<meta name=\"twitter:card\" content=\"summary_large_image\" \/>\n<meta name=\"twitter:label1\" content=\"Napisane przez\" \/>\n\t<meta name=\"twitter:data1\" content=\"Adam Dragan\" \/>\n\t<meta name=\"twitter:label2\" content=\"Szacowany czas czytania\" \/>\n\t<meta name=\"twitter:data2\" content=\"3 minuty\" \/>\n<script type=\"application\/ld+json\" class=\"yoast-schema-graph\">{\"@context\":\"https:\/\/schema.org\",\"@graph\":[{\"@type\":\"Organization\",\"@id\":\"https:\/\/2liceum.eu\/#organization\",\"name\":\"II Liceum Og\u00f3lnokszta\u0142c\u0105ce w Lubinie\",\"url\":\"https:\/\/2liceum.eu\/\",\"sameAs\":[\"http:\/\/2lolubin\",\"https:\/\/www.youtube.com\/channel\/UCWjEMxRJYdfvxPhVOn-8g_g\",\"https:\/\/web.facebook.com\/IILOLubin\/\"],\"logo\":{\"@type\":\"ImageObject\",\"inLanguage\":\"pl-PL\",\"@id\":\"https:\/\/2liceum.eu\/#\/schema\/logo\/image\/\",\"url\":\"https:\/\/2liceum.eu\/wp-content\/uploads\/2018\/01\/pobrane.jpg\",\"contentUrl\":\"https:\/\/2liceum.eu\/wp-content\/uploads\/2018\/01\/pobrane.jpg\",\"width\":184,\"height\":183,\"caption\":\"II Liceum Og\u00f3lnokszta\u0142c\u0105ce w Lubinie\"},\"image\":{\"@id\":\"https:\/\/2liceum.eu\/#\/schema\/logo\/image\/\"}},{\"@type\":\"WebSite\",\"@id\":\"https:\/\/2liceum.eu\/#website\",\"url\":\"https:\/\/2liceum.eu\/\",\"name\":\"II Liceum Og\u00f3lnokszta\u0142c\u0105ce w Lubinie\",\"description\":\"Oficjalny portal II LO w Lubinie. Informacje o szkole, kadrze, zaj\u0119ciach dydaktycznych, ko\u0142ach zainteresowa\u0144, wolontariacie. Aktualno\u015bci. Galeria zdj\u0119\u0107.\",\"publisher\":{\"@id\":\"https:\/\/2liceum.eu\/#organization\"},\"potentialAction\":[{\"@type\":\"SearchAction\",\"target\":{\"@type\":\"EntryPoint\",\"urlTemplate\":\"https:\/\/2liceum.eu\/?s={search_term_string}\"},\"query-input\":\"required name=search_term_string\"}],\"inLanguage\":\"pl-PL\"},{\"@type\":\"WebPage\",\"@id\":\"https:\/\/2liceum.eu\/index.php\/2021\/11\/03\/niecodzienna-lekcja-jezyka-polskiego-w-klasie-i-e\/\",\"url\":\"https:\/\/2liceum.eu\/index.php\/2021\/11\/03\/niecodzienna-lekcja-jezyka-polskiego-w-klasie-i-e\/\",\"name\":\"NIECODZIENNA LEKCJA J\u0118ZYKA POLSKIEGO W KLASIE I E ! - II Liceum Og\u00f3lnokszta\u0142c\u0105ce w Lubinie\",\"isPartOf\":{\"@id\":\"https:\/\/2liceum.eu\/#website\"},\"datePublished\":\"2021-11-03T12:00:57+00:00\",\"dateModified\":\"2021-11-03T12:16:52+00:00\",\"breadcrumb\":{\"@id\":\"https:\/\/2liceum.eu\/index.php\/2021\/11\/03\/niecodzienna-lekcja-jezyka-polskiego-w-klasie-i-e\/#breadcrumb\"},\"inLanguage\":\"pl-PL\",\"potentialAction\":[{\"@type\":\"ReadAction\",\"target\":[\"https:\/\/2liceum.eu\/index.php\/2021\/11\/03\/niecodzienna-lekcja-jezyka-polskiego-w-klasie-i-e\/\"]}]},{\"@type\":\"BreadcrumbList\",\"@id\":\"https:\/\/2liceum.eu\/index.php\/2021\/11\/03\/niecodzienna-lekcja-jezyka-polskiego-w-klasie-i-e\/#breadcrumb\",\"itemListElement\":[{\"@type\":\"ListItem\",\"position\":1,\"name\":\"Strona g\u0142\u00f3wna\",\"item\":\"https:\/\/2liceum.eu\/\"},{\"@type\":\"ListItem\",\"position\":2,\"name\":\"NIECODZIENNA LEKCJA J\u0118ZYKA POLSKIEGO W KLASIE I E !\"}]},{\"@type\":\"Article\",\"@id\":\"https:\/\/2liceum.eu\/index.php\/2021\/11\/03\/niecodzienna-lekcja-jezyka-polskiego-w-klasie-i-e\/#article\",\"isPartOf\":{\"@id\":\"https:\/\/2liceum.eu\/index.php\/2021\/11\/03\/niecodzienna-lekcja-jezyka-polskiego-w-klasie-i-e\/\"},\"author\":{\"name\":\"Adam Dragan\",\"@id\":\"https:\/\/2liceum.eu\/#\/schema\/person\/1a52557bfdaf047be954a8b190648da5\"},\"headline\":\"NIECODZIENNA LEKCJA J\u0118ZYKA POLSKIEGO W KLASIE I E !\",\"datePublished\":\"2021-11-03T12:00:57+00:00\",\"dateModified\":\"2021-11-03T12:16:52+00:00\",\"mainEntityOfPage\":{\"@id\":\"https:\/\/2liceum.eu\/index.php\/2021\/11\/03\/niecodzienna-lekcja-jezyka-polskiego-w-klasie-i-e\/\"},\"wordCount\":982,\"commentCount\":0,\"publisher\":{\"@id\":\"https:\/\/2liceum.eu\/#organization\"},\"articleSection\":[\"Aktualno\u015bci\"],\"inLanguage\":\"pl-PL\",\"potentialAction\":[{\"@type\":\"CommentAction\",\"name\":\"Comment\",\"target\":[\"https:\/\/2liceum.eu\/index.php\/2021\/11\/03\/niecodzienna-lekcja-jezyka-polskiego-w-klasie-i-e\/#respond\"]}]},{\"@type\":\"Person\",\"@id\":\"https:\/\/2liceum.eu\/#\/schema\/person\/1a52557bfdaf047be954a8b190648da5\",\"name\":\"Adam Dragan\",\"image\":{\"@type\":\"ImageObject\",\"inLanguage\":\"pl-PL\",\"@id\":\"https:\/\/2liceum.eu\/#\/schema\/person\/image\/\",\"url\":\"https:\/\/secure.gravatar.com\/avatar\/3a2bee53698f47ac117505a8a054d1e47e9ee9593c4c77dc18374aa80472d80c?s=96&d=mm&r=g\",\"contentUrl\":\"https:\/\/secure.gravatar.com\/avatar\/3a2bee53698f47ac117505a8a054d1e47e9ee9593c4c77dc18374aa80472d80c?s=96&d=mm&r=g\",\"caption\":\"Adam Dragan\"},\"sameAs\":[\"http:\/\/2liceum.eu\"]}]}<\/script>\n<!-- \/ Yoast SEO plugin. -->","yoast_head_json":{"title":"NIECODZIENNA LEKCJA J\u0118ZYKA POLSKIEGO W KLASIE I E ! - II Liceum Og\u00f3lnokszta\u0142c\u0105ce w Lubinie","robots":{"index":"index","follow":"follow","max-snippet":"max-snippet:-1","max-image-preview":"max-image-preview:large","max-video-preview":"max-video-preview:-1"},"canonical":"https:\/\/2liceum.eu\/index.php\/2021\/11\/03\/niecodzienna-lekcja-jezyka-polskiego-w-klasie-i-e\/","og_locale":"pl_PL","og_type":"article","og_title":"NIECODZIENNA LEKCJA J\u0118ZYKA POLSKIEGO W KLASIE I E ! - II Liceum Og\u00f3lnokszta\u0142c\u0105ce w Lubinie","og_description":"&nbsp; &nbsp; Czasem zdarzy\u0107 si\u0119 mo\u017ce zamiana r\u00f3l. Warto o niej pami\u0119ta\u0107, by zainspirowa\u0107, pobudzi\u0107 do kreatywno\u015bci i dzia\u0142ania jednych uczni\u00f3w, a drugim zaoferowa\u0107 niecodzienne do\u015bwiadczenie. Co zatem wynikn\u0105\u0107 mo\u017ce z faktu, gdy zamiast nauczycielki lekcj\u0119 j\u0119zyka polskiego prowadz\u0105 jej uczennice?","og_url":"https:\/\/2liceum.eu\/index.php\/2021\/11\/03\/niecodzienna-lekcja-jezyka-polskiego-w-klasie-i-e\/","og_site_name":"II Liceum Og\u00f3lnokszta\u0142c\u0105ce w Lubinie","article_publisher":"https:\/\/web.facebook.com\/IILOLubin\/","article_published_time":"2021-11-03T12:00:57+00:00","article_modified_time":"2021-11-03T12:16:52+00:00","og_image":[{"url":"https:\/\/2liceum.eu\/wp-content\/uploads\/2021\/11\/1.jpg"}],"author":"Adam Dragan","twitter_card":"summary_large_image","twitter_misc":{"Napisane przez":"Adam Dragan","Szacowany czas czytania":"3 minuty"},"schema":{"@context":"https:\/\/schema.org","@graph":[{"@type":"Organization","@id":"https:\/\/2liceum.eu\/#organization","name":"II Liceum Og\u00f3lnokszta\u0142c\u0105ce w Lubinie","url":"https:\/\/2liceum.eu\/","sameAs":["http:\/\/2lolubin","https:\/\/www.youtube.com\/channel\/UCWjEMxRJYdfvxPhVOn-8g_g","https:\/\/web.facebook.com\/IILOLubin\/"],"logo":{"@type":"ImageObject","inLanguage":"pl-PL","@id":"https:\/\/2liceum.eu\/#\/schema\/logo\/image\/","url":"https:\/\/2liceum.eu\/wp-content\/uploads\/2018\/01\/pobrane.jpg","contentUrl":"https:\/\/2liceum.eu\/wp-content\/uploads\/2018\/01\/pobrane.jpg","width":184,"height":183,"caption":"II Liceum Og\u00f3lnokszta\u0142c\u0105ce w Lubinie"},"image":{"@id":"https:\/\/2liceum.eu\/#\/schema\/logo\/image\/"}},{"@type":"WebSite","@id":"https:\/\/2liceum.eu\/#website","url":"https:\/\/2liceum.eu\/","name":"II Liceum Og\u00f3lnokszta\u0142c\u0105ce w Lubinie","description":"Oficjalny portal II LO w Lubinie. Informacje o szkole, kadrze, zaj\u0119ciach dydaktycznych, ko\u0142ach zainteresowa\u0144, wolontariacie. Aktualno\u015bci. Galeria zdj\u0119\u0107.","publisher":{"@id":"https:\/\/2liceum.eu\/#organization"},"potentialAction":[{"@type":"SearchAction","target":{"@type":"EntryPoint","urlTemplate":"https:\/\/2liceum.eu\/?s={search_term_string}"},"query-input":"required name=search_term_string"}],"inLanguage":"pl-PL"},{"@type":"WebPage","@id":"https:\/\/2liceum.eu\/index.php\/2021\/11\/03\/niecodzienna-lekcja-jezyka-polskiego-w-klasie-i-e\/","url":"https:\/\/2liceum.eu\/index.php\/2021\/11\/03\/niecodzienna-lekcja-jezyka-polskiego-w-klasie-i-e\/","name":"NIECODZIENNA LEKCJA J\u0118ZYKA POLSKIEGO W KLASIE I E ! - II Liceum Og\u00f3lnokszta\u0142c\u0105ce w Lubinie","isPartOf":{"@id":"https:\/\/2liceum.eu\/#website"},"datePublished":"2021-11-03T12:00:57+00:00","dateModified":"2021-11-03T12:16:52+00:00","breadcrumb":{"@id":"https:\/\/2liceum.eu\/index.php\/2021\/11\/03\/niecodzienna-lekcja-jezyka-polskiego-w-klasie-i-e\/#breadcrumb"},"inLanguage":"pl-PL","potentialAction":[{"@type":"ReadAction","target":["https:\/\/2liceum.eu\/index.php\/2021\/11\/03\/niecodzienna-lekcja-jezyka-polskiego-w-klasie-i-e\/"]}]},{"@type":"BreadcrumbList","@id":"https:\/\/2liceum.eu\/index.php\/2021\/11\/03\/niecodzienna-lekcja-jezyka-polskiego-w-klasie-i-e\/#breadcrumb","itemListElement":[{"@type":"ListItem","position":1,"name":"Strona g\u0142\u00f3wna","item":"https:\/\/2liceum.eu\/"},{"@type":"ListItem","position":2,"name":"NIECODZIENNA LEKCJA J\u0118ZYKA POLSKIEGO W KLASIE I E !"}]},{"@type":"Article","@id":"https:\/\/2liceum.eu\/index.php\/2021\/11\/03\/niecodzienna-lekcja-jezyka-polskiego-w-klasie-i-e\/#article","isPartOf":{"@id":"https:\/\/2liceum.eu\/index.php\/2021\/11\/03\/niecodzienna-lekcja-jezyka-polskiego-w-klasie-i-e\/"},"author":{"name":"Adam Dragan","@id":"https:\/\/2liceum.eu\/#\/schema\/person\/1a52557bfdaf047be954a8b190648da5"},"headline":"NIECODZIENNA LEKCJA J\u0118ZYKA POLSKIEGO W KLASIE I E !","datePublished":"2021-11-03T12:00:57+00:00","dateModified":"2021-11-03T12:16:52+00:00","mainEntityOfPage":{"@id":"https:\/\/2liceum.eu\/index.php\/2021\/11\/03\/niecodzienna-lekcja-jezyka-polskiego-w-klasie-i-e\/"},"wordCount":982,"commentCount":0,"publisher":{"@id":"https:\/\/2liceum.eu\/#organization"},"articleSection":["Aktualno\u015bci"],"inLanguage":"pl-PL","potentialAction":[{"@type":"CommentAction","name":"Comment","target":["https:\/\/2liceum.eu\/index.php\/2021\/11\/03\/niecodzienna-lekcja-jezyka-polskiego-w-klasie-i-e\/#respond"]}]},{"@type":"Person","@id":"https:\/\/2liceum.eu\/#\/schema\/person\/1a52557bfdaf047be954a8b190648da5","name":"Adam Dragan","image":{"@type":"ImageObject","inLanguage":"pl-PL","@id":"https:\/\/2liceum.eu\/#\/schema\/person\/image\/","url":"https:\/\/secure.gravatar.com\/avatar\/3a2bee53698f47ac117505a8a054d1e47e9ee9593c4c77dc18374aa80472d80c?s=96&d=mm&r=g","contentUrl":"https:\/\/secure.gravatar.com\/avatar\/3a2bee53698f47ac117505a8a054d1e47e9ee9593c4c77dc18374aa80472d80c?s=96&d=mm&r=g","caption":"Adam Dragan"},"sameAs":["http:\/\/2liceum.eu"]}]}},"_links":{"self":[{"href":"https:\/\/2liceum.eu\/index.php\/wp-json\/wp\/v2\/posts\/6523","targetHints":{"allow":["GET"]}}],"collection":[{"href":"https:\/\/2liceum.eu\/index.php\/wp-json\/wp\/v2\/posts"}],"about":[{"href":"https:\/\/2liceum.eu\/index.php\/wp-json\/wp\/v2\/types\/post"}],"author":[{"embeddable":true,"href":"https:\/\/2liceum.eu\/index.php\/wp-json\/wp\/v2\/users\/2"}],"replies":[{"embeddable":true,"href":"https:\/\/2liceum.eu\/index.php\/wp-json\/wp\/v2\/comments?post=6523"}],"version-history":[{"count":6,"href":"https:\/\/2liceum.eu\/index.php\/wp-json\/wp\/v2\/posts\/6523\/revisions"}],"predecessor-version":[{"id":6535,"href":"https:\/\/2liceum.eu\/index.php\/wp-json\/wp\/v2\/posts\/6523\/revisions\/6535"}],"wp:attachment":[{"href":"https:\/\/2liceum.eu\/index.php\/wp-json\/wp\/v2\/media?parent=6523"}],"wp:term":[{"taxonomy":"category","embeddable":true,"href":"https:\/\/2liceum.eu\/index.php\/wp-json\/wp\/v2\/categories?post=6523"},{"taxonomy":"post_tag","embeddable":true,"href":"https:\/\/2liceum.eu\/index.php\/wp-json\/wp\/v2\/tags?post=6523"}],"curies":[{"name":"wp","href":"https:\/\/api.w.org\/{rel}","templated":true}]}}