{"id":6536,"date":"2021-11-03T14:21:51","date_gmt":"2021-11-03T13:21:51","guid":{"rendered":"https:\/\/2liceum.eu\/?p=6536"},"modified":"2021-11-03T14:21:53","modified_gmt":"2021-11-03T13:21:53","slug":"dwojkowe-spotkanie-z-dr-natalia-krej","status":"publish","type":"post","link":"https:\/\/2liceum.eu\/index.php\/2021\/11\/03\/dwojkowe-spotkanie-z-dr-natalia-krej\/","title":{"rendered":"&#8222;Dw\u00f3jkowe Spotkanie&#8221; z dr Natali\u0105 Krej!"},"content":{"rendered":"\n<p style=\"text-align: justify;\"><strong><img loading=\"lazy\" decoding=\"async\" class=\"size-full alignright\" src=\"https:\/\/2liceum.eu\/wp-content\/uploads\/sites\/1\/nggallery\/dwojkowe-spotkanie-dr-natalia-krej\/thumbs\/thumbs_4g-Kopiowanie.JPG\" width=\"240\" height=\"160\">W \u015brod\u0119 27.10, w naszej szkole odby\u0142o si\u0119 spotkanie z dr <span style=\"color: #008000;\">Natali\u0105 Krej<\/span>,<\/strong> kt\u00f3ra wprowadzi\u0142a klasy humanistyczne w \u015bwiat prawa. <strong>Pani Natalia Krej jest absolwentk\u0105 naszego liceum<\/strong>, doktorem nauk prawnych, wyk\u0142adowc\u0105 nauk prawnych w Wy\u017cszej Szkole Handlowej oraz zajmuje si\u0119 prowadzeniem w\u0142asnej Kancelarii prawnej we Wroc\u0142awiu. Specjalizuje si\u0119 w obs\u0142udze prawnej:<\/p>\n<ul>\n<li>sp\u00f3\u0142ek prawa handlowego<\/li>\n<li>prawie nieruchomo\u015bci<\/li>\n<li>prawie kontraktowym<\/li>\n<li>procesach inwestycji deweloperskich oraz wielko-powierzchniowych obiekt\u00f3w handlowych<\/li>\n<li>prawie konsumenckim<\/li>\n<li>prawie turystycznym<\/li>\n<li>prawie pracy<\/li>\n<li>prawie unijnym<\/li>\n<\/ul>\n<p style=\"text-align: justify;\">Pani Natalia Krej w bardzo ciekawy spos\u00f3b przybli\u017cy\u0142a uczniom szczeg\u00f3\u0142y prawniczego \u015brodowiska i pokaza\u0142a nam jak osi\u0105gn\u0105\u0107 swoje cele. Opowiedzia\u0142a te\u017c histori\u0119 swojego \u017cycia i to jakich wyrzecze\u0144 musia\u0142a dokonywa\u0107 na drodze swojej kariery. Spotkanie spotka\u0142o si\u0119 z bardzo pozytywnym odbiorem przez uczni\u00f3w.&nbsp;<\/p>\n<p>&nbsp;<\/p>\n\n\n\n<div class=\"wp-block-image\"><figure class=\"aligncenter size-full\"><a href=\"https:\/\/2liceum.eu\/index.php\/rok-szkolny-2021-2022\/nggallery\/rok-szkolny-2021-2022\/dwojkowe-spotkanie-dr-natalia-krej\"><img loading=\"lazy\" decoding=\"async\" width=\"119\" height=\"26\" src=\"https:\/\/2liceum.eu\/wp-content\/uploads\/2019\/12\/galeria.jpg\" alt=\"\" class=\"wp-image-4616\"\/><\/a><\/figure><\/div>\n","protected":false},"excerpt":{"rendered":"<p>W \u015brod\u0119 27.10, w naszej szkole odby\u0142o si\u0119 spotkanie z dr Natali\u0105 Krej, kt\u00f3ra wprowadzi\u0142a klasy humanistyczne w \u015bwiat prawa. Pani Natalia Krej jest absolwentk\u0105 naszego liceum, doktorem nauk prawnych, wyk\u0142adowc\u0105 nauk prawnych w Wy\u017cszej Szkole Handlowej oraz zajmuje si\u0119 prowadzeniem w\u0142asnej Kancelarii prawnej we Wroc\u0142awiu. Specjalizuje si\u0119 w obs\u0142udze prawnej: sp\u00f3\u0142ek prawa handlowego prawie [&hellip;]<\/p>\n","protected":false},"author":2,"featured_media":0,"comment_status":"open","ping_status":"open","sticky":false,"template":"","format":"standard","meta":{"ngg_post_thumbnail":0,"footnotes":""},"categories":[1],"tags":[],"class_list":["post-6536","post","type-post","status-publish","format-standard","hentry","category-aktualnosci"],"yoast_head":"<!-- This site is optimized with the Yoast SEO plugin v19.4 - https:\/\/yoast.com\/wordpress\/plugins\/seo\/ -->\n<title>&quot;Dw\u00f3jkowe Spotkanie&quot; z dr Natali\u0105 Krej! - II Liceum Og\u00f3lnokszta\u0142c\u0105ce w Lubinie<\/title>\n<meta name=\"robots\" content=\"index, follow, max-snippet:-1, max-image-preview:large, max-video-preview:-1\" \/>\n<link rel=\"canonical\" href=\"https:\/\/2liceum.eu\/index.php\/2021\/11\/03\/dwojkowe-spotkanie-z-dr-natalia-krej\/\" \/>\n<meta property=\"og:locale\" content=\"pl_PL\" \/>\n<meta property=\"og:type\" content=\"article\" \/>\n<meta property=\"og:title\" content=\"&quot;Dw\u00f3jkowe Spotkanie&quot; z dr Natali\u0105 Krej! - II Liceum Og\u00f3lnokszta\u0142c\u0105ce w Lubinie\" \/>\n<meta property=\"og:description\" content=\"W \u015brod\u0119 27.10, w naszej szkole odby\u0142o si\u0119 spotkanie z dr Natali\u0105 Krej, kt\u00f3ra wprowadzi\u0142a klasy humanistyczne w \u015bwiat prawa. Pani Natalia Krej jest absolwentk\u0105 naszego liceum, doktorem nauk prawnych, wyk\u0142adowc\u0105 nauk prawnych w Wy\u017cszej Szkole Handlowej oraz zajmuje si\u0119 prowadzeniem w\u0142asnej Kancelarii prawnej we Wroc\u0142awiu. Specjalizuje si\u0119 w obs\u0142udze prawnej: sp\u00f3\u0142ek prawa handlowego prawie [&hellip;]\" \/>\n<meta property=\"og:url\" content=\"https:\/\/2liceum.eu\/index.php\/2021\/11\/03\/dwojkowe-spotkanie-z-dr-natalia-krej\/\" \/>\n<meta property=\"og:site_name\" content=\"II Liceum Og\u00f3lnokszta\u0142c\u0105ce w Lubinie\" \/>\n<meta property=\"article:publisher\" content=\"https:\/\/web.facebook.com\/IILOLubin\/\" \/>\n<meta property=\"article:published_time\" content=\"2021-11-03T13:21:51+00:00\" \/>\n<meta property=\"article:modified_time\" content=\"2021-11-03T13:21:53+00:00\" \/>\n<meta property=\"og:image\" content=\"https:\/\/2liceum.eu\/wp-content\/uploads\/sites\/1\/nggallery\/dwojkowe-spotkanie-dr-natalia-krej\/thumbs\/thumbs_4g-Kopiowanie.JPG\" \/>\n<meta name=\"author\" content=\"Adam Dragan\" \/>\n<meta name=\"twitter:card\" content=\"summary_large_image\" \/>\n<meta name=\"twitter:label1\" content=\"Napisane przez\" \/>\n\t<meta name=\"twitter:data1\" content=\"Adam Dragan\" \/>\n\t<meta name=\"twitter:label2\" content=\"Szacowany czas czytania\" \/>\n\t<meta name=\"twitter:data2\" content=\"1 minuta\" \/>\n<script type=\"application\/ld+json\" class=\"yoast-schema-graph\">{\"@context\":\"https:\/\/schema.org\",\"@graph\":[{\"@type\":\"Organization\",\"@id\":\"https:\/\/2liceum.eu\/#organization\",\"name\":\"II Liceum Og\u00f3lnokszta\u0142c\u0105ce w Lubinie\",\"url\":\"https:\/\/2liceum.eu\/\",\"sameAs\":[\"http:\/\/2lolubin\",\"https:\/\/www.youtube.com\/channel\/UCWjEMxRJYdfvxPhVOn-8g_g\",\"https:\/\/web.facebook.com\/IILOLubin\/\"],\"logo\":{\"@type\":\"ImageObject\",\"inLanguage\":\"pl-PL\",\"@id\":\"https:\/\/2liceum.eu\/#\/schema\/logo\/image\/\",\"url\":\"https:\/\/2liceum.eu\/wp-content\/uploads\/2018\/01\/pobrane.jpg\",\"contentUrl\":\"https:\/\/2liceum.eu\/wp-content\/uploads\/2018\/01\/pobrane.jpg\",\"width\":184,\"height\":183,\"caption\":\"II Liceum Og\u00f3lnokszta\u0142c\u0105ce w Lubinie\"},\"image\":{\"@id\":\"https:\/\/2liceum.eu\/#\/schema\/logo\/image\/\"}},{\"@type\":\"WebSite\",\"@id\":\"https:\/\/2liceum.eu\/#website\",\"url\":\"https:\/\/2liceum.eu\/\",\"name\":\"II Liceum Og\u00f3lnokszta\u0142c\u0105ce w Lubinie\",\"description\":\"Oficjalny portal II LO w Lubinie. Informacje o szkole, kadrze, zaj\u0119ciach dydaktycznych, ko\u0142ach zainteresowa\u0144, wolontariacie. Aktualno\u015bci. Galeria zdj\u0119\u0107.\",\"publisher\":{\"@id\":\"https:\/\/2liceum.eu\/#organization\"},\"potentialAction\":[{\"@type\":\"SearchAction\",\"target\":{\"@type\":\"EntryPoint\",\"urlTemplate\":\"https:\/\/2liceum.eu\/?s={search_term_string}\"},\"query-input\":\"required name=search_term_string\"}],\"inLanguage\":\"pl-PL\"},{\"@type\":\"WebPage\",\"@id\":\"https:\/\/2liceum.eu\/index.php\/2021\/11\/03\/dwojkowe-spotkanie-z-dr-natalia-krej\/\",\"url\":\"https:\/\/2liceum.eu\/index.php\/2021\/11\/03\/dwojkowe-spotkanie-z-dr-natalia-krej\/\",\"name\":\"\\\"Dw\u00f3jkowe Spotkanie\\\" z dr Natali\u0105 Krej! - II Liceum Og\u00f3lnokszta\u0142c\u0105ce w Lubinie\",\"isPartOf\":{\"@id\":\"https:\/\/2liceum.eu\/#website\"},\"datePublished\":\"2021-11-03T13:21:51+00:00\",\"dateModified\":\"2021-11-03T13:21:53+00:00\",\"breadcrumb\":{\"@id\":\"https:\/\/2liceum.eu\/index.php\/2021\/11\/03\/dwojkowe-spotkanie-z-dr-natalia-krej\/#breadcrumb\"},\"inLanguage\":\"pl-PL\",\"potentialAction\":[{\"@type\":\"ReadAction\",\"target\":[\"https:\/\/2liceum.eu\/index.php\/2021\/11\/03\/dwojkowe-spotkanie-z-dr-natalia-krej\/\"]}]},{\"@type\":\"BreadcrumbList\",\"@id\":\"https:\/\/2liceum.eu\/index.php\/2021\/11\/03\/dwojkowe-spotkanie-z-dr-natalia-krej\/#breadcrumb\",\"itemListElement\":[{\"@type\":\"ListItem\",\"position\":1,\"name\":\"Strona g\u0142\u00f3wna\",\"item\":\"https:\/\/2liceum.eu\/\"},{\"@type\":\"ListItem\",\"position\":2,\"name\":\"&#8222;Dw\u00f3jkowe Spotkanie&#8221; z&nbsp;dr&nbsp;Natali\u0105 Krej!\"}]},{\"@type\":\"Article\",\"@id\":\"https:\/\/2liceum.eu\/index.php\/2021\/11\/03\/dwojkowe-spotkanie-z-dr-natalia-krej\/#article\",\"isPartOf\":{\"@id\":\"https:\/\/2liceum.eu\/index.php\/2021\/11\/03\/dwojkowe-spotkanie-z-dr-natalia-krej\/\"},\"author\":{\"name\":\"Adam Dragan\",\"@id\":\"https:\/\/2liceum.eu\/#\/schema\/person\/1a52557bfdaf047be954a8b190648da5\"},\"headline\":\"&#8222;Dw\u00f3jkowe Spotkanie&#8221; z dr Natali\u0105 Krej!\",\"datePublished\":\"2021-11-03T13:21:51+00:00\",\"dateModified\":\"2021-11-03T13:21:53+00:00\",\"mainEntityOfPage\":{\"@id\":\"https:\/\/2liceum.eu\/index.php\/2021\/11\/03\/dwojkowe-spotkanie-z-dr-natalia-krej\/\"},\"wordCount\":145,\"commentCount\":0,\"publisher\":{\"@id\":\"https:\/\/2liceum.eu\/#organization\"},\"articleSection\":[\"Aktualno\u015bci\"],\"inLanguage\":\"pl-PL\",\"potentialAction\":[{\"@type\":\"CommentAction\",\"name\":\"Comment\",\"target\":[\"https:\/\/2liceum.eu\/index.php\/2021\/11\/03\/dwojkowe-spotkanie-z-dr-natalia-krej\/#respond\"]}]},{\"@type\":\"Person\",\"@id\":\"https:\/\/2liceum.eu\/#\/schema\/person\/1a52557bfdaf047be954a8b190648da5\",\"name\":\"Adam Dragan\",\"image\":{\"@type\":\"ImageObject\",\"inLanguage\":\"pl-PL\",\"@id\":\"https:\/\/2liceum.eu\/#\/schema\/person\/image\/\",\"url\":\"https:\/\/secure.gravatar.com\/avatar\/3a2bee53698f47ac117505a8a054d1e47e9ee9593c4c77dc18374aa80472d80c?s=96&d=mm&r=g\",\"contentUrl\":\"https:\/\/secure.gravatar.com\/avatar\/3a2bee53698f47ac117505a8a054d1e47e9ee9593c4c77dc18374aa80472d80c?s=96&d=mm&r=g\",\"caption\":\"Adam Dragan\"},\"sameAs\":[\"http:\/\/2liceum.eu\"]}]}<\/script>\n<!-- \/ Yoast SEO plugin. -->","yoast_head_json":{"title":"\"Dw\u00f3jkowe Spotkanie\" z dr Natali\u0105 Krej! - II Liceum Og\u00f3lnokszta\u0142c\u0105ce w Lubinie","robots":{"index":"index","follow":"follow","max-snippet":"max-snippet:-1","max-image-preview":"max-image-preview:large","max-video-preview":"max-video-preview:-1"},"canonical":"https:\/\/2liceum.eu\/index.php\/2021\/11\/03\/dwojkowe-spotkanie-z-dr-natalia-krej\/","og_locale":"pl_PL","og_type":"article","og_title":"\"Dw\u00f3jkowe Spotkanie\" z dr Natali\u0105 Krej! - II Liceum Og\u00f3lnokszta\u0142c\u0105ce w Lubinie","og_description":"W \u015brod\u0119 27.10, w naszej szkole odby\u0142o si\u0119 spotkanie z dr Natali\u0105 Krej, kt\u00f3ra wprowadzi\u0142a klasy humanistyczne w \u015bwiat prawa. Pani Natalia Krej jest absolwentk\u0105 naszego liceum, doktorem nauk prawnych, wyk\u0142adowc\u0105 nauk prawnych w Wy\u017cszej Szkole Handlowej oraz zajmuje si\u0119 prowadzeniem w\u0142asnej Kancelarii prawnej we Wroc\u0142awiu. Specjalizuje si\u0119 w obs\u0142udze prawnej: sp\u00f3\u0142ek prawa handlowego prawie [&hellip;]","og_url":"https:\/\/2liceum.eu\/index.php\/2021\/11\/03\/dwojkowe-spotkanie-z-dr-natalia-krej\/","og_site_name":"II Liceum Og\u00f3lnokszta\u0142c\u0105ce w Lubinie","article_publisher":"https:\/\/web.facebook.com\/IILOLubin\/","article_published_time":"2021-11-03T13:21:51+00:00","article_modified_time":"2021-11-03T13:21:53+00:00","og_image":[{"url":"https:\/\/2liceum.eu\/wp-content\/uploads\/sites\/1\/nggallery\/dwojkowe-spotkanie-dr-natalia-krej\/thumbs\/thumbs_4g-Kopiowanie.JPG"}],"author":"Adam Dragan","twitter_card":"summary_large_image","twitter_misc":{"Napisane przez":"Adam Dragan","Szacowany czas czytania":"1 minuta"},"schema":{"@context":"https:\/\/schema.org","@graph":[{"@type":"Organization","@id":"https:\/\/2liceum.eu\/#organization","name":"II Liceum Og\u00f3lnokszta\u0142c\u0105ce w Lubinie","url":"https:\/\/2liceum.eu\/","sameAs":["http:\/\/2lolubin","https:\/\/www.youtube.com\/channel\/UCWjEMxRJYdfvxPhVOn-8g_g","https:\/\/web.facebook.com\/IILOLubin\/"],"logo":{"@type":"ImageObject","inLanguage":"pl-PL","@id":"https:\/\/2liceum.eu\/#\/schema\/logo\/image\/","url":"https:\/\/2liceum.eu\/wp-content\/uploads\/2018\/01\/pobrane.jpg","contentUrl":"https:\/\/2liceum.eu\/wp-content\/uploads\/2018\/01\/pobrane.jpg","width":184,"height":183,"caption":"II Liceum Og\u00f3lnokszta\u0142c\u0105ce w Lubinie"},"image":{"@id":"https:\/\/2liceum.eu\/#\/schema\/logo\/image\/"}},{"@type":"WebSite","@id":"https:\/\/2liceum.eu\/#website","url":"https:\/\/2liceum.eu\/","name":"II Liceum Og\u00f3lnokszta\u0142c\u0105ce w Lubinie","description":"Oficjalny portal II LO w Lubinie. Informacje o szkole, kadrze, zaj\u0119ciach dydaktycznych, ko\u0142ach zainteresowa\u0144, wolontariacie. Aktualno\u015bci. Galeria zdj\u0119\u0107.","publisher":{"@id":"https:\/\/2liceum.eu\/#organization"},"potentialAction":[{"@type":"SearchAction","target":{"@type":"EntryPoint","urlTemplate":"https:\/\/2liceum.eu\/?s={search_term_string}"},"query-input":"required name=search_term_string"}],"inLanguage":"pl-PL"},{"@type":"WebPage","@id":"https:\/\/2liceum.eu\/index.php\/2021\/11\/03\/dwojkowe-spotkanie-z-dr-natalia-krej\/","url":"https:\/\/2liceum.eu\/index.php\/2021\/11\/03\/dwojkowe-spotkanie-z-dr-natalia-krej\/","name":"\"Dw\u00f3jkowe Spotkanie\" z dr Natali\u0105 Krej! - II Liceum Og\u00f3lnokszta\u0142c\u0105ce w Lubinie","isPartOf":{"@id":"https:\/\/2liceum.eu\/#website"},"datePublished":"2021-11-03T13:21:51+00:00","dateModified":"2021-11-03T13:21:53+00:00","breadcrumb":{"@id":"https:\/\/2liceum.eu\/index.php\/2021\/11\/03\/dwojkowe-spotkanie-z-dr-natalia-krej\/#breadcrumb"},"inLanguage":"pl-PL","potentialAction":[{"@type":"ReadAction","target":["https:\/\/2liceum.eu\/index.php\/2021\/11\/03\/dwojkowe-spotkanie-z-dr-natalia-krej\/"]}]},{"@type":"BreadcrumbList","@id":"https:\/\/2liceum.eu\/index.php\/2021\/11\/03\/dwojkowe-spotkanie-z-dr-natalia-krej\/#breadcrumb","itemListElement":[{"@type":"ListItem","position":1,"name":"Strona g\u0142\u00f3wna","item":"https:\/\/2liceum.eu\/"},{"@type":"ListItem","position":2,"name":"&#8222;Dw\u00f3jkowe Spotkanie&#8221; z&nbsp;dr&nbsp;Natali\u0105 Krej!"}]},{"@type":"Article","@id":"https:\/\/2liceum.eu\/index.php\/2021\/11\/03\/dwojkowe-spotkanie-z-dr-natalia-krej\/#article","isPartOf":{"@id":"https:\/\/2liceum.eu\/index.php\/2021\/11\/03\/dwojkowe-spotkanie-z-dr-natalia-krej\/"},"author":{"name":"Adam Dragan","@id":"https:\/\/2liceum.eu\/#\/schema\/person\/1a52557bfdaf047be954a8b190648da5"},"headline":"&#8222;Dw\u00f3jkowe Spotkanie&#8221; z dr Natali\u0105 Krej!","datePublished":"2021-11-03T13:21:51+00:00","dateModified":"2021-11-03T13:21:53+00:00","mainEntityOfPage":{"@id":"https:\/\/2liceum.eu\/index.php\/2021\/11\/03\/dwojkowe-spotkanie-z-dr-natalia-krej\/"},"wordCount":145,"commentCount":0,"publisher":{"@id":"https:\/\/2liceum.eu\/#organization"},"articleSection":["Aktualno\u015bci"],"inLanguage":"pl-PL","potentialAction":[{"@type":"CommentAction","name":"Comment","target":["https:\/\/2liceum.eu\/index.php\/2021\/11\/03\/dwojkowe-spotkanie-z-dr-natalia-krej\/#respond"]}]},{"@type":"Person","@id":"https:\/\/2liceum.eu\/#\/schema\/person\/1a52557bfdaf047be954a8b190648da5","name":"Adam Dragan","image":{"@type":"ImageObject","inLanguage":"pl-PL","@id":"https:\/\/2liceum.eu\/#\/schema\/person\/image\/","url":"https:\/\/secure.gravatar.com\/avatar\/3a2bee53698f47ac117505a8a054d1e47e9ee9593c4c77dc18374aa80472d80c?s=96&d=mm&r=g","contentUrl":"https:\/\/secure.gravatar.com\/avatar\/3a2bee53698f47ac117505a8a054d1e47e9ee9593c4c77dc18374aa80472d80c?s=96&d=mm&r=g","caption":"Adam Dragan"},"sameAs":["http:\/\/2liceum.eu"]}]}},"_links":{"self":[{"href":"https:\/\/2liceum.eu\/index.php\/wp-json\/wp\/v2\/posts\/6536","targetHints":{"allow":["GET"]}}],"collection":[{"href":"https:\/\/2liceum.eu\/index.php\/wp-json\/wp\/v2\/posts"}],"about":[{"href":"https:\/\/2liceum.eu\/index.php\/wp-json\/wp\/v2\/types\/post"}],"author":[{"embeddable":true,"href":"https:\/\/2liceum.eu\/index.php\/wp-json\/wp\/v2\/users\/2"}],"replies":[{"embeddable":true,"href":"https:\/\/2liceum.eu\/index.php\/wp-json\/wp\/v2\/comments?post=6536"}],"version-history":[{"count":1,"href":"https:\/\/2liceum.eu\/index.php\/wp-json\/wp\/v2\/posts\/6536\/revisions"}],"predecessor-version":[{"id":6546,"href":"https:\/\/2liceum.eu\/index.php\/wp-json\/wp\/v2\/posts\/6536\/revisions\/6546"}],"wp:attachment":[{"href":"https:\/\/2liceum.eu\/index.php\/wp-json\/wp\/v2\/media?parent=6536"}],"wp:term":[{"taxonomy":"category","embeddable":true,"href":"https:\/\/2liceum.eu\/index.php\/wp-json\/wp\/v2\/categories?post=6536"},{"taxonomy":"post_tag","embeddable":true,"href":"https:\/\/2liceum.eu\/index.php\/wp-json\/wp\/v2\/tags?post=6536"}],"curies":[{"name":"wp","href":"https:\/\/api.w.org\/{rel}","templated":true}]}}