{"id":6667,"date":"2021-12-02T09:48:20","date_gmt":"2021-12-02T08:48:20","guid":{"rendered":"https:\/\/2liceum.eu\/?p=6667"},"modified":"2021-12-04T12:36:57","modified_gmt":"2021-12-04T11:36:57","slug":"uwaga-73","status":"publish","type":"post","link":"https:\/\/2liceum.eu\/index.php\/2021\/12\/02\/uwaga-73\/","title":{"rendered":"Uwaga!"},"content":{"rendered":"\n<div style=\"text-align: center;\"><img loading=\"lazy\" decoding=\"async\" class=\"aligncenter size-full wp-image-6679\" src=\"https:\/\/2liceum.eu\/wp-content\/uploads\/2021\/12\/program.png\" alt=\"\" width=\"300\" height=\"100\"><\/div>\n<div>&nbsp;<\/div>\n<div><strong>Informacje o szkoleniach dla Uczni\u00f3w, Rodzic\u00f3w i Nauczycieli:<\/strong><\/div>\n<div>&nbsp;<\/div>\n<div><strong>Kalendarium szkole\u0144:<\/strong><br><br><a title=\"https:\/\/pwpp.uksw.edu.pl\/kalendarium\/\" href=\"https:\/\/pwpp.uksw.edu.pl\/kalendarium\/\" rel=\"noopener\" data-saferedirecturl=\"https:\/\/zasobygwp.pl\/redirect?sig=d5c7897dea77757557eb8de7cb5a3e048edfa09d16656c4be0d6e75ec4000484&amp;url=aHR0cHM6Ly9wd3BwLnVrc3cuZWR1LnBsL2thbGVuZGFyaXVtLw==&amp;platform=desktop&amp;brand=wp\">https:\/\/pwpp.uksw.edu.pl\/kalendarium\/<\/a><br><br>Platforma Specjalistyczno-Doradcza <a title=\"https:\/\/pwpp.uksw.edu.pl\/\" href=\"https:\/\/pwpp.uksw.edu.pl\/\" rel=\"noopener\" data-saferedirecturl=\"https:\/\/zasobygwp.pl\/redirect?sig=d97446fd82713369e7f68a3b2e42cd5060a5d821c439445203df765e5464ee9f&amp;url=aHR0cHM6Ly9wd3BwLnVrc3cuZWR1LnBsLw==&amp;platform=desktop&amp;brand=wp\">https:\/\/pwpp.uksw.edu.pl\/<\/a><br><br>W ramach Programu wsparcia psychologiczno-pedagogicznego dla uczni\u00f3w i nauczycieli MEiN, pr\u0119\u017cnie si\u0119 rozwija i aktualnie w ofercie proponuje nast\u0119puj\u0105ce obszary wsparcia.<\/div>\n<div>&nbsp;<\/div>\n<p><!--more--><\/p>\n<div><br><strong>Prowadzenie bezp\u0142atnego doradztwa psychologicznego i pedagogicznego<\/strong> dla uczni\u00f3w, rodzic\u00f3w, nauczycieli i specjalist\u00f3w <a title=\"http:\/\/m.in\" href=\"http:\/\/m.in\/\" rel=\"noopener\" data-saferedirecturl=\"https:\/\/zasobygwp.pl\/redirect?sig=c3a7a4e428dac611078c948072e0c7f78b3278cc88a63a4aed8e2dfe57d6a5a7&amp;url=aHR0cDovL20uaW4v&amp;platform=desktop&amp;brand=wp\">m.in<\/a>. w nast\u0119puj\u0105cych obszarach:<br>&#8211; wsparcie emocjonalne i informacyjne w bie\u017c\u0105cych trudnych sytuacjach dzieci, m\u0142odzie\u017cy i doros\u0142ych<br>&#8211; rozwi\u0105zywanie problem\u00f3w wychowawczych z dzie\u0107mi i m\u0142odzie\u017c\u0105,<br>&#8211; praca z zespo\u0142em klasowym,<br>&#8211; przezwyci\u0119\u017canie trudno\u015bci w komunikacji i w relacjach,<br>&#8211; przewlek\u0142y stres,<br>&#8211; wsparcie dla dzieci ze specjalnymi potrzebami edukacyjnymi i inne<\/div>\n<div>&nbsp;<\/div>\n<div><strong>Prowadzenie bezp\u0142atnych szkole\u0144 online dla nauczycieli, rodzic\u00f3w i specjalist\u00f3w<\/strong> \u2013 trenerzy maj\u0105 wieloletnie do\u015bwiadczenia w pracy z dzie\u0107mi i m\u0142odzie\u017c\u0105 oraz w prowadzeniu szkole\u0144 dla rodzic\u00f3w i nauczycieli). Szkolenia s\u0105 online, ale prowadzone metod\u0105 warsztatow\u0105 w kontakcie. Aktualnie w ofercie jest \u0142\u0105cznie kilkadziesi\u0105t szkole\u0144 z nast\u0119puj\u0105cych obszar\u00f3w:<br>1. Budowania wspieraj\u0105cych relacji z uczniem<br>2. Wzmacnianie odporno\u015bci psychicznej<br>3. Wykorzystania relacji socjoterapeutycznej w codziennej pracy wychowawczej<br>4. Komunikacji empatycznej opartej o porozumienie bez przemocy,<br>5. Rozwi\u0105zywania sytuacji konfliktowych<br>6. Radzenia sobie z trudnymi emocjami jak z\u0142o\u015b\u0107, wstyd, poczucie winy,<br>7. Kompetencje g\u0142\u0119bokie w pracy nauczyciela<br>8. Pomoc uczniom z kr\u00f3tkowzroczno\u015bci\u0105<\/div>\n<div>&nbsp;<\/div>\n<div><strong>Wkr\u00f3tce oferta platformy poszerzy si\u0119 o nast\u0119puj\u0105ce obszary:<\/strong><br>1. Praca z uczniem ze specjalnymi potrzebami edukacyjnymi,<br>2. Organizacja pomocy psychologiczno-pedagogicznej w szkole<br>3. Rozwijanie warsztatu metodycznego nauczycieli i wychowawc\u00f3w<br>4. Profilaktyka zachowa\u0144 ryzykownych i uzale\u017cnie\u0144 behawioralnych<br>5. Edukacja domowa<\/div>\n<div>i inne.<br><br>Wszystkie szkolenia i konsultacje w ramach poradnictwa s\u0105 <strong>online i bezp\u0142atne.<\/strong> W ka\u017cdym tygodniu poszerzana jest oferta szkole\u0144 i dost\u0119pnych specjalist\u00f3w.<br><br>Na czacie<strong> minimum 8 godzin dziennie jest dy\u017cur os\u00f3b s\u0142u\u017c\u0105cych informacj\u0105<\/strong> na temat programu i platformy (w tym wspieranie w procedurze logowania, zapisu na szkolenia oraz nawigacji po stronie).<\/div>\n","protected":false},"excerpt":{"rendered":"<p>&nbsp; Informacje o szkoleniach dla Uczni\u00f3w, Rodzic\u00f3w i Nauczycieli: &nbsp; Kalendarium szkole\u0144: https:\/\/pwpp.uksw.edu.pl\/kalendarium\/ Platforma Specjalistyczno-Doradcza https:\/\/pwpp.uksw.edu.pl\/ W ramach Programu wsparcia psychologiczno-pedagogicznego dla uczni\u00f3w i nauczycieli MEiN, pr\u0119\u017cnie si\u0119 rozwija i aktualnie w ofercie proponuje nast\u0119puj\u0105ce obszary wsparcia. &nbsp;<\/p>\n","protected":false},"author":2,"featured_media":0,"comment_status":"open","ping_status":"open","sticky":false,"template":"","format":"standard","meta":{"ngg_post_thumbnail":0,"footnotes":""},"categories":[1,36],"tags":[],"class_list":["post-6667","post","type-post","status-publish","format-standard","hentry","category-aktualnosci","category-artykuly-pedagoga"],"yoast_head":"<!-- This site is optimized with the Yoast SEO plugin v19.4 - https:\/\/yoast.com\/wordpress\/plugins\/seo\/ -->\n<title>Uwaga! - II Liceum Og\u00f3lnokszta\u0142c\u0105ce w Lubinie<\/title>\n<meta name=\"robots\" content=\"index, follow, max-snippet:-1, max-image-preview:large, max-video-preview:-1\" \/>\n<link rel=\"canonical\" href=\"https:\/\/2liceum.eu\/index.php\/2021\/12\/02\/uwaga-73\/\" \/>\n<meta property=\"og:locale\" content=\"pl_PL\" \/>\n<meta property=\"og:type\" content=\"article\" \/>\n<meta property=\"og:title\" content=\"Uwaga! - II Liceum Og\u00f3lnokszta\u0142c\u0105ce w Lubinie\" \/>\n<meta property=\"og:description\" content=\"&nbsp; Informacje o szkoleniach dla Uczni\u00f3w, Rodzic\u00f3w i Nauczycieli: &nbsp; Kalendarium szkole\u0144: https:\/\/pwpp.uksw.edu.pl\/kalendarium\/ Platforma Specjalistyczno-Doradcza https:\/\/pwpp.uksw.edu.pl\/ W ramach Programu wsparcia psychologiczno-pedagogicznego dla uczni\u00f3w i nauczycieli MEiN, pr\u0119\u017cnie si\u0119 rozwija i aktualnie w ofercie proponuje nast\u0119puj\u0105ce obszary wsparcia. &nbsp;\" \/>\n<meta property=\"og:url\" content=\"https:\/\/2liceum.eu\/index.php\/2021\/12\/02\/uwaga-73\/\" \/>\n<meta property=\"og:site_name\" content=\"II Liceum Og\u00f3lnokszta\u0142c\u0105ce w Lubinie\" \/>\n<meta property=\"article:publisher\" content=\"https:\/\/web.facebook.com\/IILOLubin\/\" \/>\n<meta property=\"article:published_time\" content=\"2021-12-02T08:48:20+00:00\" \/>\n<meta property=\"article:modified_time\" content=\"2021-12-04T11:36:57+00:00\" \/>\n<meta property=\"og:image\" content=\"https:\/\/2liceum.eu\/wp-content\/uploads\/2021\/12\/program.png\" \/>\n<meta name=\"author\" content=\"Adam Dragan\" \/>\n<meta name=\"twitter:card\" content=\"summary_large_image\" \/>\n<meta name=\"twitter:label1\" content=\"Napisane przez\" \/>\n\t<meta name=\"twitter:data1\" content=\"Adam Dragan\" \/>\n\t<meta name=\"twitter:label2\" content=\"Szacowany czas czytania\" \/>\n\t<meta name=\"twitter:data2\" content=\"2 minuty\" \/>\n<script type=\"application\/ld+json\" class=\"yoast-schema-graph\">{\"@context\":\"https:\/\/schema.org\",\"@graph\":[{\"@type\":\"Organization\",\"@id\":\"https:\/\/2liceum.eu\/#organization\",\"name\":\"II Liceum Og\u00f3lnokszta\u0142c\u0105ce w Lubinie\",\"url\":\"https:\/\/2liceum.eu\/\",\"sameAs\":[\"http:\/\/2lolubin\",\"https:\/\/www.youtube.com\/channel\/UCWjEMxRJYdfvxPhVOn-8g_g\",\"https:\/\/web.facebook.com\/IILOLubin\/\"],\"logo\":{\"@type\":\"ImageObject\",\"inLanguage\":\"pl-PL\",\"@id\":\"https:\/\/2liceum.eu\/#\/schema\/logo\/image\/\",\"url\":\"https:\/\/2liceum.eu\/wp-content\/uploads\/2018\/01\/pobrane.jpg\",\"contentUrl\":\"https:\/\/2liceum.eu\/wp-content\/uploads\/2018\/01\/pobrane.jpg\",\"width\":184,\"height\":183,\"caption\":\"II Liceum Og\u00f3lnokszta\u0142c\u0105ce w Lubinie\"},\"image\":{\"@id\":\"https:\/\/2liceum.eu\/#\/schema\/logo\/image\/\"}},{\"@type\":\"WebSite\",\"@id\":\"https:\/\/2liceum.eu\/#website\",\"url\":\"https:\/\/2liceum.eu\/\",\"name\":\"II Liceum Og\u00f3lnokszta\u0142c\u0105ce w Lubinie\",\"description\":\"Oficjalny portal II LO w Lubinie. Informacje o szkole, kadrze, zaj\u0119ciach dydaktycznych, ko\u0142ach zainteresowa\u0144, wolontariacie. Aktualno\u015bci. Galeria zdj\u0119\u0107.\",\"publisher\":{\"@id\":\"https:\/\/2liceum.eu\/#organization\"},\"potentialAction\":[{\"@type\":\"SearchAction\",\"target\":{\"@type\":\"EntryPoint\",\"urlTemplate\":\"https:\/\/2liceum.eu\/?s={search_term_string}\"},\"query-input\":\"required name=search_term_string\"}],\"inLanguage\":\"pl-PL\"},{\"@type\":\"WebPage\",\"@id\":\"https:\/\/2liceum.eu\/index.php\/2021\/12\/02\/uwaga-73\/\",\"url\":\"https:\/\/2liceum.eu\/index.php\/2021\/12\/02\/uwaga-73\/\",\"name\":\"Uwaga! - II Liceum Og\u00f3lnokszta\u0142c\u0105ce w Lubinie\",\"isPartOf\":{\"@id\":\"https:\/\/2liceum.eu\/#website\"},\"datePublished\":\"2021-12-02T08:48:20+00:00\",\"dateModified\":\"2021-12-04T11:36:57+00:00\",\"breadcrumb\":{\"@id\":\"https:\/\/2liceum.eu\/index.php\/2021\/12\/02\/uwaga-73\/#breadcrumb\"},\"inLanguage\":\"pl-PL\",\"potentialAction\":[{\"@type\":\"ReadAction\",\"target\":[\"https:\/\/2liceum.eu\/index.php\/2021\/12\/02\/uwaga-73\/\"]}]},{\"@type\":\"BreadcrumbList\",\"@id\":\"https:\/\/2liceum.eu\/index.php\/2021\/12\/02\/uwaga-73\/#breadcrumb\",\"itemListElement\":[{\"@type\":\"ListItem\",\"position\":1,\"name\":\"Strona g\u0142\u00f3wna\",\"item\":\"https:\/\/2liceum.eu\/\"},{\"@type\":\"ListItem\",\"position\":2,\"name\":\"Uwaga!\"}]},{\"@type\":\"Article\",\"@id\":\"https:\/\/2liceum.eu\/index.php\/2021\/12\/02\/uwaga-73\/#article\",\"isPartOf\":{\"@id\":\"https:\/\/2liceum.eu\/index.php\/2021\/12\/02\/uwaga-73\/\"},\"author\":{\"name\":\"Adam Dragan\",\"@id\":\"https:\/\/2liceum.eu\/#\/schema\/person\/1a52557bfdaf047be954a8b190648da5\"},\"headline\":\"Uwaga!\",\"datePublished\":\"2021-12-02T08:48:20+00:00\",\"dateModified\":\"2021-12-04T11:36:57+00:00\",\"mainEntityOfPage\":{\"@id\":\"https:\/\/2liceum.eu\/index.php\/2021\/12\/02\/uwaga-73\/\"},\"wordCount\":343,\"commentCount\":0,\"publisher\":{\"@id\":\"https:\/\/2liceum.eu\/#organization\"},\"articleSection\":[\"Aktualno\u015bci\",\"Artyku\u0142y pedagoga\"],\"inLanguage\":\"pl-PL\",\"potentialAction\":[{\"@type\":\"CommentAction\",\"name\":\"Comment\",\"target\":[\"https:\/\/2liceum.eu\/index.php\/2021\/12\/02\/uwaga-73\/#respond\"]}]},{\"@type\":\"Person\",\"@id\":\"https:\/\/2liceum.eu\/#\/schema\/person\/1a52557bfdaf047be954a8b190648da5\",\"name\":\"Adam Dragan\",\"image\":{\"@type\":\"ImageObject\",\"inLanguage\":\"pl-PL\",\"@id\":\"https:\/\/2liceum.eu\/#\/schema\/person\/image\/\",\"url\":\"https:\/\/secure.gravatar.com\/avatar\/3a2bee53698f47ac117505a8a054d1e47e9ee9593c4c77dc18374aa80472d80c?s=96&d=mm&r=g\",\"contentUrl\":\"https:\/\/secure.gravatar.com\/avatar\/3a2bee53698f47ac117505a8a054d1e47e9ee9593c4c77dc18374aa80472d80c?s=96&d=mm&r=g\",\"caption\":\"Adam Dragan\"},\"sameAs\":[\"http:\/\/2liceum.eu\"]}]}<\/script>\n<!-- \/ Yoast SEO plugin. -->","yoast_head_json":{"title":"Uwaga! - II Liceum Og\u00f3lnokszta\u0142c\u0105ce w Lubinie","robots":{"index":"index","follow":"follow","max-snippet":"max-snippet:-1","max-image-preview":"max-image-preview:large","max-video-preview":"max-video-preview:-1"},"canonical":"https:\/\/2liceum.eu\/index.php\/2021\/12\/02\/uwaga-73\/","og_locale":"pl_PL","og_type":"article","og_title":"Uwaga! - II Liceum Og\u00f3lnokszta\u0142c\u0105ce w Lubinie","og_description":"&nbsp; Informacje o szkoleniach dla Uczni\u00f3w, Rodzic\u00f3w i Nauczycieli: &nbsp; Kalendarium szkole\u0144: https:\/\/pwpp.uksw.edu.pl\/kalendarium\/ Platforma Specjalistyczno-Doradcza https:\/\/pwpp.uksw.edu.pl\/ W ramach Programu wsparcia psychologiczno-pedagogicznego dla uczni\u00f3w i nauczycieli MEiN, pr\u0119\u017cnie si\u0119 rozwija i aktualnie w ofercie proponuje nast\u0119puj\u0105ce obszary wsparcia. &nbsp;","og_url":"https:\/\/2liceum.eu\/index.php\/2021\/12\/02\/uwaga-73\/","og_site_name":"II Liceum Og\u00f3lnokszta\u0142c\u0105ce w Lubinie","article_publisher":"https:\/\/web.facebook.com\/IILOLubin\/","article_published_time":"2021-12-02T08:48:20+00:00","article_modified_time":"2021-12-04T11:36:57+00:00","og_image":[{"url":"https:\/\/2liceum.eu\/wp-content\/uploads\/2021\/12\/program.png"}],"author":"Adam Dragan","twitter_card":"summary_large_image","twitter_misc":{"Napisane przez":"Adam Dragan","Szacowany czas czytania":"2 minuty"},"schema":{"@context":"https:\/\/schema.org","@graph":[{"@type":"Organization","@id":"https:\/\/2liceum.eu\/#organization","name":"II Liceum Og\u00f3lnokszta\u0142c\u0105ce w Lubinie","url":"https:\/\/2liceum.eu\/","sameAs":["http:\/\/2lolubin","https:\/\/www.youtube.com\/channel\/UCWjEMxRJYdfvxPhVOn-8g_g","https:\/\/web.facebook.com\/IILOLubin\/"],"logo":{"@type":"ImageObject","inLanguage":"pl-PL","@id":"https:\/\/2liceum.eu\/#\/schema\/logo\/image\/","url":"https:\/\/2liceum.eu\/wp-content\/uploads\/2018\/01\/pobrane.jpg","contentUrl":"https:\/\/2liceum.eu\/wp-content\/uploads\/2018\/01\/pobrane.jpg","width":184,"height":183,"caption":"II Liceum Og\u00f3lnokszta\u0142c\u0105ce w Lubinie"},"image":{"@id":"https:\/\/2liceum.eu\/#\/schema\/logo\/image\/"}},{"@type":"WebSite","@id":"https:\/\/2liceum.eu\/#website","url":"https:\/\/2liceum.eu\/","name":"II Liceum Og\u00f3lnokszta\u0142c\u0105ce w Lubinie","description":"Oficjalny portal II LO w Lubinie. Informacje o szkole, kadrze, zaj\u0119ciach dydaktycznych, ko\u0142ach zainteresowa\u0144, wolontariacie. Aktualno\u015bci. Galeria zdj\u0119\u0107.","publisher":{"@id":"https:\/\/2liceum.eu\/#organization"},"potentialAction":[{"@type":"SearchAction","target":{"@type":"EntryPoint","urlTemplate":"https:\/\/2liceum.eu\/?s={search_term_string}"},"query-input":"required name=search_term_string"}],"inLanguage":"pl-PL"},{"@type":"WebPage","@id":"https:\/\/2liceum.eu\/index.php\/2021\/12\/02\/uwaga-73\/","url":"https:\/\/2liceum.eu\/index.php\/2021\/12\/02\/uwaga-73\/","name":"Uwaga! - II Liceum Og\u00f3lnokszta\u0142c\u0105ce w Lubinie","isPartOf":{"@id":"https:\/\/2liceum.eu\/#website"},"datePublished":"2021-12-02T08:48:20+00:00","dateModified":"2021-12-04T11:36:57+00:00","breadcrumb":{"@id":"https:\/\/2liceum.eu\/index.php\/2021\/12\/02\/uwaga-73\/#breadcrumb"},"inLanguage":"pl-PL","potentialAction":[{"@type":"ReadAction","target":["https:\/\/2liceum.eu\/index.php\/2021\/12\/02\/uwaga-73\/"]}]},{"@type":"BreadcrumbList","@id":"https:\/\/2liceum.eu\/index.php\/2021\/12\/02\/uwaga-73\/#breadcrumb","itemListElement":[{"@type":"ListItem","position":1,"name":"Strona g\u0142\u00f3wna","item":"https:\/\/2liceum.eu\/"},{"@type":"ListItem","position":2,"name":"Uwaga!"}]},{"@type":"Article","@id":"https:\/\/2liceum.eu\/index.php\/2021\/12\/02\/uwaga-73\/#article","isPartOf":{"@id":"https:\/\/2liceum.eu\/index.php\/2021\/12\/02\/uwaga-73\/"},"author":{"name":"Adam Dragan","@id":"https:\/\/2liceum.eu\/#\/schema\/person\/1a52557bfdaf047be954a8b190648da5"},"headline":"Uwaga!","datePublished":"2021-12-02T08:48:20+00:00","dateModified":"2021-12-04T11:36:57+00:00","mainEntityOfPage":{"@id":"https:\/\/2liceum.eu\/index.php\/2021\/12\/02\/uwaga-73\/"},"wordCount":343,"commentCount":0,"publisher":{"@id":"https:\/\/2liceum.eu\/#organization"},"articleSection":["Aktualno\u015bci","Artyku\u0142y pedagoga"],"inLanguage":"pl-PL","potentialAction":[{"@type":"CommentAction","name":"Comment","target":["https:\/\/2liceum.eu\/index.php\/2021\/12\/02\/uwaga-73\/#respond"]}]},{"@type":"Person","@id":"https:\/\/2liceum.eu\/#\/schema\/person\/1a52557bfdaf047be954a8b190648da5","name":"Adam Dragan","image":{"@type":"ImageObject","inLanguage":"pl-PL","@id":"https:\/\/2liceum.eu\/#\/schema\/person\/image\/","url":"https:\/\/secure.gravatar.com\/avatar\/3a2bee53698f47ac117505a8a054d1e47e9ee9593c4c77dc18374aa80472d80c?s=96&d=mm&r=g","contentUrl":"https:\/\/secure.gravatar.com\/avatar\/3a2bee53698f47ac117505a8a054d1e47e9ee9593c4c77dc18374aa80472d80c?s=96&d=mm&r=g","caption":"Adam Dragan"},"sameAs":["http:\/\/2liceum.eu"]}]}},"_links":{"self":[{"href":"https:\/\/2liceum.eu\/index.php\/wp-json\/wp\/v2\/posts\/6667","targetHints":{"allow":["GET"]}}],"collection":[{"href":"https:\/\/2liceum.eu\/index.php\/wp-json\/wp\/v2\/posts"}],"about":[{"href":"https:\/\/2liceum.eu\/index.php\/wp-json\/wp\/v2\/types\/post"}],"author":[{"embeddable":true,"href":"https:\/\/2liceum.eu\/index.php\/wp-json\/wp\/v2\/users\/2"}],"replies":[{"embeddable":true,"href":"https:\/\/2liceum.eu\/index.php\/wp-json\/wp\/v2\/comments?post=6667"}],"version-history":[{"count":2,"href":"https:\/\/2liceum.eu\/index.php\/wp-json\/wp\/v2\/posts\/6667\/revisions"}],"predecessor-version":[{"id":6680,"href":"https:\/\/2liceum.eu\/index.php\/wp-json\/wp\/v2\/posts\/6667\/revisions\/6680"}],"wp:attachment":[{"href":"https:\/\/2liceum.eu\/index.php\/wp-json\/wp\/v2\/media?parent=6667"}],"wp:term":[{"taxonomy":"category","embeddable":true,"href":"https:\/\/2liceum.eu\/index.php\/wp-json\/wp\/v2\/categories?post=6667"},{"taxonomy":"post_tag","embeddable":true,"href":"https:\/\/2liceum.eu\/index.php\/wp-json\/wp\/v2\/tags?post=6667"}],"curies":[{"name":"wp","href":"https:\/\/api.w.org\/{rel}","templated":true}]}}