{"id":6669,"date":"2021-12-02T09:55:08","date_gmt":"2021-12-02T08:55:08","guid":{"rendered":"https:\/\/2liceum.eu\/?p=6669"},"modified":"2021-12-02T09:55:09","modified_gmt":"2021-12-02T08:55:09","slug":"powiedz-co-czujesz-zdemaskuj-emocje","status":"publish","type":"post","link":"https:\/\/2liceum.eu\/index.php\/2021\/12\/02\/powiedz-co-czujesz-zdemaskuj-emocje\/","title":{"rendered":"&#8222;Powiedz co czujesz. Zdemaskuj emocje\u201d!"},"content":{"rendered":"\n<p style=\"text-align: center;\"><img loading=\"lazy\" decoding=\"async\" class=\"aligncenter size-full wp-image-6670\" src=\"https:\/\/2liceum.eu\/wp-content\/uploads\/2021\/12\/zdemaskuj.png\" alt=\"\" width=\"1578\" height=\"297\" srcset=\"https:\/\/2liceum.eu\/wp-content\/uploads\/2021\/12\/zdemaskuj.png 1578w, https:\/\/2liceum.eu\/wp-content\/uploads\/2021\/12\/zdemaskuj-300x56.png 300w, https:\/\/2liceum.eu\/wp-content\/uploads\/2021\/12\/zdemaskuj-1024x193.png 1024w, https:\/\/2liceum.eu\/wp-content\/uploads\/2021\/12\/zdemaskuj-768x145.png 768w, https:\/\/2liceum.eu\/wp-content\/uploads\/2021\/12\/zdemaskuj-1536x289.png 1536w\" sizes=\"auto, (max-width: 1578px) 100vw, 1578px\" \/><\/p>\n<p>&nbsp;<\/p>\n<p style=\"text-align: justify;\"><strong>Informujemy, \u017ce ruszy\u0142a kampania promuj\u0105ca specjaln\u0105 infolini\u0119<\/strong>&nbsp;<span style=\"color: #ff0000;\"><strong>800121212<\/strong><\/span> oferuj\u0105c\u0105 <strong>dora\u017ane wsparcie psychologiczne dzieciom i m\u0142odzie\u017cy, a tak\u017ce ich rodzicom i opiekunom.<\/strong><\/p>\n<div style=\"text-align: justify;\">Numer dzia\u0142a przez ca\u0142\u0105 dob\u0119, a po\u0142\u0105czenie z nim jest <strong>bezp\u0142atne<\/strong>. M\u0142odzi ludzie, kt\u00f3rzy od zwyk\u0142ej rozmowy telefonicznej wol\u0105 komunikator, mog\u0105 skorzysta\u0107 z chatu dost\u0119pnego na stronie internetowej Rzecznika Praw Dziecka <a href=\"https:\/\/czat.brpd.gov.pl\/\" rel=\"noopener noreferrer\" data-saferedirecturl=\"https:\/\/zasobygwp.pl\/redirect?sig=54ab658cb4754444d361289731848981ed432cbc3d3ee6f42d730638bd6b7459&amp;url=aHR0cHM6Ly9jemF0LmJycGQuZ292LnBs&amp;platform=desktop&amp;brand=wp\">https:\/\/czat.brpd.gov.pl<\/a><\/div>\n<div style=\"text-align: justify;\">&nbsp;<\/div>\n<div style=\"text-align: justify;\">Wi\u0119cej:&nbsp;<a href=\"http:\/\/www.gov.pl\/opiekapsychologiczna\" rel=\"noopener noreferrer\" data-saferedirecturl=\"https:\/\/zasobygwp.pl\/redirect?sig=435ad0a782777ead793f1ff9f5946d1a4f5fc2ddded3730011219e9d39880960&amp;url=aHR0cDovL3d3dy5nb3YucGwvb3BpZWthcHN5Y2hvbG9naWN6bmE=&amp;platform=desktop&amp;brand=wp\">www.gov.pl\/opiekapsychologiczna<\/a><\/div>\n<div style=\"text-align: justify;\">&nbsp;<\/div>\n","protected":false},"excerpt":{"rendered":"<p>&nbsp; Informujemy, \u017ce ruszy\u0142a kampania promuj\u0105ca specjaln\u0105 infolini\u0119&nbsp;800121212 oferuj\u0105c\u0105 dora\u017ane wsparcie psychologiczne dzieciom i m\u0142odzie\u017cy, a tak\u017ce ich rodzicom i opiekunom. Numer dzia\u0142a przez ca\u0142\u0105 dob\u0119, a po\u0142\u0105czenie z nim jest bezp\u0142atne. M\u0142odzi ludzie, kt\u00f3rzy od zwyk\u0142ej rozmowy telefonicznej wol\u0105 komunikator, mog\u0105 skorzysta\u0107 z chatu dost\u0119pnego na stronie internetowej Rzecznika Praw Dziecka https:\/\/czat.brpd.gov.pl &nbsp; Wi\u0119cej:&nbsp;www.gov.pl\/opiekapsychologiczna [&hellip;]<\/p>\n","protected":false},"author":2,"featured_media":0,"comment_status":"open","ping_status":"open","sticky":false,"template":"","format":"standard","meta":{"ngg_post_thumbnail":0,"footnotes":""},"categories":[1,36],"tags":[],"class_list":["post-6669","post","type-post","status-publish","format-standard","hentry","category-aktualnosci","category-artykuly-pedagoga"],"yoast_head":"<!-- This site is optimized with the Yoast SEO plugin v19.4 - https:\/\/yoast.com\/wordpress\/plugins\/seo\/ -->\n<title>&quot;Powiedz co czujesz. Zdemaskuj emocje\u201d! - II Liceum Og\u00f3lnokszta\u0142c\u0105ce w Lubinie<\/title>\n<meta name=\"robots\" content=\"index, follow, max-snippet:-1, max-image-preview:large, max-video-preview:-1\" \/>\n<link rel=\"canonical\" href=\"https:\/\/2liceum.eu\/index.php\/2021\/12\/02\/powiedz-co-czujesz-zdemaskuj-emocje\/\" \/>\n<meta property=\"og:locale\" content=\"pl_PL\" \/>\n<meta property=\"og:type\" content=\"article\" \/>\n<meta property=\"og:title\" content=\"&quot;Powiedz co czujesz. Zdemaskuj emocje\u201d! - II Liceum Og\u00f3lnokszta\u0142c\u0105ce w Lubinie\" \/>\n<meta property=\"og:description\" content=\"&nbsp; Informujemy, \u017ce ruszy\u0142a kampania promuj\u0105ca specjaln\u0105 infolini\u0119&nbsp;800121212 oferuj\u0105c\u0105 dora\u017ane wsparcie psychologiczne dzieciom i m\u0142odzie\u017cy, a tak\u017ce ich rodzicom i opiekunom. Numer dzia\u0142a przez ca\u0142\u0105 dob\u0119, a po\u0142\u0105czenie z nim jest bezp\u0142atne. M\u0142odzi ludzie, kt\u00f3rzy od zwyk\u0142ej rozmowy telefonicznej wol\u0105 komunikator, mog\u0105 skorzysta\u0107 z chatu dost\u0119pnego na stronie internetowej Rzecznika Praw Dziecka https:\/\/czat.brpd.gov.pl &nbsp; Wi\u0119cej:&nbsp;www.gov.pl\/opiekapsychologiczna [&hellip;]\" \/>\n<meta property=\"og:url\" content=\"https:\/\/2liceum.eu\/index.php\/2021\/12\/02\/powiedz-co-czujesz-zdemaskuj-emocje\/\" \/>\n<meta property=\"og:site_name\" content=\"II Liceum Og\u00f3lnokszta\u0142c\u0105ce w Lubinie\" \/>\n<meta property=\"article:publisher\" content=\"https:\/\/web.facebook.com\/IILOLubin\/\" \/>\n<meta property=\"article:published_time\" content=\"2021-12-02T08:55:08+00:00\" \/>\n<meta property=\"article:modified_time\" content=\"2021-12-02T08:55:09+00:00\" \/>\n<meta property=\"og:image\" content=\"https:\/\/2liceum.eu\/wp-content\/uploads\/2021\/12\/zdemaskuj.png\" \/>\n<meta name=\"author\" content=\"Adam Dragan\" \/>\n<meta name=\"twitter:card\" content=\"summary_large_image\" \/>\n<meta name=\"twitter:label1\" content=\"Napisane przez\" \/>\n\t<meta name=\"twitter:data1\" content=\"Adam Dragan\" \/>\n\t<meta name=\"twitter:label2\" content=\"Szacowany czas czytania\" \/>\n\t<meta name=\"twitter:data2\" content=\"1 minuta\" \/>\n<script type=\"application\/ld+json\" class=\"yoast-schema-graph\">{\"@context\":\"https:\/\/schema.org\",\"@graph\":[{\"@type\":\"Organization\",\"@id\":\"https:\/\/2liceum.eu\/#organization\",\"name\":\"II Liceum Og\u00f3lnokszta\u0142c\u0105ce w Lubinie\",\"url\":\"https:\/\/2liceum.eu\/\",\"sameAs\":[\"http:\/\/2lolubin\",\"https:\/\/www.youtube.com\/channel\/UCWjEMxRJYdfvxPhVOn-8g_g\",\"https:\/\/web.facebook.com\/IILOLubin\/\"],\"logo\":{\"@type\":\"ImageObject\",\"inLanguage\":\"pl-PL\",\"@id\":\"https:\/\/2liceum.eu\/#\/schema\/logo\/image\/\",\"url\":\"https:\/\/2liceum.eu\/wp-content\/uploads\/2018\/01\/pobrane.jpg\",\"contentUrl\":\"https:\/\/2liceum.eu\/wp-content\/uploads\/2018\/01\/pobrane.jpg\",\"width\":184,\"height\":183,\"caption\":\"II Liceum Og\u00f3lnokszta\u0142c\u0105ce w Lubinie\"},\"image\":{\"@id\":\"https:\/\/2liceum.eu\/#\/schema\/logo\/image\/\"}},{\"@type\":\"WebSite\",\"@id\":\"https:\/\/2liceum.eu\/#website\",\"url\":\"https:\/\/2liceum.eu\/\",\"name\":\"II Liceum Og\u00f3lnokszta\u0142c\u0105ce w Lubinie\",\"description\":\"Oficjalny portal II LO w Lubinie. Informacje o szkole, kadrze, zaj\u0119ciach dydaktycznych, ko\u0142ach zainteresowa\u0144, wolontariacie. Aktualno\u015bci. Galeria zdj\u0119\u0107.\",\"publisher\":{\"@id\":\"https:\/\/2liceum.eu\/#organization\"},\"potentialAction\":[{\"@type\":\"SearchAction\",\"target\":{\"@type\":\"EntryPoint\",\"urlTemplate\":\"https:\/\/2liceum.eu\/?s={search_term_string}\"},\"query-input\":\"required name=search_term_string\"}],\"inLanguage\":\"pl-PL\"},{\"@type\":\"WebPage\",\"@id\":\"https:\/\/2liceum.eu\/index.php\/2021\/12\/02\/powiedz-co-czujesz-zdemaskuj-emocje\/\",\"url\":\"https:\/\/2liceum.eu\/index.php\/2021\/12\/02\/powiedz-co-czujesz-zdemaskuj-emocje\/\",\"name\":\"\\\"Powiedz co czujesz. Zdemaskuj emocje\u201d! - II Liceum Og\u00f3lnokszta\u0142c\u0105ce w Lubinie\",\"isPartOf\":{\"@id\":\"https:\/\/2liceum.eu\/#website\"},\"datePublished\":\"2021-12-02T08:55:08+00:00\",\"dateModified\":\"2021-12-02T08:55:09+00:00\",\"breadcrumb\":{\"@id\":\"https:\/\/2liceum.eu\/index.php\/2021\/12\/02\/powiedz-co-czujesz-zdemaskuj-emocje\/#breadcrumb\"},\"inLanguage\":\"pl-PL\",\"potentialAction\":[{\"@type\":\"ReadAction\",\"target\":[\"https:\/\/2liceum.eu\/index.php\/2021\/12\/02\/powiedz-co-czujesz-zdemaskuj-emocje\/\"]}]},{\"@type\":\"BreadcrumbList\",\"@id\":\"https:\/\/2liceum.eu\/index.php\/2021\/12\/02\/powiedz-co-czujesz-zdemaskuj-emocje\/#breadcrumb\",\"itemListElement\":[{\"@type\":\"ListItem\",\"position\":1,\"name\":\"Strona g\u0142\u00f3wna\",\"item\":\"https:\/\/2liceum.eu\/\"},{\"@type\":\"ListItem\",\"position\":2,\"name\":\"&#8222;Powiedz co&nbsp;czujesz. Zdemaskuj emocje\u201d!\"}]},{\"@type\":\"Article\",\"@id\":\"https:\/\/2liceum.eu\/index.php\/2021\/12\/02\/powiedz-co-czujesz-zdemaskuj-emocje\/#article\",\"isPartOf\":{\"@id\":\"https:\/\/2liceum.eu\/index.php\/2021\/12\/02\/powiedz-co-czujesz-zdemaskuj-emocje\/\"},\"author\":{\"name\":\"Adam Dragan\",\"@id\":\"https:\/\/2liceum.eu\/#\/schema\/person\/1a52557bfdaf047be954a8b190648da5\"},\"headline\":\"&#8222;Powiedz co czujesz. Zdemaskuj emocje\u201d!\",\"datePublished\":\"2021-12-02T08:55:08+00:00\",\"dateModified\":\"2021-12-02T08:55:09+00:00\",\"mainEntityOfPage\":{\"@id\":\"https:\/\/2liceum.eu\/index.php\/2021\/12\/02\/powiedz-co-czujesz-zdemaskuj-emocje\/\"},\"wordCount\":86,\"commentCount\":0,\"publisher\":{\"@id\":\"https:\/\/2liceum.eu\/#organization\"},\"articleSection\":[\"Aktualno\u015bci\",\"Artyku\u0142y pedagoga\"],\"inLanguage\":\"pl-PL\",\"potentialAction\":[{\"@type\":\"CommentAction\",\"name\":\"Comment\",\"target\":[\"https:\/\/2liceum.eu\/index.php\/2021\/12\/02\/powiedz-co-czujesz-zdemaskuj-emocje\/#respond\"]}]},{\"@type\":\"Person\",\"@id\":\"https:\/\/2liceum.eu\/#\/schema\/person\/1a52557bfdaf047be954a8b190648da5\",\"name\":\"Adam Dragan\",\"image\":{\"@type\":\"ImageObject\",\"inLanguage\":\"pl-PL\",\"@id\":\"https:\/\/2liceum.eu\/#\/schema\/person\/image\/\",\"url\":\"https:\/\/secure.gravatar.com\/avatar\/3a2bee53698f47ac117505a8a054d1e47e9ee9593c4c77dc18374aa80472d80c?s=96&d=mm&r=g\",\"contentUrl\":\"https:\/\/secure.gravatar.com\/avatar\/3a2bee53698f47ac117505a8a054d1e47e9ee9593c4c77dc18374aa80472d80c?s=96&d=mm&r=g\",\"caption\":\"Adam Dragan\"},\"sameAs\":[\"http:\/\/2liceum.eu\"]}]}<\/script>\n<!-- \/ Yoast SEO plugin. -->","yoast_head_json":{"title":"\"Powiedz co czujesz. Zdemaskuj emocje\u201d! - II Liceum Og\u00f3lnokszta\u0142c\u0105ce w Lubinie","robots":{"index":"index","follow":"follow","max-snippet":"max-snippet:-1","max-image-preview":"max-image-preview:large","max-video-preview":"max-video-preview:-1"},"canonical":"https:\/\/2liceum.eu\/index.php\/2021\/12\/02\/powiedz-co-czujesz-zdemaskuj-emocje\/","og_locale":"pl_PL","og_type":"article","og_title":"\"Powiedz co czujesz. Zdemaskuj emocje\u201d! - II Liceum Og\u00f3lnokszta\u0142c\u0105ce w Lubinie","og_description":"&nbsp; Informujemy, \u017ce ruszy\u0142a kampania promuj\u0105ca specjaln\u0105 infolini\u0119&nbsp;800121212 oferuj\u0105c\u0105 dora\u017ane wsparcie psychologiczne dzieciom i m\u0142odzie\u017cy, a tak\u017ce ich rodzicom i opiekunom. Numer dzia\u0142a przez ca\u0142\u0105 dob\u0119, a po\u0142\u0105czenie z nim jest bezp\u0142atne. M\u0142odzi ludzie, kt\u00f3rzy od zwyk\u0142ej rozmowy telefonicznej wol\u0105 komunikator, mog\u0105 skorzysta\u0107 z chatu dost\u0119pnego na stronie internetowej Rzecznika Praw Dziecka https:\/\/czat.brpd.gov.pl &nbsp; Wi\u0119cej:&nbsp;www.gov.pl\/opiekapsychologiczna [&hellip;]","og_url":"https:\/\/2liceum.eu\/index.php\/2021\/12\/02\/powiedz-co-czujesz-zdemaskuj-emocje\/","og_site_name":"II Liceum Og\u00f3lnokszta\u0142c\u0105ce w Lubinie","article_publisher":"https:\/\/web.facebook.com\/IILOLubin\/","article_published_time":"2021-12-02T08:55:08+00:00","article_modified_time":"2021-12-02T08:55:09+00:00","og_image":[{"url":"https:\/\/2liceum.eu\/wp-content\/uploads\/2021\/12\/zdemaskuj.png"}],"author":"Adam Dragan","twitter_card":"summary_large_image","twitter_misc":{"Napisane przez":"Adam Dragan","Szacowany czas czytania":"1 minuta"},"schema":{"@context":"https:\/\/schema.org","@graph":[{"@type":"Organization","@id":"https:\/\/2liceum.eu\/#organization","name":"II Liceum Og\u00f3lnokszta\u0142c\u0105ce w Lubinie","url":"https:\/\/2liceum.eu\/","sameAs":["http:\/\/2lolubin","https:\/\/www.youtube.com\/channel\/UCWjEMxRJYdfvxPhVOn-8g_g","https:\/\/web.facebook.com\/IILOLubin\/"],"logo":{"@type":"ImageObject","inLanguage":"pl-PL","@id":"https:\/\/2liceum.eu\/#\/schema\/logo\/image\/","url":"https:\/\/2liceum.eu\/wp-content\/uploads\/2018\/01\/pobrane.jpg","contentUrl":"https:\/\/2liceum.eu\/wp-content\/uploads\/2018\/01\/pobrane.jpg","width":184,"height":183,"caption":"II Liceum Og\u00f3lnokszta\u0142c\u0105ce w Lubinie"},"image":{"@id":"https:\/\/2liceum.eu\/#\/schema\/logo\/image\/"}},{"@type":"WebSite","@id":"https:\/\/2liceum.eu\/#website","url":"https:\/\/2liceum.eu\/","name":"II Liceum Og\u00f3lnokszta\u0142c\u0105ce w Lubinie","description":"Oficjalny portal II LO w Lubinie. Informacje o szkole, kadrze, zaj\u0119ciach dydaktycznych, ko\u0142ach zainteresowa\u0144, wolontariacie. Aktualno\u015bci. Galeria zdj\u0119\u0107.","publisher":{"@id":"https:\/\/2liceum.eu\/#organization"},"potentialAction":[{"@type":"SearchAction","target":{"@type":"EntryPoint","urlTemplate":"https:\/\/2liceum.eu\/?s={search_term_string}"},"query-input":"required name=search_term_string"}],"inLanguage":"pl-PL"},{"@type":"WebPage","@id":"https:\/\/2liceum.eu\/index.php\/2021\/12\/02\/powiedz-co-czujesz-zdemaskuj-emocje\/","url":"https:\/\/2liceum.eu\/index.php\/2021\/12\/02\/powiedz-co-czujesz-zdemaskuj-emocje\/","name":"\"Powiedz co czujesz. Zdemaskuj emocje\u201d! - II Liceum Og\u00f3lnokszta\u0142c\u0105ce w Lubinie","isPartOf":{"@id":"https:\/\/2liceum.eu\/#website"},"datePublished":"2021-12-02T08:55:08+00:00","dateModified":"2021-12-02T08:55:09+00:00","breadcrumb":{"@id":"https:\/\/2liceum.eu\/index.php\/2021\/12\/02\/powiedz-co-czujesz-zdemaskuj-emocje\/#breadcrumb"},"inLanguage":"pl-PL","potentialAction":[{"@type":"ReadAction","target":["https:\/\/2liceum.eu\/index.php\/2021\/12\/02\/powiedz-co-czujesz-zdemaskuj-emocje\/"]}]},{"@type":"BreadcrumbList","@id":"https:\/\/2liceum.eu\/index.php\/2021\/12\/02\/powiedz-co-czujesz-zdemaskuj-emocje\/#breadcrumb","itemListElement":[{"@type":"ListItem","position":1,"name":"Strona g\u0142\u00f3wna","item":"https:\/\/2liceum.eu\/"},{"@type":"ListItem","position":2,"name":"&#8222;Powiedz co&nbsp;czujesz. Zdemaskuj emocje\u201d!"}]},{"@type":"Article","@id":"https:\/\/2liceum.eu\/index.php\/2021\/12\/02\/powiedz-co-czujesz-zdemaskuj-emocje\/#article","isPartOf":{"@id":"https:\/\/2liceum.eu\/index.php\/2021\/12\/02\/powiedz-co-czujesz-zdemaskuj-emocje\/"},"author":{"name":"Adam Dragan","@id":"https:\/\/2liceum.eu\/#\/schema\/person\/1a52557bfdaf047be954a8b190648da5"},"headline":"&#8222;Powiedz co czujesz. Zdemaskuj emocje\u201d!","datePublished":"2021-12-02T08:55:08+00:00","dateModified":"2021-12-02T08:55:09+00:00","mainEntityOfPage":{"@id":"https:\/\/2liceum.eu\/index.php\/2021\/12\/02\/powiedz-co-czujesz-zdemaskuj-emocje\/"},"wordCount":86,"commentCount":0,"publisher":{"@id":"https:\/\/2liceum.eu\/#organization"},"articleSection":["Aktualno\u015bci","Artyku\u0142y pedagoga"],"inLanguage":"pl-PL","potentialAction":[{"@type":"CommentAction","name":"Comment","target":["https:\/\/2liceum.eu\/index.php\/2021\/12\/02\/powiedz-co-czujesz-zdemaskuj-emocje\/#respond"]}]},{"@type":"Person","@id":"https:\/\/2liceum.eu\/#\/schema\/person\/1a52557bfdaf047be954a8b190648da5","name":"Adam Dragan","image":{"@type":"ImageObject","inLanguage":"pl-PL","@id":"https:\/\/2liceum.eu\/#\/schema\/person\/image\/","url":"https:\/\/secure.gravatar.com\/avatar\/3a2bee53698f47ac117505a8a054d1e47e9ee9593c4c77dc18374aa80472d80c?s=96&d=mm&r=g","contentUrl":"https:\/\/secure.gravatar.com\/avatar\/3a2bee53698f47ac117505a8a054d1e47e9ee9593c4c77dc18374aa80472d80c?s=96&d=mm&r=g","caption":"Adam Dragan"},"sameAs":["http:\/\/2liceum.eu"]}]}},"_links":{"self":[{"href":"https:\/\/2liceum.eu\/index.php\/wp-json\/wp\/v2\/posts\/6669","targetHints":{"allow":["GET"]}}],"collection":[{"href":"https:\/\/2liceum.eu\/index.php\/wp-json\/wp\/v2\/posts"}],"about":[{"href":"https:\/\/2liceum.eu\/index.php\/wp-json\/wp\/v2\/types\/post"}],"author":[{"embeddable":true,"href":"https:\/\/2liceum.eu\/index.php\/wp-json\/wp\/v2\/users\/2"}],"replies":[{"embeddable":true,"href":"https:\/\/2liceum.eu\/index.php\/wp-json\/wp\/v2\/comments?post=6669"}],"version-history":[{"count":1,"href":"https:\/\/2liceum.eu\/index.php\/wp-json\/wp\/v2\/posts\/6669\/revisions"}],"predecessor-version":[{"id":6671,"href":"https:\/\/2liceum.eu\/index.php\/wp-json\/wp\/v2\/posts\/6669\/revisions\/6671"}],"wp:attachment":[{"href":"https:\/\/2liceum.eu\/index.php\/wp-json\/wp\/v2\/media?parent=6669"}],"wp:term":[{"taxonomy":"category","embeddable":true,"href":"https:\/\/2liceum.eu\/index.php\/wp-json\/wp\/v2\/categories?post=6669"},{"taxonomy":"post_tag","embeddable":true,"href":"https:\/\/2liceum.eu\/index.php\/wp-json\/wp\/v2\/tags?post=6669"}],"curies":[{"name":"wp","href":"https:\/\/api.w.org\/{rel}","templated":true}]}}