{"id":6711,"date":"2021-12-08T14:42:38","date_gmt":"2021-12-08T13:42:38","guid":{"rendered":"https:\/\/2liceum.eu\/?p=6711"},"modified":"2021-12-08T14:43:03","modified_gmt":"2021-12-08T13:43:03","slug":"mistrzostwa-szkoly-w-tenisie-stolowym","status":"publish","type":"post","link":"https:\/\/2liceum.eu\/index.php\/2021\/12\/08\/mistrzostwa-szkoly-w-tenisie-stolowym\/","title":{"rendered":"Mistrzostwa Szko\u0142y w tenisie sto\u0142owym!"},"content":{"rendered":"\n<p style=\"text-align: center;\"><img loading=\"lazy\" decoding=\"async\" class=\"aligncenter size-full wp-image-6712\" src=\"https:\/\/2liceum.eu\/wp-content\/uploads\/2021\/12\/263463587_4737951919594697_5912036160593477695_n.jpg\" alt=\"\" width=\"1984\" height=\"1120\" srcset=\"https:\/\/2liceum.eu\/wp-content\/uploads\/2021\/12\/263463587_4737951919594697_5912036160593477695_n.jpg 1984w, https:\/\/2liceum.eu\/wp-content\/uploads\/2021\/12\/263463587_4737951919594697_5912036160593477695_n-300x169.jpg 300w, https:\/\/2liceum.eu\/wp-content\/uploads\/2021\/12\/263463587_4737951919594697_5912036160593477695_n-1024x578.jpg 1024w, https:\/\/2liceum.eu\/wp-content\/uploads\/2021\/12\/263463587_4737951919594697_5912036160593477695_n-768x434.jpg 768w, https:\/\/2liceum.eu\/wp-content\/uploads\/2021\/12\/263463587_4737951919594697_5912036160593477695_n-1536x867.jpg 1536w, https:\/\/2liceum.eu\/wp-content\/uploads\/2021\/12\/263463587_4737951919594697_5912036160593477695_n-274x156.jpg 274w\" sizes=\"auto, (max-width: 1984px) 100vw, 1984px\" \/><\/p>\n<p>&nbsp;<\/p>\n<div class=\"kvgmc6g5 cxmmr5t8 oygrvhab hcukyx3x c1et5uql ii04i59q\">\n<div dir=\"auto\"><strong>We wtorek 7 grudnia, odby\u0142y si\u0119 <span style=\"color: #008000;\">Mistrzostwa Szko\u0142y w tenisie sto\u0142owym.<\/span><\/strong><\/div>\n<div dir=\"auto\">&nbsp;<\/div>\n<\/div>\n<div class=\"o9v6fnle cxmmr5t8 oygrvhab hcukyx3x c1et5uql ii04i59q\">\n<div dir=\"auto\">W\u015br\u00f3d <strong>dziewcz\u0105t<\/strong> miejsca na podium wygl\u0105da\u0142y nast\u0119puj\u0105co:<\/div>\n<div dir=\"auto\"><strong>1. Milena Hubscher 3i<\/strong><\/div>\n<div dir=\"auto\">2. Oliwia Matkowska 2b<\/div>\n<div dir=\"auto\">3. Aleksandra Rachwalska 2b<\/div>\n<div dir=\"auto\">&nbsp;<\/div>\n<\/div>\n<div class=\"o9v6fnle cxmmr5t8 oygrvhab hcukyx3x c1et5uql ii04i59q\">\n<div dir=\"auto\" style=\"text-align: justify;\">W\u015br\u00f3d ch\u0142opc\u00f3w do rozgrywek przyst\u0105pi\u0142y 22 osoby. Najpierw dwie rundy rozegrali\u015bmy systemem pucharowym. Potem fina\u0142owa pi\u0105tka zagra\u0142a ,,ka\u017cdy z ka\u017cdym&#8221;. I tak najlepszym tenisist\u0105 naszej szko\u0142y zosta\u0142 <strong>Miko\u0142aj Kaciuba 1c<\/strong>. <span style=\"color: initial;\">Na drugim miejscu by\u0142 Maciej U\u015b\u0107 3f, a trzecie miejsce zaj\u0105\u0142 Mateusz Mi\u0105sik 3f.<\/span><\/div>\n<\/div>\n<div dir=\"auto\">&nbsp;<\/div>\n<div dir=\"auto\">&nbsp;<\/div>\n<div dir=\"auto\" style=\"text-align: center;\"><img loading=\"lazy\" decoding=\"async\" class=\"wp-image-6713 alignleft\" src=\"https:\/\/2liceum.eu\/wp-content\/uploads\/2021\/12\/263472298_4737951759594713_2145724311807056361_n.jpg\" alt=\"\" width=\"264\" height=\"468\" srcset=\"https:\/\/2liceum.eu\/wp-content\/uploads\/2021\/12\/263472298_4737951759594713_2145724311807056361_n.jpg 1120w, https:\/\/2liceum.eu\/wp-content\/uploads\/2021\/12\/263472298_4737951759594713_2145724311807056361_n-169x300.jpg 169w, https:\/\/2liceum.eu\/wp-content\/uploads\/2021\/12\/263472298_4737951759594713_2145724311807056361_n-578x1024.jpg 578w, https:\/\/2liceum.eu\/wp-content\/uploads\/2021\/12\/263472298_4737951759594713_2145724311807056361_n-768x1360.jpg 768w, https:\/\/2liceum.eu\/wp-content\/uploads\/2021\/12\/263472298_4737951759594713_2145724311807056361_n-867x1536.jpg 867w\" sizes=\"auto, (max-width: 264px) 100vw, 264px\" \/><img loading=\"lazy\" decoding=\"async\" class=\"wp-image-6714 alignright\" src=\"https:\/\/2liceum.eu\/wp-content\/uploads\/2021\/12\/263476051_4737951686261387_4707890488060117520_n.jpg\" alt=\"\" width=\"264\" height=\"467\" srcset=\"https:\/\/2liceum.eu\/wp-content\/uploads\/2021\/12\/263476051_4737951686261387_4707890488060117520_n.jpg 1120w, https:\/\/2liceum.eu\/wp-content\/uploads\/2021\/12\/263476051_4737951686261387_4707890488060117520_n-169x300.jpg 169w, https:\/\/2liceum.eu\/wp-content\/uploads\/2021\/12\/263476051_4737951686261387_4707890488060117520_n-578x1024.jpg 578w, https:\/\/2liceum.eu\/wp-content\/uploads\/2021\/12\/263476051_4737951686261387_4707890488060117520_n-768x1360.jpg 768w, https:\/\/2liceum.eu\/wp-content\/uploads\/2021\/12\/263476051_4737951686261387_4707890488060117520_n-867x1536.jpg 867w\" sizes=\"auto, (max-width: 264px) 100vw, 264px\" \/><\/div>\n","protected":false},"excerpt":{"rendered":"<p>&nbsp; We wtorek 7 grudnia, odby\u0142y si\u0119 Mistrzostwa Szko\u0142y w tenisie sto\u0142owym. &nbsp; W\u015br\u00f3d dziewcz\u0105t miejsca na podium wygl\u0105da\u0142y nast\u0119puj\u0105co: 1. Milena Hubscher 3i 2. Oliwia Matkowska 2b 3. Aleksandra Rachwalska 2b &nbsp; W\u015br\u00f3d ch\u0142opc\u00f3w do rozgrywek przyst\u0105pi\u0142y 22 osoby. Najpierw dwie rundy rozegrali\u015bmy systemem pucharowym. Potem fina\u0142owa pi\u0105tka zagra\u0142a ,,ka\u017cdy z ka\u017cdym&#8221;. I tak [&hellip;]<\/p>\n","protected":false},"author":2,"featured_media":0,"comment_status":"open","ping_status":"open","sticky":false,"template":"","format":"standard","meta":{"ngg_post_thumbnail":0,"footnotes":""},"categories":[1,34],"tags":[],"class_list":["post-6711","post","type-post","status-publish","format-standard","hentry","category-aktualnosci","category-osiagniecia-sportowe-2021-2022"],"yoast_head":"<!-- This site is optimized with the Yoast SEO plugin v19.4 - https:\/\/yoast.com\/wordpress\/plugins\/seo\/ -->\n<title>Mistrzostwa Szko\u0142y w tenisie sto\u0142owym! - II Liceum Og\u00f3lnokszta\u0142c\u0105ce w Lubinie<\/title>\n<meta name=\"robots\" content=\"index, follow, max-snippet:-1, max-image-preview:large, max-video-preview:-1\" \/>\n<link rel=\"canonical\" href=\"https:\/\/2liceum.eu\/index.php\/2021\/12\/08\/mistrzostwa-szkoly-w-tenisie-stolowym\/\" \/>\n<meta property=\"og:locale\" content=\"pl_PL\" \/>\n<meta property=\"og:type\" content=\"article\" \/>\n<meta property=\"og:title\" content=\"Mistrzostwa Szko\u0142y w tenisie sto\u0142owym! - II Liceum Og\u00f3lnokszta\u0142c\u0105ce w Lubinie\" \/>\n<meta property=\"og:description\" content=\"&nbsp; We wtorek 7 grudnia, odby\u0142y si\u0119 Mistrzostwa Szko\u0142y w tenisie sto\u0142owym. &nbsp; W\u015br\u00f3d dziewcz\u0105t miejsca na podium wygl\u0105da\u0142y nast\u0119puj\u0105co: 1. Milena Hubscher 3i 2. Oliwia Matkowska 2b 3. Aleksandra Rachwalska 2b &nbsp; W\u015br\u00f3d ch\u0142opc\u00f3w do rozgrywek przyst\u0105pi\u0142y 22 osoby. Najpierw dwie rundy rozegrali\u015bmy systemem pucharowym. Potem fina\u0142owa pi\u0105tka zagra\u0142a ,,ka\u017cdy z ka\u017cdym&#8221;. I tak [&hellip;]\" \/>\n<meta property=\"og:url\" content=\"https:\/\/2liceum.eu\/index.php\/2021\/12\/08\/mistrzostwa-szkoly-w-tenisie-stolowym\/\" \/>\n<meta property=\"og:site_name\" content=\"II Liceum Og\u00f3lnokszta\u0142c\u0105ce w Lubinie\" \/>\n<meta property=\"article:publisher\" content=\"https:\/\/web.facebook.com\/IILOLubin\/\" \/>\n<meta property=\"article:published_time\" content=\"2021-12-08T13:42:38+00:00\" \/>\n<meta property=\"article:modified_time\" content=\"2021-12-08T13:43:03+00:00\" \/>\n<meta property=\"og:image\" content=\"https:\/\/2liceum.eu\/wp-content\/uploads\/2021\/12\/263463587_4737951919594697_5912036160593477695_n.jpg\" \/>\n<meta name=\"author\" content=\"Adam Dragan\" \/>\n<meta name=\"twitter:card\" content=\"summary_large_image\" \/>\n<meta name=\"twitter:label1\" content=\"Napisane przez\" \/>\n\t<meta name=\"twitter:data1\" content=\"Adam Dragan\" \/>\n\t<meta name=\"twitter:label2\" content=\"Szacowany czas czytania\" \/>\n\t<meta name=\"twitter:data2\" content=\"1 minuta\" \/>\n<script type=\"application\/ld+json\" class=\"yoast-schema-graph\">{\"@context\":\"https:\/\/schema.org\",\"@graph\":[{\"@type\":\"Organization\",\"@id\":\"https:\/\/2liceum.eu\/#organization\",\"name\":\"II Liceum Og\u00f3lnokszta\u0142c\u0105ce w Lubinie\",\"url\":\"https:\/\/2liceum.eu\/\",\"sameAs\":[\"http:\/\/2lolubin\",\"https:\/\/www.youtube.com\/channel\/UCWjEMxRJYdfvxPhVOn-8g_g\",\"https:\/\/web.facebook.com\/IILOLubin\/\"],\"logo\":{\"@type\":\"ImageObject\",\"inLanguage\":\"pl-PL\",\"@id\":\"https:\/\/2liceum.eu\/#\/schema\/logo\/image\/\",\"url\":\"https:\/\/2liceum.eu\/wp-content\/uploads\/2018\/01\/pobrane.jpg\",\"contentUrl\":\"https:\/\/2liceum.eu\/wp-content\/uploads\/2018\/01\/pobrane.jpg\",\"width\":184,\"height\":183,\"caption\":\"II Liceum Og\u00f3lnokszta\u0142c\u0105ce w Lubinie\"},\"image\":{\"@id\":\"https:\/\/2liceum.eu\/#\/schema\/logo\/image\/\"}},{\"@type\":\"WebSite\",\"@id\":\"https:\/\/2liceum.eu\/#website\",\"url\":\"https:\/\/2liceum.eu\/\",\"name\":\"II Liceum Og\u00f3lnokszta\u0142c\u0105ce w Lubinie\",\"description\":\"Oficjalny portal II LO w Lubinie. Informacje o szkole, kadrze, zaj\u0119ciach dydaktycznych, ko\u0142ach zainteresowa\u0144, wolontariacie. Aktualno\u015bci. Galeria zdj\u0119\u0107.\",\"publisher\":{\"@id\":\"https:\/\/2liceum.eu\/#organization\"},\"potentialAction\":[{\"@type\":\"SearchAction\",\"target\":{\"@type\":\"EntryPoint\",\"urlTemplate\":\"https:\/\/2liceum.eu\/?s={search_term_string}\"},\"query-input\":\"required name=search_term_string\"}],\"inLanguage\":\"pl-PL\"},{\"@type\":\"WebPage\",\"@id\":\"https:\/\/2liceum.eu\/index.php\/2021\/12\/08\/mistrzostwa-szkoly-w-tenisie-stolowym\/\",\"url\":\"https:\/\/2liceum.eu\/index.php\/2021\/12\/08\/mistrzostwa-szkoly-w-tenisie-stolowym\/\",\"name\":\"Mistrzostwa Szko\u0142y w tenisie sto\u0142owym! - II Liceum Og\u00f3lnokszta\u0142c\u0105ce w Lubinie\",\"isPartOf\":{\"@id\":\"https:\/\/2liceum.eu\/#website\"},\"datePublished\":\"2021-12-08T13:42:38+00:00\",\"dateModified\":\"2021-12-08T13:43:03+00:00\",\"breadcrumb\":{\"@id\":\"https:\/\/2liceum.eu\/index.php\/2021\/12\/08\/mistrzostwa-szkoly-w-tenisie-stolowym\/#breadcrumb\"},\"inLanguage\":\"pl-PL\",\"potentialAction\":[{\"@type\":\"ReadAction\",\"target\":[\"https:\/\/2liceum.eu\/index.php\/2021\/12\/08\/mistrzostwa-szkoly-w-tenisie-stolowym\/\"]}]},{\"@type\":\"BreadcrumbList\",\"@id\":\"https:\/\/2liceum.eu\/index.php\/2021\/12\/08\/mistrzostwa-szkoly-w-tenisie-stolowym\/#breadcrumb\",\"itemListElement\":[{\"@type\":\"ListItem\",\"position\":1,\"name\":\"Strona g\u0142\u00f3wna\",\"item\":\"https:\/\/2liceum.eu\/\"},{\"@type\":\"ListItem\",\"position\":2,\"name\":\"Mistrzostwa Szko\u0142y w&nbsp;tenisie sto\u0142owym!\"}]},{\"@type\":\"Article\",\"@id\":\"https:\/\/2liceum.eu\/index.php\/2021\/12\/08\/mistrzostwa-szkoly-w-tenisie-stolowym\/#article\",\"isPartOf\":{\"@id\":\"https:\/\/2liceum.eu\/index.php\/2021\/12\/08\/mistrzostwa-szkoly-w-tenisie-stolowym\/\"},\"author\":{\"name\":\"Adam Dragan\",\"@id\":\"https:\/\/2liceum.eu\/#\/schema\/person\/1a52557bfdaf047be954a8b190648da5\"},\"headline\":\"Mistrzostwa Szko\u0142y w tenisie sto\u0142owym!\",\"datePublished\":\"2021-12-08T13:42:38+00:00\",\"dateModified\":\"2021-12-08T13:43:03+00:00\",\"mainEntityOfPage\":{\"@id\":\"https:\/\/2liceum.eu\/index.php\/2021\/12\/08\/mistrzostwa-szkoly-w-tenisie-stolowym\/\"},\"wordCount\":106,\"commentCount\":0,\"publisher\":{\"@id\":\"https:\/\/2liceum.eu\/#organization\"},\"articleSection\":[\"Aktualno\u015bci\",\"Osi\u0105gni\u0119cia sportowe 2021\/2022!\"],\"inLanguage\":\"pl-PL\",\"potentialAction\":[{\"@type\":\"CommentAction\",\"name\":\"Comment\",\"target\":[\"https:\/\/2liceum.eu\/index.php\/2021\/12\/08\/mistrzostwa-szkoly-w-tenisie-stolowym\/#respond\"]}]},{\"@type\":\"Person\",\"@id\":\"https:\/\/2liceum.eu\/#\/schema\/person\/1a52557bfdaf047be954a8b190648da5\",\"name\":\"Adam Dragan\",\"image\":{\"@type\":\"ImageObject\",\"inLanguage\":\"pl-PL\",\"@id\":\"https:\/\/2liceum.eu\/#\/schema\/person\/image\/\",\"url\":\"https:\/\/secure.gravatar.com\/avatar\/3a2bee53698f47ac117505a8a054d1e47e9ee9593c4c77dc18374aa80472d80c?s=96&d=mm&r=g\",\"contentUrl\":\"https:\/\/secure.gravatar.com\/avatar\/3a2bee53698f47ac117505a8a054d1e47e9ee9593c4c77dc18374aa80472d80c?s=96&d=mm&r=g\",\"caption\":\"Adam Dragan\"},\"sameAs\":[\"http:\/\/2liceum.eu\"]}]}<\/script>\n<!-- \/ Yoast SEO plugin. -->","yoast_head_json":{"title":"Mistrzostwa Szko\u0142y w tenisie sto\u0142owym! - II Liceum Og\u00f3lnokszta\u0142c\u0105ce w Lubinie","robots":{"index":"index","follow":"follow","max-snippet":"max-snippet:-1","max-image-preview":"max-image-preview:large","max-video-preview":"max-video-preview:-1"},"canonical":"https:\/\/2liceum.eu\/index.php\/2021\/12\/08\/mistrzostwa-szkoly-w-tenisie-stolowym\/","og_locale":"pl_PL","og_type":"article","og_title":"Mistrzostwa Szko\u0142y w tenisie sto\u0142owym! - II Liceum Og\u00f3lnokszta\u0142c\u0105ce w Lubinie","og_description":"&nbsp; We wtorek 7 grudnia, odby\u0142y si\u0119 Mistrzostwa Szko\u0142y w tenisie sto\u0142owym. &nbsp; W\u015br\u00f3d dziewcz\u0105t miejsca na podium wygl\u0105da\u0142y nast\u0119puj\u0105co: 1. Milena Hubscher 3i 2. Oliwia Matkowska 2b 3. Aleksandra Rachwalska 2b &nbsp; W\u015br\u00f3d ch\u0142opc\u00f3w do rozgrywek przyst\u0105pi\u0142y 22 osoby. Najpierw dwie rundy rozegrali\u015bmy systemem pucharowym. Potem fina\u0142owa pi\u0105tka zagra\u0142a ,,ka\u017cdy z ka\u017cdym&#8221;. I tak [&hellip;]","og_url":"https:\/\/2liceum.eu\/index.php\/2021\/12\/08\/mistrzostwa-szkoly-w-tenisie-stolowym\/","og_site_name":"II Liceum Og\u00f3lnokszta\u0142c\u0105ce w Lubinie","article_publisher":"https:\/\/web.facebook.com\/IILOLubin\/","article_published_time":"2021-12-08T13:42:38+00:00","article_modified_time":"2021-12-08T13:43:03+00:00","og_image":[{"url":"https:\/\/2liceum.eu\/wp-content\/uploads\/2021\/12\/263463587_4737951919594697_5912036160593477695_n.jpg"}],"author":"Adam Dragan","twitter_card":"summary_large_image","twitter_misc":{"Napisane przez":"Adam Dragan","Szacowany czas czytania":"1 minuta"},"schema":{"@context":"https:\/\/schema.org","@graph":[{"@type":"Organization","@id":"https:\/\/2liceum.eu\/#organization","name":"II Liceum Og\u00f3lnokszta\u0142c\u0105ce w Lubinie","url":"https:\/\/2liceum.eu\/","sameAs":["http:\/\/2lolubin","https:\/\/www.youtube.com\/channel\/UCWjEMxRJYdfvxPhVOn-8g_g","https:\/\/web.facebook.com\/IILOLubin\/"],"logo":{"@type":"ImageObject","inLanguage":"pl-PL","@id":"https:\/\/2liceum.eu\/#\/schema\/logo\/image\/","url":"https:\/\/2liceum.eu\/wp-content\/uploads\/2018\/01\/pobrane.jpg","contentUrl":"https:\/\/2liceum.eu\/wp-content\/uploads\/2018\/01\/pobrane.jpg","width":184,"height":183,"caption":"II Liceum Og\u00f3lnokszta\u0142c\u0105ce w Lubinie"},"image":{"@id":"https:\/\/2liceum.eu\/#\/schema\/logo\/image\/"}},{"@type":"WebSite","@id":"https:\/\/2liceum.eu\/#website","url":"https:\/\/2liceum.eu\/","name":"II Liceum Og\u00f3lnokszta\u0142c\u0105ce w Lubinie","description":"Oficjalny portal II LO w Lubinie. Informacje o szkole, kadrze, zaj\u0119ciach dydaktycznych, ko\u0142ach zainteresowa\u0144, wolontariacie. Aktualno\u015bci. Galeria zdj\u0119\u0107.","publisher":{"@id":"https:\/\/2liceum.eu\/#organization"},"potentialAction":[{"@type":"SearchAction","target":{"@type":"EntryPoint","urlTemplate":"https:\/\/2liceum.eu\/?s={search_term_string}"},"query-input":"required name=search_term_string"}],"inLanguage":"pl-PL"},{"@type":"WebPage","@id":"https:\/\/2liceum.eu\/index.php\/2021\/12\/08\/mistrzostwa-szkoly-w-tenisie-stolowym\/","url":"https:\/\/2liceum.eu\/index.php\/2021\/12\/08\/mistrzostwa-szkoly-w-tenisie-stolowym\/","name":"Mistrzostwa Szko\u0142y w tenisie sto\u0142owym! - II Liceum Og\u00f3lnokszta\u0142c\u0105ce w Lubinie","isPartOf":{"@id":"https:\/\/2liceum.eu\/#website"},"datePublished":"2021-12-08T13:42:38+00:00","dateModified":"2021-12-08T13:43:03+00:00","breadcrumb":{"@id":"https:\/\/2liceum.eu\/index.php\/2021\/12\/08\/mistrzostwa-szkoly-w-tenisie-stolowym\/#breadcrumb"},"inLanguage":"pl-PL","potentialAction":[{"@type":"ReadAction","target":["https:\/\/2liceum.eu\/index.php\/2021\/12\/08\/mistrzostwa-szkoly-w-tenisie-stolowym\/"]}]},{"@type":"BreadcrumbList","@id":"https:\/\/2liceum.eu\/index.php\/2021\/12\/08\/mistrzostwa-szkoly-w-tenisie-stolowym\/#breadcrumb","itemListElement":[{"@type":"ListItem","position":1,"name":"Strona g\u0142\u00f3wna","item":"https:\/\/2liceum.eu\/"},{"@type":"ListItem","position":2,"name":"Mistrzostwa Szko\u0142y w&nbsp;tenisie sto\u0142owym!"}]},{"@type":"Article","@id":"https:\/\/2liceum.eu\/index.php\/2021\/12\/08\/mistrzostwa-szkoly-w-tenisie-stolowym\/#article","isPartOf":{"@id":"https:\/\/2liceum.eu\/index.php\/2021\/12\/08\/mistrzostwa-szkoly-w-tenisie-stolowym\/"},"author":{"name":"Adam Dragan","@id":"https:\/\/2liceum.eu\/#\/schema\/person\/1a52557bfdaf047be954a8b190648da5"},"headline":"Mistrzostwa Szko\u0142y w tenisie sto\u0142owym!","datePublished":"2021-12-08T13:42:38+00:00","dateModified":"2021-12-08T13:43:03+00:00","mainEntityOfPage":{"@id":"https:\/\/2liceum.eu\/index.php\/2021\/12\/08\/mistrzostwa-szkoly-w-tenisie-stolowym\/"},"wordCount":106,"commentCount":0,"publisher":{"@id":"https:\/\/2liceum.eu\/#organization"},"articleSection":["Aktualno\u015bci","Osi\u0105gni\u0119cia sportowe 2021\/2022!"],"inLanguage":"pl-PL","potentialAction":[{"@type":"CommentAction","name":"Comment","target":["https:\/\/2liceum.eu\/index.php\/2021\/12\/08\/mistrzostwa-szkoly-w-tenisie-stolowym\/#respond"]}]},{"@type":"Person","@id":"https:\/\/2liceum.eu\/#\/schema\/person\/1a52557bfdaf047be954a8b190648da5","name":"Adam Dragan","image":{"@type":"ImageObject","inLanguage":"pl-PL","@id":"https:\/\/2liceum.eu\/#\/schema\/person\/image\/","url":"https:\/\/secure.gravatar.com\/avatar\/3a2bee53698f47ac117505a8a054d1e47e9ee9593c4c77dc18374aa80472d80c?s=96&d=mm&r=g","contentUrl":"https:\/\/secure.gravatar.com\/avatar\/3a2bee53698f47ac117505a8a054d1e47e9ee9593c4c77dc18374aa80472d80c?s=96&d=mm&r=g","caption":"Adam Dragan"},"sameAs":["http:\/\/2liceum.eu"]}]}},"_links":{"self":[{"href":"https:\/\/2liceum.eu\/index.php\/wp-json\/wp\/v2\/posts\/6711","targetHints":{"allow":["GET"]}}],"collection":[{"href":"https:\/\/2liceum.eu\/index.php\/wp-json\/wp\/v2\/posts"}],"about":[{"href":"https:\/\/2liceum.eu\/index.php\/wp-json\/wp\/v2\/types\/post"}],"author":[{"embeddable":true,"href":"https:\/\/2liceum.eu\/index.php\/wp-json\/wp\/v2\/users\/2"}],"replies":[{"embeddable":true,"href":"https:\/\/2liceum.eu\/index.php\/wp-json\/wp\/v2\/comments?post=6711"}],"version-history":[{"count":2,"href":"https:\/\/2liceum.eu\/index.php\/wp-json\/wp\/v2\/posts\/6711\/revisions"}],"predecessor-version":[{"id":6716,"href":"https:\/\/2liceum.eu\/index.php\/wp-json\/wp\/v2\/posts\/6711\/revisions\/6716"}],"wp:attachment":[{"href":"https:\/\/2liceum.eu\/index.php\/wp-json\/wp\/v2\/media?parent=6711"}],"wp:term":[{"taxonomy":"category","embeddable":true,"href":"https:\/\/2liceum.eu\/index.php\/wp-json\/wp\/v2\/categories?post=6711"},{"taxonomy":"post_tag","embeddable":true,"href":"https:\/\/2liceum.eu\/index.php\/wp-json\/wp\/v2\/tags?post=6711"}],"curies":[{"name":"wp","href":"https:\/\/api.w.org\/{rel}","templated":true}]}}