{"id":6793,"date":"2021-12-20T09:52:07","date_gmt":"2021-12-20T08:52:07","guid":{"rendered":"https:\/\/2liceum.eu\/?p=6793"},"modified":"2021-12-20T09:52:08","modified_gmt":"2021-12-20T08:52:08","slug":"dwojkowe-spotkanie-z-dr-jackiem-jazy","status":"publish","type":"post","link":"https:\/\/2liceum.eu\/index.php\/2021\/12\/20\/dwojkowe-spotkanie-z-dr-jackiem-jazy\/","title":{"rendered":"Dw\u00f3jkowe Spotkanie z dr Jackiem Jazy!"},"content":{"rendered":"\n<div style=\"text-align: justify;\"><strong><img loading=\"lazy\" decoding=\"async\" class=\"size-full alignright\" src=\"https:\/\/2liceum.eu\/wp-content\/uploads\/sites\/1\/nggallery\/dwojkowe-spotkania-15-12-2021-r\/thumbs\/thumbs_BC2F9F90-E26A-4555-B73F-9327CC3B4B7D.jpeg\" width=\"240\" height=\"160\">15 grudnia br. uczniowie klas 3c oraz 2c,<\/strong> wraz z Pani\u0105 profesor Ma\u0142gorzat\u0105 Zaj\u0105czkowsk\u0105 i Pani\u0105 profesor Beat\u0105 Paw-Podg\u00f3rzak <strong>uczestniczy\u0142y w <span style=\"color: #008000;\">spotkaniu z Panem dr psychiatr\u0105 Jackiem Jazy,<\/span><\/strong> absolwentem naszej szko\u0142y. Celem spotkania by\u0142o zg\u0142\u0119bienia wiedzy na temat studi\u00f3w medycznych, pracy psychiatry.&nbsp;<\/div>\n<div>&nbsp;<\/div>\n<div style=\"text-align: justify;\">Spotkanie zacz\u0119\u0142o si\u0119 od <strong>kr\u00f3tkiego wywiadu,<\/strong> kt\u00f3ry nasze Panie nauczycielki przeprowadzi\u0142y z go\u015bciem. Mogli\u015bmy us\u0142ysze\u0107 <strong>wspomnienia doktora z jego czas\u00f3w nauki<\/strong>, jak wygl\u0105da\u0142a szko\u0142a oraz jak wspomina nauczycieli. Nast\u0119pnym punktem spotkania by\u0142 r\u00f3wnie\u017c wywiad, tym razem przeprowadzony przez Nasze kole\u017canki z klasy 2c, Zuzann\u0119 Kruczkowsk\u0105 i Zofi\u0119 \u015awierzowsk\u0105. W tej cz\u0119\u015bci wi\u0119cej si\u0119 <strong>dowiedzieli\u015bmy na temat studi\u00f3w medycznych, jak i psychiatrycznych.<\/strong> Ostatnim punktem spotkania by\u0142a <strong>otwarta rozmowa,<\/strong> gdzie uczniowie mogli zadawa\u0107 pytania. Dowiedzieli\u015bmy si\u0119 du\u017co na temat pracy psychiatry, ale tak\u017ce na temat samej psychologii.&nbsp;<\/div>\n<div>&nbsp;<\/div>\n<div style=\"text-align: justify;\">Wizyta ta pomog\u0142a uczniom klas biologiczno-chemicznych w popatrzeniu na dalsze losy ich edukacji oraz pokaza\u0142a Nam, jak trudny jest zaw\u00f3d lekarza.<\/div>\n<div>&nbsp;<\/div>\n<div>&nbsp;<\/div>\n\n\n\n<div class=\"wp-block-image\"><figure class=\"aligncenter size-full\"><a href=\"https:\/\/2liceum.eu\/index.php\/rok-szkolny-2021-2022\/nggallery\/rok-szkolny-2021-2022\/dwojkowe-spotkania-15-12-2021-r\"><img loading=\"lazy\" decoding=\"async\" width=\"119\" height=\"26\" src=\"https:\/\/2liceum.eu\/wp-content\/uploads\/2019\/12\/galeria.jpg\" alt=\"\" class=\"wp-image-4616\"\/><\/a><\/figure><\/div>\n","protected":false},"excerpt":{"rendered":"<p>15 grudnia br. uczniowie klas 3c oraz 2c, wraz z Pani\u0105 profesor Ma\u0142gorzat\u0105 Zaj\u0105czkowsk\u0105 i Pani\u0105 profesor Beat\u0105 Paw-Podg\u00f3rzak uczestniczy\u0142y w spotkaniu z Panem dr psychiatr\u0105 Jackiem Jazy, absolwentem naszej szko\u0142y. Celem spotkania by\u0142o zg\u0142\u0119bienia wiedzy na temat studi\u00f3w medycznych, pracy psychiatry.&nbsp; &nbsp; Spotkanie zacz\u0119\u0142o si\u0119 od kr\u00f3tkiego wywiadu, kt\u00f3ry nasze Panie nauczycielki przeprowadzi\u0142y z [&hellip;]<\/p>\n","protected":false},"author":2,"featured_media":0,"comment_status":"open","ping_status":"open","sticky":false,"template":"","format":"standard","meta":{"ngg_post_thumbnail":0,"footnotes":""},"categories":[1],"tags":[],"class_list":["post-6793","post","type-post","status-publish","format-standard","hentry","category-aktualnosci"],"yoast_head":"<!-- This site is optimized with the Yoast SEO plugin v19.4 - https:\/\/yoast.com\/wordpress\/plugins\/seo\/ -->\n<title>Dw\u00f3jkowe Spotkanie z dr Jackiem Jazy! - II Liceum Og\u00f3lnokszta\u0142c\u0105ce w Lubinie<\/title>\n<meta name=\"robots\" content=\"index, follow, max-snippet:-1, max-image-preview:large, max-video-preview:-1\" \/>\n<link rel=\"canonical\" href=\"https:\/\/2liceum.eu\/index.php\/2021\/12\/20\/dwojkowe-spotkanie-z-dr-jackiem-jazy\/\" \/>\n<meta property=\"og:locale\" content=\"pl_PL\" \/>\n<meta property=\"og:type\" content=\"article\" \/>\n<meta property=\"og:title\" content=\"Dw\u00f3jkowe Spotkanie z dr Jackiem Jazy! - II Liceum Og\u00f3lnokszta\u0142c\u0105ce w Lubinie\" \/>\n<meta property=\"og:description\" content=\"15 grudnia br. uczniowie klas 3c oraz 2c, wraz z Pani\u0105 profesor Ma\u0142gorzat\u0105 Zaj\u0105czkowsk\u0105 i Pani\u0105 profesor Beat\u0105 Paw-Podg\u00f3rzak uczestniczy\u0142y w spotkaniu z Panem dr psychiatr\u0105 Jackiem Jazy, absolwentem naszej szko\u0142y. Celem spotkania by\u0142o zg\u0142\u0119bienia wiedzy na temat studi\u00f3w medycznych, pracy psychiatry.&nbsp; &nbsp; Spotkanie zacz\u0119\u0142o si\u0119 od kr\u00f3tkiego wywiadu, kt\u00f3ry nasze Panie nauczycielki przeprowadzi\u0142y z [&hellip;]\" \/>\n<meta property=\"og:url\" content=\"https:\/\/2liceum.eu\/index.php\/2021\/12\/20\/dwojkowe-spotkanie-z-dr-jackiem-jazy\/\" \/>\n<meta property=\"og:site_name\" content=\"II Liceum Og\u00f3lnokszta\u0142c\u0105ce w Lubinie\" \/>\n<meta property=\"article:publisher\" content=\"https:\/\/web.facebook.com\/IILOLubin\/\" \/>\n<meta property=\"article:published_time\" content=\"2021-12-20T08:52:07+00:00\" \/>\n<meta property=\"article:modified_time\" content=\"2021-12-20T08:52:08+00:00\" \/>\n<meta property=\"og:image\" content=\"https:\/\/2liceum.eu\/wp-content\/uploads\/sites\/1\/nggallery\/dwojkowe-spotkania-15-12-2021-r\/thumbs\/thumbs_BC2F9F90-E26A-4555-B73F-9327CC3B4B7D.jpeg\" \/>\n<meta name=\"author\" content=\"Adam Dragan\" \/>\n<meta name=\"twitter:card\" content=\"summary_large_image\" \/>\n<meta name=\"twitter:label1\" content=\"Napisane przez\" \/>\n\t<meta name=\"twitter:data1\" content=\"Adam Dragan\" \/>\n\t<meta name=\"twitter:label2\" content=\"Szacowany czas czytania\" \/>\n\t<meta name=\"twitter:data2\" content=\"2 minuty\" \/>\n<script type=\"application\/ld+json\" class=\"yoast-schema-graph\">{\"@context\":\"https:\/\/schema.org\",\"@graph\":[{\"@type\":\"Organization\",\"@id\":\"https:\/\/2liceum.eu\/#organization\",\"name\":\"II Liceum Og\u00f3lnokszta\u0142c\u0105ce w Lubinie\",\"url\":\"https:\/\/2liceum.eu\/\",\"sameAs\":[\"http:\/\/2lolubin\",\"https:\/\/www.youtube.com\/channel\/UCWjEMxRJYdfvxPhVOn-8g_g\",\"https:\/\/web.facebook.com\/IILOLubin\/\"],\"logo\":{\"@type\":\"ImageObject\",\"inLanguage\":\"pl-PL\",\"@id\":\"https:\/\/2liceum.eu\/#\/schema\/logo\/image\/\",\"url\":\"https:\/\/2liceum.eu\/wp-content\/uploads\/2018\/01\/pobrane.jpg\",\"contentUrl\":\"https:\/\/2liceum.eu\/wp-content\/uploads\/2018\/01\/pobrane.jpg\",\"width\":184,\"height\":183,\"caption\":\"II Liceum Og\u00f3lnokszta\u0142c\u0105ce w Lubinie\"},\"image\":{\"@id\":\"https:\/\/2liceum.eu\/#\/schema\/logo\/image\/\"}},{\"@type\":\"WebSite\",\"@id\":\"https:\/\/2liceum.eu\/#website\",\"url\":\"https:\/\/2liceum.eu\/\",\"name\":\"II Liceum Og\u00f3lnokszta\u0142c\u0105ce w Lubinie\",\"description\":\"Oficjalny portal II LO w Lubinie. Informacje o szkole, kadrze, zaj\u0119ciach dydaktycznych, ko\u0142ach zainteresowa\u0144, wolontariacie. Aktualno\u015bci. Galeria zdj\u0119\u0107.\",\"publisher\":{\"@id\":\"https:\/\/2liceum.eu\/#organization\"},\"potentialAction\":[{\"@type\":\"SearchAction\",\"target\":{\"@type\":\"EntryPoint\",\"urlTemplate\":\"https:\/\/2liceum.eu\/?s={search_term_string}\"},\"query-input\":\"required name=search_term_string\"}],\"inLanguage\":\"pl-PL\"},{\"@type\":\"WebPage\",\"@id\":\"https:\/\/2liceum.eu\/index.php\/2021\/12\/20\/dwojkowe-spotkanie-z-dr-jackiem-jazy\/\",\"url\":\"https:\/\/2liceum.eu\/index.php\/2021\/12\/20\/dwojkowe-spotkanie-z-dr-jackiem-jazy\/\",\"name\":\"Dw\u00f3jkowe Spotkanie z dr Jackiem Jazy! - II Liceum Og\u00f3lnokszta\u0142c\u0105ce w Lubinie\",\"isPartOf\":{\"@id\":\"https:\/\/2liceum.eu\/#website\"},\"datePublished\":\"2021-12-20T08:52:07+00:00\",\"dateModified\":\"2021-12-20T08:52:08+00:00\",\"breadcrumb\":{\"@id\":\"https:\/\/2liceum.eu\/index.php\/2021\/12\/20\/dwojkowe-spotkanie-z-dr-jackiem-jazy\/#breadcrumb\"},\"inLanguage\":\"pl-PL\",\"potentialAction\":[{\"@type\":\"ReadAction\",\"target\":[\"https:\/\/2liceum.eu\/index.php\/2021\/12\/20\/dwojkowe-spotkanie-z-dr-jackiem-jazy\/\"]}]},{\"@type\":\"BreadcrumbList\",\"@id\":\"https:\/\/2liceum.eu\/index.php\/2021\/12\/20\/dwojkowe-spotkanie-z-dr-jackiem-jazy\/#breadcrumb\",\"itemListElement\":[{\"@type\":\"ListItem\",\"position\":1,\"name\":\"Strona g\u0142\u00f3wna\",\"item\":\"https:\/\/2liceum.eu\/\"},{\"@type\":\"ListItem\",\"position\":2,\"name\":\"Dw\u00f3jkowe Spotkanie z&nbsp;dr&nbsp;Jackiem Jazy!\"}]},{\"@type\":\"Article\",\"@id\":\"https:\/\/2liceum.eu\/index.php\/2021\/12\/20\/dwojkowe-spotkanie-z-dr-jackiem-jazy\/#article\",\"isPartOf\":{\"@id\":\"https:\/\/2liceum.eu\/index.php\/2021\/12\/20\/dwojkowe-spotkanie-z-dr-jackiem-jazy\/\"},\"author\":{\"name\":\"Adam Dragan\",\"@id\":\"https:\/\/2liceum.eu\/#\/schema\/person\/1a52557bfdaf047be954a8b190648da5\"},\"headline\":\"Dw\u00f3jkowe Spotkanie z dr Jackiem Jazy!\",\"datePublished\":\"2021-12-20T08:52:07+00:00\",\"dateModified\":\"2021-12-20T08:52:08+00:00\",\"mainEntityOfPage\":{\"@id\":\"https:\/\/2liceum.eu\/index.php\/2021\/12\/20\/dwojkowe-spotkanie-z-dr-jackiem-jazy\/\"},\"wordCount\":193,\"commentCount\":0,\"publisher\":{\"@id\":\"https:\/\/2liceum.eu\/#organization\"},\"articleSection\":[\"Aktualno\u015bci\"],\"inLanguage\":\"pl-PL\",\"potentialAction\":[{\"@type\":\"CommentAction\",\"name\":\"Comment\",\"target\":[\"https:\/\/2liceum.eu\/index.php\/2021\/12\/20\/dwojkowe-spotkanie-z-dr-jackiem-jazy\/#respond\"]}]},{\"@type\":\"Person\",\"@id\":\"https:\/\/2liceum.eu\/#\/schema\/person\/1a52557bfdaf047be954a8b190648da5\",\"name\":\"Adam Dragan\",\"image\":{\"@type\":\"ImageObject\",\"inLanguage\":\"pl-PL\",\"@id\":\"https:\/\/2liceum.eu\/#\/schema\/person\/image\/\",\"url\":\"https:\/\/secure.gravatar.com\/avatar\/3a2bee53698f47ac117505a8a054d1e47e9ee9593c4c77dc18374aa80472d80c?s=96&d=mm&r=g\",\"contentUrl\":\"https:\/\/secure.gravatar.com\/avatar\/3a2bee53698f47ac117505a8a054d1e47e9ee9593c4c77dc18374aa80472d80c?s=96&d=mm&r=g\",\"caption\":\"Adam Dragan\"},\"sameAs\":[\"http:\/\/2liceum.eu\"]}]}<\/script>\n<!-- \/ Yoast SEO plugin. -->","yoast_head_json":{"title":"Dw\u00f3jkowe Spotkanie z dr Jackiem Jazy! - II Liceum Og\u00f3lnokszta\u0142c\u0105ce w Lubinie","robots":{"index":"index","follow":"follow","max-snippet":"max-snippet:-1","max-image-preview":"max-image-preview:large","max-video-preview":"max-video-preview:-1"},"canonical":"https:\/\/2liceum.eu\/index.php\/2021\/12\/20\/dwojkowe-spotkanie-z-dr-jackiem-jazy\/","og_locale":"pl_PL","og_type":"article","og_title":"Dw\u00f3jkowe Spotkanie z dr Jackiem Jazy! - II Liceum Og\u00f3lnokszta\u0142c\u0105ce w Lubinie","og_description":"15 grudnia br. uczniowie klas 3c oraz 2c, wraz z Pani\u0105 profesor Ma\u0142gorzat\u0105 Zaj\u0105czkowsk\u0105 i Pani\u0105 profesor Beat\u0105 Paw-Podg\u00f3rzak uczestniczy\u0142y w spotkaniu z Panem dr psychiatr\u0105 Jackiem Jazy, absolwentem naszej szko\u0142y. Celem spotkania by\u0142o zg\u0142\u0119bienia wiedzy na temat studi\u00f3w medycznych, pracy psychiatry.&nbsp; &nbsp; Spotkanie zacz\u0119\u0142o si\u0119 od kr\u00f3tkiego wywiadu, kt\u00f3ry nasze Panie nauczycielki przeprowadzi\u0142y z [&hellip;]","og_url":"https:\/\/2liceum.eu\/index.php\/2021\/12\/20\/dwojkowe-spotkanie-z-dr-jackiem-jazy\/","og_site_name":"II Liceum Og\u00f3lnokszta\u0142c\u0105ce w Lubinie","article_publisher":"https:\/\/web.facebook.com\/IILOLubin\/","article_published_time":"2021-12-20T08:52:07+00:00","article_modified_time":"2021-12-20T08:52:08+00:00","og_image":[{"url":"https:\/\/2liceum.eu\/wp-content\/uploads\/sites\/1\/nggallery\/dwojkowe-spotkania-15-12-2021-r\/thumbs\/thumbs_BC2F9F90-E26A-4555-B73F-9327CC3B4B7D.jpeg"}],"author":"Adam Dragan","twitter_card":"summary_large_image","twitter_misc":{"Napisane przez":"Adam Dragan","Szacowany czas czytania":"2 minuty"},"schema":{"@context":"https:\/\/schema.org","@graph":[{"@type":"Organization","@id":"https:\/\/2liceum.eu\/#organization","name":"II Liceum Og\u00f3lnokszta\u0142c\u0105ce w Lubinie","url":"https:\/\/2liceum.eu\/","sameAs":["http:\/\/2lolubin","https:\/\/www.youtube.com\/channel\/UCWjEMxRJYdfvxPhVOn-8g_g","https:\/\/web.facebook.com\/IILOLubin\/"],"logo":{"@type":"ImageObject","inLanguage":"pl-PL","@id":"https:\/\/2liceum.eu\/#\/schema\/logo\/image\/","url":"https:\/\/2liceum.eu\/wp-content\/uploads\/2018\/01\/pobrane.jpg","contentUrl":"https:\/\/2liceum.eu\/wp-content\/uploads\/2018\/01\/pobrane.jpg","width":184,"height":183,"caption":"II Liceum Og\u00f3lnokszta\u0142c\u0105ce w Lubinie"},"image":{"@id":"https:\/\/2liceum.eu\/#\/schema\/logo\/image\/"}},{"@type":"WebSite","@id":"https:\/\/2liceum.eu\/#website","url":"https:\/\/2liceum.eu\/","name":"II Liceum Og\u00f3lnokszta\u0142c\u0105ce w Lubinie","description":"Oficjalny portal II LO w Lubinie. Informacje o szkole, kadrze, zaj\u0119ciach dydaktycznych, ko\u0142ach zainteresowa\u0144, wolontariacie. Aktualno\u015bci. Galeria zdj\u0119\u0107.","publisher":{"@id":"https:\/\/2liceum.eu\/#organization"},"potentialAction":[{"@type":"SearchAction","target":{"@type":"EntryPoint","urlTemplate":"https:\/\/2liceum.eu\/?s={search_term_string}"},"query-input":"required name=search_term_string"}],"inLanguage":"pl-PL"},{"@type":"WebPage","@id":"https:\/\/2liceum.eu\/index.php\/2021\/12\/20\/dwojkowe-spotkanie-z-dr-jackiem-jazy\/","url":"https:\/\/2liceum.eu\/index.php\/2021\/12\/20\/dwojkowe-spotkanie-z-dr-jackiem-jazy\/","name":"Dw\u00f3jkowe Spotkanie z dr Jackiem Jazy! - II Liceum Og\u00f3lnokszta\u0142c\u0105ce w Lubinie","isPartOf":{"@id":"https:\/\/2liceum.eu\/#website"},"datePublished":"2021-12-20T08:52:07+00:00","dateModified":"2021-12-20T08:52:08+00:00","breadcrumb":{"@id":"https:\/\/2liceum.eu\/index.php\/2021\/12\/20\/dwojkowe-spotkanie-z-dr-jackiem-jazy\/#breadcrumb"},"inLanguage":"pl-PL","potentialAction":[{"@type":"ReadAction","target":["https:\/\/2liceum.eu\/index.php\/2021\/12\/20\/dwojkowe-spotkanie-z-dr-jackiem-jazy\/"]}]},{"@type":"BreadcrumbList","@id":"https:\/\/2liceum.eu\/index.php\/2021\/12\/20\/dwojkowe-spotkanie-z-dr-jackiem-jazy\/#breadcrumb","itemListElement":[{"@type":"ListItem","position":1,"name":"Strona g\u0142\u00f3wna","item":"https:\/\/2liceum.eu\/"},{"@type":"ListItem","position":2,"name":"Dw\u00f3jkowe Spotkanie z&nbsp;dr&nbsp;Jackiem Jazy!"}]},{"@type":"Article","@id":"https:\/\/2liceum.eu\/index.php\/2021\/12\/20\/dwojkowe-spotkanie-z-dr-jackiem-jazy\/#article","isPartOf":{"@id":"https:\/\/2liceum.eu\/index.php\/2021\/12\/20\/dwojkowe-spotkanie-z-dr-jackiem-jazy\/"},"author":{"name":"Adam Dragan","@id":"https:\/\/2liceum.eu\/#\/schema\/person\/1a52557bfdaf047be954a8b190648da5"},"headline":"Dw\u00f3jkowe Spotkanie z dr Jackiem Jazy!","datePublished":"2021-12-20T08:52:07+00:00","dateModified":"2021-12-20T08:52:08+00:00","mainEntityOfPage":{"@id":"https:\/\/2liceum.eu\/index.php\/2021\/12\/20\/dwojkowe-spotkanie-z-dr-jackiem-jazy\/"},"wordCount":193,"commentCount":0,"publisher":{"@id":"https:\/\/2liceum.eu\/#organization"},"articleSection":["Aktualno\u015bci"],"inLanguage":"pl-PL","potentialAction":[{"@type":"CommentAction","name":"Comment","target":["https:\/\/2liceum.eu\/index.php\/2021\/12\/20\/dwojkowe-spotkanie-z-dr-jackiem-jazy\/#respond"]}]},{"@type":"Person","@id":"https:\/\/2liceum.eu\/#\/schema\/person\/1a52557bfdaf047be954a8b190648da5","name":"Adam Dragan","image":{"@type":"ImageObject","inLanguage":"pl-PL","@id":"https:\/\/2liceum.eu\/#\/schema\/person\/image\/","url":"https:\/\/secure.gravatar.com\/avatar\/3a2bee53698f47ac117505a8a054d1e47e9ee9593c4c77dc18374aa80472d80c?s=96&d=mm&r=g","contentUrl":"https:\/\/secure.gravatar.com\/avatar\/3a2bee53698f47ac117505a8a054d1e47e9ee9593c4c77dc18374aa80472d80c?s=96&d=mm&r=g","caption":"Adam Dragan"},"sameAs":["http:\/\/2liceum.eu"]}]}},"_links":{"self":[{"href":"https:\/\/2liceum.eu\/index.php\/wp-json\/wp\/v2\/posts\/6793","targetHints":{"allow":["GET"]}}],"collection":[{"href":"https:\/\/2liceum.eu\/index.php\/wp-json\/wp\/v2\/posts"}],"about":[{"href":"https:\/\/2liceum.eu\/index.php\/wp-json\/wp\/v2\/types\/post"}],"author":[{"embeddable":true,"href":"https:\/\/2liceum.eu\/index.php\/wp-json\/wp\/v2\/users\/2"}],"replies":[{"embeddable":true,"href":"https:\/\/2liceum.eu\/index.php\/wp-json\/wp\/v2\/comments?post=6793"}],"version-history":[{"count":1,"href":"https:\/\/2liceum.eu\/index.php\/wp-json\/wp\/v2\/posts\/6793\/revisions"}],"predecessor-version":[{"id":6794,"href":"https:\/\/2liceum.eu\/index.php\/wp-json\/wp\/v2\/posts\/6793\/revisions\/6794"}],"wp:attachment":[{"href":"https:\/\/2liceum.eu\/index.php\/wp-json\/wp\/v2\/media?parent=6793"}],"wp:term":[{"taxonomy":"category","embeddable":true,"href":"https:\/\/2liceum.eu\/index.php\/wp-json\/wp\/v2\/categories?post=6793"},{"taxonomy":"post_tag","embeddable":true,"href":"https:\/\/2liceum.eu\/index.php\/wp-json\/wp\/v2\/tags?post=6793"}],"curies":[{"name":"wp","href":"https:\/\/api.w.org\/{rel}","templated":true}]}}