{"id":6929,"date":"2022-02-28T11:15:43","date_gmt":"2022-02-28T10:15:43","guid":{"rendered":"https:\/\/2liceum.eu\/?p=6929"},"modified":"2022-02-28T11:15:45","modified_gmt":"2022-02-28T10:15:45","slug":"turniej-pilki-noznej-halowej","status":"publish","type":"post","link":"https:\/\/2liceum.eu\/index.php\/2022\/02\/28\/turniej-pilki-noznej-halowej\/","title":{"rendered":"Turniej pi\u0142ki no\u017cnej halowej!"},"content":{"rendered":"\n<div dir=\"auto\" style=\"text-align: center;\">&nbsp;<\/div>\n<div dir=\"auto\" style=\"text-align: center;\"><img loading=\"lazy\" decoding=\"async\" class=\"alignnone  wp-image-6930\" src=\"https:\/\/2liceum.eu\/wp-content\/uploads\/2022\/02\/IMG_3417-scaled.jpg\" alt=\"\" width=\"461\" height=\"431\" srcset=\"https:\/\/2liceum.eu\/wp-content\/uploads\/2022\/02\/IMG_3417-scaled.jpg 2560w, https:\/\/2liceum.eu\/wp-content\/uploads\/2022\/02\/IMG_3417-300x280.jpg 300w, https:\/\/2liceum.eu\/wp-content\/uploads\/2022\/02\/IMG_3417-1024x957.jpg 1024w, https:\/\/2liceum.eu\/wp-content\/uploads\/2022\/02\/IMG_3417-768x717.jpg 768w, https:\/\/2liceum.eu\/wp-content\/uploads\/2022\/02\/IMG_3417-1536x1435.jpg 1536w, https:\/\/2liceum.eu\/wp-content\/uploads\/2022\/02\/IMG_3417-2048x1913.jpg 2048w\" sizes=\"auto, (max-width: 461px) 100vw, 461px\" \/><\/div>\n<div class=\"kvgmc6g5 cxmmr5t8 oygrvhab hcukyx3x c1et5uql ii04i59q\">\n<div dir=\"auto\">&nbsp;<\/div>\n<div dir=\"auto\">&nbsp;<\/div>\n<div dir=\"auto\" style=\"text-align: justify;\"><strong>Uczniowie II LO w Lubinie uczestniczyli w powiatowych zawodach pi\u0142ki no\u017cnej halowej. Turnieje odby\u0142y si\u0119 <span style=\"color: #008000;\">24 i 25 lutego 2022 r.<\/span><\/strong><\/div>\n<div dir=\"auto\" style=\"text-align: justify;\">&nbsp;<\/div>\n<\/div>\n<div class=\"cxmmr5t8 oygrvhab hcukyx3x c1et5uql o9v6fnle ii04i59q\" style=\"text-align: justify;\">\n<div dir=\"auto\">Pierwszego dnia <strong>m\u0119ska dru\u017cyna zaj\u0119\u0142a ostatecznie czwarte miejsce.<\/strong><\/div>\n<div dir=\"auto\">&nbsp;<\/div>\n<div dir=\"auto\">Zawodnicy rywalizowali nawet z o 6 lat starszymi przeciwnikami, a ich zaanga\u017cowanie, kombinacyjna gra i wysokie umiej\u0119tno\u015bci pozwoli\u0142y rywalizowa\u0107 jak r\u00f3wny z r\u00f3wnym.<\/div>\n<div dir=\"auto\">&nbsp;<\/div>\n<\/div>\n<div class=\"cxmmr5t8 oygrvhab hcukyx3x c1et5uql o9v6fnle ii04i59q\" style=\"text-align: justify;\">\n<div dir=\"auto\">Drugiego dnia zawod\u00f3w <strong>nasza kobieca reprezentacja zaj\u0119\u0142a <span style=\"color: #ff0000;\">2 miejsce<\/span><\/strong> pozostawiaj\u0105c za sob\u0105 bardzo dobre wra\u017cenie, jednocze\u015bnie pokazuj\u0105c ciekawe akcje zako\u0144czone pi\u0119knymi bramkami.<\/div>\n<div dir=\"auto\">&nbsp;<\/div>\n<\/div>\n<div class=\"cxmmr5t8 oygrvhab hcukyx3x c1et5uql o9v6fnle ii04i59q\" style=\"text-align: justify;\">\n<div dir=\"auto\"><strong>Sk\u0142ad dru\u017cyny m\u0119skiej:<\/strong><\/div>\n<div dir=\"auto\">B\u0119bas Hubert, G\u0142owiszyn Jakub, Grabowski Kacper, Kazimierczak Fabian, \u0141agoda Bartek, Magdziak Maksymilian, Pierzcha\u0142a Kacper, Posto\u0142 Maciej, To\u0142odziecki Dawid.<\/div>\n<div dir=\"auto\">&nbsp;<\/div>\n<\/div>\n<div class=\"cxmmr5t8 oygrvhab hcukyx3x c1et5uql o9v6fnle ii04i59q\">\n<div dir=\"auto\" style=\"text-align: justify;\"><strong>Sk\u0142ad dru\u017cyny kobiecej :<\/strong><\/div>\n<div dir=\"auto\" style=\"text-align: justify;\">Baranowska Oliwia, H\u00fcbscher Milena, Janik Ma\u0142gorzata, Knull Wiktoria, Kozieja Maja, Kure\u0144 Magda, Matkowska Oliwia, Szyja Wiktoria, Trzczak Alicja.<\/div>\n<\/div>\n<div dir=\"auto\">&nbsp;<\/div>\n<div dir=\"auto\">&nbsp;<\/div>\n","protected":false},"excerpt":{"rendered":"<p>&nbsp; &nbsp; &nbsp; Uczniowie II LO w Lubinie uczestniczyli w powiatowych zawodach pi\u0142ki no\u017cnej halowej. Turnieje odby\u0142y si\u0119 24 i 25 lutego 2022 r. &nbsp; Pierwszego dnia m\u0119ska dru\u017cyna zaj\u0119\u0142a ostatecznie czwarte miejsce. &nbsp; Zawodnicy rywalizowali nawet z o 6 lat starszymi przeciwnikami, a ich zaanga\u017cowanie, kombinacyjna gra i wysokie umiej\u0119tno\u015bci pozwoli\u0142y rywalizowa\u0107 jak r\u00f3wny [&hellip;]<\/p>\n","protected":false},"author":2,"featured_media":0,"comment_status":"open","ping_status":"open","sticky":false,"template":"","format":"standard","meta":{"ngg_post_thumbnail":0,"footnotes":""},"categories":[1,34],"tags":[],"class_list":["post-6929","post","type-post","status-publish","format-standard","hentry","category-aktualnosci","category-osiagniecia-sportowe-2021-2022"],"yoast_head":"<!-- This site is optimized with the Yoast SEO plugin v19.4 - https:\/\/yoast.com\/wordpress\/plugins\/seo\/ -->\n<title>Turniej pi\u0142ki no\u017cnej halowej! - II Liceum Og\u00f3lnokszta\u0142c\u0105ce w Lubinie<\/title>\n<meta name=\"robots\" content=\"index, follow, max-snippet:-1, max-image-preview:large, max-video-preview:-1\" \/>\n<link rel=\"canonical\" href=\"https:\/\/2liceum.eu\/index.php\/2022\/02\/28\/turniej-pilki-noznej-halowej\/\" \/>\n<meta property=\"og:locale\" content=\"pl_PL\" \/>\n<meta property=\"og:type\" content=\"article\" \/>\n<meta property=\"og:title\" content=\"Turniej pi\u0142ki no\u017cnej halowej! - II Liceum Og\u00f3lnokszta\u0142c\u0105ce w Lubinie\" \/>\n<meta property=\"og:description\" content=\"&nbsp; &nbsp; &nbsp; Uczniowie II LO w Lubinie uczestniczyli w powiatowych zawodach pi\u0142ki no\u017cnej halowej. Turnieje odby\u0142y si\u0119 24 i 25 lutego 2022 r. &nbsp; Pierwszego dnia m\u0119ska dru\u017cyna zaj\u0119\u0142a ostatecznie czwarte miejsce. &nbsp; Zawodnicy rywalizowali nawet z o 6 lat starszymi przeciwnikami, a ich zaanga\u017cowanie, kombinacyjna gra i wysokie umiej\u0119tno\u015bci pozwoli\u0142y rywalizowa\u0107 jak r\u00f3wny [&hellip;]\" \/>\n<meta property=\"og:url\" content=\"https:\/\/2liceum.eu\/index.php\/2022\/02\/28\/turniej-pilki-noznej-halowej\/\" \/>\n<meta property=\"og:site_name\" content=\"II Liceum Og\u00f3lnokszta\u0142c\u0105ce w Lubinie\" \/>\n<meta property=\"article:publisher\" content=\"https:\/\/web.facebook.com\/IILOLubin\/\" \/>\n<meta property=\"article:published_time\" content=\"2022-02-28T10:15:43+00:00\" \/>\n<meta property=\"article:modified_time\" content=\"2022-02-28T10:15:45+00:00\" \/>\n<meta property=\"og:image\" content=\"https:\/\/2liceum.eu\/wp-content\/uploads\/2022\/02\/IMG_3417-scaled.jpg\" \/>\n<meta name=\"author\" content=\"Adam Dragan\" \/>\n<meta name=\"twitter:card\" content=\"summary_large_image\" \/>\n<meta name=\"twitter:label1\" content=\"Napisane przez\" \/>\n\t<meta name=\"twitter:data1\" content=\"Adam Dragan\" \/>\n\t<meta name=\"twitter:label2\" content=\"Szacowany czas czytania\" \/>\n\t<meta name=\"twitter:data2\" content=\"1 minuta\" \/>\n<script type=\"application\/ld+json\" class=\"yoast-schema-graph\">{\"@context\":\"https:\/\/schema.org\",\"@graph\":[{\"@type\":\"Organization\",\"@id\":\"https:\/\/2liceum.eu\/#organization\",\"name\":\"II Liceum Og\u00f3lnokszta\u0142c\u0105ce w Lubinie\",\"url\":\"https:\/\/2liceum.eu\/\",\"sameAs\":[\"http:\/\/2lolubin\",\"https:\/\/www.youtube.com\/channel\/UCWjEMxRJYdfvxPhVOn-8g_g\",\"https:\/\/web.facebook.com\/IILOLubin\/\"],\"logo\":{\"@type\":\"ImageObject\",\"inLanguage\":\"pl-PL\",\"@id\":\"https:\/\/2liceum.eu\/#\/schema\/logo\/image\/\",\"url\":\"https:\/\/2liceum.eu\/wp-content\/uploads\/2018\/01\/pobrane.jpg\",\"contentUrl\":\"https:\/\/2liceum.eu\/wp-content\/uploads\/2018\/01\/pobrane.jpg\",\"width\":184,\"height\":183,\"caption\":\"II Liceum Og\u00f3lnokszta\u0142c\u0105ce w Lubinie\"},\"image\":{\"@id\":\"https:\/\/2liceum.eu\/#\/schema\/logo\/image\/\"}},{\"@type\":\"WebSite\",\"@id\":\"https:\/\/2liceum.eu\/#website\",\"url\":\"https:\/\/2liceum.eu\/\",\"name\":\"II Liceum Og\u00f3lnokszta\u0142c\u0105ce w Lubinie\",\"description\":\"Oficjalny portal II LO w Lubinie. Informacje o szkole, kadrze, zaj\u0119ciach dydaktycznych, ko\u0142ach zainteresowa\u0144, wolontariacie. Aktualno\u015bci. Galeria zdj\u0119\u0107.\",\"publisher\":{\"@id\":\"https:\/\/2liceum.eu\/#organization\"},\"potentialAction\":[{\"@type\":\"SearchAction\",\"target\":{\"@type\":\"EntryPoint\",\"urlTemplate\":\"https:\/\/2liceum.eu\/?s={search_term_string}\"},\"query-input\":\"required name=search_term_string\"}],\"inLanguage\":\"pl-PL\"},{\"@type\":\"WebPage\",\"@id\":\"https:\/\/2liceum.eu\/index.php\/2022\/02\/28\/turniej-pilki-noznej-halowej\/\",\"url\":\"https:\/\/2liceum.eu\/index.php\/2022\/02\/28\/turniej-pilki-noznej-halowej\/\",\"name\":\"Turniej pi\u0142ki no\u017cnej halowej! - II Liceum Og\u00f3lnokszta\u0142c\u0105ce w Lubinie\",\"isPartOf\":{\"@id\":\"https:\/\/2liceum.eu\/#website\"},\"datePublished\":\"2022-02-28T10:15:43+00:00\",\"dateModified\":\"2022-02-28T10:15:45+00:00\",\"breadcrumb\":{\"@id\":\"https:\/\/2liceum.eu\/index.php\/2022\/02\/28\/turniej-pilki-noznej-halowej\/#breadcrumb\"},\"inLanguage\":\"pl-PL\",\"potentialAction\":[{\"@type\":\"ReadAction\",\"target\":[\"https:\/\/2liceum.eu\/index.php\/2022\/02\/28\/turniej-pilki-noznej-halowej\/\"]}]},{\"@type\":\"BreadcrumbList\",\"@id\":\"https:\/\/2liceum.eu\/index.php\/2022\/02\/28\/turniej-pilki-noznej-halowej\/#breadcrumb\",\"itemListElement\":[{\"@type\":\"ListItem\",\"position\":1,\"name\":\"Strona g\u0142\u00f3wna\",\"item\":\"https:\/\/2liceum.eu\/\"},{\"@type\":\"ListItem\",\"position\":2,\"name\":\"Turniej pi\u0142ki no\u017cnej halowej!\"}]},{\"@type\":\"Article\",\"@id\":\"https:\/\/2liceum.eu\/index.php\/2022\/02\/28\/turniej-pilki-noznej-halowej\/#article\",\"isPartOf\":{\"@id\":\"https:\/\/2liceum.eu\/index.php\/2022\/02\/28\/turniej-pilki-noznej-halowej\/\"},\"author\":{\"name\":\"Adam Dragan\",\"@id\":\"https:\/\/2liceum.eu\/#\/schema\/person\/1a52557bfdaf047be954a8b190648da5\"},\"headline\":\"Turniej pi\u0142ki no\u017cnej halowej!\",\"datePublished\":\"2022-02-28T10:15:43+00:00\",\"dateModified\":\"2022-02-28T10:15:45+00:00\",\"mainEntityOfPage\":{\"@id\":\"https:\/\/2liceum.eu\/index.php\/2022\/02\/28\/turniej-pilki-noznej-halowej\/\"},\"wordCount\":158,\"commentCount\":0,\"publisher\":{\"@id\":\"https:\/\/2liceum.eu\/#organization\"},\"articleSection\":[\"Aktualno\u015bci\",\"Osi\u0105gni\u0119cia sportowe 2021\/2022!\"],\"inLanguage\":\"pl-PL\",\"potentialAction\":[{\"@type\":\"CommentAction\",\"name\":\"Comment\",\"target\":[\"https:\/\/2liceum.eu\/index.php\/2022\/02\/28\/turniej-pilki-noznej-halowej\/#respond\"]}]},{\"@type\":\"Person\",\"@id\":\"https:\/\/2liceum.eu\/#\/schema\/person\/1a52557bfdaf047be954a8b190648da5\",\"name\":\"Adam Dragan\",\"image\":{\"@type\":\"ImageObject\",\"inLanguage\":\"pl-PL\",\"@id\":\"https:\/\/2liceum.eu\/#\/schema\/person\/image\/\",\"url\":\"https:\/\/secure.gravatar.com\/avatar\/3a2bee53698f47ac117505a8a054d1e47e9ee9593c4c77dc18374aa80472d80c?s=96&d=mm&r=g\",\"contentUrl\":\"https:\/\/secure.gravatar.com\/avatar\/3a2bee53698f47ac117505a8a054d1e47e9ee9593c4c77dc18374aa80472d80c?s=96&d=mm&r=g\",\"caption\":\"Adam Dragan\"},\"sameAs\":[\"http:\/\/2liceum.eu\"]}]}<\/script>\n<!-- \/ Yoast SEO plugin. -->","yoast_head_json":{"title":"Turniej pi\u0142ki no\u017cnej halowej! - II Liceum Og\u00f3lnokszta\u0142c\u0105ce w Lubinie","robots":{"index":"index","follow":"follow","max-snippet":"max-snippet:-1","max-image-preview":"max-image-preview:large","max-video-preview":"max-video-preview:-1"},"canonical":"https:\/\/2liceum.eu\/index.php\/2022\/02\/28\/turniej-pilki-noznej-halowej\/","og_locale":"pl_PL","og_type":"article","og_title":"Turniej pi\u0142ki no\u017cnej halowej! - II Liceum Og\u00f3lnokszta\u0142c\u0105ce w Lubinie","og_description":"&nbsp; &nbsp; &nbsp; Uczniowie II LO w Lubinie uczestniczyli w powiatowych zawodach pi\u0142ki no\u017cnej halowej. Turnieje odby\u0142y si\u0119 24 i 25 lutego 2022 r. &nbsp; Pierwszego dnia m\u0119ska dru\u017cyna zaj\u0119\u0142a ostatecznie czwarte miejsce. &nbsp; Zawodnicy rywalizowali nawet z o 6 lat starszymi przeciwnikami, a ich zaanga\u017cowanie, kombinacyjna gra i wysokie umiej\u0119tno\u015bci pozwoli\u0142y rywalizowa\u0107 jak r\u00f3wny [&hellip;]","og_url":"https:\/\/2liceum.eu\/index.php\/2022\/02\/28\/turniej-pilki-noznej-halowej\/","og_site_name":"II Liceum Og\u00f3lnokszta\u0142c\u0105ce w Lubinie","article_publisher":"https:\/\/web.facebook.com\/IILOLubin\/","article_published_time":"2022-02-28T10:15:43+00:00","article_modified_time":"2022-02-28T10:15:45+00:00","og_image":[{"url":"https:\/\/2liceum.eu\/wp-content\/uploads\/2022\/02\/IMG_3417-scaled.jpg"}],"author":"Adam Dragan","twitter_card":"summary_large_image","twitter_misc":{"Napisane przez":"Adam Dragan","Szacowany czas czytania":"1 minuta"},"schema":{"@context":"https:\/\/schema.org","@graph":[{"@type":"Organization","@id":"https:\/\/2liceum.eu\/#organization","name":"II Liceum Og\u00f3lnokszta\u0142c\u0105ce w Lubinie","url":"https:\/\/2liceum.eu\/","sameAs":["http:\/\/2lolubin","https:\/\/www.youtube.com\/channel\/UCWjEMxRJYdfvxPhVOn-8g_g","https:\/\/web.facebook.com\/IILOLubin\/"],"logo":{"@type":"ImageObject","inLanguage":"pl-PL","@id":"https:\/\/2liceum.eu\/#\/schema\/logo\/image\/","url":"https:\/\/2liceum.eu\/wp-content\/uploads\/2018\/01\/pobrane.jpg","contentUrl":"https:\/\/2liceum.eu\/wp-content\/uploads\/2018\/01\/pobrane.jpg","width":184,"height":183,"caption":"II Liceum Og\u00f3lnokszta\u0142c\u0105ce w Lubinie"},"image":{"@id":"https:\/\/2liceum.eu\/#\/schema\/logo\/image\/"}},{"@type":"WebSite","@id":"https:\/\/2liceum.eu\/#website","url":"https:\/\/2liceum.eu\/","name":"II Liceum Og\u00f3lnokszta\u0142c\u0105ce w Lubinie","description":"Oficjalny portal II LO w Lubinie. Informacje o szkole, kadrze, zaj\u0119ciach dydaktycznych, ko\u0142ach zainteresowa\u0144, wolontariacie. Aktualno\u015bci. Galeria zdj\u0119\u0107.","publisher":{"@id":"https:\/\/2liceum.eu\/#organization"},"potentialAction":[{"@type":"SearchAction","target":{"@type":"EntryPoint","urlTemplate":"https:\/\/2liceum.eu\/?s={search_term_string}"},"query-input":"required name=search_term_string"}],"inLanguage":"pl-PL"},{"@type":"WebPage","@id":"https:\/\/2liceum.eu\/index.php\/2022\/02\/28\/turniej-pilki-noznej-halowej\/","url":"https:\/\/2liceum.eu\/index.php\/2022\/02\/28\/turniej-pilki-noznej-halowej\/","name":"Turniej pi\u0142ki no\u017cnej halowej! - II Liceum Og\u00f3lnokszta\u0142c\u0105ce w Lubinie","isPartOf":{"@id":"https:\/\/2liceum.eu\/#website"},"datePublished":"2022-02-28T10:15:43+00:00","dateModified":"2022-02-28T10:15:45+00:00","breadcrumb":{"@id":"https:\/\/2liceum.eu\/index.php\/2022\/02\/28\/turniej-pilki-noznej-halowej\/#breadcrumb"},"inLanguage":"pl-PL","potentialAction":[{"@type":"ReadAction","target":["https:\/\/2liceum.eu\/index.php\/2022\/02\/28\/turniej-pilki-noznej-halowej\/"]}]},{"@type":"BreadcrumbList","@id":"https:\/\/2liceum.eu\/index.php\/2022\/02\/28\/turniej-pilki-noznej-halowej\/#breadcrumb","itemListElement":[{"@type":"ListItem","position":1,"name":"Strona g\u0142\u00f3wna","item":"https:\/\/2liceum.eu\/"},{"@type":"ListItem","position":2,"name":"Turniej pi\u0142ki no\u017cnej halowej!"}]},{"@type":"Article","@id":"https:\/\/2liceum.eu\/index.php\/2022\/02\/28\/turniej-pilki-noznej-halowej\/#article","isPartOf":{"@id":"https:\/\/2liceum.eu\/index.php\/2022\/02\/28\/turniej-pilki-noznej-halowej\/"},"author":{"name":"Adam Dragan","@id":"https:\/\/2liceum.eu\/#\/schema\/person\/1a52557bfdaf047be954a8b190648da5"},"headline":"Turniej pi\u0142ki no\u017cnej halowej!","datePublished":"2022-02-28T10:15:43+00:00","dateModified":"2022-02-28T10:15:45+00:00","mainEntityOfPage":{"@id":"https:\/\/2liceum.eu\/index.php\/2022\/02\/28\/turniej-pilki-noznej-halowej\/"},"wordCount":158,"commentCount":0,"publisher":{"@id":"https:\/\/2liceum.eu\/#organization"},"articleSection":["Aktualno\u015bci","Osi\u0105gni\u0119cia sportowe 2021\/2022!"],"inLanguage":"pl-PL","potentialAction":[{"@type":"CommentAction","name":"Comment","target":["https:\/\/2liceum.eu\/index.php\/2022\/02\/28\/turniej-pilki-noznej-halowej\/#respond"]}]},{"@type":"Person","@id":"https:\/\/2liceum.eu\/#\/schema\/person\/1a52557bfdaf047be954a8b190648da5","name":"Adam Dragan","image":{"@type":"ImageObject","inLanguage":"pl-PL","@id":"https:\/\/2liceum.eu\/#\/schema\/person\/image\/","url":"https:\/\/secure.gravatar.com\/avatar\/3a2bee53698f47ac117505a8a054d1e47e9ee9593c4c77dc18374aa80472d80c?s=96&d=mm&r=g","contentUrl":"https:\/\/secure.gravatar.com\/avatar\/3a2bee53698f47ac117505a8a054d1e47e9ee9593c4c77dc18374aa80472d80c?s=96&d=mm&r=g","caption":"Adam Dragan"},"sameAs":["http:\/\/2liceum.eu"]}]}},"_links":{"self":[{"href":"https:\/\/2liceum.eu\/index.php\/wp-json\/wp\/v2\/posts\/6929","targetHints":{"allow":["GET"]}}],"collection":[{"href":"https:\/\/2liceum.eu\/index.php\/wp-json\/wp\/v2\/posts"}],"about":[{"href":"https:\/\/2liceum.eu\/index.php\/wp-json\/wp\/v2\/types\/post"}],"author":[{"embeddable":true,"href":"https:\/\/2liceum.eu\/index.php\/wp-json\/wp\/v2\/users\/2"}],"replies":[{"embeddable":true,"href":"https:\/\/2liceum.eu\/index.php\/wp-json\/wp\/v2\/comments?post=6929"}],"version-history":[{"count":1,"href":"https:\/\/2liceum.eu\/index.php\/wp-json\/wp\/v2\/posts\/6929\/revisions"}],"predecessor-version":[{"id":6931,"href":"https:\/\/2liceum.eu\/index.php\/wp-json\/wp\/v2\/posts\/6929\/revisions\/6931"}],"wp:attachment":[{"href":"https:\/\/2liceum.eu\/index.php\/wp-json\/wp\/v2\/media?parent=6929"}],"wp:term":[{"taxonomy":"category","embeddable":true,"href":"https:\/\/2liceum.eu\/index.php\/wp-json\/wp\/v2\/categories?post=6929"},{"taxonomy":"post_tag","embeddable":true,"href":"https:\/\/2liceum.eu\/index.php\/wp-json\/wp\/v2\/tags?post=6929"}],"curies":[{"name":"wp","href":"https:\/\/api.w.org\/{rel}","templated":true}]}}