{"id":6940,"date":"2022-02-28T11:17:00","date_gmt":"2022-02-28T10:17:00","guid":{"rendered":"https:\/\/2liceum.eu\/?p=6940"},"modified":"2022-03-01T08:50:17","modified_gmt":"2022-03-01T07:50:17","slug":"pomoc-dzieciom-z-ukrainy","status":"publish","type":"post","link":"https:\/\/2liceum.eu\/index.php\/2022\/02\/28\/pomoc-dzieciom-z-ukrainy\/","title":{"rendered":"POMOC DZIECIOM Z UKRAINY!"},"content":{"rendered":"\n<p style=\"text-align: center;\">&nbsp;<\/p>\n<p style=\"text-align: center;\"><img loading=\"lazy\" decoding=\"async\" class=\"alignnone  wp-image-6941\" src=\"https:\/\/2liceum.eu\/wp-content\/uploads\/2022\/03\/ukr.png\" alt=\"\" width=\"331\" height=\"467\" srcset=\"https:\/\/2liceum.eu\/wp-content\/uploads\/2022\/03\/ukr.png 1656w, https:\/\/2liceum.eu\/wp-content\/uploads\/2022\/03\/ukr-212x300.png 212w, https:\/\/2liceum.eu\/wp-content\/uploads\/2022\/03\/ukr-725x1024.png 725w, https:\/\/2liceum.eu\/wp-content\/uploads\/2022\/03\/ukr-768x1084.png 768w, https:\/\/2liceum.eu\/wp-content\/uploads\/2022\/03\/ukr-1088x1536.png 1088w, https:\/\/2liceum.eu\/wp-content\/uploads\/2022\/03\/ukr-1451x2048.png 1451w\" sizes=\"auto, (max-width: 331px) 100vw, 331px\" \/><\/p>\n<p>&nbsp;<\/p>\n<p><strong>Szanowni Pa\u0144stwo!<\/strong><\/p>\n<p>W ramach pomocy dla Ukrainy w II LO w Lubinie organizowane s\u0105 zbi\u00f3rki dar\u00f3w.<\/p>\n<p>Jedn\u0105 z nich jest AKCJA <strong>DZIECI <\/strong><strong>\u2013 <\/strong><strong>DZIECIOM<\/strong> .<\/p>\n<p>W ramach tego przedsi\u0119wzi\u0119cia prosimy o wsparcie w postaci artyku\u0142\u00f3w <u>dla dzieci<\/u>, tkj.:<\/p>\n<p><em>kaszki, mleko w proszku, od\u017cywki, desery, s\u0142odycze, pampersy, chusteczki nawil\u017cane, \u015brodki higieniczne, zabawki, kocyki, ubranka&#8230;.<\/em><\/p>\n<p><u>Miejsce zbi\u00f3rki w II LO \u2013 <strong>pok\u00f3j&nbsp; nr 2<\/strong> \u2013 parter<\/u> \u2013 od poniedzia\u0142ku do pi\u0105tku w godz. 7<sup>45<\/sup> \u2013 15<sup>00<\/sup>.<\/p>\n<p>W soboty w godz. 10<sup>00<\/sup> \u2013 13<sup>00<\/sup> \u2013 zbi\u00f3rka w siedzibie <em>Oratorium \u2013 Domu Ksi\u0119dza Bosko<\/em> w Lubinie&nbsp; <br>przy ul. <a href=\"https:\/\/www.google.com\/maps\/dir\/?api=1&amp;destination=51.39968%2C16.20469&amp;fbclid=IwAR2wy3YteTmMq1woZU7VvhNGFwg9ZoPROM7Kn2dLjPnTR9dku_9Thne9wcI\">Jana Paw\u0142a II nr 58<\/a>.<\/p>\n<p>https:\/\/www.facebook.com\/janboskolubin<\/p>\n<p>Za wszelk\u0105 pomoc serdecznie dzi\u0119kujemy.<\/p>\n<p>&nbsp;<\/p>\n<p style=\"text-align: right;\"><em>Dyrekcja szko\u0142y, Pracownicy, Uczniowie<\/em><\/p>\n<p style=\"text-align: right;\"><em>II Liceum Og\u00f3lnokszta\u0142c\u0105cego w Lubinie<\/em><\/p>\n","protected":false},"excerpt":{"rendered":"<p>&nbsp; &nbsp; Szanowni Pa\u0144stwo! W ramach pomocy dla Ukrainy w II LO w Lubinie organizowane s\u0105 zbi\u00f3rki dar\u00f3w. Jedn\u0105 z nich jest AKCJA DZIECI \u2013 DZIECIOM . W ramach tego przedsi\u0119wzi\u0119cia prosimy o wsparcie w postaci artyku\u0142\u00f3w dla dzieci, tkj.: kaszki, mleko w proszku, od\u017cywki, desery, s\u0142odycze, pampersy, chusteczki nawil\u017cane, \u015brodki higieniczne, zabawki, kocyki, ubranka&#8230;. [&hellip;]<\/p>\n","protected":false},"author":2,"featured_media":0,"comment_status":"open","ping_status":"open","sticky":false,"template":"","format":"standard","meta":{"ngg_post_thumbnail":0,"footnotes":""},"categories":[1],"tags":[],"class_list":["post-6940","post","type-post","status-publish","format-standard","hentry","category-aktualnosci"],"yoast_head":"<!-- This site is optimized with the Yoast SEO plugin v19.4 - https:\/\/yoast.com\/wordpress\/plugins\/seo\/ -->\n<title>POMOC DZIECIOM Z UKRAINY! - II Liceum Og\u00f3lnokszta\u0142c\u0105ce w Lubinie<\/title>\n<meta name=\"robots\" content=\"index, follow, max-snippet:-1, max-image-preview:large, max-video-preview:-1\" \/>\n<link rel=\"canonical\" href=\"https:\/\/2liceum.eu\/index.php\/2022\/02\/28\/pomoc-dzieciom-z-ukrainy\/\" \/>\n<meta property=\"og:locale\" content=\"pl_PL\" \/>\n<meta property=\"og:type\" content=\"article\" \/>\n<meta property=\"og:title\" content=\"POMOC DZIECIOM Z UKRAINY! - II Liceum Og\u00f3lnokszta\u0142c\u0105ce w Lubinie\" \/>\n<meta property=\"og:description\" content=\"&nbsp; &nbsp; Szanowni Pa\u0144stwo! W ramach pomocy dla Ukrainy w II LO w Lubinie organizowane s\u0105 zbi\u00f3rki dar\u00f3w. Jedn\u0105 z nich jest AKCJA DZIECI \u2013 DZIECIOM . W ramach tego przedsi\u0119wzi\u0119cia prosimy o wsparcie w postaci artyku\u0142\u00f3w dla dzieci, tkj.: kaszki, mleko w proszku, od\u017cywki, desery, s\u0142odycze, pampersy, chusteczki nawil\u017cane, \u015brodki higieniczne, zabawki, kocyki, ubranka&#8230;. [&hellip;]\" \/>\n<meta property=\"og:url\" content=\"https:\/\/2liceum.eu\/index.php\/2022\/02\/28\/pomoc-dzieciom-z-ukrainy\/\" \/>\n<meta property=\"og:site_name\" content=\"II Liceum Og\u00f3lnokszta\u0142c\u0105ce w Lubinie\" \/>\n<meta property=\"article:publisher\" content=\"https:\/\/web.facebook.com\/IILOLubin\/\" \/>\n<meta property=\"article:published_time\" content=\"2022-02-28T10:17:00+00:00\" \/>\n<meta property=\"article:modified_time\" content=\"2022-03-01T07:50:17+00:00\" \/>\n<meta property=\"og:image\" content=\"https:\/\/2liceum.eu\/wp-content\/uploads\/2022\/03\/ukr.png\" \/>\n<meta name=\"author\" content=\"Adam Dragan\" \/>\n<meta name=\"twitter:card\" content=\"summary_large_image\" \/>\n<meta name=\"twitter:label1\" content=\"Napisane przez\" \/>\n\t<meta name=\"twitter:data1\" content=\"Adam Dragan\" \/>\n\t<meta name=\"twitter:label2\" content=\"Szacowany czas czytania\" \/>\n\t<meta name=\"twitter:data2\" content=\"1 minuta\" \/>\n<script type=\"application\/ld+json\" class=\"yoast-schema-graph\">{\"@context\":\"https:\/\/schema.org\",\"@graph\":[{\"@type\":\"Organization\",\"@id\":\"https:\/\/2liceum.eu\/#organization\",\"name\":\"II Liceum Og\u00f3lnokszta\u0142c\u0105ce w Lubinie\",\"url\":\"https:\/\/2liceum.eu\/\",\"sameAs\":[\"http:\/\/2lolubin\",\"https:\/\/www.youtube.com\/channel\/UCWjEMxRJYdfvxPhVOn-8g_g\",\"https:\/\/web.facebook.com\/IILOLubin\/\"],\"logo\":{\"@type\":\"ImageObject\",\"inLanguage\":\"pl-PL\",\"@id\":\"https:\/\/2liceum.eu\/#\/schema\/logo\/image\/\",\"url\":\"https:\/\/2liceum.eu\/wp-content\/uploads\/2018\/01\/pobrane.jpg\",\"contentUrl\":\"https:\/\/2liceum.eu\/wp-content\/uploads\/2018\/01\/pobrane.jpg\",\"width\":184,\"height\":183,\"caption\":\"II Liceum Og\u00f3lnokszta\u0142c\u0105ce w Lubinie\"},\"image\":{\"@id\":\"https:\/\/2liceum.eu\/#\/schema\/logo\/image\/\"}},{\"@type\":\"WebSite\",\"@id\":\"https:\/\/2liceum.eu\/#website\",\"url\":\"https:\/\/2liceum.eu\/\",\"name\":\"II Liceum Og\u00f3lnokszta\u0142c\u0105ce w Lubinie\",\"description\":\"Oficjalny portal II LO w Lubinie. Informacje o szkole, kadrze, zaj\u0119ciach dydaktycznych, ko\u0142ach zainteresowa\u0144, wolontariacie. Aktualno\u015bci. Galeria zdj\u0119\u0107.\",\"publisher\":{\"@id\":\"https:\/\/2liceum.eu\/#organization\"},\"potentialAction\":[{\"@type\":\"SearchAction\",\"target\":{\"@type\":\"EntryPoint\",\"urlTemplate\":\"https:\/\/2liceum.eu\/?s={search_term_string}\"},\"query-input\":\"required name=search_term_string\"}],\"inLanguage\":\"pl-PL\"},{\"@type\":\"WebPage\",\"@id\":\"https:\/\/2liceum.eu\/index.php\/2022\/02\/28\/pomoc-dzieciom-z-ukrainy\/\",\"url\":\"https:\/\/2liceum.eu\/index.php\/2022\/02\/28\/pomoc-dzieciom-z-ukrainy\/\",\"name\":\"POMOC DZIECIOM Z UKRAINY! - II Liceum Og\u00f3lnokszta\u0142c\u0105ce w Lubinie\",\"isPartOf\":{\"@id\":\"https:\/\/2liceum.eu\/#website\"},\"datePublished\":\"2022-02-28T10:17:00+00:00\",\"dateModified\":\"2022-03-01T07:50:17+00:00\",\"breadcrumb\":{\"@id\":\"https:\/\/2liceum.eu\/index.php\/2022\/02\/28\/pomoc-dzieciom-z-ukrainy\/#breadcrumb\"},\"inLanguage\":\"pl-PL\",\"potentialAction\":[{\"@type\":\"ReadAction\",\"target\":[\"https:\/\/2liceum.eu\/index.php\/2022\/02\/28\/pomoc-dzieciom-z-ukrainy\/\"]}]},{\"@type\":\"BreadcrumbList\",\"@id\":\"https:\/\/2liceum.eu\/index.php\/2022\/02\/28\/pomoc-dzieciom-z-ukrainy\/#breadcrumb\",\"itemListElement\":[{\"@type\":\"ListItem\",\"position\":1,\"name\":\"Strona g\u0142\u00f3wna\",\"item\":\"https:\/\/2liceum.eu\/\"},{\"@type\":\"ListItem\",\"position\":2,\"name\":\"POMOC DZIECIOM Z&nbsp;UKRAINY!\"}]},{\"@type\":\"Article\",\"@id\":\"https:\/\/2liceum.eu\/index.php\/2022\/02\/28\/pomoc-dzieciom-z-ukrainy\/#article\",\"isPartOf\":{\"@id\":\"https:\/\/2liceum.eu\/index.php\/2022\/02\/28\/pomoc-dzieciom-z-ukrainy\/\"},\"author\":{\"name\":\"Adam Dragan\",\"@id\":\"https:\/\/2liceum.eu\/#\/schema\/person\/1a52557bfdaf047be954a8b190648da5\"},\"headline\":\"POMOC DZIECIOM Z UKRAINY!\",\"datePublished\":\"2022-02-28T10:17:00+00:00\",\"dateModified\":\"2022-03-01T07:50:17+00:00\",\"mainEntityOfPage\":{\"@id\":\"https:\/\/2liceum.eu\/index.php\/2022\/02\/28\/pomoc-dzieciom-z-ukrainy\/\"},\"wordCount\":133,\"commentCount\":0,\"publisher\":{\"@id\":\"https:\/\/2liceum.eu\/#organization\"},\"articleSection\":[\"Aktualno\u015bci\"],\"inLanguage\":\"pl-PL\",\"potentialAction\":[{\"@type\":\"CommentAction\",\"name\":\"Comment\",\"target\":[\"https:\/\/2liceum.eu\/index.php\/2022\/02\/28\/pomoc-dzieciom-z-ukrainy\/#respond\"]}]},{\"@type\":\"Person\",\"@id\":\"https:\/\/2liceum.eu\/#\/schema\/person\/1a52557bfdaf047be954a8b190648da5\",\"name\":\"Adam Dragan\",\"image\":{\"@type\":\"ImageObject\",\"inLanguage\":\"pl-PL\",\"@id\":\"https:\/\/2liceum.eu\/#\/schema\/person\/image\/\",\"url\":\"https:\/\/secure.gravatar.com\/avatar\/3a2bee53698f47ac117505a8a054d1e47e9ee9593c4c77dc18374aa80472d80c?s=96&d=mm&r=g\",\"contentUrl\":\"https:\/\/secure.gravatar.com\/avatar\/3a2bee53698f47ac117505a8a054d1e47e9ee9593c4c77dc18374aa80472d80c?s=96&d=mm&r=g\",\"caption\":\"Adam Dragan\"},\"sameAs\":[\"http:\/\/2liceum.eu\"]}]}<\/script>\n<!-- \/ Yoast SEO plugin. -->","yoast_head_json":{"title":"POMOC DZIECIOM Z UKRAINY! - II Liceum Og\u00f3lnokszta\u0142c\u0105ce w Lubinie","robots":{"index":"index","follow":"follow","max-snippet":"max-snippet:-1","max-image-preview":"max-image-preview:large","max-video-preview":"max-video-preview:-1"},"canonical":"https:\/\/2liceum.eu\/index.php\/2022\/02\/28\/pomoc-dzieciom-z-ukrainy\/","og_locale":"pl_PL","og_type":"article","og_title":"POMOC DZIECIOM Z UKRAINY! - II Liceum Og\u00f3lnokszta\u0142c\u0105ce w Lubinie","og_description":"&nbsp; &nbsp; Szanowni Pa\u0144stwo! W ramach pomocy dla Ukrainy w II LO w Lubinie organizowane s\u0105 zbi\u00f3rki dar\u00f3w. Jedn\u0105 z nich jest AKCJA DZIECI \u2013 DZIECIOM . W ramach tego przedsi\u0119wzi\u0119cia prosimy o wsparcie w postaci artyku\u0142\u00f3w dla dzieci, tkj.: kaszki, mleko w proszku, od\u017cywki, desery, s\u0142odycze, pampersy, chusteczki nawil\u017cane, \u015brodki higieniczne, zabawki, kocyki, ubranka&#8230;. [&hellip;]","og_url":"https:\/\/2liceum.eu\/index.php\/2022\/02\/28\/pomoc-dzieciom-z-ukrainy\/","og_site_name":"II Liceum Og\u00f3lnokszta\u0142c\u0105ce w Lubinie","article_publisher":"https:\/\/web.facebook.com\/IILOLubin\/","article_published_time":"2022-02-28T10:17:00+00:00","article_modified_time":"2022-03-01T07:50:17+00:00","og_image":[{"url":"https:\/\/2liceum.eu\/wp-content\/uploads\/2022\/03\/ukr.png"}],"author":"Adam Dragan","twitter_card":"summary_large_image","twitter_misc":{"Napisane przez":"Adam Dragan","Szacowany czas czytania":"1 minuta"},"schema":{"@context":"https:\/\/schema.org","@graph":[{"@type":"Organization","@id":"https:\/\/2liceum.eu\/#organization","name":"II Liceum Og\u00f3lnokszta\u0142c\u0105ce w Lubinie","url":"https:\/\/2liceum.eu\/","sameAs":["http:\/\/2lolubin","https:\/\/www.youtube.com\/channel\/UCWjEMxRJYdfvxPhVOn-8g_g","https:\/\/web.facebook.com\/IILOLubin\/"],"logo":{"@type":"ImageObject","inLanguage":"pl-PL","@id":"https:\/\/2liceum.eu\/#\/schema\/logo\/image\/","url":"https:\/\/2liceum.eu\/wp-content\/uploads\/2018\/01\/pobrane.jpg","contentUrl":"https:\/\/2liceum.eu\/wp-content\/uploads\/2018\/01\/pobrane.jpg","width":184,"height":183,"caption":"II Liceum Og\u00f3lnokszta\u0142c\u0105ce w Lubinie"},"image":{"@id":"https:\/\/2liceum.eu\/#\/schema\/logo\/image\/"}},{"@type":"WebSite","@id":"https:\/\/2liceum.eu\/#website","url":"https:\/\/2liceum.eu\/","name":"II Liceum Og\u00f3lnokszta\u0142c\u0105ce w Lubinie","description":"Oficjalny portal II LO w Lubinie. Informacje o szkole, kadrze, zaj\u0119ciach dydaktycznych, ko\u0142ach zainteresowa\u0144, wolontariacie. Aktualno\u015bci. Galeria zdj\u0119\u0107.","publisher":{"@id":"https:\/\/2liceum.eu\/#organization"},"potentialAction":[{"@type":"SearchAction","target":{"@type":"EntryPoint","urlTemplate":"https:\/\/2liceum.eu\/?s={search_term_string}"},"query-input":"required name=search_term_string"}],"inLanguage":"pl-PL"},{"@type":"WebPage","@id":"https:\/\/2liceum.eu\/index.php\/2022\/02\/28\/pomoc-dzieciom-z-ukrainy\/","url":"https:\/\/2liceum.eu\/index.php\/2022\/02\/28\/pomoc-dzieciom-z-ukrainy\/","name":"POMOC DZIECIOM Z UKRAINY! - II Liceum Og\u00f3lnokszta\u0142c\u0105ce w Lubinie","isPartOf":{"@id":"https:\/\/2liceum.eu\/#website"},"datePublished":"2022-02-28T10:17:00+00:00","dateModified":"2022-03-01T07:50:17+00:00","breadcrumb":{"@id":"https:\/\/2liceum.eu\/index.php\/2022\/02\/28\/pomoc-dzieciom-z-ukrainy\/#breadcrumb"},"inLanguage":"pl-PL","potentialAction":[{"@type":"ReadAction","target":["https:\/\/2liceum.eu\/index.php\/2022\/02\/28\/pomoc-dzieciom-z-ukrainy\/"]}]},{"@type":"BreadcrumbList","@id":"https:\/\/2liceum.eu\/index.php\/2022\/02\/28\/pomoc-dzieciom-z-ukrainy\/#breadcrumb","itemListElement":[{"@type":"ListItem","position":1,"name":"Strona g\u0142\u00f3wna","item":"https:\/\/2liceum.eu\/"},{"@type":"ListItem","position":2,"name":"POMOC DZIECIOM Z&nbsp;UKRAINY!"}]},{"@type":"Article","@id":"https:\/\/2liceum.eu\/index.php\/2022\/02\/28\/pomoc-dzieciom-z-ukrainy\/#article","isPartOf":{"@id":"https:\/\/2liceum.eu\/index.php\/2022\/02\/28\/pomoc-dzieciom-z-ukrainy\/"},"author":{"name":"Adam Dragan","@id":"https:\/\/2liceum.eu\/#\/schema\/person\/1a52557bfdaf047be954a8b190648da5"},"headline":"POMOC DZIECIOM Z UKRAINY!","datePublished":"2022-02-28T10:17:00+00:00","dateModified":"2022-03-01T07:50:17+00:00","mainEntityOfPage":{"@id":"https:\/\/2liceum.eu\/index.php\/2022\/02\/28\/pomoc-dzieciom-z-ukrainy\/"},"wordCount":133,"commentCount":0,"publisher":{"@id":"https:\/\/2liceum.eu\/#organization"},"articleSection":["Aktualno\u015bci"],"inLanguage":"pl-PL","potentialAction":[{"@type":"CommentAction","name":"Comment","target":["https:\/\/2liceum.eu\/index.php\/2022\/02\/28\/pomoc-dzieciom-z-ukrainy\/#respond"]}]},{"@type":"Person","@id":"https:\/\/2liceum.eu\/#\/schema\/person\/1a52557bfdaf047be954a8b190648da5","name":"Adam Dragan","image":{"@type":"ImageObject","inLanguage":"pl-PL","@id":"https:\/\/2liceum.eu\/#\/schema\/person\/image\/","url":"https:\/\/secure.gravatar.com\/avatar\/3a2bee53698f47ac117505a8a054d1e47e9ee9593c4c77dc18374aa80472d80c?s=96&d=mm&r=g","contentUrl":"https:\/\/secure.gravatar.com\/avatar\/3a2bee53698f47ac117505a8a054d1e47e9ee9593c4c77dc18374aa80472d80c?s=96&d=mm&r=g","caption":"Adam Dragan"},"sameAs":["http:\/\/2liceum.eu"]}]}},"_links":{"self":[{"href":"https:\/\/2liceum.eu\/index.php\/wp-json\/wp\/v2\/posts\/6940","targetHints":{"allow":["GET"]}}],"collection":[{"href":"https:\/\/2liceum.eu\/index.php\/wp-json\/wp\/v2\/posts"}],"about":[{"href":"https:\/\/2liceum.eu\/index.php\/wp-json\/wp\/v2\/types\/post"}],"author":[{"embeddable":true,"href":"https:\/\/2liceum.eu\/index.php\/wp-json\/wp\/v2\/users\/2"}],"replies":[{"embeddable":true,"href":"https:\/\/2liceum.eu\/index.php\/wp-json\/wp\/v2\/comments?post=6940"}],"version-history":[{"count":1,"href":"https:\/\/2liceum.eu\/index.php\/wp-json\/wp\/v2\/posts\/6940\/revisions"}],"predecessor-version":[{"id":6942,"href":"https:\/\/2liceum.eu\/index.php\/wp-json\/wp\/v2\/posts\/6940\/revisions\/6942"}],"wp:attachment":[{"href":"https:\/\/2liceum.eu\/index.php\/wp-json\/wp\/v2\/media?parent=6940"}],"wp:term":[{"taxonomy":"category","embeddable":true,"href":"https:\/\/2liceum.eu\/index.php\/wp-json\/wp\/v2\/categories?post=6940"},{"taxonomy":"post_tag","embeddable":true,"href":"https:\/\/2liceum.eu\/index.php\/wp-json\/wp\/v2\/tags?post=6940"}],"curies":[{"name":"wp","href":"https:\/\/api.w.org\/{rel}","templated":true}]}}