{"id":6961,"date":"2022-03-07T14:41:37","date_gmt":"2022-03-07T13:41:37","guid":{"rendered":"https:\/\/2liceum.eu\/?p=6961"},"modified":"2022-03-07T14:41:38","modified_gmt":"2022-03-07T13:41:38","slug":"ii-lo-w-capitolu","status":"publish","type":"post","link":"https:\/\/2liceum.eu\/index.php\/2022\/03\/07\/ii-lo-w-capitolu\/","title":{"rendered":"II LO w Capitolu!"},"content":{"rendered":"\n<div class=\"kvgmc6g5 cxmmr5t8 oygrvhab hcukyx3x c1et5uql ii04i59q\">\n<div dir=\"auto\" style=\"text-align: center;\"><img loading=\"lazy\" decoding=\"async\" class=\"alignnone  wp-image-6962\" src=\"https:\/\/2liceum.eu\/wp-content\/uploads\/2022\/03\/275107632_5045774802145739_642426441695963905_n.jpg\" alt=\"\" width=\"672\" height=\"504\" srcset=\"https:\/\/2liceum.eu\/wp-content\/uploads\/2022\/03\/275107632_5045774802145739_642426441695963905_n.jpg 960w, https:\/\/2liceum.eu\/wp-content\/uploads\/2022\/03\/275107632_5045774802145739_642426441695963905_n-300x225.jpg 300w, https:\/\/2liceum.eu\/wp-content\/uploads\/2022\/03\/275107632_5045774802145739_642426441695963905_n-768x576.jpg 768w\" sizes=\"auto, (max-width: 672px) 100vw, 672px\" \/><\/div>\n<div dir=\"auto\">&nbsp;<\/div>\n<div dir=\"auto\">&nbsp;<\/div>\n<div dir=\"auto\" style=\"text-align: justify;\"><strong><span style=\"color: initial;\">Czwartkowy <span style=\"color: #008000;\">wiecz\u00f3r z &#8222;Mistrzem i Ma\u0142gorzat\u0105&#8221; w Teatrze Muzycznym Capitol<\/span> to poruszaj\u0105ce spotkanie z literatur\u0105, ta\u0144cem, muzyk\u0105 i aktorskim kunsztem.<\/span><\/strong><\/div>\n<div dir=\"auto\" style=\"text-align: justify;\">&nbsp;<\/div>\n<\/div>\n<div class=\"cxmmr5t8 oygrvhab hcukyx3x c1et5uql o9v6fnle ii04i59q\" style=\"text-align: justify;\">\n<div dir=\"auto\">Powie\u015b\u0107 Michai\u0142a Bu\u0142hakowa, jak\u017ce dzi\u015b aktualna, budzi refleksj\u0119 nad \u017cr\u00f3d\u0142em z\u0142a, powoduj\u0105cego zam\u0119t i zniszczenie, ale te\u017c zostawia nadziej\u0119, \u017ce istnieje si\u0142a pot\u0119\u017cniejsza od nienawi\u015bci- prawdziwa i bezinteresowna mi\u0142o\u015b\u0107.<\/div>\n<div dir=\"auto\">&nbsp;<\/div>\n<\/div>\n<div class=\"cxmmr5t8 oygrvhab hcukyx3x c1et5uql o9v6fnle ii04i59q\" style=\"text-align: justify;\">\n<div dir=\"auto\">Cieszymy si\u0119, \u017ce uda\u0142o si\u0119 nam tak liczn\u0105 grup\u0105 uczestniczy\u0107 w tym wydarzeniu.<\/div>\n<div dir=\"auto\">&nbsp;<\/div>\n<\/div>\n<div class=\"cxmmr5t8 oygrvhab hcukyx3x c1et5uql o9v6fnle ii04i59q\">\n<div dir=\"auto\" style=\"text-align: justify;\">Polecamy wszystkim ten wyj\u0105tkowy spektakl i ju\u017c czekamy na kolejne &#8222;kulturalne&#8221; wyjazdy.<\/div>\n<\/div>\n","protected":false},"excerpt":{"rendered":"<p>&nbsp; &nbsp; Czwartkowy wiecz\u00f3r z &#8222;Mistrzem i Ma\u0142gorzat\u0105&#8221; w Teatrze Muzycznym Capitol to poruszaj\u0105ce spotkanie z literatur\u0105, ta\u0144cem, muzyk\u0105 i aktorskim kunsztem. &nbsp; Powie\u015b\u0107 Michai\u0142a Bu\u0142hakowa, jak\u017ce dzi\u015b aktualna, budzi refleksj\u0119 nad \u017cr\u00f3d\u0142em z\u0142a, powoduj\u0105cego zam\u0119t i zniszczenie, ale te\u017c zostawia nadziej\u0119, \u017ce istnieje si\u0142a pot\u0119\u017cniejsza od nienawi\u015bci- prawdziwa i bezinteresowna mi\u0142o\u015b\u0107. &nbsp; Cieszymy si\u0119, [&hellip;]<\/p>\n","protected":false},"author":2,"featured_media":0,"comment_status":"open","ping_status":"open","sticky":false,"template":"","format":"standard","meta":{"ngg_post_thumbnail":0,"footnotes":""},"categories":[1],"tags":[],"class_list":["post-6961","post","type-post","status-publish","format-standard","hentry","category-aktualnosci"],"yoast_head":"<!-- This site is optimized with the Yoast SEO plugin v19.4 - https:\/\/yoast.com\/wordpress\/plugins\/seo\/ -->\n<title>II LO w Capitolu! - II Liceum Og\u00f3lnokszta\u0142c\u0105ce w Lubinie<\/title>\n<meta name=\"robots\" content=\"index, follow, max-snippet:-1, max-image-preview:large, max-video-preview:-1\" \/>\n<link rel=\"canonical\" href=\"https:\/\/2liceum.eu\/index.php\/2022\/03\/07\/ii-lo-w-capitolu\/\" \/>\n<meta property=\"og:locale\" content=\"pl_PL\" \/>\n<meta property=\"og:type\" content=\"article\" \/>\n<meta property=\"og:title\" content=\"II LO w Capitolu! - II Liceum Og\u00f3lnokszta\u0142c\u0105ce w Lubinie\" \/>\n<meta property=\"og:description\" content=\"&nbsp; &nbsp; Czwartkowy wiecz\u00f3r z &#8222;Mistrzem i Ma\u0142gorzat\u0105&#8221; w Teatrze Muzycznym Capitol to poruszaj\u0105ce spotkanie z literatur\u0105, ta\u0144cem, muzyk\u0105 i aktorskim kunsztem. &nbsp; Powie\u015b\u0107 Michai\u0142a Bu\u0142hakowa, jak\u017ce dzi\u015b aktualna, budzi refleksj\u0119 nad \u017cr\u00f3d\u0142em z\u0142a, powoduj\u0105cego zam\u0119t i zniszczenie, ale te\u017c zostawia nadziej\u0119, \u017ce istnieje si\u0142a pot\u0119\u017cniejsza od nienawi\u015bci- prawdziwa i bezinteresowna mi\u0142o\u015b\u0107. &nbsp; Cieszymy si\u0119, [&hellip;]\" \/>\n<meta property=\"og:url\" content=\"https:\/\/2liceum.eu\/index.php\/2022\/03\/07\/ii-lo-w-capitolu\/\" \/>\n<meta property=\"og:site_name\" content=\"II Liceum Og\u00f3lnokszta\u0142c\u0105ce w Lubinie\" \/>\n<meta property=\"article:publisher\" content=\"https:\/\/web.facebook.com\/IILOLubin\/\" \/>\n<meta property=\"article:published_time\" content=\"2022-03-07T13:41:37+00:00\" \/>\n<meta property=\"article:modified_time\" content=\"2022-03-07T13:41:38+00:00\" \/>\n<meta property=\"og:image\" content=\"https:\/\/2liceum.eu\/wp-content\/uploads\/2022\/03\/275107632_5045774802145739_642426441695963905_n.jpg\" \/>\n<meta name=\"author\" content=\"Adam Dragan\" \/>\n<meta name=\"twitter:card\" content=\"summary_large_image\" \/>\n<meta name=\"twitter:label1\" content=\"Napisane przez\" \/>\n\t<meta name=\"twitter:data1\" content=\"Adam Dragan\" \/>\n\t<meta name=\"twitter:label2\" content=\"Szacowany czas czytania\" \/>\n\t<meta name=\"twitter:data2\" content=\"1 minuta\" \/>\n<script type=\"application\/ld+json\" class=\"yoast-schema-graph\">{\"@context\":\"https:\/\/schema.org\",\"@graph\":[{\"@type\":\"Organization\",\"@id\":\"https:\/\/2liceum.eu\/#organization\",\"name\":\"II Liceum Og\u00f3lnokszta\u0142c\u0105ce w Lubinie\",\"url\":\"https:\/\/2liceum.eu\/\",\"sameAs\":[\"http:\/\/2lolubin\",\"https:\/\/www.youtube.com\/channel\/UCWjEMxRJYdfvxPhVOn-8g_g\",\"https:\/\/web.facebook.com\/IILOLubin\/\"],\"logo\":{\"@type\":\"ImageObject\",\"inLanguage\":\"pl-PL\",\"@id\":\"https:\/\/2liceum.eu\/#\/schema\/logo\/image\/\",\"url\":\"https:\/\/2liceum.eu\/wp-content\/uploads\/2018\/01\/pobrane.jpg\",\"contentUrl\":\"https:\/\/2liceum.eu\/wp-content\/uploads\/2018\/01\/pobrane.jpg\",\"width\":184,\"height\":183,\"caption\":\"II Liceum Og\u00f3lnokszta\u0142c\u0105ce w Lubinie\"},\"image\":{\"@id\":\"https:\/\/2liceum.eu\/#\/schema\/logo\/image\/\"}},{\"@type\":\"WebSite\",\"@id\":\"https:\/\/2liceum.eu\/#website\",\"url\":\"https:\/\/2liceum.eu\/\",\"name\":\"II Liceum Og\u00f3lnokszta\u0142c\u0105ce w Lubinie\",\"description\":\"Oficjalny portal II LO w Lubinie. Informacje o szkole, kadrze, zaj\u0119ciach dydaktycznych, ko\u0142ach zainteresowa\u0144, wolontariacie. Aktualno\u015bci. Galeria zdj\u0119\u0107.\",\"publisher\":{\"@id\":\"https:\/\/2liceum.eu\/#organization\"},\"potentialAction\":[{\"@type\":\"SearchAction\",\"target\":{\"@type\":\"EntryPoint\",\"urlTemplate\":\"https:\/\/2liceum.eu\/?s={search_term_string}\"},\"query-input\":\"required name=search_term_string\"}],\"inLanguage\":\"pl-PL\"},{\"@type\":\"WebPage\",\"@id\":\"https:\/\/2liceum.eu\/index.php\/2022\/03\/07\/ii-lo-w-capitolu\/\",\"url\":\"https:\/\/2liceum.eu\/index.php\/2022\/03\/07\/ii-lo-w-capitolu\/\",\"name\":\"II LO w Capitolu! - II Liceum Og\u00f3lnokszta\u0142c\u0105ce w Lubinie\",\"isPartOf\":{\"@id\":\"https:\/\/2liceum.eu\/#website\"},\"datePublished\":\"2022-03-07T13:41:37+00:00\",\"dateModified\":\"2022-03-07T13:41:38+00:00\",\"breadcrumb\":{\"@id\":\"https:\/\/2liceum.eu\/index.php\/2022\/03\/07\/ii-lo-w-capitolu\/#breadcrumb\"},\"inLanguage\":\"pl-PL\",\"potentialAction\":[{\"@type\":\"ReadAction\",\"target\":[\"https:\/\/2liceum.eu\/index.php\/2022\/03\/07\/ii-lo-w-capitolu\/\"]}]},{\"@type\":\"BreadcrumbList\",\"@id\":\"https:\/\/2liceum.eu\/index.php\/2022\/03\/07\/ii-lo-w-capitolu\/#breadcrumb\",\"itemListElement\":[{\"@type\":\"ListItem\",\"position\":1,\"name\":\"Strona g\u0142\u00f3wna\",\"item\":\"https:\/\/2liceum.eu\/\"},{\"@type\":\"ListItem\",\"position\":2,\"name\":\"II&nbsp;LO w&nbsp;Capitolu!\"}]},{\"@type\":\"Article\",\"@id\":\"https:\/\/2liceum.eu\/index.php\/2022\/03\/07\/ii-lo-w-capitolu\/#article\",\"isPartOf\":{\"@id\":\"https:\/\/2liceum.eu\/index.php\/2022\/03\/07\/ii-lo-w-capitolu\/\"},\"author\":{\"name\":\"Adam Dragan\",\"@id\":\"https:\/\/2liceum.eu\/#\/schema\/person\/1a52557bfdaf047be954a8b190648da5\"},\"headline\":\"II LO w Capitolu!\",\"datePublished\":\"2022-03-07T13:41:37+00:00\",\"dateModified\":\"2022-03-07T13:41:38+00:00\",\"mainEntityOfPage\":{\"@id\":\"https:\/\/2liceum.eu\/index.php\/2022\/03\/07\/ii-lo-w-capitolu\/\"},\"wordCount\":101,\"commentCount\":0,\"publisher\":{\"@id\":\"https:\/\/2liceum.eu\/#organization\"},\"articleSection\":[\"Aktualno\u015bci\"],\"inLanguage\":\"pl-PL\",\"potentialAction\":[{\"@type\":\"CommentAction\",\"name\":\"Comment\",\"target\":[\"https:\/\/2liceum.eu\/index.php\/2022\/03\/07\/ii-lo-w-capitolu\/#respond\"]}]},{\"@type\":\"Person\",\"@id\":\"https:\/\/2liceum.eu\/#\/schema\/person\/1a52557bfdaf047be954a8b190648da5\",\"name\":\"Adam Dragan\",\"image\":{\"@type\":\"ImageObject\",\"inLanguage\":\"pl-PL\",\"@id\":\"https:\/\/2liceum.eu\/#\/schema\/person\/image\/\",\"url\":\"https:\/\/secure.gravatar.com\/avatar\/3a2bee53698f47ac117505a8a054d1e47e9ee9593c4c77dc18374aa80472d80c?s=96&d=mm&r=g\",\"contentUrl\":\"https:\/\/secure.gravatar.com\/avatar\/3a2bee53698f47ac117505a8a054d1e47e9ee9593c4c77dc18374aa80472d80c?s=96&d=mm&r=g\",\"caption\":\"Adam Dragan\"},\"sameAs\":[\"http:\/\/2liceum.eu\"]}]}<\/script>\n<!-- \/ Yoast SEO plugin. -->","yoast_head_json":{"title":"II LO w Capitolu! - II Liceum Og\u00f3lnokszta\u0142c\u0105ce w Lubinie","robots":{"index":"index","follow":"follow","max-snippet":"max-snippet:-1","max-image-preview":"max-image-preview:large","max-video-preview":"max-video-preview:-1"},"canonical":"https:\/\/2liceum.eu\/index.php\/2022\/03\/07\/ii-lo-w-capitolu\/","og_locale":"pl_PL","og_type":"article","og_title":"II LO w Capitolu! - II Liceum Og\u00f3lnokszta\u0142c\u0105ce w Lubinie","og_description":"&nbsp; &nbsp; Czwartkowy wiecz\u00f3r z &#8222;Mistrzem i Ma\u0142gorzat\u0105&#8221; w Teatrze Muzycznym Capitol to poruszaj\u0105ce spotkanie z literatur\u0105, ta\u0144cem, muzyk\u0105 i aktorskim kunsztem. &nbsp; Powie\u015b\u0107 Michai\u0142a Bu\u0142hakowa, jak\u017ce dzi\u015b aktualna, budzi refleksj\u0119 nad \u017cr\u00f3d\u0142em z\u0142a, powoduj\u0105cego zam\u0119t i zniszczenie, ale te\u017c zostawia nadziej\u0119, \u017ce istnieje si\u0142a pot\u0119\u017cniejsza od nienawi\u015bci- prawdziwa i bezinteresowna mi\u0142o\u015b\u0107. &nbsp; Cieszymy si\u0119, [&hellip;]","og_url":"https:\/\/2liceum.eu\/index.php\/2022\/03\/07\/ii-lo-w-capitolu\/","og_site_name":"II Liceum Og\u00f3lnokszta\u0142c\u0105ce w Lubinie","article_publisher":"https:\/\/web.facebook.com\/IILOLubin\/","article_published_time":"2022-03-07T13:41:37+00:00","article_modified_time":"2022-03-07T13:41:38+00:00","og_image":[{"url":"https:\/\/2liceum.eu\/wp-content\/uploads\/2022\/03\/275107632_5045774802145739_642426441695963905_n.jpg"}],"author":"Adam Dragan","twitter_card":"summary_large_image","twitter_misc":{"Napisane przez":"Adam Dragan","Szacowany czas czytania":"1 minuta"},"schema":{"@context":"https:\/\/schema.org","@graph":[{"@type":"Organization","@id":"https:\/\/2liceum.eu\/#organization","name":"II Liceum Og\u00f3lnokszta\u0142c\u0105ce w Lubinie","url":"https:\/\/2liceum.eu\/","sameAs":["http:\/\/2lolubin","https:\/\/www.youtube.com\/channel\/UCWjEMxRJYdfvxPhVOn-8g_g","https:\/\/web.facebook.com\/IILOLubin\/"],"logo":{"@type":"ImageObject","inLanguage":"pl-PL","@id":"https:\/\/2liceum.eu\/#\/schema\/logo\/image\/","url":"https:\/\/2liceum.eu\/wp-content\/uploads\/2018\/01\/pobrane.jpg","contentUrl":"https:\/\/2liceum.eu\/wp-content\/uploads\/2018\/01\/pobrane.jpg","width":184,"height":183,"caption":"II Liceum Og\u00f3lnokszta\u0142c\u0105ce w Lubinie"},"image":{"@id":"https:\/\/2liceum.eu\/#\/schema\/logo\/image\/"}},{"@type":"WebSite","@id":"https:\/\/2liceum.eu\/#website","url":"https:\/\/2liceum.eu\/","name":"II Liceum Og\u00f3lnokszta\u0142c\u0105ce w Lubinie","description":"Oficjalny portal II LO w Lubinie. Informacje o szkole, kadrze, zaj\u0119ciach dydaktycznych, ko\u0142ach zainteresowa\u0144, wolontariacie. Aktualno\u015bci. Galeria zdj\u0119\u0107.","publisher":{"@id":"https:\/\/2liceum.eu\/#organization"},"potentialAction":[{"@type":"SearchAction","target":{"@type":"EntryPoint","urlTemplate":"https:\/\/2liceum.eu\/?s={search_term_string}"},"query-input":"required name=search_term_string"}],"inLanguage":"pl-PL"},{"@type":"WebPage","@id":"https:\/\/2liceum.eu\/index.php\/2022\/03\/07\/ii-lo-w-capitolu\/","url":"https:\/\/2liceum.eu\/index.php\/2022\/03\/07\/ii-lo-w-capitolu\/","name":"II LO w Capitolu! - II Liceum Og\u00f3lnokszta\u0142c\u0105ce w Lubinie","isPartOf":{"@id":"https:\/\/2liceum.eu\/#website"},"datePublished":"2022-03-07T13:41:37+00:00","dateModified":"2022-03-07T13:41:38+00:00","breadcrumb":{"@id":"https:\/\/2liceum.eu\/index.php\/2022\/03\/07\/ii-lo-w-capitolu\/#breadcrumb"},"inLanguage":"pl-PL","potentialAction":[{"@type":"ReadAction","target":["https:\/\/2liceum.eu\/index.php\/2022\/03\/07\/ii-lo-w-capitolu\/"]}]},{"@type":"BreadcrumbList","@id":"https:\/\/2liceum.eu\/index.php\/2022\/03\/07\/ii-lo-w-capitolu\/#breadcrumb","itemListElement":[{"@type":"ListItem","position":1,"name":"Strona g\u0142\u00f3wna","item":"https:\/\/2liceum.eu\/"},{"@type":"ListItem","position":2,"name":"II&nbsp;LO w&nbsp;Capitolu!"}]},{"@type":"Article","@id":"https:\/\/2liceum.eu\/index.php\/2022\/03\/07\/ii-lo-w-capitolu\/#article","isPartOf":{"@id":"https:\/\/2liceum.eu\/index.php\/2022\/03\/07\/ii-lo-w-capitolu\/"},"author":{"name":"Adam Dragan","@id":"https:\/\/2liceum.eu\/#\/schema\/person\/1a52557bfdaf047be954a8b190648da5"},"headline":"II LO w Capitolu!","datePublished":"2022-03-07T13:41:37+00:00","dateModified":"2022-03-07T13:41:38+00:00","mainEntityOfPage":{"@id":"https:\/\/2liceum.eu\/index.php\/2022\/03\/07\/ii-lo-w-capitolu\/"},"wordCount":101,"commentCount":0,"publisher":{"@id":"https:\/\/2liceum.eu\/#organization"},"articleSection":["Aktualno\u015bci"],"inLanguage":"pl-PL","potentialAction":[{"@type":"CommentAction","name":"Comment","target":["https:\/\/2liceum.eu\/index.php\/2022\/03\/07\/ii-lo-w-capitolu\/#respond"]}]},{"@type":"Person","@id":"https:\/\/2liceum.eu\/#\/schema\/person\/1a52557bfdaf047be954a8b190648da5","name":"Adam Dragan","image":{"@type":"ImageObject","inLanguage":"pl-PL","@id":"https:\/\/2liceum.eu\/#\/schema\/person\/image\/","url":"https:\/\/secure.gravatar.com\/avatar\/3a2bee53698f47ac117505a8a054d1e47e9ee9593c4c77dc18374aa80472d80c?s=96&d=mm&r=g","contentUrl":"https:\/\/secure.gravatar.com\/avatar\/3a2bee53698f47ac117505a8a054d1e47e9ee9593c4c77dc18374aa80472d80c?s=96&d=mm&r=g","caption":"Adam Dragan"},"sameAs":["http:\/\/2liceum.eu"]}]}},"_links":{"self":[{"href":"https:\/\/2liceum.eu\/index.php\/wp-json\/wp\/v2\/posts\/6961","targetHints":{"allow":["GET"]}}],"collection":[{"href":"https:\/\/2liceum.eu\/index.php\/wp-json\/wp\/v2\/posts"}],"about":[{"href":"https:\/\/2liceum.eu\/index.php\/wp-json\/wp\/v2\/types\/post"}],"author":[{"embeddable":true,"href":"https:\/\/2liceum.eu\/index.php\/wp-json\/wp\/v2\/users\/2"}],"replies":[{"embeddable":true,"href":"https:\/\/2liceum.eu\/index.php\/wp-json\/wp\/v2\/comments?post=6961"}],"version-history":[{"count":1,"href":"https:\/\/2liceum.eu\/index.php\/wp-json\/wp\/v2\/posts\/6961\/revisions"}],"predecessor-version":[{"id":6963,"href":"https:\/\/2liceum.eu\/index.php\/wp-json\/wp\/v2\/posts\/6961\/revisions\/6963"}],"wp:attachment":[{"href":"https:\/\/2liceum.eu\/index.php\/wp-json\/wp\/v2\/media?parent=6961"}],"wp:term":[{"taxonomy":"category","embeddable":true,"href":"https:\/\/2liceum.eu\/index.php\/wp-json\/wp\/v2\/categories?post=6961"},{"taxonomy":"post_tag","embeddable":true,"href":"https:\/\/2liceum.eu\/index.php\/wp-json\/wp\/v2\/tags?post=6961"}],"curies":[{"name":"wp","href":"https:\/\/api.w.org\/{rel}","templated":true}]}}